{"id":8544,"date":"2023-01-18T11:58:38","date_gmt":"2023-01-18T14:58:38","guid":{"rendered":"http:\/\/vriic.usach.cl\/?p=8544"},"modified":"2023-04-10T11:40:56","modified_gmt":"2023-04-10T14:40:56","slug":"usach-sera-parte-de-la-escuela-de-verano-de-conocimiento-y-ciencia-abierta-2023","status":"publish","type":"post","link":"https:\/\/vriic.usach.cl\/index.php\/usach-sera-parte-de-la-escuela-de-verano-de-conocimiento-y-ciencia-abierta-2023\/","title":{"rendered":"USACH ser\u00e1 parte de la Escuela de Verano de Conocimiento y Ciencia Abierta 2023"},"content":{"rendered":"\t\t<div data-elementor-type=\"wp-post\" data-elementor-id=\"8544\" class=\"elementor elementor-8544\" data-elementor-post-type=\"post\">\n\t\t\t\t\t\t<section class=\"elementor-section elementor-top-section elementor-element elementor-element-451df442 elementor-section-boxed elementor-section-height-default elementor-section-height-default wpr-particle-no wpr-jarallax-no wpr-parallax-no wpr-sticky-section-no\" data-id=\"451df442\" data-element_type=\"section\" data-e-type=\"section\">\n\t\t\t\t\t\t<div class=\"elementor-container elementor-column-gap-default\">\n\t\t\t\t\t<div class=\"elementor-column elementor-col-100 elementor-top-column elementor-element elementor-element-13d3f2bd\" data-id=\"13d3f2bd\" data-element_type=\"column\" data-e-type=\"column\">\n\t\t\t<div class=\"elementor-widget-wrap elementor-element-populated\">\n\t\t\t\t\t\t<section class=\"elementor-section elementor-inner-section elementor-element elementor-element-71032300 elementor-section-boxed elementor-section-height-default elementor-section-height-default wpr-particle-no wpr-jarallax-no wpr-parallax-no wpr-sticky-section-no\" data-id=\"71032300\" data-element_type=\"section\" data-e-type=\"section\">\n\t\t\t\t\t\t<div class=\"elementor-container elementor-column-gap-default\">\n\t\t\t\t\t<div class=\"elementor-column elementor-col-50 elementor-inner-column elementor-element elementor-element-66ee7c7b\" data-id=\"66ee7c7b\" data-element_type=\"column\" data-e-type=\"column\">\n\t\t\t<div class=\"elementor-widget-wrap elementor-element-populated\">\n\t\t\t\t\t\t<div class=\"elementor-element elementor-element-fcc29b0 elementor-widget elementor-widget-text-editor\" data-id=\"fcc29b0\" data-element_type=\"widget\" data-e-type=\"widget\" data-widget_type=\"text-editor.default\">\n\t\t\t\t<div class=\"elementor-widget-container\">\n\t\t\t\t\t\t\t\t\t<p><strong>La actividad, coorganizada con la Universidad Central, la Universidad de la Frontera y la Universidad de Tarapac\u00e1 se desarrollar\u00e1 entre 23 al 27 de enero en el Campus Central de la UCEN. <\/strong><\/p>\t\t\t\t\t\t\t\t<\/div>\n\t\t\t\t<\/div>\n\t\t\t\t\t<\/div>\n\t\t<\/div>\n\t\t\t\t<div class=\"elementor-column elementor-col-50 elementor-inner-column elementor-element elementor-element-9f0fa6f\" data-id=\"9f0fa6f\" data-element_type=\"column\" data-e-type=\"column\">\n\t\t\t<div class=\"elementor-widget-wrap elementor-element-populated\">\n\t\t\t\t\t\t<div class=\"elementor-element elementor-element-3006dc46 elementor-widget elementor-widget-text-editor\" data-id=\"3006dc46\" data-element_type=\"widget\" data-e-type=\"widget\" data-widget_type=\"text-editor.default\">\n\t\t\t\t<div class=\"elementor-widget-container\">\n\t\t\t\t\t\t\t\t\t<p><span style=\"font-weight: 400;\">Con el objetivo de acercar a la comunidad a una nueva cultura de investigaci\u00f3n que se centre en disminuir las barreras al acceso del conocimiento, la Universidad de Santiago de Chile, a trav\u00e9s del <a href=\"http:\/\/vriic.usach.cl\/index.php\/proyecto-ines-ciencia-abierta\/\" target=\"_blank\" rel=\"noopener\">Proyecto InES Ciencia Abierta USACH<\/a> y en alianza con la Universidad Central, la Universidad de la Frontera y la Universidad de Tarapac\u00e1 desarrollar\u00e1n la \u201c<strong>Escuela de Verano de Conocimiento y Ciencia Abierta 2023\u201d<\/strong>.<\/span><\/p><p><span style=\"font-weight: 400;\">La actividad que se realizar\u00e1 de forma presencial e inmersiva, se desarrollar\u00e1 entre <strong>23 al 27 de enero<\/strong> en el Campus Central de la UCEN y\u00a0 contar\u00e1 con la participaci\u00f3n de acad\u00e9micos, directivos de gesti\u00f3n universitaria, bibliotecarios y estudiantes de postgrado quienes revisar\u00e1n las herramientas necesarias para comprender la modernizaci\u00f3n de los procesos cient\u00edficos y poder gestionar los cambios culturales en sus instituciones, as\u00ed como tambi\u00e9n analizar los aspectos \u00e9ticos y pol\u00edticos de la Ciencia Abierta, como una nueva forma de producir conocimiento.<\/span><\/p><p><span style=\"font-weight: 400;\">El Vicerrector de Investigaci\u00f3n, Desarrollo e Innovaci\u00f3n, <strong>Dr. Jorge Pavez<\/strong> valor\u00f3 el trabajo colaborativo con las universidades que se desarrolla a trav\u00e9s de los proyectos InES Ciencia Abierta financiados por <a href=\"https:\/\/www.anid.cl\/\" target=\"_blank\" rel=\"noopener\">ANID<\/a> y destac\u00f3 que, \u201cEstamos muy felices de la convocatoria que alcanzamos en la Universidad de Santiago, eso refleja que hay mucho inter\u00e9s en la Ciencia Abierta al reconocerla como un elemento que nos ayudar\u00e1 a divulgar, difundir y comunicar de mejor manera la ciencia y esta escuela de verano apunta directamente a ese esfuerzo colaborativo que aportar\u00e1 al desarrollo de nuestras instituciones\u201d, agreg\u00f3 el Vicerrector de la VRIDEI Dr. Jorge Pavez.\u00a0<\/span><\/p><p><span style=\"font-weight: 400;\">Sobre este evento, la coordinadora InES Ciencia Abierta de la USACH, <strong>Samanta Elgueta Garc\u00eda<\/strong>, coment\u00f3 que \u201cDesde la Universidad de Santiago estamos trabajando en dar respuesta a la necesidad imperante de poner a disposici\u00f3n de la comunidad y de la sociedad los conocimientos cient\u00edficos. Como universidad p\u00fablica y estatal, tomamos el desaf\u00edo a trav\u00e9s del proyecto InES Ciencia Abierta USACH, de buscar instancias como ser\u00e1 la escuela de verano, para acortar las brechas en materia de acceso a los datos&#8221;.<\/span><\/p>\t\t\t\t\t\t\t\t<\/div>\n\t\t\t\t<\/div>\n\t\t\t\t\t<\/div>\n\t\t<\/div>\n\t\t\t\t\t<\/div>\n\t\t<\/section>\n\t\t\t\t\t<\/div>\n\t\t<\/div>\n\t\t\t\t\t<\/div>\n\t\t<\/section>\n\t\t\t\t<\/div>\n\t\t","protected":false},"excerpt":{"rendered":"<p>La actividad, coorganizada con la Universidad Central, la Universidad de la Frontera y la Universidad de Tarapac\u00e1 se desarrollar\u00e1 entre 23 al 27 de enero en el Campus Central de [&hellip;]<\/p>\n","protected":false},"author":1,"featured_media":8545,"comment_status":"closed","ping_status":"closed","sticky":false,"template":"","format":"standard","meta":{"inline_featured_image":false,"_monsterinsights_skip_tracking":false,"_monsterinsights_sitenote_active":false,"_monsterinsights_sitenote_note":"","_monsterinsights_sitenote_category":0,"site-sidebar-layout":"default","site-content-layout":"default","ast-site-content-layout":"","site-content-style":"default","site-sidebar-style":"default","ast-global-header-display":"","ast-banner-title-visibility":"","ast-main-header-display":"","ast-hfb-above-header-display":"","ast-hfb-below-header-display":"","ast-hfb-mobile-header-display":"","site-post-title":"","ast-breadcrumbs-content":"","ast-featured-img":"","footer-sml-layout":"","theme-transparent-header-meta":"default","adv-header-id-meta":"","stick-header-meta":"","header-above-stick-meta":"","header-main-stick-meta":"","header-below-stick-meta":"","astra-migrate-meta-layouts":"default","ast-page-background-enabled":"default","ast-page-background-meta":{"desktop":{"background-color":"","background-image":"","background-repeat":"repeat","background-position":"center center","background-size":"auto","background-attachment":"scroll","background-type":"","background-media":"","overlay-type":"","overlay-color":"","overlay-gradient":""},"tablet":{"background-color":"","background-image":"","background-repeat":"repeat","background-position":"center center","background-size":"auto","background-attachment":"scroll","background-type":"","background-media":"","overlay-type":"","overlay-color":"","overlay-gradient":""},"mobile":{"background-color":"","background-image":"","background-repeat":"repeat","background-position":"center center","background-size":"auto","background-attachment":"scroll","background-type":"","background-media":"","overlay-type":"","overlay-color":"","overlay-gradient":""}},"ast-content-background-meta":{"desktop":{"background-color":"var(--ast-global-color-5)","background-image":"","background-repeat":"repeat","background-position":"center center","background-size":"auto","background-attachment":"scroll","background-type":"","background-media":"","overlay-type":"","overlay-color":"","overlay-gradient":""},"tablet":{"background-color":"var(--ast-global-color-5)","background-image":"","background-repeat":"repeat","background-position":"center center","background-size":"auto","background-attachment":"scroll","background-type":"","background-media":"","overlay-type":"","overlay-color":"","overlay-gradient":""},"mobile":{"background-color":"var(--ast-global-color-5)","background-image":"","background-repeat":"repeat","background-position":"center center","background-size":"auto","background-attachment":"scroll","background-type":"","background-media":"","overlay-type":"","overlay-color":"","overlay-gradient":""}},"footnotes":""},"categories":[81],"tags":[],"class_list":["post-8544","post","type-post","status-publish","format-standard","has-post-thumbnail","hentry","category-proyecto-ines-ciencia-abierta"],"yoast_head":"<!-- This site is optimized with the Yoast SEO plugin v22.3 - https:\/\/yoast.com\/wordpress\/plugins\/seo\/ -->\n<title>USACH ser\u00e1 parte de la Escuela de Verano de Conocimiento y Ciencia Abierta 2023 - VRIIC<\/title>\n<meta name=\"robots\" content=\"index, follow, max-snippet:-1, max-image-preview:large, max-video-preview:-1\" \/>\n<link rel=\"canonical\" href=\"https:\/\/vriic.usach.cl\/index.php\/usach-sera-parte-de-la-escuela-de-verano-de-conocimiento-y-ciencia-abierta-2023\/\" \/>\n<meta property=\"og:locale\" content=\"es_ES\" \/>\n<meta property=\"og:type\" content=\"article\" \/>\n<meta property=\"og:title\" content=\"USACH ser\u00e1 parte de la Escuela de Verano de Conocimiento y Ciencia Abierta 2023 - VRIIC\" \/>\n<meta property=\"og:description\" content=\"La actividad, coorganizada con la Universidad Central, la Universidad de la Frontera y la Universidad de Tarapac\u00e1 se desarrollar\u00e1 entre 23 al 27 de enero en el Campus Central de [&hellip;]\" \/>\n<meta property=\"og:url\" content=\"https:\/\/vriic.usach.cl\/index.php\/usach-sera-parte-de-la-escuela-de-verano-de-conocimiento-y-ciencia-abierta-2023\/\" \/>\n<meta property=\"og:site_name\" content=\"VRIIC\" \/>\n<meta property=\"article:published_time\" content=\"2023-01-18T14:58:38+00:00\" \/>\n<meta property=\"article:modified_time\" content=\"2023-04-10T14:40:56+00:00\" \/>\n<meta property=\"og:image\" content=\"https:\/\/vriic.usach.cl\/wp-content\/uploads\/2023\/01\/foto-nota-escuala.png\" \/>\n\t<meta property=\"og:image:width\" content=\"1100\" \/>\n\t<meta property=\"og:image:height\" content=\"360\" \/>\n\t<meta property=\"og:image:type\" content=\"image\/png\" \/>\n<meta name=\"author\" content=\"Comunicaciones VRIIC\" \/>\n<meta name=\"twitter:card\" content=\"summary_large_image\" \/>\n<meta name=\"twitter:label1\" content=\"Written by\" \/>\n\t<meta name=\"twitter:data1\" content=\"Comunicaciones VRIIC\" \/>\n\t<meta name=\"twitter:label2\" content=\"Est. reading time\" \/>\n\t<meta name=\"twitter:data2\" content=\"2 minutos\" \/>\n<script type=\"application\/ld+json\" class=\"yoast-schema-graph\">{\"@context\":\"https:\/\/schema.org\",\"@graph\":[{\"@type\":\"Article\",\"@id\":\"https:\/\/vriic.usach.cl\/index.php\/usach-sera-parte-de-la-escuela-de-verano-de-conocimiento-y-ciencia-abierta-2023\/#article\",\"isPartOf\":{\"@id\":\"https:\/\/vriic.usach.cl\/index.php\/usach-sera-parte-de-la-escuela-de-verano-de-conocimiento-y-ciencia-abierta-2023\/\"},\"author\":{\"name\":\"Comunicaciones VRIIC\",\"@id\":\"https:\/\/vriic.usach.cl\/#\/schema\/person\/7445abf7c84e3726508476493e702b11\"},\"headline\":\"USACH ser\u00e1 parte de la Escuela de Verano de Conocimiento y Ciencia Abierta 2023\",\"datePublished\":\"2023-01-18T14:58:38+00:00\",\"dateModified\":\"2023-04-10T14:40:56+00:00\",\"mainEntityOfPage\":{\"@id\":\"https:\/\/vriic.usach.cl\/index.php\/usach-sera-parte-de-la-escuela-de-verano-de-conocimiento-y-ciencia-abierta-2023\/\"},\"wordCount\":395,\"publisher\":{\"@id\":\"https:\/\/vriic.usach.cl\/#organization\"},\"image\":{\"@id\":\"https:\/\/vriic.usach.cl\/index.php\/usach-sera-parte-de-la-escuela-de-verano-de-conocimiento-y-ciencia-abierta-2023\/#primaryimage\"},\"thumbnailUrl\":\"https:\/\/vriic.usach.cl\/wp-content\/uploads\/2023\/01\/foto-nota-escuala.png\",\"articleSection\":[\"Ciencia Abierta\"],\"inLanguage\":\"es-CL\"},{\"@type\":\"WebPage\",\"@id\":\"https:\/\/vriic.usach.cl\/index.php\/usach-sera-parte-de-la-escuela-de-verano-de-conocimiento-y-ciencia-abierta-2023\/\",\"url\":\"https:\/\/vriic.usach.cl\/index.php\/usach-sera-parte-de-la-escuela-de-verano-de-conocimiento-y-ciencia-abierta-2023\/\",\"name\":\"USACH ser\u00e1 parte de la Escuela de Verano de Conocimiento y Ciencia Abierta 2023 - VRIIC\",\"isPartOf\":{\"@id\":\"https:\/\/vriic.usach.cl\/#website\"},\"primaryImageOfPage\":{\"@id\":\"https:\/\/vriic.usach.cl\/index.php\/usach-sera-parte-de-la-escuela-de-verano-de-conocimiento-y-ciencia-abierta-2023\/#primaryimage\"},\"image\":{\"@id\":\"https:\/\/vriic.usach.cl\/index.php\/usach-sera-parte-de-la-escuela-de-verano-de-conocimiento-y-ciencia-abierta-2023\/#primaryimage\"},\"thumbnailUrl\":\"https:\/\/vriic.usach.cl\/wp-content\/uploads\/2023\/01\/foto-nota-escuala.png\",\"datePublished\":\"2023-01-18T14:58:38+00:00\",\"dateModified\":\"2023-04-10T14:40:56+00:00\",\"breadcrumb\":{\"@id\":\"https:\/\/vriic.usach.cl\/index.php\/usach-sera-parte-de-la-escuela-de-verano-de-conocimiento-y-ciencia-abierta-2023\/#breadcrumb\"},\"inLanguage\":\"es-CL\",\"potentialAction\":[{\"@type\":\"ReadAction\",\"target\":[\"https:\/\/vriic.usach.cl\/index.php\/usach-sera-parte-de-la-escuela-de-verano-de-conocimiento-y-ciencia-abierta-2023\/\"]}]},{\"@type\":\"ImageObject\",\"inLanguage\":\"es-CL\",\"@id\":\"https:\/\/vriic.usach.cl\/index.php\/usach-sera-parte-de-la-escuela-de-verano-de-conocimiento-y-ciencia-abierta-2023\/#primaryimage\",\"url\":\"https:\/\/vriic.usach.cl\/wp-content\/uploads\/2023\/01\/foto-nota-escuala.png\",\"contentUrl\":\"https:\/\/vriic.usach.cl\/wp-content\/uploads\/2023\/01\/foto-nota-escuala.png\",\"width\":1100,\"height\":360},{\"@type\":\"BreadcrumbList\",\"@id\":\"https:\/\/vriic.usach.cl\/index.php\/usach-sera-parte-de-la-escuela-de-verano-de-conocimiento-y-ciencia-abierta-2023\/#breadcrumb\",\"itemListElement\":[{\"@type\":\"ListItem\",\"position\":1,\"name\":\"Portada\",\"item\":\"https:\/\/vriic.usach.cl\/\"},{\"@type\":\"ListItem\",\"position\":2,\"name\":\"USACH ser\u00e1 parte de la Escuela de Verano de Conocimiento y Ciencia Abierta 2023\"}]},{\"@type\":\"WebSite\",\"@id\":\"https:\/\/vriic.usach.cl\/#website\",\"url\":\"https:\/\/vriic.usach.cl\/\",\"name\":\"VRIIC\",\"description\":\"Vicerrector\u00eda de Investigaci\u00f3n, Innovaci\u00f3n y Creaci\u00f3n\",\"publisher\":{\"@id\":\"https:\/\/vriic.usach.cl\/#organization\"},\"potentialAction\":[{\"@type\":\"SearchAction\",\"target\":{\"@type\":\"EntryPoint\",\"urlTemplate\":\"https:\/\/vriic.usach.cl\/?s={search_term_string}\"},\"query-input\":\"required name=search_term_string\"}],\"inLanguage\":\"es-CL\"},{\"@type\":\"Organization\",\"@id\":\"https:\/\/vriic.usach.cl\/#organization\",\"name\":\"VRIIC\",\"url\":\"https:\/\/vriic.usach.cl\/\",\"logo\":{\"@type\":\"ImageObject\",\"inLanguage\":\"es-CL\",\"@id\":\"https:\/\/vriic.usach.cl\/#\/schema\/logo\/image\/\",\"url\":\"https:\/\/vriic.usach.cl\/wp-content\/uploads\/2024\/05\/cropped-HISTORIA-C-min-1.png\",\"contentUrl\":\"https:\/\/vriic.usach.cl\/wp-content\/uploads\/2024\/05\/cropped-HISTORIA-C-min-1.png\",\"width\":966,\"height\":228,\"caption\":\"VRIIC\"},\"image\":{\"@id\":\"https:\/\/vriic.usach.cl\/#\/schema\/logo\/image\/\"}},{\"@type\":\"Person\",\"@id\":\"https:\/\/vriic.usach.cl\/#\/schema\/person\/7445abf7c84e3726508476493e702b11\",\"name\":\"Comunicaciones VRIIC\",\"image\":{\"@type\":\"ImageObject\",\"inLanguage\":\"es-CL\",\"@id\":\"https:\/\/vriic.usach.cl\/#\/schema\/person\/image\/\",\"url\":\"https:\/\/secure.gravatar.com\/avatar\/a059dbff38f4b6242f148cadb92d0b1baec305d7378c7081c16c798f88d9af47?s=96&d=mm&r=g\",\"contentUrl\":\"https:\/\/secure.gravatar.com\/avatar\/a059dbff38f4b6242f148cadb92d0b1baec305d7378c7081c16c798f88d9af47?s=96&d=mm&r=g\",\"caption\":\"Comunicaciones VRIIC\"},\"sameAs\":[\"http:\/\/158.170.66.230\"],\"url\":\"https:\/\/vriic.usach.cl\/index.php\/author\/adminvridei\/\"}]}<\/script>\n<!-- \/ Yoast SEO plugin. -->","yoast_head_json":{"title":"USACH ser\u00e1 parte de la Escuela de Verano de Conocimiento y Ciencia Abierta 2023 - VRIIC","robots":{"index":"index","follow":"follow","max-snippet":"max-snippet:-1","max-image-preview":"max-image-preview:large","max-video-preview":"max-video-preview:-1"},"canonical":"https:\/\/vriic.usach.cl\/index.php\/usach-sera-parte-de-la-escuela-de-verano-de-conocimiento-y-ciencia-abierta-2023\/","og_locale":"es_ES","og_type":"article","og_title":"USACH ser\u00e1 parte de la Escuela de Verano de Conocimiento y Ciencia Abierta 2023 - VRIIC","og_description":"La actividad, coorganizada con la Universidad Central, la Universidad de la Frontera y la Universidad de Tarapac\u00e1 se desarrollar\u00e1 entre 23 al 27 de enero en el Campus Central de [&hellip;]","og_url":"https:\/\/vriic.usach.cl\/index.php\/usach-sera-parte-de-la-escuela-de-verano-de-conocimiento-y-ciencia-abierta-2023\/","og_site_name":"VRIIC","article_published_time":"2023-01-18T14:58:38+00:00","article_modified_time":"2023-04-10T14:40:56+00:00","og_image":[{"width":1100,"height":360,"url":"https:\/\/vriic.usach.cl\/wp-content\/uploads\/2023\/01\/foto-nota-escuala.png","type":"image\/png"}],"author":"Comunicaciones VRIIC","twitter_card":"summary_large_image","twitter_misc":{"Written by":"Comunicaciones VRIIC","Est. reading time":"2 minutos"},"schema":{"@context":"https:\/\/schema.org","@graph":[{"@type":"Article","@id":"https:\/\/vriic.usach.cl\/index.php\/usach-sera-parte-de-la-escuela-de-verano-de-conocimiento-y-ciencia-abierta-2023\/#article","isPartOf":{"@id":"https:\/\/vriic.usach.cl\/index.php\/usach-sera-parte-de-la-escuela-de-verano-de-conocimiento-y-ciencia-abierta-2023\/"},"author":{"name":"Comunicaciones VRIIC","@id":"https:\/\/vriic.usach.cl\/#\/schema\/person\/7445abf7c84e3726508476493e702b11"},"headline":"USACH ser\u00e1 parte de la Escuela de Verano de Conocimiento y Ciencia Abierta 2023","datePublished":"2023-01-18T14:58:38+00:00","dateModified":"2023-04-10T14:40:56+00:00","mainEntityOfPage":{"@id":"https:\/\/vriic.usach.cl\/index.php\/usach-sera-parte-de-la-escuela-de-verano-de-conocimiento-y-ciencia-abierta-2023\/"},"wordCount":395,"publisher":{"@id":"https:\/\/vriic.usach.cl\/#organization"},"image":{"@id":"https:\/\/vriic.usach.cl\/index.php\/usach-sera-parte-de-la-escuela-de-verano-de-conocimiento-y-ciencia-abierta-2023\/#primaryimage"},"thumbnailUrl":"https:\/\/vriic.usach.cl\/wp-content\/uploads\/2023\/01\/foto-nota-escuala.png","articleSection":["Ciencia Abierta"],"inLanguage":"es-CL"},{"@type":"WebPage","@id":"https:\/\/vriic.usach.cl\/index.php\/usach-sera-parte-de-la-escuela-de-verano-de-conocimiento-y-ciencia-abierta-2023\/","url":"https:\/\/vriic.usach.cl\/index.php\/usach-sera-parte-de-la-escuela-de-verano-de-conocimiento-y-ciencia-abierta-2023\/","name":"USACH ser\u00e1 parte de la Escuela de Verano de Conocimiento y Ciencia Abierta 2023 - VRIIC","isPartOf":{"@id":"https:\/\/vriic.usach.cl\/#website"},"primaryImageOfPage":{"@id":"https:\/\/vriic.usach.cl\/index.php\/usach-sera-parte-de-la-escuela-de-verano-de-conocimiento-y-ciencia-abierta-2023\/#primaryimage"},"image":{"@id":"https:\/\/vriic.usach.cl\/index.php\/usach-sera-parte-de-la-escuela-de-verano-de-conocimiento-y-ciencia-abierta-2023\/#primaryimage"},"thumbnailUrl":"https:\/\/vriic.usach.cl\/wp-content\/uploads\/2023\/01\/foto-nota-escuala.png","datePublished":"2023-01-18T14:58:38+00:00","dateModified":"2023-04-10T14:40:56+00:00","breadcrumb":{"@id":"https:\/\/vriic.usach.cl\/index.php\/usach-sera-parte-de-la-escuela-de-verano-de-conocimiento-y-ciencia-abierta-2023\/#breadcrumb"},"inLanguage":"es-CL","potentialAction":[{"@type":"ReadAction","target":["https:\/\/vriic.usach.cl\/index.php\/usach-sera-parte-de-la-escuela-de-verano-de-conocimiento-y-ciencia-abierta-2023\/"]}]},{"@type":"ImageObject","inLanguage":"es-CL","@id":"https:\/\/vriic.usach.cl\/index.php\/usach-sera-parte-de-la-escuela-de-verano-de-conocimiento-y-ciencia-abierta-2023\/#primaryimage","url":"https:\/\/vriic.usach.cl\/wp-content\/uploads\/2023\/01\/foto-nota-escuala.png","contentUrl":"https:\/\/vriic.usach.cl\/wp-content\/uploads\/2023\/01\/foto-nota-escuala.png","width":1100,"height":360},{"@type":"BreadcrumbList","@id":"https:\/\/vriic.usach.cl\/index.php\/usach-sera-parte-de-la-escuela-de-verano-de-conocimiento-y-ciencia-abierta-2023\/#breadcrumb","itemListElement":[{"@type":"ListItem","position":1,"name":"Portada","item":"https:\/\/vriic.usach.cl\/"},{"@type":"ListItem","position":2,"name":"USACH ser\u00e1 parte de la Escuela de Verano de Conocimiento y Ciencia Abierta 2023"}]},{"@type":"WebSite","@id":"https:\/\/vriic.usach.cl\/#website","url":"https:\/\/vriic.usach.cl\/","name":"VRIIC","description":"Vicerrector\u00eda de Investigaci\u00f3n, Innovaci\u00f3n y Creaci\u00f3n","publisher":{"@id":"https:\/\/vriic.usach.cl\/#organization"},"potentialAction":[{"@type":"SearchAction","target":{"@type":"EntryPoint","urlTemplate":"https:\/\/vriic.usach.cl\/?s={search_term_string}"},"query-input":"required name=search_term_string"}],"inLanguage":"es-CL"},{"@type":"Organization","@id":"https:\/\/vriic.usach.cl\/#organization","name":"VRIIC","url":"https:\/\/vriic.usach.cl\/","logo":{"@type":"ImageObject","inLanguage":"es-CL","@id":"https:\/\/vriic.usach.cl\/#\/schema\/logo\/image\/","url":"https:\/\/vriic.usach.cl\/wp-content\/uploads\/2024\/05\/cropped-HISTORIA-C-min-1.png","contentUrl":"https:\/\/vriic.usach.cl\/wp-content\/uploads\/2024\/05\/cropped-HISTORIA-C-min-1.png","width":966,"height":228,"caption":"VRIIC"},"image":{"@id":"https:\/\/vriic.usach.cl\/#\/schema\/logo\/image\/"}},{"@type":"Person","@id":"https:\/\/vriic.usach.cl\/#\/schema\/person\/7445abf7c84e3726508476493e702b11","name":"Comunicaciones VRIIC","image":{"@type":"ImageObject","inLanguage":"es-CL","@id":"https:\/\/vriic.usach.cl\/#\/schema\/person\/image\/","url":"https:\/\/secure.gravatar.com\/avatar\/a059dbff38f4b6242f148cadb92d0b1baec305d7378c7081c16c798f88d9af47?s=96&d=mm&r=g","contentUrl":"https:\/\/secure.gravatar.com\/avatar\/a059dbff38f4b6242f148cadb92d0b1baec305d7378c7081c16c798f88d9af47?s=96&d=mm&r=g","caption":"Comunicaciones VRIIC"},"sameAs":["http:\/\/158.170.66.230"],"url":"https:\/\/vriic.usach.cl\/index.php\/author\/adminvridei\/"}]}},"rttpg_featured_image_url":{"full":["https:\/\/vriic.usach.cl\/wp-content\/uploads\/2023\/01\/foto-nota-escuala.png",1100,360,false],"landscape":["https:\/\/vriic.usach.cl\/wp-content\/uploads\/2023\/01\/foto-nota-escuala.png",1100,360,false],"portraits":["https:\/\/vriic.usach.cl\/wp-content\/uploads\/2023\/01\/foto-nota-escuala.png",1100,360,false],"thumbnail":["https:\/\/vriic.usach.cl\/wp-content\/uploads\/2023\/01\/foto-nota-escuala-150x150.png",150,150,true],"medium":["https:\/\/vriic.usach.cl\/wp-content\/uploads\/2023\/01\/foto-nota-escuala-300x98.png",300,98,true],"large":["https:\/\/vriic.usach.cl\/wp-content\/uploads\/2023\/01\/foto-nota-escuala-1024x335.png",1024,335,true],"1536x1536":["https:\/\/vriic.usach.cl\/wp-content\/uploads\/2023\/01\/foto-nota-escuala.png",1100,360,false],"2048x2048":["https:\/\/vriic.usach.cl\/wp-content\/uploads\/2023\/01\/foto-nota-escuala.png",1100,360,false],"rpwe-thumbnail":["https:\/\/vriic.usach.cl\/wp-content\/uploads\/2023\/01\/foto-nota-escuala-45x45.png",45,45,true]},"rttpg_author":{"display_name":"Comunicaciones VRIIC","author_link":"https:\/\/vriic.usach.cl\/index.php\/author\/adminvridei\/"},"rttpg_comment":0,"rttpg_category":"<a href=\"https:\/\/vriic.usach.cl\/index.php\/category\/proyecto-ines-ciencia-abierta\/\" rel=\"category tag\">Ciencia Abierta<\/a>","rttpg_excerpt":"La actividad, coorganizada con la Universidad Central, la Universidad de la Frontera y la Universidad de Tarapac\u00e1 se desarrollar\u00e1 entre 23 al 27 de enero en el Campus Central de [&hellip;]","_links":{"self":[{"href":"https:\/\/vriic.usach.cl\/index.php\/wp-json\/wp\/v2\/posts\/8544","targetHints":{"allow":["GET"]}}],"collection":[{"href":"https:\/\/vriic.usach.cl\/index.php\/wp-json\/wp\/v2\/posts"}],"about":[{"href":"https:\/\/vriic.usach.cl\/index.php\/wp-json\/wp\/v2\/types\/post"}],"author":[{"embeddable":true,"href":"https:\/\/vriic.usach.cl\/index.php\/wp-json\/wp\/v2\/users\/1"}],"replies":[{"embeddable":true,"href":"https:\/\/vriic.usach.cl\/index.php\/wp-json\/wp\/v2\/comments?post=8544"}],"version-history":[{"count":6,"href":"https:\/\/vriic.usach.cl\/index.php\/wp-json\/wp\/v2\/posts\/8544\/revisions"}],"predecessor-version":[{"id":20959,"href":"https:\/\/vriic.usach.cl\/index.php\/wp-json\/wp\/v2\/posts\/8544\/revisions\/20959"}],"wp:featuredmedia":[{"embeddable":true,"href":"https:\/\/vriic.usach.cl\/index.php\/wp-json\/wp\/v2\/media\/8545"}],"wp:attachment":[{"href":"https:\/\/vriic.usach.cl\/index.php\/wp-json\/wp\/v2\/media?parent=8544"}],"wp:term":[{"taxonomy":"category","embeddable":true,"href":"https:\/\/vriic.usach.cl\/index.php\/wp-json\/wp\/v2\/categories?post=8544"},{"taxonomy":"post_tag","embeddable":true,"href":"https:\/\/vriic.usach.cl\/index.php\/wp-json\/wp\/v2\/tags?post=8544"}],"curies":[{"name":"wp","href":"https:\/\/api.w.org\/{rel}","templated":true}]}}