{"id":8522,"date":"2023-01-13T18:08:33","date_gmt":"2023-01-13T21:08:33","guid":{"rendered":"http:\/\/vriic.usach.cl\/?p=8522"},"modified":"2023-01-13T18:18:07","modified_gmt":"2023-01-13T21:18:07","slug":"demo-day-final-despega-usach-premia-a-los-ganadores-de-su-version-2022","status":"publish","type":"post","link":"https:\/\/vriic.usach.cl\/index.php\/demo-day-final-despega-usach-premia-a-los-ganadores-de-su-version-2022\/","title":{"rendered":"DEMO DAY: Final Despega Usach premia a los ganadores de su versi\u00f3n 2022"},"content":{"rendered":"\t\t<div data-elementor-type=\"wp-post\" data-elementor-id=\"8522\" class=\"elementor elementor-8522\" data-elementor-post-type=\"post\">\n\t\t\t\t\t\t<section class=\"elementor-section elementor-top-section elementor-element elementor-element-4d848081 elementor-section-boxed elementor-section-height-default elementor-section-height-default wpr-particle-no wpr-jarallax-no wpr-parallax-no wpr-sticky-section-no\" data-id=\"4d848081\" data-element_type=\"section\" data-e-type=\"section\">\n\t\t\t\t\t\t<div class=\"elementor-container elementor-column-gap-default\">\n\t\t\t\t\t<div class=\"elementor-column elementor-col-100 elementor-top-column elementor-element elementor-element-33383f15\" data-id=\"33383f15\" data-element_type=\"column\" data-e-type=\"column\">\n\t\t\t<div class=\"elementor-widget-wrap elementor-element-populated\">\n\t\t\t\t\t\t<section class=\"elementor-section elementor-inner-section elementor-element elementor-element-38e2c297 elementor-section-boxed elementor-section-height-default elementor-section-height-default wpr-particle-no wpr-jarallax-no wpr-parallax-no wpr-sticky-section-no\" data-id=\"38e2c297\" data-element_type=\"section\" data-e-type=\"section\">\n\t\t\t\t\t\t<div class=\"elementor-container elementor-column-gap-default\">\n\t\t\t\t\t<div class=\"elementor-column elementor-col-50 elementor-inner-column elementor-element elementor-element-3b5e5317\" data-id=\"3b5e5317\" data-element_type=\"column\" data-e-type=\"column\">\n\t\t\t<div class=\"elementor-widget-wrap elementor-element-populated\">\n\t\t\t\t\t\t<div class=\"elementor-element elementor-element-1cf21b64 elementor-widget elementor-widget-text-editor\" data-id=\"1cf21b64\" data-element_type=\"widget\" data-e-type=\"widget\" data-widget_type=\"text-editor.default\">\n\t\t\t\t<div class=\"elementor-widget-container\">\n\t\t\t\t\t\t\t\t\t<p><strong>Por primera vez, en la historia del concurso, los proyectos liderados por mujeres superan el porcentaje dentro de la n\u00f3mina ganadora.<\/strong><\/p>\t\t\t\t\t\t\t\t<\/div>\n\t\t\t\t<\/div>\n\t\t\t\t\t<\/div>\n\t\t<\/div>\n\t\t\t\t<div class=\"elementor-column elementor-col-50 elementor-inner-column elementor-element elementor-element-3c31f5bc\" data-id=\"3c31f5bc\" data-element_type=\"column\" data-e-type=\"column\">\n\t\t\t<div class=\"elementor-widget-wrap elementor-element-populated\">\n\t\t\t\t\t\t<div class=\"elementor-element elementor-element-29f00cfd elementor-widget elementor-widget-text-editor\" data-id=\"29f00cfd\" data-element_type=\"widget\" data-e-type=\"widget\" data-widget_type=\"text-editor.default\">\n\t\t\t\t<div class=\"elementor-widget-container\">\n\t\t\t\t\t\t\t\t\t<p><span style=\"font-weight: 400;\">Tras 3 meses de grandes desaf\u00edos, este jueves 12 de enero se realiz\u00f3 el <strong>Demo Day: Final Despega Usach 2022<\/strong>, que organiza la Vicerrector\u00eda de Investigaci\u00f3n, Desarrollo e Innovaci\u00f3n, a trav\u00e9s de la <a href=\"http:\/\/uie.usach.cl\" target=\"_blank\" rel=\"noopener\">Unidad de Innovaci\u00f3n y Emprendimiento<\/a>.\u00a0<\/span><\/p><p><span style=\"font-weight: 400;\">El concurso busca que las ideas y proyectos estudiantiles de pregrado y posgrado puedan dar respuesta a los actuales desaf\u00edos del mundo, desde la ciencia, la tecnolog\u00eda y la innovaci\u00f3n con impacto sostenible.<\/span><\/p><p><span style=\"font-weight: 400;\">En la oportunidad, se dieron a conocer los 10 proyectos ganadores en las categor\u00edas de <strong>Innovaci\u00f3n Cient\u00edfica Tecnol\u00f3gica<\/strong> e <strong>Innovaci\u00f3n Social<\/strong>. La premiaci\u00f3n se llev\u00f3 a cabo de manera presencial, luego de dos a\u00f1os de realizar el concurso v\u00eda online. Por primera vez, en la historia del concurso, los proyectos liderados por mujeres superan el porcentaje dentro de la n\u00f3mina ganadora.<\/span><\/p><p><span style=\"font-weight: 400;\">El encuentro tuvo lugar en el patio encarpado de los Pastos de Ciencias, dividido en dos bloques. En la jornada de la ma\u00f1ana, se constituy\u00f3 el panel evaluador con la participaci\u00f3n de representantes de CORFO, Socialab, Hub Apta, ANID, Ministerio de CTCI y Startup Chile, quienes evaluaron los proyectos tras la presentaci\u00f3n de los Pitch. En la jornada de la tarde, en tanto, se realiz\u00f3 la ceremonia de premiaci\u00f3n, donde adem\u00e1s los asistentes pudieron disfrutar del humor con el Stand Up de Rosario S\u00e1nchez, regalos sorpresa, m\u00fasica y un food truck.<\/span><\/p><p><span style=\"font-weight: 400;\">A la ceremonia asisti\u00f3 el Vicerrector de Innovaci\u00f3n, Desarrollo e Innovaci\u00f3n de nuestra \u00a0 Universidad, <strong>Dr. Jorge Pavez<\/strong>, qui\u00e9n se dirigi\u00f3 a los equipos finalistas se\u00f1alando que \u201custedes son una muestra clara que con perseverancia, los sue\u00f1os se hacen realidad, los que, adem\u00e1s, son aporte para el desarrollo y la econom\u00eda del pa\u00eds y del mundo\u201d.<\/span><\/p><p><span style=\"font-weight: 400;\">Por su parte, el Jefe de la Unidad de Innovaci\u00f3n y Emprendimiento, <strong>Leonidas Ibarra<\/strong>, destac\u00f3 el impulso a la estrategia de g\u00e9nero desde Despega USACH, \u201cincentivando la inclusi\u00f3n de mujeres en el mundo del emprendimiento, aumentando su participaci\u00f3n desde un 31% a un 40%, lo que, adem\u00e1s, se vio reflejado en el n\u00famero de proyectos ganadores liderados por mujeres, que por primera vez en la historia del certamen superaron en n\u00famero a los proyectos liderados por hombres\u201d.\u00a0<\/span><\/p><h6><b>La experiencia 2022 del Despega<\/b><\/h6><p><span style=\"font-weight: 400;\">En total, Despega USACH 2022 congreg\u00f3 a alrededor de 300 participantes en m\u00e1s de 100 proyectos innovadores. Tras el Kick Off inicial realizado en el Planetario, los equipos pasaron por cinco talleres m\u00e1s, donde pudieron dise\u00f1ar su proyecto y se conectaron con actores relevantes del ecosistema nacional de innovaci\u00f3n y emprendimiento. Luego, en una segunda fase, los proyectos fueron evaluados por un panel paritario, que integraron representantes de Hub Apta, Leind, Centro de Innovaci\u00f3n, Ciescoop, DGT e INNOVO, avanzando a la siguiente etapa las 30 iniciativas con mayores puntajes.<\/span><\/p><p><span style=\"font-weight: 400;\">En la tercera fase, los proyectos pusieron a prueba sus iniciativas frente a potenciales clientes, usuarios y actores relacionados. Ministerio de Transporte, Ripley, NTT Data, Lucchetti, Cornershop, diversos municipios y startups validaron la deseabilidad de cada propuesta, determinando a los 15 finalistas del concurso, quienes tuvieron que defender sus iniciativas a trav\u00e9s de un pitch de tres minutos frente al panel de expertos, que calific\u00f3 y seleccion\u00f3 a los 10 ganadores de esta versi\u00f3n.\u00a0<\/span><\/p><p><span style=\"font-weight: 400;\">El tan anhelado premio, que consiste en una pasant\u00eda a un centro de innovaci\u00f3n y emprendimiento internacional o ecosistema de I+E internacional; Fondos para prototipar; Ingreso al programa de Preincubaci\u00f3n en INNOVO; y una nivelaci\u00f3n al idioma ingl\u00e9s, fue entregado por los directores\/as de los proyectos ganadores de Despega USACH 2021, quienes hab\u00edan llegado recientemente de su gira\u00a0 por Barcelona. Adem\u00e1s se premi\u00f3 al favorito del p\u00fablico por Redes Sociales.<\/span><\/p><p><span style=\"font-weight: 400;\"><strong>Paloma Nu\u00f1ez<\/strong>, Directora de Kay Kay, ganadora en categor\u00eda de Innovaci\u00f3n Cient\u00edfica tecnol\u00f3gica: <\/span><b>\u201c<\/b><span style=\"font-weight: 400;\">Estamos s\u00faper emocionados como equipo, y ansiosos por prototipar nuestro producto. \u201cQueremos invitarles a que siempre participen de las oportunidades que ofrece la universidad, como es el Despega Usach. En el peor de los casos, si no ganas, uno siempre se lleva una experiencia positiva, hay que lanzarse a la piscina y nunca dejar de aprender\u201d.<\/span><\/p><p><span style=\"font-weight: 400;\">\u201dEstamos muy felices y emocionados, tambi\u00e9n agradecidos del programa. Ahora nos toca concretar nuestro proyecto y crecer. Por lo pronto tenemos pensado implementar el prototipo en hogares de la regi\u00f3n Metropolitana y postular a fondos concursables para seguir creciendo e impactando a todo ritmo\u201d, indica <strong>Mar\u00eda Gonz\u00e1lez<\/strong> y <strong>V\u00edctor Cisternas<\/strong> de Decrease It.<\/span><\/p><h6><strong>PROYECTOS GANADORES<\/strong><\/h6><p><b>Innovaci\u00f3n Social<\/b><\/p><ol><li style=\"font-weight: 400;\" aria-level=\"1\"><b>(RED) Asesor\u00eda J.C<\/b><span style=\"font-weight: 400;\">: Plataforma Web para conectar a estudiantes de derecho con usuarios que requieran consulta-Asesor\u00eda y\/o Tramitaci\u00f3n en materias de Derecho de Familia, Civil, Penal, Comercial, etc. (Patricia Merino, Facultad de Derecho)<\/span><\/li><li style=\"font-weight: 400;\" aria-level=\"1\"><b>Compostcashi<\/b><span style=\"font-weight: 400;\">: Biofertilizante org\u00e1nico l\u00edquido foliar hecho de la revalorizaci\u00f3n de residuos org\u00e1nicos y agropecuarios y potenciado con microbiolog\u00eda y diversas formulaciones org\u00e1nicas. (Melanie Carroza, Facultad Administraci\u00f3n y Econom\u00eda)\u00a0<\/span><\/li><li style=\"font-weight: 400;\" aria-level=\"1\"><b>Green Up<\/b><span style=\"font-weight: 400;\">: App m\u00f3vil para lectura e identificaci\u00f3n de productos y servicios veganos,\u00a0 detectados en segundos aquellos ingredientes en productos que son aptos para ellos. (Monserrat Camacho, Facultad Administraci\u00f3n y Econom\u00eda)<\/span><\/li><li style=\"font-weight: 400;\" aria-level=\"1\"><b>Truequea<\/b><span style=\"font-weight: 400;\">: Plataforma digital que permite a personas y empresas realizar intercambios de bienes, servicios y saberes a lo largo de todo Chile. (Marcela Vilches, Facultad de Administraci\u00f3n y Econom\u00eda)<\/span><\/li><li style=\"font-weight: 400;\" aria-level=\"1\"><b>Decrease It<\/b><span style=\"font-weight: 400;\">: App que integra la visualizaci\u00f3n de datos de consumo h\u00eddrico e incentiva a los usuarios a alcanzar y mantener niveles de consumo responsable por medio de gamificadores. (Victor Cisternas, Facultad de Administraci\u00f3n y Econom\u00eda)<\/span><\/li><\/ol><p><b>Innovaci\u00f3n Cient\u00edfica Tecnol\u00f3gica<\/b><\/p><ol><li style=\"font-weight: 400;\" aria-level=\"1\"><span style=\"font-weight: 400;\"><strong>Kay-Kay:<\/strong> Aparato que utiliza tecnolog\u00eda de modulaci\u00f3n de ondas ultras\u00f3nicas\/subs\u00f3nicas para que las serpientes tiendan a retirarse a un sector donde no detecten estas vibraciones. (Paloma Jos\u00e9 N\u00fa\u00f1ez, Facultad de Ingenier\u00eda)<\/span><\/li><li style=\"font-weight: 400;\" aria-level=\"1\"><span style=\"font-weight: 400;\"><strong>SeaweedSol:<\/strong> Pl\u00e1stico biodegradable y compostable a base de algas. Potenciado por un sistema de inteligencia artificial. (Fernanda V\u00e9liz, Facultad de Ciencia)<\/span><\/li><li style=\"font-weight: 400;\" aria-level=\"1\"><span style=\"font-weight: 400;\"><strong>TrafficGO:<\/strong> Inteligencia artificial en formato Saas (Software as a Service) buscando gestionar eficientemente el tr\u00e1fico urbano, tanto peatonal como vehicular, generando comunicaci\u00f3n e inteligencia de sistemas. (Javier Valerio, Facultad de Ingenier\u00eda)\u00a0<\/span><\/li><li style=\"font-weight: 400;\" aria-level=\"1\"><span style=\"font-weight: 400;\"><strong>Omora Learning Assessment System Device:<\/strong> Dispositivo predictivo en el monitoreo de aprendizajes bajo el sistema acad\u00e9mico y de SGC en Instituciones de Educaci\u00f3n Superior y Colegios. (David Jofre, Facultad de Humanidades) <\/span><\/li><li style=\"font-weight: 400;\" aria-level=\"1\"><span style=\"font-weight: 400;\"><strong>Smart Super:<\/strong> Carro inteligente de supermercado, intuitivo, y antifraudes, que generar\u00e1 un Checkout sin esperas. (Jos\u00e9 Miguel Espinoza, Facultad de Ciencia)\u00a0<\/span><\/li><\/ol><p><span style=\"font-weight: 400;\">Por: Ignacio Vallejos<\/span><\/p><p><span style=\"font-weight: 400;\">Tags: DespegaUsach<\/span><\/p><p><span style=\"font-weight: 400;\">UIE<\/span><\/p><p><span style=\"font-weight: 400;\">Emprendimiento<\/span><\/p><p><span style=\"font-weight: 400;\">Innovaci\u00f3n<\/span><\/p>\t\t\t\t\t\t\t\t<\/div>\n\t\t\t\t<\/div>\n\t\t\t\t\t<\/div>\n\t\t<\/div>\n\t\t\t\t\t<\/div>\n\t\t<\/section>\n\t\t\t\t\t<\/div>\n\t\t<\/div>\n\t\t\t\t\t<\/div>\n\t\t<\/section>\n\t\t\t\t<section class=\"elementor-section elementor-top-section elementor-element elementor-element-b2834df elementor-section-boxed elementor-section-height-default elementor-section-height-default wpr-particle-no wpr-jarallax-no wpr-parallax-no wpr-sticky-section-no\" data-id=\"b2834df\" data-element_type=\"section\" data-e-type=\"section\">\n\t\t\t\t\t\t<div class=\"elementor-container elementor-column-gap-default\">\n\t\t\t\t\t<div class=\"elementor-column elementor-col-100 elementor-top-column elementor-element elementor-element-30500e3\" data-id=\"30500e3\" data-element_type=\"column\" data-e-type=\"column\">\n\t\t\t<div class=\"elementor-widget-wrap elementor-element-populated\">\n\t\t\t\t\t\t<div class=\"elementor-element elementor-element-550af1c elementor-widget elementor-widget-video\" data-id=\"550af1c\" data-element_type=\"widget\" data-e-type=\"widget\" data-settings=\"{&quot;youtube_url&quot;:&quot;https:\\\/\\\/youtu.be\\\/l21ZYSB5NJs&quot;,&quot;video_type&quot;:&quot;youtube&quot;,&quot;controls&quot;:&quot;yes&quot;}\" data-widget_type=\"video.default\">\n\t\t\t\t<div class=\"elementor-widget-container\">\n\t\t\t\t\t\t\t<div class=\"elementor-wrapper elementor-open-inline\">\n\t\t\t<div class=\"elementor-video\"><\/div>\t\t<\/div>\n\t\t\t\t\t\t<\/div>\n\t\t\t\t<\/div>\n\t\t\t\t\t<\/div>\n\t\t<\/div>\n\t\t\t\t\t<\/div>\n\t\t<\/section>\n\t\t\t\t<\/div>\n\t\t","protected":false},"excerpt":{"rendered":"<p>Por primera vez, en la historia del concurso, los proyectos liderados por mujeres superan el porcentaje dentro de la n\u00f3mina ganadora. Tras 3 meses de grandes desaf\u00edos, este jueves 12 [&hellip;]<\/p>\n","protected":false},"author":1,"featured_media":8523,"comment_status":"closed","ping_status":"closed","sticky":false,"template":"","format":"standard","meta":{"inline_featured_image":false,"_monsterinsights_skip_tracking":false,"_monsterinsights_sitenote_active":false,"_monsterinsights_sitenote_note":"","_monsterinsights_sitenote_category":0,"site-sidebar-layout":"default","site-content-layout":"default","ast-site-content-layout":"","site-content-style":"default","site-sidebar-style":"default","ast-global-header-display":"","ast-banner-title-visibility":"","ast-main-header-display":"","ast-hfb-above-header-display":"","ast-hfb-below-header-display":"","ast-hfb-mobile-header-display":"","site-post-title":"","ast-breadcrumbs-content":"","ast-featured-img":"","footer-sml-layout":"","theme-transparent-header-meta":"default","adv-header-id-meta":"","stick-header-meta":"","header-above-stick-meta":"","header-main-stick-meta":"","header-below-stick-meta":"","astra-migrate-meta-layouts":"default","ast-page-background-enabled":"default","ast-page-background-meta":{"desktop":{"background-color":"","background-image":"","background-repeat":"repeat","background-position":"center center","background-size":"auto","background-attachment":"scroll","background-type":"","background-media":"","overlay-type":"","overlay-color":"","overlay-gradient":""},"tablet":{"background-color":"","background-image":"","background-repeat":"repeat","background-position":"center center","background-size":"auto","background-attachment":"scroll","background-type":"","background-media":"","overlay-type":"","overlay-color":"","overlay-gradient":""},"mobile":{"background-color":"","background-image":"","background-repeat":"repeat","background-position":"center center","background-size":"auto","background-attachment":"scroll","background-type":"","background-media":"","overlay-type":"","overlay-color":"","overlay-gradient":""}},"ast-content-background-meta":{"desktop":{"background-color":"var(--ast-global-color-5)","background-image":"","background-repeat":"repeat","background-position":"center center","background-size":"auto","background-attachment":"scroll","background-type":"","background-media":"","overlay-type":"","overlay-color":"","overlay-gradient":""},"tablet":{"background-color":"var(--ast-global-color-5)","background-image":"","background-repeat":"repeat","background-position":"center center","background-size":"auto","background-attachment":"scroll","background-type":"","background-media":"","overlay-type":"","overlay-color":"","overlay-gradient":""},"mobile":{"background-color":"var(--ast-global-color-5)","background-image":"","background-repeat":"repeat","background-position":"center center","background-size":"auto","background-attachment":"scroll","background-type":"","background-media":"","overlay-type":"","overlay-color":"","overlay-gradient":""}},"footnotes":""},"categories":[10],"tags":[],"class_list":["post-8522","post","type-post","status-publish","format-standard","has-post-thumbnail","hentry","category-innovacion"],"yoast_head":"<!-- This site is optimized with the Yoast SEO plugin v22.3 - https:\/\/yoast.com\/wordpress\/plugins\/seo\/ -->\n<title>DEMO DAY: Final Despega Usach premia a los ganadores de su versi\u00f3n 2022 - VRIIC<\/title>\n<meta name=\"robots\" content=\"index, follow, max-snippet:-1, max-image-preview:large, max-video-preview:-1\" \/>\n<link rel=\"canonical\" href=\"https:\/\/vriic.usach.cl\/index.php\/demo-day-final-despega-usach-premia-a-los-ganadores-de-su-version-2022\/\" \/>\n<meta property=\"og:locale\" content=\"es_ES\" \/>\n<meta property=\"og:type\" content=\"article\" \/>\n<meta property=\"og:title\" content=\"DEMO DAY: Final Despega Usach premia a los ganadores de su versi\u00f3n 2022 - VRIIC\" \/>\n<meta property=\"og:description\" content=\"Por primera vez, en la historia del concurso, los proyectos liderados por mujeres superan el porcentaje dentro de la n\u00f3mina ganadora. Tras 3 meses de grandes desaf\u00edos, este jueves 12 [&hellip;]\" \/>\n<meta property=\"og:url\" content=\"https:\/\/vriic.usach.cl\/index.php\/demo-day-final-despega-usach-premia-a-los-ganadores-de-su-version-2022\/\" \/>\n<meta property=\"og:site_name\" content=\"VRIIC\" \/>\n<meta property=\"article:published_time\" content=\"2023-01-13T21:08:33+00:00\" \/>\n<meta property=\"article:modified_time\" content=\"2023-01-13T21:18:07+00:00\" \/>\n<meta property=\"og:image\" content=\"https:\/\/vriic.usach.cl\/wp-content\/uploads\/2023\/01\/final-despega.png\" \/>\n\t<meta property=\"og:image:width\" content=\"1100\" \/>\n\t<meta property=\"og:image:height\" content=\"360\" \/>\n\t<meta property=\"og:image:type\" content=\"image\/png\" \/>\n<meta name=\"author\" content=\"Comunicaciones VRIIC\" \/>\n<meta name=\"twitter:card\" content=\"summary_large_image\" \/>\n<meta name=\"twitter:label1\" content=\"Written by\" \/>\n\t<meta name=\"twitter:data1\" content=\"Comunicaciones VRIIC\" \/>\n\t<meta name=\"twitter:label2\" content=\"Est. reading time\" \/>\n\t<meta name=\"twitter:data2\" content=\"6 minutos\" \/>\n<script type=\"application\/ld+json\" class=\"yoast-schema-graph\">{\"@context\":\"https:\/\/schema.org\",\"@graph\":[{\"@type\":\"Article\",\"@id\":\"https:\/\/vriic.usach.cl\/index.php\/demo-day-final-despega-usach-premia-a-los-ganadores-de-su-version-2022\/#article\",\"isPartOf\":{\"@id\":\"https:\/\/vriic.usach.cl\/index.php\/demo-day-final-despega-usach-premia-a-los-ganadores-de-su-version-2022\/\"},\"author\":{\"name\":\"Comunicaciones VRIIC\",\"@id\":\"https:\/\/vriic.usach.cl\/#\/schema\/person\/7445abf7c84e3726508476493e702b11\"},\"headline\":\"DEMO DAY: Final Despega Usach premia a los ganadores de su versi\u00f3n 2022\",\"datePublished\":\"2023-01-13T21:08:33+00:00\",\"dateModified\":\"2023-01-13T21:18:07+00:00\",\"mainEntityOfPage\":{\"@id\":\"https:\/\/vriic.usach.cl\/index.php\/demo-day-final-despega-usach-premia-a-los-ganadores-de-su-version-2022\/\"},\"wordCount\":1158,\"publisher\":{\"@id\":\"https:\/\/vriic.usach.cl\/#organization\"},\"image\":{\"@id\":\"https:\/\/vriic.usach.cl\/index.php\/demo-day-final-despega-usach-premia-a-los-ganadores-de-su-version-2022\/#primaryimage\"},\"thumbnailUrl\":\"https:\/\/vriic.usach.cl\/wp-content\/uploads\/2023\/01\/final-despega.png\",\"articleSection\":[\"Innovaci\u00f3n\"],\"inLanguage\":\"es-CL\"},{\"@type\":\"WebPage\",\"@id\":\"https:\/\/vriic.usach.cl\/index.php\/demo-day-final-despega-usach-premia-a-los-ganadores-de-su-version-2022\/\",\"url\":\"https:\/\/vriic.usach.cl\/index.php\/demo-day-final-despega-usach-premia-a-los-ganadores-de-su-version-2022\/\",\"name\":\"DEMO DAY: Final Despega Usach premia a los ganadores de su versi\u00f3n 2022 - VRIIC\",\"isPartOf\":{\"@id\":\"https:\/\/vriic.usach.cl\/#website\"},\"primaryImageOfPage\":{\"@id\":\"https:\/\/vriic.usach.cl\/index.php\/demo-day-final-despega-usach-premia-a-los-ganadores-de-su-version-2022\/#primaryimage\"},\"image\":{\"@id\":\"https:\/\/vriic.usach.cl\/index.php\/demo-day-final-despega-usach-premia-a-los-ganadores-de-su-version-2022\/#primaryimage\"},\"thumbnailUrl\":\"https:\/\/vriic.usach.cl\/wp-content\/uploads\/2023\/01\/final-despega.png\",\"datePublished\":\"2023-01-13T21:08:33+00:00\",\"dateModified\":\"2023-01-13T21:18:07+00:00\",\"breadcrumb\":{\"@id\":\"https:\/\/vriic.usach.cl\/index.php\/demo-day-final-despega-usach-premia-a-los-ganadores-de-su-version-2022\/#breadcrumb\"},\"inLanguage\":\"es-CL\",\"potentialAction\":[{\"@type\":\"ReadAction\",\"target\":[\"https:\/\/vriic.usach.cl\/index.php\/demo-day-final-despega-usach-premia-a-los-ganadores-de-su-version-2022\/\"]}]},{\"@type\":\"ImageObject\",\"inLanguage\":\"es-CL\",\"@id\":\"https:\/\/vriic.usach.cl\/index.php\/demo-day-final-despega-usach-premia-a-los-ganadores-de-su-version-2022\/#primaryimage\",\"url\":\"https:\/\/vriic.usach.cl\/wp-content\/uploads\/2023\/01\/final-despega.png\",\"contentUrl\":\"https:\/\/vriic.usach.cl\/wp-content\/uploads\/2023\/01\/final-despega.png\",\"width\":1100,\"height\":360},{\"@type\":\"BreadcrumbList\",\"@id\":\"https:\/\/vriic.usach.cl\/index.php\/demo-day-final-despega-usach-premia-a-los-ganadores-de-su-version-2022\/#breadcrumb\",\"itemListElement\":[{\"@type\":\"ListItem\",\"position\":1,\"name\":\"Portada\",\"item\":\"https:\/\/vriic.usach.cl\/\"},{\"@type\":\"ListItem\",\"position\":2,\"name\":\"DEMO DAY: Final Despega Usach premia a los ganadores de su versi\u00f3n 2022\"}]},{\"@type\":\"WebSite\",\"@id\":\"https:\/\/vriic.usach.cl\/#website\",\"url\":\"https:\/\/vriic.usach.cl\/\",\"name\":\"VRIIC\",\"description\":\"Vicerrector\u00eda de Investigaci\u00f3n, Innovaci\u00f3n y Creaci\u00f3n\",\"publisher\":{\"@id\":\"https:\/\/vriic.usach.cl\/#organization\"},\"potentialAction\":[{\"@type\":\"SearchAction\",\"target\":{\"@type\":\"EntryPoint\",\"urlTemplate\":\"https:\/\/vriic.usach.cl\/?s={search_term_string}\"},\"query-input\":\"required name=search_term_string\"}],\"inLanguage\":\"es-CL\"},{\"@type\":\"Organization\",\"@id\":\"https:\/\/vriic.usach.cl\/#organization\",\"name\":\"VRIIC\",\"url\":\"https:\/\/vriic.usach.cl\/\",\"logo\":{\"@type\":\"ImageObject\",\"inLanguage\":\"es-CL\",\"@id\":\"https:\/\/vriic.usach.cl\/#\/schema\/logo\/image\/\",\"url\":\"https:\/\/vriic.usach.cl\/wp-content\/uploads\/2024\/05\/cropped-HISTORIA-C-min-1.png\",\"contentUrl\":\"https:\/\/vriic.usach.cl\/wp-content\/uploads\/2024\/05\/cropped-HISTORIA-C-min-1.png\",\"width\":966,\"height\":228,\"caption\":\"VRIIC\"},\"image\":{\"@id\":\"https:\/\/vriic.usach.cl\/#\/schema\/logo\/image\/\"}},{\"@type\":\"Person\",\"@id\":\"https:\/\/vriic.usach.cl\/#\/schema\/person\/7445abf7c84e3726508476493e702b11\",\"name\":\"Comunicaciones VRIIC\",\"image\":{\"@type\":\"ImageObject\",\"inLanguage\":\"es-CL\",\"@id\":\"https:\/\/vriic.usach.cl\/#\/schema\/person\/image\/\",\"url\":\"https:\/\/secure.gravatar.com\/avatar\/a059dbff38f4b6242f148cadb92d0b1baec305d7378c7081c16c798f88d9af47?s=96&d=mm&r=g\",\"contentUrl\":\"https:\/\/secure.gravatar.com\/avatar\/a059dbff38f4b6242f148cadb92d0b1baec305d7378c7081c16c798f88d9af47?s=96&d=mm&r=g\",\"caption\":\"Comunicaciones VRIIC\"},\"sameAs\":[\"http:\/\/158.170.66.230\"],\"url\":\"https:\/\/vriic.usach.cl\/index.php\/author\/adminvridei\/\"}]}<\/script>\n<!-- \/ Yoast SEO plugin. -->","yoast_head_json":{"title":"DEMO DAY: Final Despega Usach premia a los ganadores de su versi\u00f3n 2022 - VRIIC","robots":{"index":"index","follow":"follow","max-snippet":"max-snippet:-1","max-image-preview":"max-image-preview:large","max-video-preview":"max-video-preview:-1"},"canonical":"https:\/\/vriic.usach.cl\/index.php\/demo-day-final-despega-usach-premia-a-los-ganadores-de-su-version-2022\/","og_locale":"es_ES","og_type":"article","og_title":"DEMO DAY: Final Despega Usach premia a los ganadores de su versi\u00f3n 2022 - VRIIC","og_description":"Por primera vez, en la historia del concurso, los proyectos liderados por mujeres superan el porcentaje dentro de la n\u00f3mina ganadora. Tras 3 meses de grandes desaf\u00edos, este jueves 12 [&hellip;]","og_url":"https:\/\/vriic.usach.cl\/index.php\/demo-day-final-despega-usach-premia-a-los-ganadores-de-su-version-2022\/","og_site_name":"VRIIC","article_published_time":"2023-01-13T21:08:33+00:00","article_modified_time":"2023-01-13T21:18:07+00:00","og_image":[{"width":1100,"height":360,"url":"https:\/\/vriic.usach.cl\/wp-content\/uploads\/2023\/01\/final-despega.png","type":"image\/png"}],"author":"Comunicaciones VRIIC","twitter_card":"summary_large_image","twitter_misc":{"Written by":"Comunicaciones VRIIC","Est. reading time":"6 minutos"},"schema":{"@context":"https:\/\/schema.org","@graph":[{"@type":"Article","@id":"https:\/\/vriic.usach.cl\/index.php\/demo-day-final-despega-usach-premia-a-los-ganadores-de-su-version-2022\/#article","isPartOf":{"@id":"https:\/\/vriic.usach.cl\/index.php\/demo-day-final-despega-usach-premia-a-los-ganadores-de-su-version-2022\/"},"author":{"name":"Comunicaciones VRIIC","@id":"https:\/\/vriic.usach.cl\/#\/schema\/person\/7445abf7c84e3726508476493e702b11"},"headline":"DEMO DAY: Final Despega Usach premia a los ganadores de su versi\u00f3n 2022","datePublished":"2023-01-13T21:08:33+00:00","dateModified":"2023-01-13T21:18:07+00:00","mainEntityOfPage":{"@id":"https:\/\/vriic.usach.cl\/index.php\/demo-day-final-despega-usach-premia-a-los-ganadores-de-su-version-2022\/"},"wordCount":1158,"publisher":{"@id":"https:\/\/vriic.usach.cl\/#organization"},"image":{"@id":"https:\/\/vriic.usach.cl\/index.php\/demo-day-final-despega-usach-premia-a-los-ganadores-de-su-version-2022\/#primaryimage"},"thumbnailUrl":"https:\/\/vriic.usach.cl\/wp-content\/uploads\/2023\/01\/final-despega.png","articleSection":["Innovaci\u00f3n"],"inLanguage":"es-CL"},{"@type":"WebPage","@id":"https:\/\/vriic.usach.cl\/index.php\/demo-day-final-despega-usach-premia-a-los-ganadores-de-su-version-2022\/","url":"https:\/\/vriic.usach.cl\/index.php\/demo-day-final-despega-usach-premia-a-los-ganadores-de-su-version-2022\/","name":"DEMO DAY: Final Despega Usach premia a los ganadores de su versi\u00f3n 2022 - VRIIC","isPartOf":{"@id":"https:\/\/vriic.usach.cl\/#website"},"primaryImageOfPage":{"@id":"https:\/\/vriic.usach.cl\/index.php\/demo-day-final-despega-usach-premia-a-los-ganadores-de-su-version-2022\/#primaryimage"},"image":{"@id":"https:\/\/vriic.usach.cl\/index.php\/demo-day-final-despega-usach-premia-a-los-ganadores-de-su-version-2022\/#primaryimage"},"thumbnailUrl":"https:\/\/vriic.usach.cl\/wp-content\/uploads\/2023\/01\/final-despega.png","datePublished":"2023-01-13T21:08:33+00:00","dateModified":"2023-01-13T21:18:07+00:00","breadcrumb":{"@id":"https:\/\/vriic.usach.cl\/index.php\/demo-day-final-despega-usach-premia-a-los-ganadores-de-su-version-2022\/#breadcrumb"},"inLanguage":"es-CL","potentialAction":[{"@type":"ReadAction","target":["https:\/\/vriic.usach.cl\/index.php\/demo-day-final-despega-usach-premia-a-los-ganadores-de-su-version-2022\/"]}]},{"@type":"ImageObject","inLanguage":"es-CL","@id":"https:\/\/vriic.usach.cl\/index.php\/demo-day-final-despega-usach-premia-a-los-ganadores-de-su-version-2022\/#primaryimage","url":"https:\/\/vriic.usach.cl\/wp-content\/uploads\/2023\/01\/final-despega.png","contentUrl":"https:\/\/vriic.usach.cl\/wp-content\/uploads\/2023\/01\/final-despega.png","width":1100,"height":360},{"@type":"BreadcrumbList","@id":"https:\/\/vriic.usach.cl\/index.php\/demo-day-final-despega-usach-premia-a-los-ganadores-de-su-version-2022\/#breadcrumb","itemListElement":[{"@type":"ListItem","position":1,"name":"Portada","item":"https:\/\/vriic.usach.cl\/"},{"@type":"ListItem","position":2,"name":"DEMO DAY: Final Despega Usach premia a los ganadores de su versi\u00f3n 2022"}]},{"@type":"WebSite","@id":"https:\/\/vriic.usach.cl\/#website","url":"https:\/\/vriic.usach.cl\/","name":"VRIIC","description":"Vicerrector\u00eda de Investigaci\u00f3n, Innovaci\u00f3n y Creaci\u00f3n","publisher":{"@id":"https:\/\/vriic.usach.cl\/#organization"},"potentialAction":[{"@type":"SearchAction","target":{"@type":"EntryPoint","urlTemplate":"https:\/\/vriic.usach.cl\/?s={search_term_string}"},"query-input":"required name=search_term_string"}],"inLanguage":"es-CL"},{"@type":"Organization","@id":"https:\/\/vriic.usach.cl\/#organization","name":"VRIIC","url":"https:\/\/vriic.usach.cl\/","logo":{"@type":"ImageObject","inLanguage":"es-CL","@id":"https:\/\/vriic.usach.cl\/#\/schema\/logo\/image\/","url":"https:\/\/vriic.usach.cl\/wp-content\/uploads\/2024\/05\/cropped-HISTORIA-C-min-1.png","contentUrl":"https:\/\/vriic.usach.cl\/wp-content\/uploads\/2024\/05\/cropped-HISTORIA-C-min-1.png","width":966,"height":228,"caption":"VRIIC"},"image":{"@id":"https:\/\/vriic.usach.cl\/#\/schema\/logo\/image\/"}},{"@type":"Person","@id":"https:\/\/vriic.usach.cl\/#\/schema\/person\/7445abf7c84e3726508476493e702b11","name":"Comunicaciones VRIIC","image":{"@type":"ImageObject","inLanguage":"es-CL","@id":"https:\/\/vriic.usach.cl\/#\/schema\/person\/image\/","url":"https:\/\/secure.gravatar.com\/avatar\/a059dbff38f4b6242f148cadb92d0b1baec305d7378c7081c16c798f88d9af47?s=96&d=mm&r=g","contentUrl":"https:\/\/secure.gravatar.com\/avatar\/a059dbff38f4b6242f148cadb92d0b1baec305d7378c7081c16c798f88d9af47?s=96&d=mm&r=g","caption":"Comunicaciones VRIIC"},"sameAs":["http:\/\/158.170.66.230"],"url":"https:\/\/vriic.usach.cl\/index.php\/author\/adminvridei\/"}]}},"rttpg_featured_image_url":{"full":["https:\/\/vriic.usach.cl\/wp-content\/uploads\/2023\/01\/final-despega.png",1100,360,false],"landscape":["https:\/\/vriic.usach.cl\/wp-content\/uploads\/2023\/01\/final-despega.png",1100,360,false],"portraits":["https:\/\/vriic.usach.cl\/wp-content\/uploads\/2023\/01\/final-despega.png",1100,360,false],"thumbnail":["https:\/\/vriic.usach.cl\/wp-content\/uploads\/2023\/01\/final-despega-150x150.png",150,150,true],"medium":["https:\/\/vriic.usach.cl\/wp-content\/uploads\/2023\/01\/final-despega-300x98.png",300,98,true],"large":["https:\/\/vriic.usach.cl\/wp-content\/uploads\/2023\/01\/final-despega-1024x335.png",1024,335,true],"1536x1536":["https:\/\/vriic.usach.cl\/wp-content\/uploads\/2023\/01\/final-despega.png",1100,360,false],"2048x2048":["https:\/\/vriic.usach.cl\/wp-content\/uploads\/2023\/01\/final-despega.png",1100,360,false],"rpwe-thumbnail":["https:\/\/vriic.usach.cl\/wp-content\/uploads\/2023\/01\/final-despega-45x45.png",45,45,true]},"rttpg_author":{"display_name":"Comunicaciones VRIIC","author_link":"https:\/\/vriic.usach.cl\/index.php\/author\/adminvridei\/"},"rttpg_comment":0,"rttpg_category":"<a href=\"https:\/\/vriic.usach.cl\/index.php\/category\/innovacion\/\" rel=\"category tag\">Innovaci\u00f3n<\/a>","rttpg_excerpt":"Por primera vez, en la historia del concurso, los proyectos liderados por mujeres superan el porcentaje dentro de la n\u00f3mina ganadora. Tras 3 meses de grandes desaf\u00edos, este jueves 12 [&hellip;]","_links":{"self":[{"href":"https:\/\/vriic.usach.cl\/index.php\/wp-json\/wp\/v2\/posts\/8522","targetHints":{"allow":["GET"]}}],"collection":[{"href":"https:\/\/vriic.usach.cl\/index.php\/wp-json\/wp\/v2\/posts"}],"about":[{"href":"https:\/\/vriic.usach.cl\/index.php\/wp-json\/wp\/v2\/types\/post"}],"author":[{"embeddable":true,"href":"https:\/\/vriic.usach.cl\/index.php\/wp-json\/wp\/v2\/users\/1"}],"replies":[{"embeddable":true,"href":"https:\/\/vriic.usach.cl\/index.php\/wp-json\/wp\/v2\/comments?post=8522"}],"version-history":[{"count":5,"href":"https:\/\/vriic.usach.cl\/index.php\/wp-json\/wp\/v2\/posts\/8522\/revisions"}],"predecessor-version":[{"id":20962,"href":"https:\/\/vriic.usach.cl\/index.php\/wp-json\/wp\/v2\/posts\/8522\/revisions\/20962"}],"wp:featuredmedia":[{"embeddable":true,"href":"https:\/\/vriic.usach.cl\/index.php\/wp-json\/wp\/v2\/media\/8523"}],"wp:attachment":[{"href":"https:\/\/vriic.usach.cl\/index.php\/wp-json\/wp\/v2\/media?parent=8522"}],"wp:term":[{"taxonomy":"category","embeddable":true,"href":"https:\/\/vriic.usach.cl\/index.php\/wp-json\/wp\/v2\/categories?post=8522"},{"taxonomy":"post_tag","embeddable":true,"href":"https:\/\/vriic.usach.cl\/index.php\/wp-json\/wp\/v2\/tags?post=8522"}],"curies":[{"name":"wp","href":"https:\/\/api.w.org\/{rel}","templated":true}]}}