{"id":7648,"date":"2022-09-22T13:56:46","date_gmt":"2022-09-22T16:56:46","guid":{"rendered":"http:\/\/vriic.usach.cl\/?p=7648"},"modified":"2022-09-22T14:00:46","modified_gmt":"2022-09-22T17:00:46","slug":"la-estructuracion-y-formulacion-de-proyectos-abordo-tercer-taller-del-programa-impacta-id","status":"publish","type":"post","link":"https:\/\/vriic.usach.cl\/index.php\/la-estructuracion-y-formulacion-de-proyectos-abordo-tercer-taller-del-programa-impacta-id\/","title":{"rendered":"La estructuraci\u00f3n y formulaci\u00f3n de proyectos abord\u00f3 tercer taller del Programa Impacta I+D"},"content":{"rendered":"\t\t<div data-elementor-type=\"wp-post\" data-elementor-id=\"7648\" class=\"elementor elementor-7648\" data-elementor-post-type=\"post\">\n\t\t\t\t\t\t<section class=\"elementor-section elementor-top-section elementor-element elementor-element-61d7c2ca elementor-section-boxed elementor-section-height-default elementor-section-height-default wpr-particle-no wpr-jarallax-no wpr-parallax-no wpr-sticky-section-no\" data-id=\"61d7c2ca\" data-element_type=\"section\" data-e-type=\"section\">\n\t\t\t\t\t\t<div class=\"elementor-container elementor-column-gap-default\">\n\t\t\t\t\t<div class=\"elementor-column elementor-col-100 elementor-top-column elementor-element elementor-element-5ee1bc54\" data-id=\"5ee1bc54\" data-element_type=\"column\" data-e-type=\"column\">\n\t\t\t<div class=\"elementor-widget-wrap elementor-element-populated\">\n\t\t\t\t\t\t<section class=\"elementor-section elementor-inner-section elementor-element elementor-element-31f29024 elementor-section-boxed elementor-section-height-default elementor-section-height-default wpr-particle-no wpr-jarallax-no wpr-parallax-no wpr-sticky-section-no\" data-id=\"31f29024\" data-element_type=\"section\" data-e-type=\"section\">\n\t\t\t\t\t\t<div class=\"elementor-container elementor-column-gap-default\">\n\t\t\t\t\t<div class=\"elementor-column elementor-col-50 elementor-inner-column elementor-element elementor-element-2a97ac4\" data-id=\"2a97ac4\" data-element_type=\"column\" data-e-type=\"column\">\n\t\t\t<div class=\"elementor-widget-wrap elementor-element-populated\">\n\t\t\t\t\t\t<div class=\"elementor-element elementor-element-21f5a40d elementor-widget elementor-widget-text-editor\" data-id=\"21f5a40d\" data-element_type=\"widget\" data-e-type=\"widget\" data-widget_type=\"text-editor.default\">\n\t\t\t\t<div class=\"elementor-widget-container\">\n\t\t\t\t\t\t\t\t\t<p><b>El 13 de octubre culmina la ronda de talleres y charlas que considera este programa integral de formaci\u00f3n que organiza por segundo a\u00f1o consecutivo la Direcci\u00f3n de Gesti\u00f3n Tecnol\u00f3gica, con\u00a0 el objetivo de brindar apoyo en la labor de gesti\u00f3n de proyectos de I+D y transferencia tecnol\u00f3gica. <\/b><\/p>\t\t\t\t\t\t\t\t<\/div>\n\t\t\t\t<\/div>\n\t\t\t\t\t<\/div>\n\t\t<\/div>\n\t\t\t\t<div class=\"elementor-column elementor-col-50 elementor-inner-column elementor-element elementor-element-32d1f312\" data-id=\"32d1f312\" data-element_type=\"column\" data-e-type=\"column\">\n\t\t\t<div class=\"elementor-widget-wrap elementor-element-populated\">\n\t\t\t\t\t\t<div class=\"elementor-element elementor-element-1084f5e5 elementor-widget elementor-widget-text-editor\" data-id=\"1084f5e5\" data-element_type=\"widget\" data-e-type=\"widget\" data-widget_type=\"text-editor.default\">\n\t\t\t\t<div class=\"elementor-widget-container\">\n\t\t\t\t\t\t\t\t\t<p><span style=\"font-weight: 400;\">Los aspectos m\u00e1s relevantes a considerar cuando se estructura y se formula un proyecto de investigaci\u00f3n aplicada, fue lo que trat\u00f3 el tercer taller del <\/span><a href=\"https:\/\/dgt.usach.cl\/impacta-id-2022\/\" target=\"_blank\" rel=\"noopener\"><span style=\"font-weight: 400;\">Programa Impacta I+D 2022<\/span><\/a><span style=\"font-weight: 400;\">, que realiza nuestra <a href=\"http:\/\/dgt.usach.cl\" target=\"_blank\" rel=\"noopener\">Direcci\u00f3n de Gesti\u00f3n Tecnol\u00f3gica<\/a> de la Vridei.<\/span><\/p><p><span style=\"font-weight: 400;\">La sesi\u00f3n estuvo a cargo de los expertos de la empresa Ematris, <strong>Antonio Iturra<\/strong>, consultor senior y facilitador en Ematris; y <strong>Bernardita Venegas<\/strong>, consultora senior en formulaci\u00f3n de proyectos de innovaci\u00f3n e investigaci\u00f3n de mercados para nuevos productos y servicios con componentes de innovaci\u00f3n.<\/span><\/p><p><span style=\"font-weight: 400;\">En su presentaci\u00f3n los expositores explicaron que \u201clos proyectos surgen de estudios o de resultados de investigaci\u00f3n, los cuales deben resolver una problem\u00e1tica relevante\u201d. Por lo mismo, enfatizaron que el punto central de cualquier iniciativa se basa en tres interrogantes que el equipo de investigaci\u00f3n debe responder y a vez, que se vinculen entre ellas: \u00bfcu\u00e1les son las industrias a impactar?, \u00bfqu\u00e9 problema o necesidad ayuda a resolver? y \u00bfqu\u00e9 tecnolog\u00eda se va a desarrollar para solucionar el problema y en qu\u00e9 consiste esta?<\/span><\/p><h6><b>Identificar el problema y la soluci\u00f3n<\/b><\/h6><p><span style=\"font-weight: 400;\">Otro de los aspectos que trataron y que est\u00e1 relacionado con el punto anterior de dar respuesta a las preguntas planteadas, es poder abordar en forma clara y correcta el problema.<\/span><\/p><p><span style=\"font-weight: 400;\">Para conseguirlo, los equipos de investigaci\u00f3n deben considerar: identificar\u00a0 el problema clave y otros que se derivan del mismo; establecer cu\u00e1l es su relevancia para la industria; explicar las oportunidades que existen, vale decir definir el dolor de mercado, a qui\u00e9n afecta\u00a0 y c\u00f3mo solucionarlo; generar datos a partir de la informaci\u00f3n recolectada; describir la propuesta, en qu\u00e9 consiste y cu\u00e1les son sus beneficios; y presentar la soluci\u00f3n de manera visual, de manera que permita ver c\u00f3mo funciona.\u00a0<\/span><\/p><p><span style=\"font-weight: 400;\">Asimismo, se\u00f1alaron que es fundamental identificar la competencia, detectar a los proveedores que existen en el mercado, en qu\u00e9 se diferencian los productos de los competidores con los nuestros y cu\u00e1l es su propuesta de valor, entre otros m\u00e1s. Tambi\u00e9n destacaron la relevancia de cuidar la coherencia cuando se plantea el problema y la soluci\u00f3n, es decir como esta \u00faltima logra el beneficio que ofrece.<\/span><\/p><h6><b>Medir el impacto del proyecto<\/b><\/h6><p><span style=\"font-weight: 400;\">Otro de los temas tratados fue la importancia de cuantificar y poder\u00a0 medir el impacto de la iniciativa, como por ejemplo su costo y cu\u00e1nto ahorro, ganancias y beneficios se genera gracias a la tecnolog\u00eda que se podr\u00eda implementar.<\/span><\/p><p><span style=\"font-weight: 400;\">As\u00ed tambi\u00e9n, explicaron que es necesario referirse a c\u00f3mo se escalar\u00eda el proyecto, en cuanto a su maduraci\u00f3n y avance de TLR,\u00a0 tiempos, en qu\u00e9 consiste cada etapa,\u00a0 a qu\u00e9 mercado potencial\u00a0 se comercializar\u00e1 y cu\u00e1nta participaci\u00f3n tendr\u00eda en este, entre otros.<\/span><\/p><p><span style=\"font-weight: 400;\">Finalmente, aconsejaron definir una estrategia de desarrollo y configuraci\u00f3n del negocio, considerando contar con una empresa asociada, tener claridad en relaci\u00f3n a\u00a0 la cadena de valor de la tecnolog\u00eda, los clientes, usuarios finales y qui\u00e9n ser\u00eda el licenciatario final de la misma, entre otros m\u00e1s. Adem\u00e1s, se debe cuantificar y estimar el triple impacto econ\u00f3mico, social y ambiental.<\/span><\/p><p><span style=\"font-weight: 400;\">En la \u00faltima parte del taller, los expertos entregaron otros alcances y recomendaciones en relaci\u00f3n a c\u00f3mo\u00a0 estructurar y postular correctamente un proyecto.<\/span><\/p><h6><b>Pr\u00f3ximas sesiones<\/b><\/h6><p><span style=\"font-weight: 400;\">El martes 27 de septiembre se realizar\u00e1 el cuarto taller <strong>\u201cMercado y modelos de sustentabilidad de negocios\u201d<\/strong>, mientras que el jueves 29 se desarrollar\u00e1 la tercera charla <strong>\u201cDesde el desarrollo de proyectos con la industria minera a la creaci\u00f3n de spin off\u201d<\/strong>, donde se expondr\u00e1 el caso de U-sensing, emprendimiento que naci\u00f3 en la Usach .<\/span><\/p><p><span style=\"font-weight: 400;\">Cabe resaltar, que a las sesiones est\u00e1n invitados a participar las y los investigadores, acad\u00e9micos, estudiantes de postgrado y gestores tecnol\u00f3gicos de la <a href=\"http:\/\/usach.cl\" target=\"_blank\" rel=\"noopener\">Universidad de Santiago<\/a>, quienes pueden inscribirse previamente a trav\u00e9s del p\u00e1gina web de Impacta o accediendo directamente al link de i<\/span><a href=\"https:\/\/docs.google.com\/forms\/d\/e\/1FAIpQLScbmV2mG2pbrHhR0ULLxTUNGAcZjwFyCb44fiC2jrDkycufFw\/viewform\" target=\"_blank\" rel=\"noopener\"><span style=\"font-weight: 400;\">nscripci\u00f3n.<\/span><\/a><\/p><p><b>Texto:<\/b><span style=\"font-weight: 400;\"> Paola Armijo<\/span><\/p><p><b>Fotograf\u00eda: <\/b><span style=\"font-weight: 400;\">\u00a0<\/span><span style=\"font-weight: 400;\">Pantallazo<\/span><\/p><p><b>Tags<\/b><span style=\"font-weight: 400;\">: <\/span><span style=\"font-weight: 400;\">Impacta I+D<\/span><\/p><p><span style=\"font-weight: 400;\">Direcci\u00f3n de Gesti\u00f3n Tecnol\u00f3gica<\/span><\/p><p><span style=\"font-weight: 400;\">Vicerrector\u00eda de Investigaci\u00f3n, Desarrollo e Innovaci\u00f3n<\/span><\/p>\t\t\t\t\t\t\t\t<\/div>\n\t\t\t\t<\/div>\n\t\t\t\t\t<\/div>\n\t\t<\/div>\n\t\t\t\t\t<\/div>\n\t\t<\/section>\n\t\t\t\t\t<\/div>\n\t\t<\/div>\n\t\t\t\t\t<\/div>\n\t\t<\/section>\n\t\t\t\t<\/div>\n\t\t","protected":false},"excerpt":{"rendered":"<p>El 13 de octubre culmina la ronda de talleres y charlas que considera este programa integral de formaci\u00f3n que organiza por segundo a\u00f1o consecutivo la Direcci\u00f3n de Gesti\u00f3n Tecnol\u00f3gica, con\u00a0 [&hellip;]<\/p>\n","protected":false},"author":1,"featured_media":7649,"comment_status":"closed","ping_status":"closed","sticky":false,"template":"","format":"standard","meta":{"inline_featured_image":false,"_monsterinsights_skip_tracking":false,"_monsterinsights_sitenote_active":false,"_monsterinsights_sitenote_note":"","_monsterinsights_sitenote_category":0,"site-sidebar-layout":"default","site-content-layout":"default","ast-site-content-layout":"","site-content-style":"default","site-sidebar-style":"default","ast-global-header-display":"","ast-banner-title-visibility":"","ast-main-header-display":"","ast-hfb-above-header-display":"","ast-hfb-below-header-display":"","ast-hfb-mobile-header-display":"","site-post-title":"","ast-breadcrumbs-content":"","ast-featured-img":"","footer-sml-layout":"","theme-transparent-header-meta":"default","adv-header-id-meta":"","stick-header-meta":"","header-above-stick-meta":"","header-main-stick-meta":"","header-below-stick-meta":"","astra-migrate-meta-layouts":"default","ast-page-background-enabled":"default","ast-page-background-meta":{"desktop":{"background-color":"","background-image":"","background-repeat":"repeat","background-position":"center center","background-size":"auto","background-attachment":"scroll","background-type":"","background-media":"","overlay-type":"","overlay-color":"","overlay-gradient":""},"tablet":{"background-color":"","background-image":"","background-repeat":"repeat","background-position":"center center","background-size":"auto","background-attachment":"scroll","background-type":"","background-media":"","overlay-type":"","overlay-color":"","overlay-gradient":""},"mobile":{"background-color":"","background-image":"","background-repeat":"repeat","background-position":"center center","background-size":"auto","background-attachment":"scroll","background-type":"","background-media":"","overlay-type":"","overlay-color":"","overlay-gradient":""}},"ast-content-background-meta":{"desktop":{"background-color":"var(--ast-global-color-5)","background-image":"","background-repeat":"repeat","background-position":"center center","background-size":"auto","background-attachment":"scroll","background-type":"","background-media":"","overlay-type":"","overlay-color":"","overlay-gradient":""},"tablet":{"background-color":"var(--ast-global-color-5)","background-image":"","background-repeat":"repeat","background-position":"center center","background-size":"auto","background-attachment":"scroll","background-type":"","background-media":"","overlay-type":"","overlay-color":"","overlay-gradient":""},"mobile":{"background-color":"var(--ast-global-color-5)","background-image":"","background-repeat":"repeat","background-position":"center center","background-size":"auto","background-attachment":"scroll","background-type":"","background-media":"","overlay-type":"","overlay-color":"","overlay-gradient":""}},"footnotes":""},"categories":[9],"tags":[],"class_list":["post-7648","post","type-post","status-publish","format-standard","has-post-thumbnail","hentry","category-desarrollo"],"yoast_head":"<!-- This site is optimized with the Yoast SEO plugin v22.3 - https:\/\/yoast.com\/wordpress\/plugins\/seo\/ -->\n<title>La estructuraci\u00f3n y formulaci\u00f3n de proyectos abord\u00f3 tercer taller del Programa Impacta I+D - VRIIC<\/title>\n<meta name=\"robots\" content=\"index, follow, max-snippet:-1, max-image-preview:large, max-video-preview:-1\" \/>\n<link rel=\"canonical\" href=\"https:\/\/vriic.usach.cl\/index.php\/la-estructuracion-y-formulacion-de-proyectos-abordo-tercer-taller-del-programa-impacta-id\/\" \/>\n<meta property=\"og:locale\" content=\"es_ES\" \/>\n<meta property=\"og:type\" content=\"article\" \/>\n<meta property=\"og:title\" content=\"La estructuraci\u00f3n y formulaci\u00f3n de proyectos abord\u00f3 tercer taller del Programa Impacta I+D - VRIIC\" \/>\n<meta property=\"og:description\" content=\"El 13 de octubre culmina la ronda de talleres y charlas que considera este programa integral de formaci\u00f3n que organiza por segundo a\u00f1o consecutivo la Direcci\u00f3n de Gesti\u00f3n Tecnol\u00f3gica, con\u00a0 [&hellip;]\" \/>\n<meta property=\"og:url\" content=\"https:\/\/vriic.usach.cl\/index.php\/la-estructuracion-y-formulacion-de-proyectos-abordo-tercer-taller-del-programa-impacta-id\/\" \/>\n<meta property=\"og:site_name\" content=\"VRIIC\" \/>\n<meta property=\"article:published_time\" content=\"2022-09-22T16:56:46+00:00\" \/>\n<meta property=\"article:modified_time\" content=\"2022-09-22T17:00:46+00:00\" \/>\n<meta property=\"og:image\" content=\"https:\/\/vriic.usach.cl\/wp-content\/uploads\/2022\/09\/nota-impacta.png\" \/>\n\t<meta property=\"og:image:width\" content=\"1100\" \/>\n\t<meta property=\"og:image:height\" content=\"360\" \/>\n\t<meta property=\"og:image:type\" content=\"image\/png\" \/>\n<meta name=\"author\" content=\"Comunicaciones VRIIC\" \/>\n<meta name=\"twitter:card\" content=\"summary_large_image\" \/>\n<meta name=\"twitter:label1\" content=\"Written by\" \/>\n\t<meta name=\"twitter:data1\" content=\"Comunicaciones VRIIC\" \/>\n\t<meta name=\"twitter:label2\" content=\"Est. reading time\" \/>\n\t<meta name=\"twitter:data2\" content=\"4 minutos\" \/>\n<script type=\"application\/ld+json\" class=\"yoast-schema-graph\">{\"@context\":\"https:\/\/schema.org\",\"@graph\":[{\"@type\":\"Article\",\"@id\":\"https:\/\/vriic.usach.cl\/index.php\/la-estructuracion-y-formulacion-de-proyectos-abordo-tercer-taller-del-programa-impacta-id\/#article\",\"isPartOf\":{\"@id\":\"https:\/\/vriic.usach.cl\/index.php\/la-estructuracion-y-formulacion-de-proyectos-abordo-tercer-taller-del-programa-impacta-id\/\"},\"author\":{\"name\":\"Comunicaciones VRIIC\",\"@id\":\"https:\/\/vriic.usach.cl\/#\/schema\/person\/7445abf7c84e3726508476493e702b11\"},\"headline\":\"La estructuraci\u00f3n y formulaci\u00f3n de proyectos abord\u00f3 tercer taller del Programa Impacta I+D\",\"datePublished\":\"2022-09-22T16:56:46+00:00\",\"dateModified\":\"2022-09-22T17:00:46+00:00\",\"mainEntityOfPage\":{\"@id\":\"https:\/\/vriic.usach.cl\/index.php\/la-estructuracion-y-formulacion-de-proyectos-abordo-tercer-taller-del-programa-impacta-id\/\"},\"wordCount\":767,\"publisher\":{\"@id\":\"https:\/\/vriic.usach.cl\/#organization\"},\"image\":{\"@id\":\"https:\/\/vriic.usach.cl\/index.php\/la-estructuracion-y-formulacion-de-proyectos-abordo-tercer-taller-del-programa-impacta-id\/#primaryimage\"},\"thumbnailUrl\":\"https:\/\/vriic.usach.cl\/wp-content\/uploads\/2022\/09\/nota-impacta.png\",\"articleSection\":[\"Desarrollo\"],\"inLanguage\":\"es-CL\"},{\"@type\":\"WebPage\",\"@id\":\"https:\/\/vriic.usach.cl\/index.php\/la-estructuracion-y-formulacion-de-proyectos-abordo-tercer-taller-del-programa-impacta-id\/\",\"url\":\"https:\/\/vriic.usach.cl\/index.php\/la-estructuracion-y-formulacion-de-proyectos-abordo-tercer-taller-del-programa-impacta-id\/\",\"name\":\"La estructuraci\u00f3n y formulaci\u00f3n de proyectos abord\u00f3 tercer taller del Programa Impacta I+D - VRIIC\",\"isPartOf\":{\"@id\":\"https:\/\/vriic.usach.cl\/#website\"},\"primaryImageOfPage\":{\"@id\":\"https:\/\/vriic.usach.cl\/index.php\/la-estructuracion-y-formulacion-de-proyectos-abordo-tercer-taller-del-programa-impacta-id\/#primaryimage\"},\"image\":{\"@id\":\"https:\/\/vriic.usach.cl\/index.php\/la-estructuracion-y-formulacion-de-proyectos-abordo-tercer-taller-del-programa-impacta-id\/#primaryimage\"},\"thumbnailUrl\":\"https:\/\/vriic.usach.cl\/wp-content\/uploads\/2022\/09\/nota-impacta.png\",\"datePublished\":\"2022-09-22T16:56:46+00:00\",\"dateModified\":\"2022-09-22T17:00:46+00:00\",\"breadcrumb\":{\"@id\":\"https:\/\/vriic.usach.cl\/index.php\/la-estructuracion-y-formulacion-de-proyectos-abordo-tercer-taller-del-programa-impacta-id\/#breadcrumb\"},\"inLanguage\":\"es-CL\",\"potentialAction\":[{\"@type\":\"ReadAction\",\"target\":[\"https:\/\/vriic.usach.cl\/index.php\/la-estructuracion-y-formulacion-de-proyectos-abordo-tercer-taller-del-programa-impacta-id\/\"]}]},{\"@type\":\"ImageObject\",\"inLanguage\":\"es-CL\",\"@id\":\"https:\/\/vriic.usach.cl\/index.php\/la-estructuracion-y-formulacion-de-proyectos-abordo-tercer-taller-del-programa-impacta-id\/#primaryimage\",\"url\":\"https:\/\/vriic.usach.cl\/wp-content\/uploads\/2022\/09\/nota-impacta.png\",\"contentUrl\":\"https:\/\/vriic.usach.cl\/wp-content\/uploads\/2022\/09\/nota-impacta.png\",\"width\":1100,\"height\":360},{\"@type\":\"BreadcrumbList\",\"@id\":\"https:\/\/vriic.usach.cl\/index.php\/la-estructuracion-y-formulacion-de-proyectos-abordo-tercer-taller-del-programa-impacta-id\/#breadcrumb\",\"itemListElement\":[{\"@type\":\"ListItem\",\"position\":1,\"name\":\"Portada\",\"item\":\"https:\/\/vriic.usach.cl\/\"},{\"@type\":\"ListItem\",\"position\":2,\"name\":\"La estructuraci\u00f3n y formulaci\u00f3n de proyectos abord\u00f3 tercer taller del Programa Impacta I+D\"}]},{\"@type\":\"WebSite\",\"@id\":\"https:\/\/vriic.usach.cl\/#website\",\"url\":\"https:\/\/vriic.usach.cl\/\",\"name\":\"VRIIC\",\"description\":\"Vicerrector\u00eda de Investigaci\u00f3n, Innovaci\u00f3n y Creaci\u00f3n\",\"publisher\":{\"@id\":\"https:\/\/vriic.usach.cl\/#organization\"},\"potentialAction\":[{\"@type\":\"SearchAction\",\"target\":{\"@type\":\"EntryPoint\",\"urlTemplate\":\"https:\/\/vriic.usach.cl\/?s={search_term_string}\"},\"query-input\":\"required name=search_term_string\"}],\"inLanguage\":\"es-CL\"},{\"@type\":\"Organization\",\"@id\":\"https:\/\/vriic.usach.cl\/#organization\",\"name\":\"VRIIC\",\"url\":\"https:\/\/vriic.usach.cl\/\",\"logo\":{\"@type\":\"ImageObject\",\"inLanguage\":\"es-CL\",\"@id\":\"https:\/\/vriic.usach.cl\/#\/schema\/logo\/image\/\",\"url\":\"https:\/\/vriic.usach.cl\/wp-content\/uploads\/2024\/05\/cropped-HISTORIA-C-min-1.png\",\"contentUrl\":\"https:\/\/vriic.usach.cl\/wp-content\/uploads\/2024\/05\/cropped-HISTORIA-C-min-1.png\",\"width\":966,\"height\":228,\"caption\":\"VRIIC\"},\"image\":{\"@id\":\"https:\/\/vriic.usach.cl\/#\/schema\/logo\/image\/\"}},{\"@type\":\"Person\",\"@id\":\"https:\/\/vriic.usach.cl\/#\/schema\/person\/7445abf7c84e3726508476493e702b11\",\"name\":\"Comunicaciones VRIIC\",\"image\":{\"@type\":\"ImageObject\",\"inLanguage\":\"es-CL\",\"@id\":\"https:\/\/vriic.usach.cl\/#\/schema\/person\/image\/\",\"url\":\"https:\/\/secure.gravatar.com\/avatar\/a059dbff38f4b6242f148cadb92d0b1baec305d7378c7081c16c798f88d9af47?s=96&d=mm&r=g\",\"contentUrl\":\"https:\/\/secure.gravatar.com\/avatar\/a059dbff38f4b6242f148cadb92d0b1baec305d7378c7081c16c798f88d9af47?s=96&d=mm&r=g\",\"caption\":\"Comunicaciones VRIIC\"},\"sameAs\":[\"http:\/\/158.170.66.230\"],\"url\":\"https:\/\/vriic.usach.cl\/index.php\/author\/adminvridei\/\"}]}<\/script>\n<!-- \/ Yoast SEO plugin. -->","yoast_head_json":{"title":"La estructuraci\u00f3n y formulaci\u00f3n de proyectos abord\u00f3 tercer taller del Programa Impacta I+D - VRIIC","robots":{"index":"index","follow":"follow","max-snippet":"max-snippet:-1","max-image-preview":"max-image-preview:large","max-video-preview":"max-video-preview:-1"},"canonical":"https:\/\/vriic.usach.cl\/index.php\/la-estructuracion-y-formulacion-de-proyectos-abordo-tercer-taller-del-programa-impacta-id\/","og_locale":"es_ES","og_type":"article","og_title":"La estructuraci\u00f3n y formulaci\u00f3n de proyectos abord\u00f3 tercer taller del Programa Impacta I+D - VRIIC","og_description":"El 13 de octubre culmina la ronda de talleres y charlas que considera este programa integral de formaci\u00f3n que organiza por segundo a\u00f1o consecutivo la Direcci\u00f3n de Gesti\u00f3n Tecnol\u00f3gica, con\u00a0 [&hellip;]","og_url":"https:\/\/vriic.usach.cl\/index.php\/la-estructuracion-y-formulacion-de-proyectos-abordo-tercer-taller-del-programa-impacta-id\/","og_site_name":"VRIIC","article_published_time":"2022-09-22T16:56:46+00:00","article_modified_time":"2022-09-22T17:00:46+00:00","og_image":[{"width":1100,"height":360,"url":"https:\/\/vriic.usach.cl\/wp-content\/uploads\/2022\/09\/nota-impacta.png","type":"image\/png"}],"author":"Comunicaciones VRIIC","twitter_card":"summary_large_image","twitter_misc":{"Written by":"Comunicaciones VRIIC","Est. reading time":"4 minutos"},"schema":{"@context":"https:\/\/schema.org","@graph":[{"@type":"Article","@id":"https:\/\/vriic.usach.cl\/index.php\/la-estructuracion-y-formulacion-de-proyectos-abordo-tercer-taller-del-programa-impacta-id\/#article","isPartOf":{"@id":"https:\/\/vriic.usach.cl\/index.php\/la-estructuracion-y-formulacion-de-proyectos-abordo-tercer-taller-del-programa-impacta-id\/"},"author":{"name":"Comunicaciones VRIIC","@id":"https:\/\/vriic.usach.cl\/#\/schema\/person\/7445abf7c84e3726508476493e702b11"},"headline":"La estructuraci\u00f3n y formulaci\u00f3n de proyectos abord\u00f3 tercer taller del Programa Impacta I+D","datePublished":"2022-09-22T16:56:46+00:00","dateModified":"2022-09-22T17:00:46+00:00","mainEntityOfPage":{"@id":"https:\/\/vriic.usach.cl\/index.php\/la-estructuracion-y-formulacion-de-proyectos-abordo-tercer-taller-del-programa-impacta-id\/"},"wordCount":767,"publisher":{"@id":"https:\/\/vriic.usach.cl\/#organization"},"image":{"@id":"https:\/\/vriic.usach.cl\/index.php\/la-estructuracion-y-formulacion-de-proyectos-abordo-tercer-taller-del-programa-impacta-id\/#primaryimage"},"thumbnailUrl":"https:\/\/vriic.usach.cl\/wp-content\/uploads\/2022\/09\/nota-impacta.png","articleSection":["Desarrollo"],"inLanguage":"es-CL"},{"@type":"WebPage","@id":"https:\/\/vriic.usach.cl\/index.php\/la-estructuracion-y-formulacion-de-proyectos-abordo-tercer-taller-del-programa-impacta-id\/","url":"https:\/\/vriic.usach.cl\/index.php\/la-estructuracion-y-formulacion-de-proyectos-abordo-tercer-taller-del-programa-impacta-id\/","name":"La estructuraci\u00f3n y formulaci\u00f3n de proyectos abord\u00f3 tercer taller del Programa Impacta I+D - VRIIC","isPartOf":{"@id":"https:\/\/vriic.usach.cl\/#website"},"primaryImageOfPage":{"@id":"https:\/\/vriic.usach.cl\/index.php\/la-estructuracion-y-formulacion-de-proyectos-abordo-tercer-taller-del-programa-impacta-id\/#primaryimage"},"image":{"@id":"https:\/\/vriic.usach.cl\/index.php\/la-estructuracion-y-formulacion-de-proyectos-abordo-tercer-taller-del-programa-impacta-id\/#primaryimage"},"thumbnailUrl":"https:\/\/vriic.usach.cl\/wp-content\/uploads\/2022\/09\/nota-impacta.png","datePublished":"2022-09-22T16:56:46+00:00","dateModified":"2022-09-22T17:00:46+00:00","breadcrumb":{"@id":"https:\/\/vriic.usach.cl\/index.php\/la-estructuracion-y-formulacion-de-proyectos-abordo-tercer-taller-del-programa-impacta-id\/#breadcrumb"},"inLanguage":"es-CL","potentialAction":[{"@type":"ReadAction","target":["https:\/\/vriic.usach.cl\/index.php\/la-estructuracion-y-formulacion-de-proyectos-abordo-tercer-taller-del-programa-impacta-id\/"]}]},{"@type":"ImageObject","inLanguage":"es-CL","@id":"https:\/\/vriic.usach.cl\/index.php\/la-estructuracion-y-formulacion-de-proyectos-abordo-tercer-taller-del-programa-impacta-id\/#primaryimage","url":"https:\/\/vriic.usach.cl\/wp-content\/uploads\/2022\/09\/nota-impacta.png","contentUrl":"https:\/\/vriic.usach.cl\/wp-content\/uploads\/2022\/09\/nota-impacta.png","width":1100,"height":360},{"@type":"BreadcrumbList","@id":"https:\/\/vriic.usach.cl\/index.php\/la-estructuracion-y-formulacion-de-proyectos-abordo-tercer-taller-del-programa-impacta-id\/#breadcrumb","itemListElement":[{"@type":"ListItem","position":1,"name":"Portada","item":"https:\/\/vriic.usach.cl\/"},{"@type":"ListItem","position":2,"name":"La estructuraci\u00f3n y formulaci\u00f3n de proyectos abord\u00f3 tercer taller del Programa Impacta I+D"}]},{"@type":"WebSite","@id":"https:\/\/vriic.usach.cl\/#website","url":"https:\/\/vriic.usach.cl\/","name":"VRIIC","description":"Vicerrector\u00eda de Investigaci\u00f3n, Innovaci\u00f3n y Creaci\u00f3n","publisher":{"@id":"https:\/\/vriic.usach.cl\/#organization"},"potentialAction":[{"@type":"SearchAction","target":{"@type":"EntryPoint","urlTemplate":"https:\/\/vriic.usach.cl\/?s={search_term_string}"},"query-input":"required name=search_term_string"}],"inLanguage":"es-CL"},{"@type":"Organization","@id":"https:\/\/vriic.usach.cl\/#organization","name":"VRIIC","url":"https:\/\/vriic.usach.cl\/","logo":{"@type":"ImageObject","inLanguage":"es-CL","@id":"https:\/\/vriic.usach.cl\/#\/schema\/logo\/image\/","url":"https:\/\/vriic.usach.cl\/wp-content\/uploads\/2024\/05\/cropped-HISTORIA-C-min-1.png","contentUrl":"https:\/\/vriic.usach.cl\/wp-content\/uploads\/2024\/05\/cropped-HISTORIA-C-min-1.png","width":966,"height":228,"caption":"VRIIC"},"image":{"@id":"https:\/\/vriic.usach.cl\/#\/schema\/logo\/image\/"}},{"@type":"Person","@id":"https:\/\/vriic.usach.cl\/#\/schema\/person\/7445abf7c84e3726508476493e702b11","name":"Comunicaciones VRIIC","image":{"@type":"ImageObject","inLanguage":"es-CL","@id":"https:\/\/vriic.usach.cl\/#\/schema\/person\/image\/","url":"https:\/\/secure.gravatar.com\/avatar\/a059dbff38f4b6242f148cadb92d0b1baec305d7378c7081c16c798f88d9af47?s=96&d=mm&r=g","contentUrl":"https:\/\/secure.gravatar.com\/avatar\/a059dbff38f4b6242f148cadb92d0b1baec305d7378c7081c16c798f88d9af47?s=96&d=mm&r=g","caption":"Comunicaciones VRIIC"},"sameAs":["http:\/\/158.170.66.230"],"url":"https:\/\/vriic.usach.cl\/index.php\/author\/adminvridei\/"}]}},"rttpg_featured_image_url":{"full":["https:\/\/vriic.usach.cl\/wp-content\/uploads\/2022\/09\/nota-impacta.png",1100,360,false],"landscape":["https:\/\/vriic.usach.cl\/wp-content\/uploads\/2022\/09\/nota-impacta.png",1100,360,false],"portraits":["https:\/\/vriic.usach.cl\/wp-content\/uploads\/2022\/09\/nota-impacta.png",1100,360,false],"thumbnail":["https:\/\/vriic.usach.cl\/wp-content\/uploads\/2022\/09\/nota-impacta-150x150.png",150,150,true],"medium":["https:\/\/vriic.usach.cl\/wp-content\/uploads\/2022\/09\/nota-impacta-300x98.png",300,98,true],"large":["https:\/\/vriic.usach.cl\/wp-content\/uploads\/2022\/09\/nota-impacta-1024x335.png",1024,335,true],"1536x1536":["https:\/\/vriic.usach.cl\/wp-content\/uploads\/2022\/09\/nota-impacta.png",1100,360,false],"2048x2048":["https:\/\/vriic.usach.cl\/wp-content\/uploads\/2022\/09\/nota-impacta.png",1100,360,false],"rpwe-thumbnail":["https:\/\/vriic.usach.cl\/wp-content\/uploads\/2022\/09\/nota-impacta-45x45.png",45,45,true]},"rttpg_author":{"display_name":"Comunicaciones VRIIC","author_link":"https:\/\/vriic.usach.cl\/index.php\/author\/adminvridei\/"},"rttpg_comment":0,"rttpg_category":"<a href=\"https:\/\/vriic.usach.cl\/index.php\/category\/desarrollo\/\" rel=\"category tag\">Desarrollo<\/a>","rttpg_excerpt":"El 13 de octubre culmina la ronda de talleres y charlas que considera este programa integral de formaci\u00f3n que organiza por segundo a\u00f1o consecutivo la Direcci\u00f3n de Gesti\u00f3n Tecnol\u00f3gica, con\u00a0 [&hellip;]","_links":{"self":[{"href":"https:\/\/vriic.usach.cl\/index.php\/wp-json\/wp\/v2\/posts\/7648","targetHints":{"allow":["GET"]}}],"collection":[{"href":"https:\/\/vriic.usach.cl\/index.php\/wp-json\/wp\/v2\/posts"}],"about":[{"href":"https:\/\/vriic.usach.cl\/index.php\/wp-json\/wp\/v2\/types\/post"}],"author":[{"embeddable":true,"href":"https:\/\/vriic.usach.cl\/index.php\/wp-json\/wp\/v2\/users\/1"}],"replies":[{"embeddable":true,"href":"https:\/\/vriic.usach.cl\/index.php\/wp-json\/wp\/v2\/comments?post=7648"}],"version-history":[{"count":5,"href":"https:\/\/vriic.usach.cl\/index.php\/wp-json\/wp\/v2\/posts\/7648\/revisions"}],"predecessor-version":[{"id":7654,"href":"https:\/\/vriic.usach.cl\/index.php\/wp-json\/wp\/v2\/posts\/7648\/revisions\/7654"}],"wp:featuredmedia":[{"embeddable":true,"href":"https:\/\/vriic.usach.cl\/index.php\/wp-json\/wp\/v2\/media\/7649"}],"wp:attachment":[{"href":"https:\/\/vriic.usach.cl\/index.php\/wp-json\/wp\/v2\/media?parent=7648"}],"wp:term":[{"taxonomy":"category","embeddable":true,"href":"https:\/\/vriic.usach.cl\/index.php\/wp-json\/wp\/v2\/categories?post=7648"},{"taxonomy":"post_tag","embeddable":true,"href":"https:\/\/vriic.usach.cl\/index.php\/wp-json\/wp\/v2\/tags?post=7648"}],"curies":[{"name":"wp","href":"https:\/\/api.w.org\/{rel}","templated":true}]}}