{"id":7330,"date":"2022-09-07T09:37:49","date_gmt":"2022-09-07T12:37:49","guid":{"rendered":"http:\/\/vriic.usach.cl\/?p=7330"},"modified":"2022-09-07T09:42:04","modified_gmt":"2022-09-07T12:42:04","slug":"programa-impacta-id-inicia-ronda-de-charlas-abordando-experiencias-de-transferencia-tecnologica","status":"publish","type":"post","link":"https:\/\/vriic.usach.cl\/index.php\/programa-impacta-id-inicia-ronda-de-charlas-abordando-experiencias-de-transferencia-tecnologica\/","title":{"rendered":"Programa Impacta I+D inicia ronda de charlas, abordando experiencias de transferencia tecnolo\u0301gica"},"content":{"rendered":"\t\t<div data-elementor-type=\"wp-post\" data-elementor-id=\"7330\" class=\"elementor elementor-7330\" data-elementor-post-type=\"post\">\n\t\t\t\t\t\t<section class=\"elementor-section elementor-top-section elementor-element elementor-element-73e3b649 elementor-section-boxed elementor-section-height-default elementor-section-height-default wpr-particle-no wpr-jarallax-no wpr-parallax-no wpr-sticky-section-no\" data-id=\"73e3b649\" data-element_type=\"section\" data-e-type=\"section\">\n\t\t\t\t\t\t<div class=\"elementor-container elementor-column-gap-default\">\n\t\t\t\t\t<div class=\"elementor-column elementor-col-100 elementor-top-column elementor-element elementor-element-51d2bc36\" data-id=\"51d2bc36\" data-element_type=\"column\" data-e-type=\"column\">\n\t\t\t<div class=\"elementor-widget-wrap elementor-element-populated\">\n\t\t\t\t\t\t<section class=\"elementor-section elementor-inner-section elementor-element elementor-element-5b43b9a5 elementor-section-boxed elementor-section-height-default elementor-section-height-default wpr-particle-no wpr-jarallax-no wpr-parallax-no wpr-sticky-section-no\" data-id=\"5b43b9a5\" data-element_type=\"section\" data-e-type=\"section\">\n\t\t\t\t\t\t<div class=\"elementor-container elementor-column-gap-default\">\n\t\t\t\t\t<div class=\"elementor-column elementor-col-50 elementor-inner-column elementor-element elementor-element-2cef5bce\" data-id=\"2cef5bce\" data-element_type=\"column\" data-e-type=\"column\">\n\t\t\t<div class=\"elementor-widget-wrap elementor-element-populated\">\n\t\t\t\t\t\t<div class=\"elementor-element elementor-element-49ff5f89 elementor-widget elementor-widget-text-editor\" data-id=\"49ff5f89\" data-element_type=\"widget\" data-e-type=\"widget\" data-widget_type=\"text-editor.default\">\n\t\t\t\t<div class=\"elementor-widget-container\">\n\t\t\t\t\t\t\t\t\t<p><b>La sesi\u00f3n estuvo a cargo de la Dra. en Ciencias Biol\u00f3gicas Claudia Ortiz, acad\u00e9mica e investigadora Usach, quien se refiri\u00f3 al trabajo que se encuentra liderando en el Laboratorio Bioqu\u00edmica Vegetal y Fitorremediaci\u00f3n (BIOVETFITO), desde donde se han potenciado un emprendimiento y proyectos de transferencia tecnolo\u0301gica que han impactado positivamente a la industria minera.<\/b><\/p>\t\t\t\t\t\t\t\t<\/div>\n\t\t\t\t<\/div>\n\t\t\t\t\t<\/div>\n\t\t<\/div>\n\t\t\t\t<div class=\"elementor-column elementor-col-50 elementor-inner-column elementor-element elementor-element-57cd8dab\" data-id=\"57cd8dab\" data-element_type=\"column\" data-e-type=\"column\">\n\t\t\t<div class=\"elementor-widget-wrap elementor-element-populated\">\n\t\t\t\t\t\t<div class=\"elementor-element elementor-element-728fd621 elementor-widget elementor-widget-text-editor\" data-id=\"728fd621\" data-element_type=\"widget\" data-e-type=\"widget\" data-widget_type=\"text-editor.default\">\n\t\t\t\t<div class=\"elementor-widget-container\">\n\t\t\t\t\t\t\t\t\t<p><span style=\"font-weight: 400;\">Con gran asistencia de p\u00fablico, se realiz\u00f3 la charla <strong>\u201cExperiencia y desafi\u0301os en la I+D aplicada con empresas y proyectos de transferencia tecnolo\u0301gica<\/strong>\u201d, correspondiente a las primera de cuatro que se efectuar\u00e1n como parte del Programa \u201cImpacta I+D 2022\u201d.<\/span><\/p><p><span style=\"font-weight: 400;\">La sesi\u00f3n estuvo a cargo de\u00a0 la<strong> Dra. en Ciencias Biol\u00f3gicas Claudia Ortiz<\/strong>, acad\u00e9mica e investigadora de\u00a0 la Usach, quien cuenta con amplia experiencia en proyectos de investigaci\u00f3n, desarrollo e innovaci\u00f3n. En su presentaci\u00f3n se refiri\u00f3 al trabajo que se encuentra liderando en el Laboratorio Bioqu\u00edmica Vegetal y Fitorremediaci\u00f3n de la Usach (BIOVETFITO), desde donde se han potenciado diversos proyectos de transferencia tecnolo\u0301gica y un emprendimiento de base cienti\u0301fica tecnol\u00f3gica.\u00a0<\/span><\/p><p><span style=\"font-weight: 400;\">En la primera parte de su exposici\u00f3n, la investigadora coment\u00f3 que la transferencia tecnol\u00f3gica ocurre cuando se llevan los resultados del laboratorio a empresas e instituciones, transformando las investigaciones en productos que resuelvan problemas espec\u00edficos.\u00a0<\/span><\/p><p><span style=\"font-weight: 400;\">Tambi\u00e9n repas\u00f3 las distintas etapas por las que pasa un proyecto antes de llegar al mercado, el cual parte desde la investigaci\u00f3n b\u00e1sica y al ir madurando, pasa a investigaci\u00f3n aplicada, conocimiento que es necesario resguardar como Propiedad Intelectual. Luego, la tecnolog\u00eda se pueda licenciar y producir, para finalmente comercializarla.\u00a0<\/span><\/p><h6><b>Experiencias de transferencia tecnol\u00f3gica<\/b><\/h6><p><span style=\"font-weight: 400;\">Como casos pr\u00e1cticos present\u00f3 algunas iniciativas de investigaci\u00f3n aplicada I+D y transferencia tecnol\u00f3gica que desarroll\u00f3 el laboratorio BIOVETFITO orientados a impactar positivamente a la industria minera y al medio ambiente. Una de estas fue \u201cDesarrollo de tecnolog\u00edas de la estabilizaci\u00f3n estructural y mitigaci\u00f3n de efectos ambientales derivados de tranques de relaves\u201d, la cual recibi\u00f3 financiamiento FONDEF.<\/span><\/p><p><span style=\"font-weight: 400;\">Dicho proyecto permiti\u00f3 en primer lugar, generar fitorremediaci\u00f3n de los suelos que tuvieron actividad minera, mediante el uso de arbustos y plantas que pudieron crecer en zonas de relaves. Asimismo, destac\u00f3 los logros y aprendizajes obtenidos con la investigaci\u00f3n, la cual \u201cnos permiti\u00f3 generar una patente nacional e internacional para proteger el desarrollo\u201d enfatiz\u00f3 la <strong>Dra. Claudia Ortiz<\/strong>.\u00a0<\/span><\/p><p><span style=\"font-weight: 400;\">Otros casos que present\u00f3 bajo esta misma l\u00ednea de experiencias que el anterior, fueron \u201cValorizaci\u00f3n y transferencia de sistemas de monitoreo y mitigaci\u00f3n de impactos ambientales derivados de actividades mineras\u201d; \u201cDesarrollo de un estabilizador de material particulado con capacidad mejorada de suelos, en base a costras biol\u00f3gicas\u201d y \u201cDise\u00f1o, asesor\u00eda y monitoreo de la ejecuci\u00f3n de un programa\u00a0 fito tecnol\u00f3gico, que permita lograr\u00a0 la rehabilitaci\u00f3n e integraci\u00f3n paisaj\u00edstica del dep\u00f3sito de relave filtrado de plata pellets\u201d, entre otros m\u00e1s.\u00a0<\/span><\/p><p><span style=\"font-weight: 400;\">Al cierre de esta primera parte, la expositora destac\u00f3 la importancia de recibir mentor\u00edas que ayuden a orientar t\u00e9cnica y comercialmente el proyecto, as\u00ed como reconocer y vincularse con socios estrat\u00e9gicos, entre los que figuran empresas, universidades e instituciones, cuyo rol es entregar apoyo para que podamos llegar al mercado.<\/span><\/p><h6><b>De la investigaci\u00f3n al emprendimiento\u00a0<\/b><\/h6><p><span style=\"font-weight: 400;\">Otro de los puntos que se trat\u00f3 la charla, fue la experiencia de creaci\u00f3n y puesta en marcha de <strong>Ambioteck<\/strong>, una empresa de base cient\u00edfica tecnol\u00f3gica\u00a0 que funcion\u00f3 hasta 2018, y que se dedic\u00f3 a \u201cservicios en \u00e1reas de diagn\u00f3stico en calidad de agua y especie vegetal para ser usadas en implementaci\u00f3n en segunda etapa para la tecnolog\u00eda. siempre contando con socios estrat\u00e9gicos\u201d, manifest\u00f3. En ese contexto, la <strong>Dra. Claudia Ortiz<\/strong>, recalc\u00f3 que una de los aprendizajes que se obtuvo fue la necesidad de contar con un equipo integrado por profesionales t\u00e9cnico y profesional dedicado a sostener el emprendimiento.<\/span><\/p><p><span style=\"font-weight: 400;\">Por \u00faltimo, enfatiz\u00f3 que en un ciclo de la transferencia tecnol\u00f3gico virtuoso es aquel en que\u00a0 podemos contar con un capital humano formado como doctores, colaboradores y tesistas; tener apoyo institucional que provea infraestructura como laboratorio, gesti\u00f3n de\u00a0 proyectos y patentamientos; realizar divulgaci\u00f3n de resultados de nuestros proyectos en congresos, ferias tem\u00e1ticas y llegar a la industria, entre otros m\u00e1s.\u00a0<\/span><\/p><p><span style=\"font-weight: 400;\">Las y los interesados en revivir esta primera charla, la pueden revisar directamente en la <a href=\"https:\/\/dgt.usach.cl\/impacta-id-2022\/\" target=\"_blank\" rel=\"noopener\">web<\/a> del programa.<\/span><\/p><p><b>Pr\u00f3ximas charlas\u00a0<\/b><\/p><p><span style=\"font-weight: 400;\">El programa \u201cImpacta I+D 2022\u201d est\u00e1 conformado por 7 talleres y 4 charlas,\u00a0 los cuales son dictados por destacados expertos en la materia. En cuanto a las pr\u00f3ximas sesiones, el jueves 8 de septiembre se desarrollar\u00e1 la segunda charla \u201cExperiencia y buenas pr\u00e1cticas en la creaci\u00f3n de un spin off desde la universidad,\u00a0 mientras que el martes 27 de septiembre se realizar\u00e1 el cuarto taller \u201cMercado y Modelos de Sustentabilidad de Negocios\u201d.<\/span><\/p><p><span style=\"font-weight: 400;\">Si est\u00e1s interesado o interesada en participar en los talleres y charlas,\u00a0 puedes inscribirte previamente a trav\u00e9s de la p\u00e1gina web de <\/span><a href=\"https:\/\/dgt.usach.cl\/impacta-id-2022\/\"><span style=\"font-weight: 400;\">Impacta I+D<\/span><\/a><span style=\"font-weight: 400;\"> o accediendo directamente al <\/span><a href=\"https:\/\/docs.google.com\/forms\/d\/e\/1FAIpQLScbmV2mG2pbrHhR0ULLxTUNGAcZjwFyCb44fiC2jrDkycufFw\/viewform\"><span style=\"font-weight: 400;\">link de Inscripci\u00f3n<\/span><\/a><span style=\"font-weight: 400;\">.<\/span><\/p><p>\u00a0<\/p><p><b>Texto: <\/b><span style=\"font-weight: 400;\">Paola Armijo<\/span><\/p><p><b>Fotograf\u00eda:<\/b><span style=\"font-weight: 400;\">\u00a0 Pantallazo<\/span><\/p><p><b>Tags:<\/b><span style=\"font-weight: 400;\"> Impacta I+D<\/span><\/p><p><span style=\"font-weight: 400;\">Direcci\u00f3n de Gesti\u00f3n Tecnol\u00f3gica<\/span><\/p><p><span style=\"font-weight: 400;\">Vicerrector\u00eda de Investigaci\u00f3n, Desarrollo e Innovaci\u00f3n<\/span><\/p>\t\t\t\t\t\t\t\t<\/div>\n\t\t\t\t<\/div>\n\t\t\t\t\t<\/div>\n\t\t<\/div>\n\t\t\t\t\t<\/div>\n\t\t<\/section>\n\t\t\t\t\t<\/div>\n\t\t<\/div>\n\t\t\t\t\t<\/div>\n\t\t<\/section>\n\t\t\t\t<\/div>\n\t\t","protected":false},"excerpt":{"rendered":"<p>La sesi\u00f3n estuvo a cargo de la Dra. en Ciencias Biol\u00f3gicas Claudia Ortiz, acad\u00e9mica e investigadora Usach, quien se refiri\u00f3 al trabajo que se encuentra liderando en el Laboratorio Bioqu\u00edmica [&hellip;]<\/p>\n","protected":false},"author":1,"featured_media":7331,"comment_status":"closed","ping_status":"closed","sticky":false,"template":"","format":"standard","meta":{"inline_featured_image":false,"_monsterinsights_skip_tracking":false,"_monsterinsights_sitenote_active":false,"_monsterinsights_sitenote_note":"","_monsterinsights_sitenote_category":0,"site-sidebar-layout":"default","site-content-layout":"default","ast-site-content-layout":"","site-content-style":"default","site-sidebar-style":"default","ast-global-header-display":"","ast-banner-title-visibility":"","ast-main-header-display":"","ast-hfb-above-header-display":"","ast-hfb-below-header-display":"","ast-hfb-mobile-header-display":"","site-post-title":"","ast-breadcrumbs-content":"","ast-featured-img":"","footer-sml-layout":"","theme-transparent-header-meta":"default","adv-header-id-meta":"","stick-header-meta":"","header-above-stick-meta":"","header-main-stick-meta":"","header-below-stick-meta":"","astra-migrate-meta-layouts":"default","ast-page-background-enabled":"default","ast-page-background-meta":{"desktop":{"background-color":"","background-image":"","background-repeat":"repeat","background-position":"center center","background-size":"auto","background-attachment":"scroll","background-type":"","background-media":"","overlay-type":"","overlay-color":"","overlay-gradient":""},"tablet":{"background-color":"","background-image":"","background-repeat":"repeat","background-position":"center center","background-size":"auto","background-attachment":"scroll","background-type":"","background-media":"","overlay-type":"","overlay-color":"","overlay-gradient":""},"mobile":{"background-color":"","background-image":"","background-repeat":"repeat","background-position":"center center","background-size":"auto","background-attachment":"scroll","background-type":"","background-media":"","overlay-type":"","overlay-color":"","overlay-gradient":""}},"ast-content-background-meta":{"desktop":{"background-color":"var(--ast-global-color-5)","background-image":"","background-repeat":"repeat","background-position":"center center","background-size":"auto","background-attachment":"scroll","background-type":"","background-media":"","overlay-type":"","overlay-color":"","overlay-gradient":""},"tablet":{"background-color":"var(--ast-global-color-5)","background-image":"","background-repeat":"repeat","background-position":"center center","background-size":"auto","background-attachment":"scroll","background-type":"","background-media":"","overlay-type":"","overlay-color":"","overlay-gradient":""},"mobile":{"background-color":"var(--ast-global-color-5)","background-image":"","background-repeat":"repeat","background-position":"center center","background-size":"auto","background-attachment":"scroll","background-type":"","background-media":"","overlay-type":"","overlay-color":"","overlay-gradient":""}},"footnotes":""},"categories":[9],"tags":[],"class_list":["post-7330","post","type-post","status-publish","format-standard","has-post-thumbnail","hentry","category-desarrollo"],"yoast_head":"<!-- This site is optimized with the Yoast SEO plugin v22.3 - https:\/\/yoast.com\/wordpress\/plugins\/seo\/ -->\n<title>Programa Impacta I+D inicia ronda de charlas, abordando experiencias de transferencia tecnolo\u0301gica - VRIIC<\/title>\n<meta name=\"robots\" content=\"index, follow, max-snippet:-1, max-image-preview:large, max-video-preview:-1\" \/>\n<link rel=\"canonical\" href=\"https:\/\/vriic.usach.cl\/index.php\/programa-impacta-id-inicia-ronda-de-charlas-abordando-experiencias-de-transferencia-tecnologica\/\" \/>\n<meta property=\"og:locale\" content=\"es_ES\" \/>\n<meta property=\"og:type\" content=\"article\" \/>\n<meta property=\"og:title\" content=\"Programa Impacta I+D inicia ronda de charlas, abordando experiencias de transferencia tecnolo\u0301gica - VRIIC\" \/>\n<meta property=\"og:description\" content=\"La sesi\u00f3n estuvo a cargo de la Dra. en Ciencias Biol\u00f3gicas Claudia Ortiz, acad\u00e9mica e investigadora Usach, quien se refiri\u00f3 al trabajo que se encuentra liderando en el Laboratorio Bioqu\u00edmica [&hellip;]\" \/>\n<meta property=\"og:url\" content=\"https:\/\/vriic.usach.cl\/index.php\/programa-impacta-id-inicia-ronda-de-charlas-abordando-experiencias-de-transferencia-tecnologica\/\" \/>\n<meta property=\"og:site_name\" content=\"VRIIC\" \/>\n<meta property=\"article:published_time\" content=\"2022-09-07T12:37:49+00:00\" \/>\n<meta property=\"article:modified_time\" content=\"2022-09-07T12:42:04+00:00\" \/>\n<meta property=\"og:image\" content=\"https:\/\/vriic.usach.cl\/wp-content\/uploads\/2022\/09\/charla-impacta.png\" \/>\n\t<meta property=\"og:image:width\" content=\"1100\" \/>\n\t<meta property=\"og:image:height\" content=\"360\" \/>\n\t<meta property=\"og:image:type\" content=\"image\/png\" \/>\n<meta name=\"author\" content=\"Comunicaciones VRIIC\" \/>\n<meta name=\"twitter:card\" content=\"summary_large_image\" \/>\n<meta name=\"twitter:label1\" content=\"Written by\" \/>\n\t<meta name=\"twitter:data1\" content=\"Comunicaciones VRIIC\" \/>\n\t<meta name=\"twitter:label2\" content=\"Est. reading time\" \/>\n\t<meta name=\"twitter:data2\" content=\"4 minutos\" \/>\n<script type=\"application\/ld+json\" class=\"yoast-schema-graph\">{\"@context\":\"https:\/\/schema.org\",\"@graph\":[{\"@type\":\"Article\",\"@id\":\"https:\/\/vriic.usach.cl\/index.php\/programa-impacta-id-inicia-ronda-de-charlas-abordando-experiencias-de-transferencia-tecnologica\/#article\",\"isPartOf\":{\"@id\":\"https:\/\/vriic.usach.cl\/index.php\/programa-impacta-id-inicia-ronda-de-charlas-abordando-experiencias-de-transferencia-tecnologica\/\"},\"author\":{\"name\":\"Comunicaciones VRIIC\",\"@id\":\"https:\/\/vriic.usach.cl\/#\/schema\/person\/7445abf7c84e3726508476493e702b11\"},\"headline\":\"Programa Impacta I+D inicia ronda de charlas, abordando experiencias de transferencia tecnolo\u0301gica\",\"datePublished\":\"2022-09-07T12:37:49+00:00\",\"dateModified\":\"2022-09-07T12:42:04+00:00\",\"mainEntityOfPage\":{\"@id\":\"https:\/\/vriic.usach.cl\/index.php\/programa-impacta-id-inicia-ronda-de-charlas-abordando-experiencias-de-transferencia-tecnologica\/\"},\"wordCount\":896,\"publisher\":{\"@id\":\"https:\/\/vriic.usach.cl\/#organization\"},\"image\":{\"@id\":\"https:\/\/vriic.usach.cl\/index.php\/programa-impacta-id-inicia-ronda-de-charlas-abordando-experiencias-de-transferencia-tecnologica\/#primaryimage\"},\"thumbnailUrl\":\"https:\/\/vriic.usach.cl\/wp-content\/uploads\/2022\/09\/charla-impacta.png\",\"articleSection\":[\"Desarrollo\"],\"inLanguage\":\"es-CL\"},{\"@type\":\"WebPage\",\"@id\":\"https:\/\/vriic.usach.cl\/index.php\/programa-impacta-id-inicia-ronda-de-charlas-abordando-experiencias-de-transferencia-tecnologica\/\",\"url\":\"https:\/\/vriic.usach.cl\/index.php\/programa-impacta-id-inicia-ronda-de-charlas-abordando-experiencias-de-transferencia-tecnologica\/\",\"name\":\"Programa Impacta I+D inicia ronda de charlas, abordando experiencias de transferencia tecnolo\u0301gica - VRIIC\",\"isPartOf\":{\"@id\":\"https:\/\/vriic.usach.cl\/#website\"},\"primaryImageOfPage\":{\"@id\":\"https:\/\/vriic.usach.cl\/index.php\/programa-impacta-id-inicia-ronda-de-charlas-abordando-experiencias-de-transferencia-tecnologica\/#primaryimage\"},\"image\":{\"@id\":\"https:\/\/vriic.usach.cl\/index.php\/programa-impacta-id-inicia-ronda-de-charlas-abordando-experiencias-de-transferencia-tecnologica\/#primaryimage\"},\"thumbnailUrl\":\"https:\/\/vriic.usach.cl\/wp-content\/uploads\/2022\/09\/charla-impacta.png\",\"datePublished\":\"2022-09-07T12:37:49+00:00\",\"dateModified\":\"2022-09-07T12:42:04+00:00\",\"breadcrumb\":{\"@id\":\"https:\/\/vriic.usach.cl\/index.php\/programa-impacta-id-inicia-ronda-de-charlas-abordando-experiencias-de-transferencia-tecnologica\/#breadcrumb\"},\"inLanguage\":\"es-CL\",\"potentialAction\":[{\"@type\":\"ReadAction\",\"target\":[\"https:\/\/vriic.usach.cl\/index.php\/programa-impacta-id-inicia-ronda-de-charlas-abordando-experiencias-de-transferencia-tecnologica\/\"]}]},{\"@type\":\"ImageObject\",\"inLanguage\":\"es-CL\",\"@id\":\"https:\/\/vriic.usach.cl\/index.php\/programa-impacta-id-inicia-ronda-de-charlas-abordando-experiencias-de-transferencia-tecnologica\/#primaryimage\",\"url\":\"https:\/\/vriic.usach.cl\/wp-content\/uploads\/2022\/09\/charla-impacta.png\",\"contentUrl\":\"https:\/\/vriic.usach.cl\/wp-content\/uploads\/2022\/09\/charla-impacta.png\",\"width\":1100,\"height\":360},{\"@type\":\"BreadcrumbList\",\"@id\":\"https:\/\/vriic.usach.cl\/index.php\/programa-impacta-id-inicia-ronda-de-charlas-abordando-experiencias-de-transferencia-tecnologica\/#breadcrumb\",\"itemListElement\":[{\"@type\":\"ListItem\",\"position\":1,\"name\":\"Portada\",\"item\":\"https:\/\/vriic.usach.cl\/\"},{\"@type\":\"ListItem\",\"position\":2,\"name\":\"Programa Impacta I+D inicia ronda de charlas, abordando experiencias de transferencia tecnolo\u0301gica\"}]},{\"@type\":\"WebSite\",\"@id\":\"https:\/\/vriic.usach.cl\/#website\",\"url\":\"https:\/\/vriic.usach.cl\/\",\"name\":\"VRIIC\",\"description\":\"Vicerrector\u00eda de Investigaci\u00f3n, Innovaci\u00f3n y Creaci\u00f3n\",\"publisher\":{\"@id\":\"https:\/\/vriic.usach.cl\/#organization\"},\"potentialAction\":[{\"@type\":\"SearchAction\",\"target\":{\"@type\":\"EntryPoint\",\"urlTemplate\":\"https:\/\/vriic.usach.cl\/?s={search_term_string}\"},\"query-input\":\"required name=search_term_string\"}],\"inLanguage\":\"es-CL\"},{\"@type\":\"Organization\",\"@id\":\"https:\/\/vriic.usach.cl\/#organization\",\"name\":\"VRIIC\",\"url\":\"https:\/\/vriic.usach.cl\/\",\"logo\":{\"@type\":\"ImageObject\",\"inLanguage\":\"es-CL\",\"@id\":\"https:\/\/vriic.usach.cl\/#\/schema\/logo\/image\/\",\"url\":\"https:\/\/vriic.usach.cl\/wp-content\/uploads\/2024\/05\/cropped-HISTORIA-C-min-1.png\",\"contentUrl\":\"https:\/\/vriic.usach.cl\/wp-content\/uploads\/2024\/05\/cropped-HISTORIA-C-min-1.png\",\"width\":966,\"height\":228,\"caption\":\"VRIIC\"},\"image\":{\"@id\":\"https:\/\/vriic.usach.cl\/#\/schema\/logo\/image\/\"}},{\"@type\":\"Person\",\"@id\":\"https:\/\/vriic.usach.cl\/#\/schema\/person\/7445abf7c84e3726508476493e702b11\",\"name\":\"Comunicaciones VRIIC\",\"image\":{\"@type\":\"ImageObject\",\"inLanguage\":\"es-CL\",\"@id\":\"https:\/\/vriic.usach.cl\/#\/schema\/person\/image\/\",\"url\":\"https:\/\/secure.gravatar.com\/avatar\/a059dbff38f4b6242f148cadb92d0b1baec305d7378c7081c16c798f88d9af47?s=96&d=mm&r=g\",\"contentUrl\":\"https:\/\/secure.gravatar.com\/avatar\/a059dbff38f4b6242f148cadb92d0b1baec305d7378c7081c16c798f88d9af47?s=96&d=mm&r=g\",\"caption\":\"Comunicaciones VRIIC\"},\"sameAs\":[\"http:\/\/158.170.66.230\"],\"url\":\"https:\/\/vriic.usach.cl\/index.php\/author\/adminvridei\/\"}]}<\/script>\n<!-- \/ Yoast SEO plugin. -->","yoast_head_json":{"title":"Programa Impacta I+D inicia ronda de charlas, abordando experiencias de transferencia tecnolo\u0301gica - VRIIC","robots":{"index":"index","follow":"follow","max-snippet":"max-snippet:-1","max-image-preview":"max-image-preview:large","max-video-preview":"max-video-preview:-1"},"canonical":"https:\/\/vriic.usach.cl\/index.php\/programa-impacta-id-inicia-ronda-de-charlas-abordando-experiencias-de-transferencia-tecnologica\/","og_locale":"es_ES","og_type":"article","og_title":"Programa Impacta I+D inicia ronda de charlas, abordando experiencias de transferencia tecnolo\u0301gica - VRIIC","og_description":"La sesi\u00f3n estuvo a cargo de la Dra. en Ciencias Biol\u00f3gicas Claudia Ortiz, acad\u00e9mica e investigadora Usach, quien se refiri\u00f3 al trabajo que se encuentra liderando en el Laboratorio Bioqu\u00edmica [&hellip;]","og_url":"https:\/\/vriic.usach.cl\/index.php\/programa-impacta-id-inicia-ronda-de-charlas-abordando-experiencias-de-transferencia-tecnologica\/","og_site_name":"VRIIC","article_published_time":"2022-09-07T12:37:49+00:00","article_modified_time":"2022-09-07T12:42:04+00:00","og_image":[{"width":1100,"height":360,"url":"https:\/\/vriic.usach.cl\/wp-content\/uploads\/2022\/09\/charla-impacta.png","type":"image\/png"}],"author":"Comunicaciones VRIIC","twitter_card":"summary_large_image","twitter_misc":{"Written by":"Comunicaciones VRIIC","Est. reading time":"4 minutos"},"schema":{"@context":"https:\/\/schema.org","@graph":[{"@type":"Article","@id":"https:\/\/vriic.usach.cl\/index.php\/programa-impacta-id-inicia-ronda-de-charlas-abordando-experiencias-de-transferencia-tecnologica\/#article","isPartOf":{"@id":"https:\/\/vriic.usach.cl\/index.php\/programa-impacta-id-inicia-ronda-de-charlas-abordando-experiencias-de-transferencia-tecnologica\/"},"author":{"name":"Comunicaciones VRIIC","@id":"https:\/\/vriic.usach.cl\/#\/schema\/person\/7445abf7c84e3726508476493e702b11"},"headline":"Programa Impacta I+D inicia ronda de charlas, abordando experiencias de transferencia tecnolo\u0301gica","datePublished":"2022-09-07T12:37:49+00:00","dateModified":"2022-09-07T12:42:04+00:00","mainEntityOfPage":{"@id":"https:\/\/vriic.usach.cl\/index.php\/programa-impacta-id-inicia-ronda-de-charlas-abordando-experiencias-de-transferencia-tecnologica\/"},"wordCount":896,"publisher":{"@id":"https:\/\/vriic.usach.cl\/#organization"},"image":{"@id":"https:\/\/vriic.usach.cl\/index.php\/programa-impacta-id-inicia-ronda-de-charlas-abordando-experiencias-de-transferencia-tecnologica\/#primaryimage"},"thumbnailUrl":"https:\/\/vriic.usach.cl\/wp-content\/uploads\/2022\/09\/charla-impacta.png","articleSection":["Desarrollo"],"inLanguage":"es-CL"},{"@type":"WebPage","@id":"https:\/\/vriic.usach.cl\/index.php\/programa-impacta-id-inicia-ronda-de-charlas-abordando-experiencias-de-transferencia-tecnologica\/","url":"https:\/\/vriic.usach.cl\/index.php\/programa-impacta-id-inicia-ronda-de-charlas-abordando-experiencias-de-transferencia-tecnologica\/","name":"Programa Impacta I+D inicia ronda de charlas, abordando experiencias de transferencia tecnolo\u0301gica - VRIIC","isPartOf":{"@id":"https:\/\/vriic.usach.cl\/#website"},"primaryImageOfPage":{"@id":"https:\/\/vriic.usach.cl\/index.php\/programa-impacta-id-inicia-ronda-de-charlas-abordando-experiencias-de-transferencia-tecnologica\/#primaryimage"},"image":{"@id":"https:\/\/vriic.usach.cl\/index.php\/programa-impacta-id-inicia-ronda-de-charlas-abordando-experiencias-de-transferencia-tecnologica\/#primaryimage"},"thumbnailUrl":"https:\/\/vriic.usach.cl\/wp-content\/uploads\/2022\/09\/charla-impacta.png","datePublished":"2022-09-07T12:37:49+00:00","dateModified":"2022-09-07T12:42:04+00:00","breadcrumb":{"@id":"https:\/\/vriic.usach.cl\/index.php\/programa-impacta-id-inicia-ronda-de-charlas-abordando-experiencias-de-transferencia-tecnologica\/#breadcrumb"},"inLanguage":"es-CL","potentialAction":[{"@type":"ReadAction","target":["https:\/\/vriic.usach.cl\/index.php\/programa-impacta-id-inicia-ronda-de-charlas-abordando-experiencias-de-transferencia-tecnologica\/"]}]},{"@type":"ImageObject","inLanguage":"es-CL","@id":"https:\/\/vriic.usach.cl\/index.php\/programa-impacta-id-inicia-ronda-de-charlas-abordando-experiencias-de-transferencia-tecnologica\/#primaryimage","url":"https:\/\/vriic.usach.cl\/wp-content\/uploads\/2022\/09\/charla-impacta.png","contentUrl":"https:\/\/vriic.usach.cl\/wp-content\/uploads\/2022\/09\/charla-impacta.png","width":1100,"height":360},{"@type":"BreadcrumbList","@id":"https:\/\/vriic.usach.cl\/index.php\/programa-impacta-id-inicia-ronda-de-charlas-abordando-experiencias-de-transferencia-tecnologica\/#breadcrumb","itemListElement":[{"@type":"ListItem","position":1,"name":"Portada","item":"https:\/\/vriic.usach.cl\/"},{"@type":"ListItem","position":2,"name":"Programa Impacta I+D inicia ronda de charlas, abordando experiencias de transferencia tecnolo\u0301gica"}]},{"@type":"WebSite","@id":"https:\/\/vriic.usach.cl\/#website","url":"https:\/\/vriic.usach.cl\/","name":"VRIIC","description":"Vicerrector\u00eda de Investigaci\u00f3n, Innovaci\u00f3n y Creaci\u00f3n","publisher":{"@id":"https:\/\/vriic.usach.cl\/#organization"},"potentialAction":[{"@type":"SearchAction","target":{"@type":"EntryPoint","urlTemplate":"https:\/\/vriic.usach.cl\/?s={search_term_string}"},"query-input":"required name=search_term_string"}],"inLanguage":"es-CL"},{"@type":"Organization","@id":"https:\/\/vriic.usach.cl\/#organization","name":"VRIIC","url":"https:\/\/vriic.usach.cl\/","logo":{"@type":"ImageObject","inLanguage":"es-CL","@id":"https:\/\/vriic.usach.cl\/#\/schema\/logo\/image\/","url":"https:\/\/vriic.usach.cl\/wp-content\/uploads\/2024\/05\/cropped-HISTORIA-C-min-1.png","contentUrl":"https:\/\/vriic.usach.cl\/wp-content\/uploads\/2024\/05\/cropped-HISTORIA-C-min-1.png","width":966,"height":228,"caption":"VRIIC"},"image":{"@id":"https:\/\/vriic.usach.cl\/#\/schema\/logo\/image\/"}},{"@type":"Person","@id":"https:\/\/vriic.usach.cl\/#\/schema\/person\/7445abf7c84e3726508476493e702b11","name":"Comunicaciones VRIIC","image":{"@type":"ImageObject","inLanguage":"es-CL","@id":"https:\/\/vriic.usach.cl\/#\/schema\/person\/image\/","url":"https:\/\/secure.gravatar.com\/avatar\/a059dbff38f4b6242f148cadb92d0b1baec305d7378c7081c16c798f88d9af47?s=96&d=mm&r=g","contentUrl":"https:\/\/secure.gravatar.com\/avatar\/a059dbff38f4b6242f148cadb92d0b1baec305d7378c7081c16c798f88d9af47?s=96&d=mm&r=g","caption":"Comunicaciones VRIIC"},"sameAs":["http:\/\/158.170.66.230"],"url":"https:\/\/vriic.usach.cl\/index.php\/author\/adminvridei\/"}]}},"rttpg_featured_image_url":{"full":["https:\/\/vriic.usach.cl\/wp-content\/uploads\/2022\/09\/charla-impacta.png",1100,360,false],"landscape":["https:\/\/vriic.usach.cl\/wp-content\/uploads\/2022\/09\/charla-impacta.png",1100,360,false],"portraits":["https:\/\/vriic.usach.cl\/wp-content\/uploads\/2022\/09\/charla-impacta.png",1100,360,false],"thumbnail":["https:\/\/vriic.usach.cl\/wp-content\/uploads\/2022\/09\/charla-impacta-150x150.png",150,150,true],"medium":["https:\/\/vriic.usach.cl\/wp-content\/uploads\/2022\/09\/charla-impacta-300x98.png",300,98,true],"large":["https:\/\/vriic.usach.cl\/wp-content\/uploads\/2022\/09\/charla-impacta-1024x335.png",1024,335,true],"1536x1536":["https:\/\/vriic.usach.cl\/wp-content\/uploads\/2022\/09\/charla-impacta.png",1100,360,false],"2048x2048":["https:\/\/vriic.usach.cl\/wp-content\/uploads\/2022\/09\/charla-impacta.png",1100,360,false],"rpwe-thumbnail":["https:\/\/vriic.usach.cl\/wp-content\/uploads\/2022\/09\/charla-impacta-45x45.png",45,45,true]},"rttpg_author":{"display_name":"Comunicaciones VRIIC","author_link":"https:\/\/vriic.usach.cl\/index.php\/author\/adminvridei\/"},"rttpg_comment":0,"rttpg_category":"<a href=\"https:\/\/vriic.usach.cl\/index.php\/category\/desarrollo\/\" rel=\"category tag\">Desarrollo<\/a>","rttpg_excerpt":"La sesi\u00f3n estuvo a cargo de la Dra. en Ciencias Biol\u00f3gicas Claudia Ortiz, acad\u00e9mica e investigadora Usach, quien se refiri\u00f3 al trabajo que se encuentra liderando en el Laboratorio Bioqu\u00edmica [&hellip;]","_links":{"self":[{"href":"https:\/\/vriic.usach.cl\/index.php\/wp-json\/wp\/v2\/posts\/7330","targetHints":{"allow":["GET"]}}],"collection":[{"href":"https:\/\/vriic.usach.cl\/index.php\/wp-json\/wp\/v2\/posts"}],"about":[{"href":"https:\/\/vriic.usach.cl\/index.php\/wp-json\/wp\/v2\/types\/post"}],"author":[{"embeddable":true,"href":"https:\/\/vriic.usach.cl\/index.php\/wp-json\/wp\/v2\/users\/1"}],"replies":[{"embeddable":true,"href":"https:\/\/vriic.usach.cl\/index.php\/wp-json\/wp\/v2\/comments?post=7330"}],"version-history":[{"count":5,"href":"https:\/\/vriic.usach.cl\/index.php\/wp-json\/wp\/v2\/posts\/7330\/revisions"}],"predecessor-version":[{"id":7336,"href":"https:\/\/vriic.usach.cl\/index.php\/wp-json\/wp\/v2\/posts\/7330\/revisions\/7336"}],"wp:featuredmedia":[{"embeddable":true,"href":"https:\/\/vriic.usach.cl\/index.php\/wp-json\/wp\/v2\/media\/7331"}],"wp:attachment":[{"href":"https:\/\/vriic.usach.cl\/index.php\/wp-json\/wp\/v2\/media?parent=7330"}],"wp:term":[{"taxonomy":"category","embeddable":true,"href":"https:\/\/vriic.usach.cl\/index.php\/wp-json\/wp\/v2\/categories?post=7330"},{"taxonomy":"post_tag","embeddable":true,"href":"https:\/\/vriic.usach.cl\/index.php\/wp-json\/wp\/v2\/tags?post=7330"}],"curies":[{"name":"wp","href":"https:\/\/api.w.org\/{rel}","templated":true}]}}