{"id":5100,"date":"2021-10-06T13:47:36","date_gmt":"2021-10-06T16:47:36","guid":{"rendered":"http:\/\/vriic.usach.cl\/?p=5100"},"modified":"2021-10-06T13:49:52","modified_gmt":"2021-10-06T16:49:52","slug":"ideactiva-destaca-apoyo-de-innovo-a-emprendedores-de-estacion-central-para-que-potencien-sus-negocios","status":"publish","type":"post","link":"https:\/\/vriic.usach.cl\/index.php\/ideactiva-destaca-apoyo-de-innovo-a-emprendedores-de-estacion-central-para-que-potencien-sus-negocios\/","title":{"rendered":"Ideactiva destaca apoyo de INNOVO a emprendedores de Estaci\u00f3n Central para que potencien sus negocios"},"content":{"rendered":"\t\t<div data-elementor-type=\"wp-post\" data-elementor-id=\"5100\" class=\"elementor elementor-5100\" data-elementor-post-type=\"post\">\n\t\t\t\t\t\t<section class=\"elementor-section elementor-top-section elementor-element elementor-element-f1012ff elementor-section-boxed elementor-section-height-default elementor-section-height-default wpr-particle-no wpr-jarallax-no wpr-parallax-no wpr-sticky-section-no\" data-id=\"f1012ff\" data-element_type=\"section\" data-e-type=\"section\">\n\t\t\t\t\t\t<div class=\"elementor-container elementor-column-gap-default\">\n\t\t\t\t\t<div class=\"elementor-column elementor-col-100 elementor-top-column elementor-element elementor-element-ff942c0\" data-id=\"ff942c0\" data-element_type=\"column\" data-e-type=\"column\">\n\t\t\t<div class=\"elementor-widget-wrap elementor-element-populated\">\n\t\t\t\t\t\t<section class=\"elementor-section elementor-inner-section elementor-element elementor-element-559536b elementor-section-boxed elementor-section-height-default elementor-section-height-default wpr-particle-no wpr-jarallax-no wpr-parallax-no wpr-sticky-section-no\" data-id=\"559536b\" data-element_type=\"section\" data-e-type=\"section\">\n\t\t\t\t\t\t<div class=\"elementor-container elementor-column-gap-default\">\n\t\t\t\t\t<div class=\"elementor-column elementor-col-50 elementor-inner-column elementor-element elementor-element-f2ecf6b\" data-id=\"f2ecf6b\" data-element_type=\"column\" data-e-type=\"column\">\n\t\t\t<div class=\"elementor-widget-wrap elementor-element-populated\">\n\t\t\t\t\t\t<div class=\"elementor-element elementor-element-6e04279 elementor-widget elementor-widget-text-editor\" data-id=\"6e04279\" data-element_type=\"widget\" data-e-type=\"widget\" data-widget_type=\"text-editor.default\">\n\t\t\t\t<div class=\"elementor-widget-container\">\n\t\t\t\t\t\t\t\t\tComo una forma de contribuir  a la econom\u00eda local desde el mundo acad\u00e9mico, la Unidad de Innovaci\u00f3n y Emprendimiento, a trav\u00e9s de su Incubadora de Negocios, y el Centro Ideactiva iniciaron un espacio de colaboraci\u00f3n orientado a entregar conocimientos y herramientas a microempresarios de esta comuna para que puedan mejorar sus emprendimientos. \t\t\t\t\t\t\t\t<\/div>\n\t\t\t\t<\/div>\n\t\t\t\t\t<\/div>\n\t\t<\/div>\n\t\t\t\t<div class=\"elementor-column elementor-col-50 elementor-inner-column elementor-element elementor-element-5f95058\" data-id=\"5f95058\" data-element_type=\"column\" data-e-type=\"column\">\n\t\t\t<div class=\"elementor-widget-wrap elementor-element-populated\">\n\t\t\t\t\t\t<div class=\"elementor-element elementor-element-0cee067 elementor-widget elementor-widget-text-editor\" data-id=\"0cee067\" data-element_type=\"widget\" data-e-type=\"widget\" data-widget_type=\"text-editor.default\">\n\t\t\t\t<div class=\"elementor-widget-container\">\n\t\t\t\t\t\t\t\t\t<p><span style=\"font-weight: 400;\">Fortalecer el emprendimiento, realizar intermediaci\u00f3n laboral y capacitar a trabajadores y emprendedores, es lo que ha venido haciendo desde hace m\u00e1s de 7 a\u00f1os el Centro Ideactiva, Corporaci\u00f3n Municipal de Estaci\u00f3n Central.<\/span><\/p><p><span style=\"font-weight: 400;\">Como parte de su labor, hoy en d\u00eda est\u00e1 apostando fuertemente a la\u00a0 vinculaci\u00f3n con actores del mundo p\u00fablico, privado y acad\u00e9mico, entre ellos con nuestra Unidad de Innovaci\u00f3n y Emprendimiento de la Usach, a trav\u00e9s de la Incubadora de Negocio INNOVO. De hecho a principios de septiembre se desarroll\u00f3 el encuentro online \u201cFortalecer y expandir mi negocio\u201d, donde cuatro destacados profesionales de la Red de Mentores de nuestra incubadora impartieron talleres sobre costos, comercializaci\u00f3n, liderazgo, coaching y modelo de negocios a un grupo de microemprendedores que son apoyados por este centro.<\/span><\/p><p><span style=\"font-weight: 400;\">Tal como cuenta Camila Romero, Directora de Ideactiva, \u201cel modelo de gesti\u00f3n y de planificaci\u00f3n que estamos desarrollando para el 2022 es seguir el trabajo en red y el fortalecimiento de todos los ecosistemas en diferentes \u00e1reas de la comuna\u201d. Al respecto,\u00a0 comenta que \u201ces imposible poder avanzar en emprendimiento e innovaci\u00f3n, si esto no viene acompa\u00f1ado de un fuerte trabajo territorial que permita potenciar el capital social, cultural, econ\u00f3mico y social\u201d.\u00a0\u00a0<\/span><\/p><p><span style=\"font-weight: 400;\">Por lo mismo, explica que es necesario ir creando alianzas y redes de colaboraci\u00f3n, por lo cual la relaci\u00f3n con la Usach se vuelve esencial, \u201cen la medida que nos aportamos en el desarrollo de conocimientos y de tecnolog\u00edas para apoyar a emprendedores, as\u00ed como a peque\u00f1as y medianas empresas\u201d, precisa.\u00a0<\/span><\/p><p><b>Colaboraci\u00f3n y mentor\u00edas de ecosistemas UIE<\/b><\/p><p><span style=\"font-weight: 400;\">En la actualidad, son cerca de 45 los emprendedores y emprendedoras con los que \u201c<\/span><span style=\"font-weight: 400;\">se trabaja de forma m\u00e1s constante, es decir que participan en nuestras ferias, en los cursos y los programas que ofrecemos para que puedan fortalecer sus negocios\u201d, destaca la Directora. Agrega, que hoy uno de los\u00a0 gran desaf\u00edos que tienen es que \u00e9stos puedan seguir creciendo, alcancen mayores ventas y se formalicen, entre otros.<\/span><\/p><p><span style=\"font-weight: 400;\">En ese contexto subraya que las masterclass\u00a0 que ha gestionado INNOVO van en la l\u00ednea de lo que este centro busca aportar a las y los microemprendedores, en t\u00e9rminos de conocimiento y el manejo de diversas herramientas que los ayude a mejorar sus posibilidades de hacer crecer sus iniciativas. \u201cEsto va ser posible si cuentan con un modelo de negocios sostenible y el capital que les permita sostenerse en el tiempo. En ese sentido, la opci\u00f3n que hemos tomado ha sido externalizar, contando con profesionales m\u00e1s capacitados que puedan impartir estos talleres\u201d enfatiza y a\u00f1ade que \u201ctodo ese trabajo, finalmente debiese llevar a la independencia del emprendedor\u201d.<\/span><\/p><p><span style=\"font-weight: 400;\">Otro de los puntos que destaca de la relaci\u00f3n con nuestra incubadora,\u00a0 es la importancia que tienen los talleres para los mismos microemprendedores, quienes asisten y participan con mucho inter\u00e9s. Dice que la oportunidad que representa para ellos, estar en contacto con la universidad, les genera un valor agregado en cuanto a formaci\u00f3n, pasando a ser parte de \u201csu sello y adem\u00e1s, tiene un factor de motivaci\u00f3n frente a cualquier tipo de mentor\u00eda o de capacitaci\u00f3n que se realice\u201d.<\/span><\/p><p><span style=\"font-weight: 400;\">Asimismo, manifiesta que en el corto plazo esperar\u00eda poder generar alianzas y convenios de trabajo con la Usach, a trav\u00e9s de la UIE, de manera que \u201cpodamos ir avanzando en las diferentes \u00e1reas qu\u00e9 tenemos que ver como centro. Para nosotros, es una relaci\u00f3n bastante importante y fundamental, sobre todo porque trabajamos con personas y necesitamos apoyo para las intervenciones que realizamos\u201d, puntualiza.<\/span><\/p><p>\u00a0<\/p><p><b>Texto:<\/b><span style=\"font-weight: 400;\"> Paola Armijo<\/span><\/p><p><b>Fotograf\u00edas:<\/b><span style=\"font-weight: 400;\"> Centro Ideactiva<\/span><\/p><p><b>Tags<\/b><span style=\"font-weight: 400;\">: <\/span><span style=\"font-weight: 400;\">INNOVO<\/span><\/p><p><span style=\"font-weight: 400;\">Unidad de Innovaci\u00f3n y Emprendimiento\u00a0<\/span><\/p><p><span style=\"font-weight: 400;\">Vicerrector\u00eda de Investigaci\u00f3n, Desarrollo e Innovaci\u00f3n<\/span><\/p>\t\t\t\t\t\t\t\t<\/div>\n\t\t\t\t<\/div>\n\t\t\t\t\t<\/div>\n\t\t<\/div>\n\t\t\t\t\t<\/div>\n\t\t<\/section>\n\t\t\t\t\t<\/div>\n\t\t<\/div>\n\t\t\t\t\t<\/div>\n\t\t<\/section>\n\t\t\t\t<\/div>\n\t\t","protected":false},"excerpt":{"rendered":"<p>Como una forma de contribuir a la econom\u00eda local desde el mundo acad\u00e9mico, la Unidad de Innovaci\u00f3n y Emprendimiento, a trav\u00e9s de su Incubadora de Negocios, y el Centro Ideactiva [&hellip;]<\/p>\n","protected":false},"author":1,"featured_media":5101,"comment_status":"closed","ping_status":"closed","sticky":false,"template":"","format":"standard","meta":{"inline_featured_image":false,"_monsterinsights_skip_tracking":false,"_monsterinsights_sitenote_active":false,"_monsterinsights_sitenote_note":"","_monsterinsights_sitenote_category":0,"site-sidebar-layout":"default","site-content-layout":"default","ast-site-content-layout":"","site-content-style":"default","site-sidebar-style":"default","ast-global-header-display":"","ast-banner-title-visibility":"","ast-main-header-display":"","ast-hfb-above-header-display":"","ast-hfb-below-header-display":"","ast-hfb-mobile-header-display":"","site-post-title":"","ast-breadcrumbs-content":"","ast-featured-img":"","footer-sml-layout":"","theme-transparent-header-meta":"default","adv-header-id-meta":"","stick-header-meta":"","header-above-stick-meta":"","header-main-stick-meta":"","header-below-stick-meta":"","astra-migrate-meta-layouts":"default","ast-page-background-enabled":"default","ast-page-background-meta":{"desktop":{"background-color":"","background-image":"","background-repeat":"repeat","background-position":"center center","background-size":"auto","background-attachment":"scroll","background-type":"","background-media":"","overlay-type":"","overlay-color":"","overlay-gradient":""},"tablet":{"background-color":"","background-image":"","background-repeat":"repeat","background-position":"center center","background-size":"auto","background-attachment":"scroll","background-type":"","background-media":"","overlay-type":"","overlay-color":"","overlay-gradient":""},"mobile":{"background-color":"","background-image":"","background-repeat":"repeat","background-position":"center center","background-size":"auto","background-attachment":"scroll","background-type":"","background-media":"","overlay-type":"","overlay-color":"","overlay-gradient":""}},"ast-content-background-meta":{"desktop":{"background-color":"var(--ast-global-color-5)","background-image":"","background-repeat":"repeat","background-position":"center center","background-size":"auto","background-attachment":"scroll","background-type":"","background-media":"","overlay-type":"","overlay-color":"","overlay-gradient":""},"tablet":{"background-color":"var(--ast-global-color-5)","background-image":"","background-repeat":"repeat","background-position":"center center","background-size":"auto","background-attachment":"scroll","background-type":"","background-media":"","overlay-type":"","overlay-color":"","overlay-gradient":""},"mobile":{"background-color":"var(--ast-global-color-5)","background-image":"","background-repeat":"repeat","background-position":"center center","background-size":"auto","background-attachment":"scroll","background-type":"","background-media":"","overlay-type":"","overlay-color":"","overlay-gradient":""}},"footnotes":""},"categories":[10],"tags":[],"class_list":["post-5100","post","type-post","status-publish","format-standard","has-post-thumbnail","hentry","category-innovacion"],"yoast_head":"<!-- This site is optimized with the Yoast SEO plugin v22.3 - https:\/\/yoast.com\/wordpress\/plugins\/seo\/ -->\n<title>Ideactiva destaca apoyo de INNOVO a emprendedores de Estaci\u00f3n Central para que potencien sus negocios - VRIIC<\/title>\n<meta name=\"robots\" content=\"index, follow, max-snippet:-1, max-image-preview:large, max-video-preview:-1\" \/>\n<link rel=\"canonical\" href=\"https:\/\/vriic.usach.cl\/index.php\/ideactiva-destaca-apoyo-de-innovo-a-emprendedores-de-estacion-central-para-que-potencien-sus-negocios\/\" \/>\n<meta property=\"og:locale\" content=\"es_ES\" \/>\n<meta property=\"og:type\" content=\"article\" \/>\n<meta property=\"og:title\" content=\"Ideactiva destaca apoyo de INNOVO a emprendedores de Estaci\u00f3n Central para que potencien sus negocios - VRIIC\" \/>\n<meta property=\"og:description\" content=\"Como una forma de contribuir a la econom\u00eda local desde el mundo acad\u00e9mico, la Unidad de Innovaci\u00f3n y Emprendimiento, a trav\u00e9s de su Incubadora de Negocios, y el Centro Ideactiva [&hellip;]\" \/>\n<meta property=\"og:url\" content=\"https:\/\/vriic.usach.cl\/index.php\/ideactiva-destaca-apoyo-de-innovo-a-emprendedores-de-estacion-central-para-que-potencien-sus-negocios\/\" \/>\n<meta property=\"og:site_name\" content=\"VRIIC\" \/>\n<meta property=\"article:published_time\" content=\"2021-10-06T16:47:36+00:00\" \/>\n<meta property=\"article:modified_time\" content=\"2021-10-06T16:49:52+00:00\" \/>\n<meta property=\"og:image\" content=\"https:\/\/vriic.usach.cl\/wp-content\/uploads\/2021\/10\/innovo.jpg\" \/>\n\t<meta property=\"og:image:width\" content=\"1100\" \/>\n\t<meta property=\"og:image:height\" content=\"360\" \/>\n\t<meta property=\"og:image:type\" content=\"image\/jpeg\" \/>\n<meta name=\"author\" content=\"Comunicaciones VRIIC\" \/>\n<meta name=\"twitter:card\" content=\"summary_large_image\" \/>\n<meta name=\"twitter:label1\" content=\"Written by\" \/>\n\t<meta name=\"twitter:data1\" content=\"Comunicaciones VRIIC\" \/>\n\t<meta name=\"twitter:label2\" content=\"Est. reading time\" \/>\n\t<meta name=\"twitter:data2\" content=\"3 minutos\" \/>\n<script type=\"application\/ld+json\" class=\"yoast-schema-graph\">{\"@context\":\"https:\/\/schema.org\",\"@graph\":[{\"@type\":\"Article\",\"@id\":\"https:\/\/vriic.usach.cl\/index.php\/ideactiva-destaca-apoyo-de-innovo-a-emprendedores-de-estacion-central-para-que-potencien-sus-negocios\/#article\",\"isPartOf\":{\"@id\":\"https:\/\/vriic.usach.cl\/index.php\/ideactiva-destaca-apoyo-de-innovo-a-emprendedores-de-estacion-central-para-que-potencien-sus-negocios\/\"},\"author\":{\"name\":\"Comunicaciones VRIIC\",\"@id\":\"https:\/\/vriic.usach.cl\/#\/schema\/person\/7445abf7c84e3726508476493e702b11\"},\"headline\":\"Ideactiva destaca apoyo de INNOVO a emprendedores de Estaci\u00f3n Central para que potencien sus negocios\",\"datePublished\":\"2021-10-06T16:47:36+00:00\",\"dateModified\":\"2021-10-06T16:49:52+00:00\",\"mainEntityOfPage\":{\"@id\":\"https:\/\/vriic.usach.cl\/index.php\/ideactiva-destaca-apoyo-de-innovo-a-emprendedores-de-estacion-central-para-que-potencien-sus-negocios\/\"},\"wordCount\":713,\"publisher\":{\"@id\":\"https:\/\/vriic.usach.cl\/#organization\"},\"image\":{\"@id\":\"https:\/\/vriic.usach.cl\/index.php\/ideactiva-destaca-apoyo-de-innovo-a-emprendedores-de-estacion-central-para-que-potencien-sus-negocios\/#primaryimage\"},\"thumbnailUrl\":\"https:\/\/vriic.usach.cl\/wp-content\/uploads\/2021\/10\/innovo.jpg\",\"articleSection\":[\"Innovaci\u00f3n\"],\"inLanguage\":\"es-CL\"},{\"@type\":\"WebPage\",\"@id\":\"https:\/\/vriic.usach.cl\/index.php\/ideactiva-destaca-apoyo-de-innovo-a-emprendedores-de-estacion-central-para-que-potencien-sus-negocios\/\",\"url\":\"https:\/\/vriic.usach.cl\/index.php\/ideactiva-destaca-apoyo-de-innovo-a-emprendedores-de-estacion-central-para-que-potencien-sus-negocios\/\",\"name\":\"Ideactiva destaca apoyo de INNOVO a emprendedores de Estaci\u00f3n Central para que potencien sus negocios - VRIIC\",\"isPartOf\":{\"@id\":\"https:\/\/vriic.usach.cl\/#website\"},\"primaryImageOfPage\":{\"@id\":\"https:\/\/vriic.usach.cl\/index.php\/ideactiva-destaca-apoyo-de-innovo-a-emprendedores-de-estacion-central-para-que-potencien-sus-negocios\/#primaryimage\"},\"image\":{\"@id\":\"https:\/\/vriic.usach.cl\/index.php\/ideactiva-destaca-apoyo-de-innovo-a-emprendedores-de-estacion-central-para-que-potencien-sus-negocios\/#primaryimage\"},\"thumbnailUrl\":\"https:\/\/vriic.usach.cl\/wp-content\/uploads\/2021\/10\/innovo.jpg\",\"datePublished\":\"2021-10-06T16:47:36+00:00\",\"dateModified\":\"2021-10-06T16:49:52+00:00\",\"breadcrumb\":{\"@id\":\"https:\/\/vriic.usach.cl\/index.php\/ideactiva-destaca-apoyo-de-innovo-a-emprendedores-de-estacion-central-para-que-potencien-sus-negocios\/#breadcrumb\"},\"inLanguage\":\"es-CL\",\"potentialAction\":[{\"@type\":\"ReadAction\",\"target\":[\"https:\/\/vriic.usach.cl\/index.php\/ideactiva-destaca-apoyo-de-innovo-a-emprendedores-de-estacion-central-para-que-potencien-sus-negocios\/\"]}]},{\"@type\":\"ImageObject\",\"inLanguage\":\"es-CL\",\"@id\":\"https:\/\/vriic.usach.cl\/index.php\/ideactiva-destaca-apoyo-de-innovo-a-emprendedores-de-estacion-central-para-que-potencien-sus-negocios\/#primaryimage\",\"url\":\"https:\/\/vriic.usach.cl\/wp-content\/uploads\/2021\/10\/innovo.jpg\",\"contentUrl\":\"https:\/\/vriic.usach.cl\/wp-content\/uploads\/2021\/10\/innovo.jpg\",\"width\":1100,\"height\":360},{\"@type\":\"BreadcrumbList\",\"@id\":\"https:\/\/vriic.usach.cl\/index.php\/ideactiva-destaca-apoyo-de-innovo-a-emprendedores-de-estacion-central-para-que-potencien-sus-negocios\/#breadcrumb\",\"itemListElement\":[{\"@type\":\"ListItem\",\"position\":1,\"name\":\"Portada\",\"item\":\"https:\/\/vriic.usach.cl\/\"},{\"@type\":\"ListItem\",\"position\":2,\"name\":\"Ideactiva destaca apoyo de INNOVO a emprendedores de Estaci\u00f3n Central para que potencien sus negocios\"}]},{\"@type\":\"WebSite\",\"@id\":\"https:\/\/vriic.usach.cl\/#website\",\"url\":\"https:\/\/vriic.usach.cl\/\",\"name\":\"VRIIC\",\"description\":\"Vicerrector\u00eda de Investigaci\u00f3n, Innovaci\u00f3n y Creaci\u00f3n\",\"publisher\":{\"@id\":\"https:\/\/vriic.usach.cl\/#organization\"},\"potentialAction\":[{\"@type\":\"SearchAction\",\"target\":{\"@type\":\"EntryPoint\",\"urlTemplate\":\"https:\/\/vriic.usach.cl\/?s={search_term_string}\"},\"query-input\":\"required name=search_term_string\"}],\"inLanguage\":\"es-CL\"},{\"@type\":\"Organization\",\"@id\":\"https:\/\/vriic.usach.cl\/#organization\",\"name\":\"VRIIC\",\"url\":\"https:\/\/vriic.usach.cl\/\",\"logo\":{\"@type\":\"ImageObject\",\"inLanguage\":\"es-CL\",\"@id\":\"https:\/\/vriic.usach.cl\/#\/schema\/logo\/image\/\",\"url\":\"https:\/\/vriic.usach.cl\/wp-content\/uploads\/2024\/05\/cropped-HISTORIA-C-min-1.png\",\"contentUrl\":\"https:\/\/vriic.usach.cl\/wp-content\/uploads\/2024\/05\/cropped-HISTORIA-C-min-1.png\",\"width\":966,\"height\":228,\"caption\":\"VRIIC\"},\"image\":{\"@id\":\"https:\/\/vriic.usach.cl\/#\/schema\/logo\/image\/\"}},{\"@type\":\"Person\",\"@id\":\"https:\/\/vriic.usach.cl\/#\/schema\/person\/7445abf7c84e3726508476493e702b11\",\"name\":\"Comunicaciones VRIIC\",\"image\":{\"@type\":\"ImageObject\",\"inLanguage\":\"es-CL\",\"@id\":\"https:\/\/vriic.usach.cl\/#\/schema\/person\/image\/\",\"url\":\"https:\/\/secure.gravatar.com\/avatar\/a059dbff38f4b6242f148cadb92d0b1baec305d7378c7081c16c798f88d9af47?s=96&d=mm&r=g\",\"contentUrl\":\"https:\/\/secure.gravatar.com\/avatar\/a059dbff38f4b6242f148cadb92d0b1baec305d7378c7081c16c798f88d9af47?s=96&d=mm&r=g\",\"caption\":\"Comunicaciones VRIIC\"},\"sameAs\":[\"http:\/\/158.170.66.230\"],\"url\":\"https:\/\/vriic.usach.cl\/index.php\/author\/adminvridei\/\"}]}<\/script>\n<!-- \/ Yoast SEO plugin. -->","yoast_head_json":{"title":"Ideactiva destaca apoyo de INNOVO a emprendedores de Estaci\u00f3n Central para que potencien sus negocios - VRIIC","robots":{"index":"index","follow":"follow","max-snippet":"max-snippet:-1","max-image-preview":"max-image-preview:large","max-video-preview":"max-video-preview:-1"},"canonical":"https:\/\/vriic.usach.cl\/index.php\/ideactiva-destaca-apoyo-de-innovo-a-emprendedores-de-estacion-central-para-que-potencien-sus-negocios\/","og_locale":"es_ES","og_type":"article","og_title":"Ideactiva destaca apoyo de INNOVO a emprendedores de Estaci\u00f3n Central para que potencien sus negocios - VRIIC","og_description":"Como una forma de contribuir a la econom\u00eda local desde el mundo acad\u00e9mico, la Unidad de Innovaci\u00f3n y Emprendimiento, a trav\u00e9s de su Incubadora de Negocios, y el Centro Ideactiva [&hellip;]","og_url":"https:\/\/vriic.usach.cl\/index.php\/ideactiva-destaca-apoyo-de-innovo-a-emprendedores-de-estacion-central-para-que-potencien-sus-negocios\/","og_site_name":"VRIIC","article_published_time":"2021-10-06T16:47:36+00:00","article_modified_time":"2021-10-06T16:49:52+00:00","og_image":[{"width":1100,"height":360,"url":"https:\/\/vriic.usach.cl\/wp-content\/uploads\/2021\/10\/innovo.jpg","type":"image\/jpeg"}],"author":"Comunicaciones VRIIC","twitter_card":"summary_large_image","twitter_misc":{"Written by":"Comunicaciones VRIIC","Est. reading time":"3 minutos"},"schema":{"@context":"https:\/\/schema.org","@graph":[{"@type":"Article","@id":"https:\/\/vriic.usach.cl\/index.php\/ideactiva-destaca-apoyo-de-innovo-a-emprendedores-de-estacion-central-para-que-potencien-sus-negocios\/#article","isPartOf":{"@id":"https:\/\/vriic.usach.cl\/index.php\/ideactiva-destaca-apoyo-de-innovo-a-emprendedores-de-estacion-central-para-que-potencien-sus-negocios\/"},"author":{"name":"Comunicaciones VRIIC","@id":"https:\/\/vriic.usach.cl\/#\/schema\/person\/7445abf7c84e3726508476493e702b11"},"headline":"Ideactiva destaca apoyo de INNOVO a emprendedores de Estaci\u00f3n Central para que potencien sus negocios","datePublished":"2021-10-06T16:47:36+00:00","dateModified":"2021-10-06T16:49:52+00:00","mainEntityOfPage":{"@id":"https:\/\/vriic.usach.cl\/index.php\/ideactiva-destaca-apoyo-de-innovo-a-emprendedores-de-estacion-central-para-que-potencien-sus-negocios\/"},"wordCount":713,"publisher":{"@id":"https:\/\/vriic.usach.cl\/#organization"},"image":{"@id":"https:\/\/vriic.usach.cl\/index.php\/ideactiva-destaca-apoyo-de-innovo-a-emprendedores-de-estacion-central-para-que-potencien-sus-negocios\/#primaryimage"},"thumbnailUrl":"https:\/\/vriic.usach.cl\/wp-content\/uploads\/2021\/10\/innovo.jpg","articleSection":["Innovaci\u00f3n"],"inLanguage":"es-CL"},{"@type":"WebPage","@id":"https:\/\/vriic.usach.cl\/index.php\/ideactiva-destaca-apoyo-de-innovo-a-emprendedores-de-estacion-central-para-que-potencien-sus-negocios\/","url":"https:\/\/vriic.usach.cl\/index.php\/ideactiva-destaca-apoyo-de-innovo-a-emprendedores-de-estacion-central-para-que-potencien-sus-negocios\/","name":"Ideactiva destaca apoyo de INNOVO a emprendedores de Estaci\u00f3n Central para que potencien sus negocios - VRIIC","isPartOf":{"@id":"https:\/\/vriic.usach.cl\/#website"},"primaryImageOfPage":{"@id":"https:\/\/vriic.usach.cl\/index.php\/ideactiva-destaca-apoyo-de-innovo-a-emprendedores-de-estacion-central-para-que-potencien-sus-negocios\/#primaryimage"},"image":{"@id":"https:\/\/vriic.usach.cl\/index.php\/ideactiva-destaca-apoyo-de-innovo-a-emprendedores-de-estacion-central-para-que-potencien-sus-negocios\/#primaryimage"},"thumbnailUrl":"https:\/\/vriic.usach.cl\/wp-content\/uploads\/2021\/10\/innovo.jpg","datePublished":"2021-10-06T16:47:36+00:00","dateModified":"2021-10-06T16:49:52+00:00","breadcrumb":{"@id":"https:\/\/vriic.usach.cl\/index.php\/ideactiva-destaca-apoyo-de-innovo-a-emprendedores-de-estacion-central-para-que-potencien-sus-negocios\/#breadcrumb"},"inLanguage":"es-CL","potentialAction":[{"@type":"ReadAction","target":["https:\/\/vriic.usach.cl\/index.php\/ideactiva-destaca-apoyo-de-innovo-a-emprendedores-de-estacion-central-para-que-potencien-sus-negocios\/"]}]},{"@type":"ImageObject","inLanguage":"es-CL","@id":"https:\/\/vriic.usach.cl\/index.php\/ideactiva-destaca-apoyo-de-innovo-a-emprendedores-de-estacion-central-para-que-potencien-sus-negocios\/#primaryimage","url":"https:\/\/vriic.usach.cl\/wp-content\/uploads\/2021\/10\/innovo.jpg","contentUrl":"https:\/\/vriic.usach.cl\/wp-content\/uploads\/2021\/10\/innovo.jpg","width":1100,"height":360},{"@type":"BreadcrumbList","@id":"https:\/\/vriic.usach.cl\/index.php\/ideactiva-destaca-apoyo-de-innovo-a-emprendedores-de-estacion-central-para-que-potencien-sus-negocios\/#breadcrumb","itemListElement":[{"@type":"ListItem","position":1,"name":"Portada","item":"https:\/\/vriic.usach.cl\/"},{"@type":"ListItem","position":2,"name":"Ideactiva destaca apoyo de INNOVO a emprendedores de Estaci\u00f3n Central para que potencien sus negocios"}]},{"@type":"WebSite","@id":"https:\/\/vriic.usach.cl\/#website","url":"https:\/\/vriic.usach.cl\/","name":"VRIIC","description":"Vicerrector\u00eda de Investigaci\u00f3n, Innovaci\u00f3n y Creaci\u00f3n","publisher":{"@id":"https:\/\/vriic.usach.cl\/#organization"},"potentialAction":[{"@type":"SearchAction","target":{"@type":"EntryPoint","urlTemplate":"https:\/\/vriic.usach.cl\/?s={search_term_string}"},"query-input":"required name=search_term_string"}],"inLanguage":"es-CL"},{"@type":"Organization","@id":"https:\/\/vriic.usach.cl\/#organization","name":"VRIIC","url":"https:\/\/vriic.usach.cl\/","logo":{"@type":"ImageObject","inLanguage":"es-CL","@id":"https:\/\/vriic.usach.cl\/#\/schema\/logo\/image\/","url":"https:\/\/vriic.usach.cl\/wp-content\/uploads\/2024\/05\/cropped-HISTORIA-C-min-1.png","contentUrl":"https:\/\/vriic.usach.cl\/wp-content\/uploads\/2024\/05\/cropped-HISTORIA-C-min-1.png","width":966,"height":228,"caption":"VRIIC"},"image":{"@id":"https:\/\/vriic.usach.cl\/#\/schema\/logo\/image\/"}},{"@type":"Person","@id":"https:\/\/vriic.usach.cl\/#\/schema\/person\/7445abf7c84e3726508476493e702b11","name":"Comunicaciones VRIIC","image":{"@type":"ImageObject","inLanguage":"es-CL","@id":"https:\/\/vriic.usach.cl\/#\/schema\/person\/image\/","url":"https:\/\/secure.gravatar.com\/avatar\/a059dbff38f4b6242f148cadb92d0b1baec305d7378c7081c16c798f88d9af47?s=96&d=mm&r=g","contentUrl":"https:\/\/secure.gravatar.com\/avatar\/a059dbff38f4b6242f148cadb92d0b1baec305d7378c7081c16c798f88d9af47?s=96&d=mm&r=g","caption":"Comunicaciones VRIIC"},"sameAs":["http:\/\/158.170.66.230"],"url":"https:\/\/vriic.usach.cl\/index.php\/author\/adminvridei\/"}]}},"rttpg_featured_image_url":{"full":["https:\/\/vriic.usach.cl\/wp-content\/uploads\/2021\/10\/innovo.jpg",1100,360,false],"landscape":["https:\/\/vriic.usach.cl\/wp-content\/uploads\/2021\/10\/innovo.jpg",1100,360,false],"portraits":["https:\/\/vriic.usach.cl\/wp-content\/uploads\/2021\/10\/innovo.jpg",1100,360,false],"thumbnail":["https:\/\/vriic.usach.cl\/wp-content\/uploads\/2021\/10\/innovo-150x150.jpg",150,150,true],"medium":["https:\/\/vriic.usach.cl\/wp-content\/uploads\/2021\/10\/innovo-300x98.jpg",300,98,true],"large":["https:\/\/vriic.usach.cl\/wp-content\/uploads\/2021\/10\/innovo-1024x335.jpg",1024,335,true],"1536x1536":["https:\/\/vriic.usach.cl\/wp-content\/uploads\/2021\/10\/innovo.jpg",1100,360,false],"2048x2048":["https:\/\/vriic.usach.cl\/wp-content\/uploads\/2021\/10\/innovo.jpg",1100,360,false],"rpwe-thumbnail":["https:\/\/vriic.usach.cl\/wp-content\/uploads\/2021\/10\/innovo-45x45.jpg",45,45,true]},"rttpg_author":{"display_name":"Comunicaciones VRIIC","author_link":"https:\/\/vriic.usach.cl\/index.php\/author\/adminvridei\/"},"rttpg_comment":0,"rttpg_category":"<a href=\"https:\/\/vriic.usach.cl\/index.php\/category\/innovacion\/\" rel=\"category tag\">Innovaci\u00f3n<\/a>","rttpg_excerpt":"Como una forma de contribuir a la econom\u00eda local desde el mundo acad\u00e9mico, la Unidad de Innovaci\u00f3n y Emprendimiento, a trav\u00e9s de su Incubadora de Negocios, y el Centro Ideactiva [&hellip;]","_links":{"self":[{"href":"https:\/\/vriic.usach.cl\/index.php\/wp-json\/wp\/v2\/posts\/5100","targetHints":{"allow":["GET"]}}],"collection":[{"href":"https:\/\/vriic.usach.cl\/index.php\/wp-json\/wp\/v2\/posts"}],"about":[{"href":"https:\/\/vriic.usach.cl\/index.php\/wp-json\/wp\/v2\/types\/post"}],"author":[{"embeddable":true,"href":"https:\/\/vriic.usach.cl\/index.php\/wp-json\/wp\/v2\/users\/1"}],"replies":[{"embeddable":true,"href":"https:\/\/vriic.usach.cl\/index.php\/wp-json\/wp\/v2\/comments?post=5100"}],"version-history":[{"count":5,"href":"https:\/\/vriic.usach.cl\/index.php\/wp-json\/wp\/v2\/posts\/5100\/revisions"}],"predecessor-version":[{"id":20840,"href":"https:\/\/vriic.usach.cl\/index.php\/wp-json\/wp\/v2\/posts\/5100\/revisions\/20840"}],"wp:featuredmedia":[{"embeddable":true,"href":"https:\/\/vriic.usach.cl\/index.php\/wp-json\/wp\/v2\/media\/5101"}],"wp:attachment":[{"href":"https:\/\/vriic.usach.cl\/index.php\/wp-json\/wp\/v2\/media?parent=5100"}],"wp:term":[{"taxonomy":"category","embeddable":true,"href":"https:\/\/vriic.usach.cl\/index.php\/wp-json\/wp\/v2\/categories?post=5100"},{"taxonomy":"post_tag","embeddable":true,"href":"https:\/\/vriic.usach.cl\/index.php\/wp-json\/wp\/v2\/tags?post=5100"}],"curies":[{"name":"wp","href":"https:\/\/api.w.org\/{rel}","templated":true}]}}