{"id":23445,"date":"2026-09-04T17:49:32","date_gmt":"2026-09-04T20:49:32","guid":{"rendered":"https:\/\/vriic.usach.cl\/?p=23445"},"modified":"2026-09-04T17:52:15","modified_gmt":"2026-09-04T20:52:15","slug":"usach-participa-en-presentacion-del-proyecto-fiu-frontera-de-la-pucv-investigacion-de-impacto-para-el-bienestar-y-la-salud-de-valparaiso","status":"publish","type":"post","link":"https:\/\/vriic.usach.cl\/index.php\/usach-participa-en-presentacion-del-proyecto-fiu-frontera-de-la-pucv-investigacion-de-impacto-para-el-bienestar-y-la-salud-de-valparaiso\/","title":{"rendered":"Usach participa en presentaci\u00f3n del Proyecto FIU Frontera de la PUCV: investigaci\u00f3n de impacto para el bienestar y la salud de Valpara\u00edso"},"content":{"rendered":"\t\t<div data-elementor-type=\"wp-post\" data-elementor-id=\"23445\" class=\"elementor elementor-23445\" data-elementor-post-type=\"post\">\n\t\t\t\t\t\t<section class=\"elementor-section elementor-top-section elementor-element elementor-element-40908890 elementor-section-boxed elementor-section-height-default elementor-section-height-default wpr-particle-no wpr-jarallax-no wpr-parallax-no wpr-column-slider-no wpr-equal-height-no\" data-id=\"40908890\" data-element_type=\"section\" data-e-type=\"section\">\n\t\t\t\t\t\t<div class=\"elementor-container elementor-column-gap-default\">\n\t\t\t\t\t<div class=\"elementor-column elementor-col-100 elementor-top-column elementor-element elementor-element-7302498a\" data-id=\"7302498a\" data-element_type=\"column\" data-e-type=\"column\">\n\t\t\t<div class=\"elementor-widget-wrap elementor-element-populated\">\n\t\t\t\t\t\t<section class=\"elementor-section elementor-inner-section elementor-element elementor-element-3be5983 elementor-section-boxed elementor-section-height-default elementor-section-height-default wpr-particle-no wpr-jarallax-no wpr-parallax-no wpr-sticky-section-no wpr-column-slider-no wpr-equal-height-no\" data-id=\"3be5983\" data-element_type=\"section\" data-e-type=\"section\">\n\t\t\t\t\t\t<div class=\"elementor-container elementor-column-gap-default\">\n\t\t\t\t\t<div class=\"elementor-column elementor-col-100 elementor-inner-column elementor-element elementor-element-767caa6e\" data-id=\"767caa6e\" data-element_type=\"column\" data-e-type=\"column\">\n\t\t\t<div class=\"elementor-widget-wrap elementor-element-populated\">\n\t\t\t\t\t\t<div class=\"elementor-element elementor-element-24e806d8 elementor-share-buttons--view-icon elementor-share-buttons--shape-circle elementor-share-buttons--skin-gradient elementor-grid-0 elementor-share-buttons--color-official elementor-widget elementor-widget-share-buttons\" data-id=\"24e806d8\" data-element_type=\"widget\" data-e-type=\"widget\" data-widget_type=\"share-buttons.default\">\n\t\t\t\t<div class=\"elementor-widget-container\">\n\t\t\t\t\t\t\t<div class=\"elementor-grid\" role=\"list\">\n\t\t\t\t\t\t\t\t<div class=\"elementor-grid-item\" role=\"listitem\">\n\t\t\t\t\t\t<div class=\"elementor-share-btn elementor-share-btn_facebook\" role=\"button\" tabindex=\"0\" aria-label=\"Share on facebook\">\n\t\t\t\t\t\t\t\t\t\t\t\t\t\t\t<span class=\"elementor-share-btn__icon\">\n\t\t\t\t\t\t\t\t<i class=\"fab fa-facebook\" aria-hidden=\"true\"><\/i>\t\t\t\t\t\t\t<\/span>\n\t\t\t\t\t\t\t\t\t\t\t\t\t\t\t\t\t\t\t\t<\/div>\n\t\t\t\t\t<\/div>\n\t\t\t\t\t\t\t\t\t<div class=\"elementor-grid-item\" role=\"listitem\">\n\t\t\t\t\t\t<div class=\"elementor-share-btn elementor-share-btn_twitter\" role=\"button\" tabindex=\"0\" aria-label=\"Share on twitter\">\n\t\t\t\t\t\t\t\t\t\t\t\t\t\t\t<span class=\"elementor-share-btn__icon\">\n\t\t\t\t\t\t\t\t<i class=\"fab fa-twitter\" aria-hidden=\"true\"><\/i>\t\t\t\t\t\t\t<\/span>\n\t\t\t\t\t\t\t\t\t\t\t\t\t\t\t\t\t\t\t\t<\/div>\n\t\t\t\t\t<\/div>\n\t\t\t\t\t\t\t\t\t<div class=\"elementor-grid-item\" role=\"listitem\">\n\t\t\t\t\t\t<div class=\"elementor-share-btn elementor-share-btn_linkedin\" role=\"button\" tabindex=\"0\" aria-label=\"Share on linkedin\">\n\t\t\t\t\t\t\t\t\t\t\t\t\t\t\t<span class=\"elementor-share-btn__icon\">\n\t\t\t\t\t\t\t\t<i class=\"fab fa-linkedin\" aria-hidden=\"true\"><\/i>\t\t\t\t\t\t\t<\/span>\n\t\t\t\t\t\t\t\t\t\t\t\t\t\t\t\t\t\t\t\t<\/div>\n\t\t\t\t\t<\/div>\n\t\t\t\t\t\t<\/div>\n\t\t\t\t\t\t<\/div>\n\t\t\t\t<\/div>\n\t\t\t\t<div class=\"elementor-element elementor-element-29d99319 elementor-widget elementor-widget-text-editor\" data-id=\"29d99319\" data-element_type=\"widget\" data-e-type=\"widget\" data-widget_type=\"text-editor.default\">\n\t\t\t\t<div class=\"elementor-widget-container\">\n\t\t\t\t\t\t\t\t\t<p><strong>La Universidad de Santiago de Chile particip\u00f3 en la ceremonia de inauguraci\u00f3n del proyecto FIU Frontera de la Pontificia Universidad Cat\u00f3lica de Valpara\u00edso (PUCV): \u201cCiencia, salud y bienestar al servicio del pa\u00eds\u201d, adjudicado en el marco de la convocatoria de Fondos de Innovaci\u00f3n Universitaria (FIU) de Frontera del Ministerio de Ciencia, Tecnolog\u00eda, Conocimiento e Innovaci\u00f3n.<\/strong><\/p>\t\t\t\t\t\t\t\t<\/div>\n\t\t\t\t<\/div>\n\t\t\t\t<div class=\"elementor-element elementor-element-318ac8c8 elementor-widget elementor-widget-text-editor\" data-id=\"318ac8c8\" data-element_type=\"widget\" data-e-type=\"widget\" data-widget_type=\"text-editor.default\">\n\t\t\t\t<div class=\"elementor-widget-container\">\n\t\t\t\t\t\t\t\t\t<div class=\"field field-name-post-date field-type-ds field-label-hidden\"><div class=\"field-items\"><div class=\"field-item even\"><p><span style=\"font-weight: 400;\">La Pontificia Universidad Cat\u00f3lica de Valpara\u00edso present\u00f3 oficialmente el Proyecto FIU Frontera \u201cCiencia, salud y bienestar al servicio del pa\u00eds\u201d, iniciativa adjudicada en la convocatoria de Fondos de Innovaci\u00f3n Universitaria (FIU) Frontera del Ministerio de Ciencia, Tecnolog\u00eda, Conocimiento e Innovaci\u00f3n. Con una inversi\u00f3n superior a los 23 mil millones de pesos para proyectos de alta duraci\u00f3n de 10 a\u00f1os.\u00a0<\/span><\/p><p><span style=\"font-weight: 400;\">La actividad realizada el 1 de septiembre en la Casa Central de la PUCV en Valpara\u00edso, cont\u00f3 con la participaci\u00f3n de diversas autoridades. Entre ellos, el rector de la PUCV, Nelson V\u00e1squez; el decano de la Facultad de Ciencias, Bruno Nervi; y la directora del Proyecto FIU Frontera PUCV, Claudia Altamirano, quienes destacaron el car\u00e1cter estrat\u00e9gico del proyecto en su casa de estudios para abordar el desaf\u00edo pa\u00eds en salud.\u00a0<\/span><span style=\"font-weight: 400;\">\u00a0<\/span><\/p><p><span style=\"font-weight: 400;\">Mediante m\u00faltiples presentaciones se explicaron los objetivos en el corto y largo plazo, as\u00ed como el proceso de convocatorias del proyecto durante el 2024 y 2025. El n\u00facleo de la iniciativa se centr\u00f3 en la creaci\u00f3n de una Plataforma de Diagn\u00f3stico Avanzado, que permitir\u00e1 descentralizar el acceso a herramientas de biolog\u00eda celular y molecular, que busca acelerar los tiempos de diagn\u00f3stico del c\u00e1ncer y enfermedades de baja prevalencia.\u00a0<\/span><\/p><p><span style=\"font-weight: 400;\">La actividad tambi\u00e9n cont\u00f3 con la participaci\u00f3n de la Vicerrectora de Investigaci\u00f3n, Desarrollo e Innovaci\u00f3n y directora del Proyecto FIU Usach, Dra. Andrea Mahn, que se\u00f1al\u00f3: \u201cEste nuevo fondo de financiamiento busca que la investigaci\u00f3n se haga de manera situada, colaborativa y que tenga un impacto real en la vida de las personas. Y es por eso que en estos proyectos convergen actor\u00edas tanto de la sociedad civil, la academia y tambi\u00e9n del mundo productivo\u201d<\/span><\/p><p><span style=\"font-weight: 400;\">A la vez, Claudia Altamirano, directora del Proyecto FIU Frontera PUCV, refuerza esta idea: \u201cEste fondo viene a apoyar el fortalecimiento y la consolidaci\u00f3n de todas las capacidades de investigaci\u00f3n que la PUCV ten\u00eda focalizadas en el \u00e1rea de salud y bienestar. Promueve una transformaci\u00f3n en la forma de hacer investigaci\u00f3n interdisciplinaria, movilizando las capacidades existentes y llev\u00e1ndolas a una nueva forma de hacer\u201c.<\/span><\/p><p><span style=\"font-weight: 400;\">Adem\u00e1s, destaca que la PUCV se encuentra entre las cuatro universidades adjudicadas con este fondo a nivel nacional, compartiendo el puesto con la Universidad de Chile, la Universidad de Talca y la Universidad de Santiago de Chile (Usach). De estas instituciones, la PUCV es la \u00fanica universidad privada y la \u00fanica de la Regi\u00f3n de Valpara\u00edso en obtener un FIU Frontera.\u00a0<\/span><\/p><p><span style=\"font-weight: 400;\">La ceremon\u00eda tambi\u00e9n cont\u00f3 con la participaci\u00f3n de la Ministra de Ciencia, Tecnolog\u00eda, Conocimiento e Innovaci\u00f3n de Chile, Ximena Lincolao, que destac\u00f3 la importancia de estos fondos para impulsar las capacidades universitarias en respuesta a los desaf\u00edos pa\u00eds en salud, bienestar y desarrollo territorial.\u00a0<\/span><\/p><p><span style=\"font-weight: 400;\">En sus palabras tambi\u00e9n reafirm\u00f3 el compromiso del gobierno central con el Proyecto FIU asegurando que los Proyectos FIU Frontera que se encuentran actualmente en ejecuci\u00f3n tienen financiamiento asegurado tanto para el 2027 como para los siguientes a\u00f1os de la actual administraci\u00f3n gobierno.\u00a0\u00a0<\/span><\/p><p><span style=\"font-weight: 400;\">Con la adjudicaci\u00f3n de estos fondos, la Usach reafirma su compromiso con el desarrollo de investigaci\u00f3n de alto nivel, orientada a resolver desaf\u00edos estrat\u00e9gicos del pa\u00eds que requieren trayectorias de largo plazo. En esta l\u00ednea, las universidades participantes se alinean en un mismo objetivo: contribuir al bien de Chile a trav\u00e9s de la investigaci\u00f3n universitaria como motor de innovaci\u00f3n y transformaci\u00f3n social.<br \/><br \/><\/span><\/p><p data-a11y-base-font=\"15\"><b data-a11y-base-font=\"15\">Autora:<\/b><span data-a11y-base-font=\"15\"> Crist\u00f3bal Vald\u00e9s Mar\u00edn<\/span><\/p><p data-a11y-base-font=\"15\"><b data-a11y-base-font=\"15\">Fotograf\u00eda:<\/b><span data-a11y-base-font=\"15\">\u00a0 Comunicaciones Vriic<\/span><\/p><p><span style=\"font-weight: 400;\">\u00a0<\/span><\/p><\/div><\/div><\/div>\t\t\t\t\t\t\t\t<\/div>\n\t\t\t\t<\/div>\n\t\t\t\t\t<\/div>\n\t\t<\/div>\n\t\t\t\t\t<\/div>\n\t\t<\/section>\n\t\t\t\t\t<\/div>\n\t\t<\/div>\n\t\t\t\t\t<\/div>\n\t\t<\/section>\n\t\t\t\t<\/div>\n\t\t","protected":false},"excerpt":{"rendered":"<p>La Universidad de Santiago de Chile particip\u00f3 en la ceremonia de inauguraci\u00f3n del proyecto FIU Frontera de la Pontificia Universidad Cat\u00f3lica de Valpara\u00edso (PUCV): \u201cCiencia, salud y bienestar al servicio del pa\u00eds\u201d, adjudicado en el marco de la convocatoria de Fondos de Innovaci\u00f3n Universitaria (FIU) de Frontera del Ministerio de Ciencia, Tecnolog\u00eda, Conocimiento e Innovaci\u00f3n. La Pontificia Universidad Cat\u00f3lica de Valpara\u00edso present\u00f3 oficialmente el Proyecto FIU Frontera \u201cCiencia, salud y bienestar al servicio del pa\u00eds\u201d, iniciativa adjudicada en la convocatoria de Fondos de Innovaci\u00f3n Universitaria (FIU) Frontera del Ministerio de Ciencia, Tecnolog\u00eda, Conocimiento e Innovaci\u00f3n. Con una inversi\u00f3n superior a los 23 mil millones de pesos para proyectos de alta duraci\u00f3n de 10 a\u00f1os.\u00a0 La actividad realizada el 1 de septiembre en la Casa Central de la PUCV en Valpara\u00edso, cont\u00f3 con la participaci\u00f3n de diversas autoridades. Entre ellos, el rector de la PUCV, Nelson V\u00e1squez; el decano de la Facultad de Ciencias, Bruno Nervi; y la directora del Proyecto FIU Frontera PUCV, Claudia Altamirano, quienes destacaron el car\u00e1cter estrat\u00e9gico del proyecto en su casa de estudios para abordar el desaf\u00edo pa\u00eds en salud.\u00a0\u00a0 Mediante m\u00faltiples presentaciones se explicaron los objetivos en el corto y largo plazo, as\u00ed como el proceso de convocatorias del proyecto durante el 2024 y 2025. El n\u00facleo de la iniciativa se centr\u00f3 en la creaci\u00f3n de una Plataforma de Diagn\u00f3stico Avanzado, que permitir\u00e1 descentralizar el acceso a herramientas de biolog\u00eda celular y molecular, que busca acelerar los tiempos de diagn\u00f3stico del c\u00e1ncer y enfermedades de baja prevalencia.\u00a0 La actividad tambi\u00e9n cont\u00f3 con la participaci\u00f3n de la Vicerrectora de Investigaci\u00f3n, Desarrollo e Innovaci\u00f3n y directora del Proyecto FIU Usach, Dra. Andrea Mahn, que se\u00f1al\u00f3: \u201cEste nuevo fondo de financiamiento busca que la investigaci\u00f3n se haga de manera situada, colaborativa y que tenga un impacto real en la vida de las personas. Y es por eso que en estos proyectos convergen actor\u00edas tanto de la sociedad civil, la academia y tambi\u00e9n del mundo productivo\u201d A la vez, Claudia Altamirano, directora del Proyecto FIU Frontera PUCV, refuerza esta idea: \u201cEste fondo viene a apoyar el fortalecimiento y la consolidaci\u00f3n de todas las capacidades de investigaci\u00f3n que la PUCV ten\u00eda focalizadas en el \u00e1rea de salud y bienestar. Promueve una transformaci\u00f3n en la forma de hacer investigaci\u00f3n interdisciplinaria, movilizando las capacidades existentes y llev\u00e1ndolas a una nueva forma de hacer\u201c. Adem\u00e1s, destaca que la PUCV se encuentra entre las cuatro universidades adjudicadas con este fondo a nivel nacional, compartiendo el puesto con la Universidad de Chile, la Universidad de Talca y la Universidad de Santiago de Chile (Usach). De estas instituciones, la PUCV es la \u00fanica universidad privada y la \u00fanica de la Regi\u00f3n de Valpara\u00edso en obtener un FIU Frontera.\u00a0 La ceremon\u00eda tambi\u00e9n cont\u00f3 con la participaci\u00f3n de la Ministra de Ciencia, Tecnolog\u00eda, Conocimiento e Innovaci\u00f3n de Chile, Ximena Lincolao, que destac\u00f3 la importancia de estos fondos para impulsar las capacidades universitarias en respuesta a los desaf\u00edos pa\u00eds en salud, bienestar y desarrollo territorial.\u00a0 En sus palabras tambi\u00e9n reafirm\u00f3 el compromiso del gobierno central con el Proyecto FIU asegurando que los Proyectos FIU Frontera que se encuentran actualmente en ejecuci\u00f3n tienen financiamiento asegurado tanto para el 2027 como para los siguientes a\u00f1os de la actual administraci\u00f3n gobierno.\u00a0\u00a0 Con la adjudicaci\u00f3n de estos fondos, la Usach reafirma su compromiso con el desarrollo de investigaci\u00f3n de alto nivel, orientada a resolver desaf\u00edos estrat\u00e9gicos del pa\u00eds que requieren trayectorias de largo plazo. En esta l\u00ednea, las universidades participantes se alinean en un mismo objetivo: contribuir al bien de Chile a trav\u00e9s de la investigaci\u00f3n universitaria como motor de innovaci\u00f3n y transformaci\u00f3n social. Autora: Crist\u00f3bal Vald\u00e9s Mar\u00edn Fotograf\u00eda:\u00a0 Comunicaciones Vriic \u00a0<\/p>\n","protected":false},"author":1,"featured_media":23451,"comment_status":"closed","ping_status":"closed","sticky":false,"template":"","format":"standard","meta":{"inline_featured_image":false,"_monsterinsights_skip_tracking":false,"site-sidebar-layout":"default","site-content-layout":"","ast-site-content-layout":"default","site-content-style":"default","site-sidebar-style":"default","ast-global-header-display":"","ast-banner-title-visibility":"","ast-main-header-display":"","ast-hfb-above-header-display":"","ast-hfb-below-header-display":"","ast-hfb-mobile-header-display":"","site-post-title":"","ast-breadcrumbs-content":"","ast-featured-img":"","footer-sml-layout":"","ast-disable-related-posts":"","theme-transparent-header-meta":"","adv-header-id-meta":"","stick-header-meta":"","header-above-stick-meta":"","header-main-stick-meta":"","header-below-stick-meta":"","astra-migrate-meta-layouts":"set","ast-page-background-enabled":"default","ast-page-background-meta":{"desktop":{"background-color":"","background-image":"","background-repeat":"repeat","background-position":"center center","background-size":"auto","background-attachment":"scroll","background-type":"","background-media":"","overlay-type":"","overlay-color":"","overlay-opacity":"","overlay-gradient":""},"tablet":{"background-color":"","background-image":"","background-repeat":"repeat","background-position":"center center","background-size":"auto","background-attachment":"scroll","background-type":"","background-media":"","overlay-type":"","overlay-color":"","overlay-opacity":"","overlay-gradient":""},"mobile":{"background-color":"","background-image":"","background-repeat":"repeat","background-position":"center center","background-size":"auto","background-attachment":"scroll","background-type":"","background-media":"","overlay-type":"","overlay-color":"","overlay-opacity":"","overlay-gradient":""}},"ast-content-background-meta":{"desktop":{"background-color":"var(--ast-global-color-5)","background-image":"","background-repeat":"repeat","background-position":"center center","background-size":"auto","background-attachment":"scroll","background-type":"","background-media":"","overlay-type":"","overlay-color":"","overlay-opacity":"","overlay-gradient":""},"tablet":{"background-color":"var(--ast-global-color-5)","background-image":"","background-repeat":"repeat","background-position":"center center","background-size":"auto","background-attachment":"scroll","background-type":"","background-media":"","overlay-type":"","overlay-color":"","overlay-opacity":"","overlay-gradient":""},"mobile":{"background-color":"var(--ast-global-color-5)","background-image":"","background-repeat":"repeat","background-position":"center center","background-size":"auto","background-attachment":"scroll","background-type":"","background-media":"","overlay-type":"","overlay-color":"","overlay-opacity":"","overlay-gradient":""}},"footnotes":""},"categories":[108],"tags":[],"class_list":["post-23445","post","type-post","status-publish","format-standard","has-post-thumbnail","hentry","category-fiu"],"yoast_head":"<!-- This site is optimized with the Yoast SEO plugin v28.0 - https:\/\/yoast.com\/product\/yoast-seo-wordpress\/ -->\n<title>Usach participa en presentaci\u00f3n del Proyecto FIU Frontera de la PUCV: investigaci\u00f3n de impacto para el bienestar y la salud de Valpara\u00edso - VRIIC<\/title>\n<meta name=\"robots\" content=\"index, follow, max-snippet:-1, max-image-preview:large, max-video-preview:-1\" \/>\n<link rel=\"canonical\" href=\"https:\/\/vriic.usach.cl\/index.php\/usach-participa-en-presentacion-del-proyecto-fiu-frontera-de-la-pucv-investigacion-de-impacto-para-el-bienestar-y-la-salud-de-valparaiso\/\" \/>\n<meta property=\"og:locale\" content=\"es_ES\" \/>\n<meta property=\"og:type\" content=\"article\" \/>\n<meta property=\"og:title\" content=\"Usach participa en presentaci\u00f3n del Proyecto FIU Frontera de la PUCV: investigaci\u00f3n de impacto para el bienestar y la salud de Valpara\u00edso - VRIIC\" \/>\n<meta property=\"og:description\" content=\"La Universidad de Santiago de Chile particip\u00f3 en la ceremonia de inauguraci\u00f3n del proyecto FIU Frontera de la Pontificia Universidad Cat\u00f3lica de Valpara\u00edso (PUCV): \u201cCiencia, salud y bienestar al servicio del pa\u00eds\u201d, adjudicado en el marco de la convocatoria de Fondos de Innovaci\u00f3n Universitaria (FIU) de Frontera del Ministerio de Ciencia, Tecnolog\u00eda, Conocimiento e Innovaci\u00f3n. La Pontificia Universidad Cat\u00f3lica de Valpara\u00edso present\u00f3 oficialmente el Proyecto FIU Frontera \u201cCiencia, salud y bienestar al servicio del pa\u00eds\u201d, iniciativa adjudicada en la convocatoria de Fondos de Innovaci\u00f3n Universitaria (FIU) Frontera del Ministerio de Ciencia, Tecnolog\u00eda, Conocimiento e Innovaci\u00f3n. Con una inversi\u00f3n superior a los 23 mil millones de pesos para proyectos de alta duraci\u00f3n de 10 a\u00f1os.\u00a0 La actividad realizada el 1 de septiembre en la Casa Central de la PUCV en Valpara\u00edso, cont\u00f3 con la participaci\u00f3n de diversas autoridades. Entre ellos, el rector de la PUCV, Nelson V\u00e1squez; el decano de la Facultad de Ciencias, Bruno Nervi; y la directora del Proyecto FIU Frontera PUCV, Claudia Altamirano, quienes destacaron el car\u00e1cter estrat\u00e9gico del proyecto en su casa de estudios para abordar el desaf\u00edo pa\u00eds en salud.\u00a0\u00a0 Mediante m\u00faltiples presentaciones se explicaron los objetivos en el corto y largo plazo, as\u00ed como el proceso de convocatorias del proyecto durante el 2024 y 2025. El n\u00facleo de la iniciativa se centr\u00f3 en la creaci\u00f3n de una Plataforma de Diagn\u00f3stico Avanzado, que permitir\u00e1 descentralizar el acceso a herramientas de biolog\u00eda celular y molecular, que busca acelerar los tiempos de diagn\u00f3stico del c\u00e1ncer y enfermedades de baja prevalencia.\u00a0 La actividad tambi\u00e9n cont\u00f3 con la participaci\u00f3n de la Vicerrectora de Investigaci\u00f3n, Desarrollo e Innovaci\u00f3n y directora del Proyecto FIU Usach, Dra. Andrea Mahn, que se\u00f1al\u00f3: \u201cEste nuevo fondo de financiamiento busca que la investigaci\u00f3n se haga de manera situada, colaborativa y que tenga un impacto real en la vida de las personas. Y es por eso que en estos proyectos convergen actor\u00edas tanto de la sociedad civil, la academia y tambi\u00e9n del mundo productivo\u201d A la vez, Claudia Altamirano, directora del Proyecto FIU Frontera PUCV, refuerza esta idea: \u201cEste fondo viene a apoyar el fortalecimiento y la consolidaci\u00f3n de todas las capacidades de investigaci\u00f3n que la PUCV ten\u00eda focalizadas en el \u00e1rea de salud y bienestar. Promueve una transformaci\u00f3n en la forma de hacer investigaci\u00f3n interdisciplinaria, movilizando las capacidades existentes y llev\u00e1ndolas a una nueva forma de hacer\u201c. Adem\u00e1s, destaca que la PUCV se encuentra entre las cuatro universidades adjudicadas con este fondo a nivel nacional, compartiendo el puesto con la Universidad de Chile, la Universidad de Talca y la Universidad de Santiago de Chile (Usach). De estas instituciones, la PUCV es la \u00fanica universidad privada y la \u00fanica de la Regi\u00f3n de Valpara\u00edso en obtener un FIU Frontera.\u00a0 La ceremon\u00eda tambi\u00e9n cont\u00f3 con la participaci\u00f3n de la Ministra de Ciencia, Tecnolog\u00eda, Conocimiento e Innovaci\u00f3n de Chile, Ximena Lincolao, que destac\u00f3 la importancia de estos fondos para impulsar las capacidades universitarias en respuesta a los desaf\u00edos pa\u00eds en salud, bienestar y desarrollo territorial.\u00a0 En sus palabras tambi\u00e9n reafirm\u00f3 el compromiso del gobierno central con el Proyecto FIU asegurando que los Proyectos FIU Frontera que se encuentran actualmente en ejecuci\u00f3n tienen financiamiento asegurado tanto para el 2027 como para los siguientes a\u00f1os de la actual administraci\u00f3n gobierno.\u00a0\u00a0 Con la adjudicaci\u00f3n de estos fondos, la Usach reafirma su compromiso con el desarrollo de investigaci\u00f3n de alto nivel, orientada a resolver desaf\u00edos estrat\u00e9gicos del pa\u00eds que requieren trayectorias de largo plazo. En esta l\u00ednea, las universidades participantes se alinean en un mismo objetivo: contribuir al bien de Chile a trav\u00e9s de la investigaci\u00f3n universitaria como motor de innovaci\u00f3n y transformaci\u00f3n social. Autora: Crist\u00f3bal Vald\u00e9s Mar\u00edn Fotograf\u00eda:\u00a0 Comunicaciones Vriic \u00a0\" \/>\n<meta property=\"og:url\" content=\"https:\/\/vriic.usach.cl\/index.php\/usach-participa-en-presentacion-del-proyecto-fiu-frontera-de-la-pucv-investigacion-de-impacto-para-el-bienestar-y-la-salud-de-valparaiso\/\" \/>\n<meta property=\"og:site_name\" content=\"VRIIC\" \/>\n<meta property=\"article:published_time\" content=\"2026-09-04T20:49:32+00:00\" \/>\n<meta property=\"article:modified_time\" content=\"2026-09-04T20:52:15+00:00\" \/>\n<meta property=\"og:image\" content=\"http:\/\/vriic.usach.cl\/wp-content\/uploads\/2026\/09\/Noticias-1100-x-363-px-1.png\" \/>\n\t<meta property=\"og:image:width\" content=\"1100\" \/>\n\t<meta property=\"og:image:height\" content=\"363\" \/>\n\t<meta property=\"og:image:type\" content=\"image\/png\" \/>\n<meta name=\"author\" content=\"Comunicaciones VRIIC\" \/>\n<meta name=\"twitter:card\" content=\"summary_large_image\" \/>\n<meta name=\"twitter:label1\" content=\"Escrito por\" \/>\n\t<meta name=\"twitter:data1\" content=\"Comunicaciones VRIIC\" \/>\n\t<meta name=\"twitter:label2\" content=\"Tiempo estimado de lectura\" \/>\n\t<meta name=\"twitter:data2\" content=\"3 minutos\" \/>\n<script type=\"application\/ld+json\" class=\"yoast-schema-graph\">{\"@context\":\"https:\\\/\\\/schema.org\",\"@graph\":[{\"@type\":\"Article\",\"@id\":\"https:\\\/\\\/vriic.usach.cl\\\/index.php\\\/usach-participa-en-presentacion-del-proyecto-fiu-frontera-de-la-pucv-investigacion-de-impacto-para-el-bienestar-y-la-salud-de-valparaiso\\\/#article\",\"isPartOf\":{\"@id\":\"https:\\\/\\\/vriic.usach.cl\\\/index.php\\\/usach-participa-en-presentacion-del-proyecto-fiu-frontera-de-la-pucv-investigacion-de-impacto-para-el-bienestar-y-la-salud-de-valparaiso\\\/\"},\"author\":{\"name\":\"Comunicaciones VRIIC\",\"@id\":\"https:\\\/\\\/vriic.usach.cl\\\/#\\\/schema\\\/person\\\/7445abf7c84e3726508476493e702b11\"},\"headline\":\"Usach participa en presentaci\u00f3n del Proyecto FIU Frontera de la PUCV: investigaci\u00f3n de impacto para el bienestar y la salud de Valpara\u00edso\",\"datePublished\":\"2026-09-04T20:49:32+00:00\",\"dateModified\":\"2026-09-04T20:52:15+00:00\",\"mainEntityOfPage\":{\"@id\":\"https:\\\/\\\/vriic.usach.cl\\\/index.php\\\/usach-participa-en-presentacion-del-proyecto-fiu-frontera-de-la-pucv-investigacion-de-impacto-para-el-bienestar-y-la-salud-de-valparaiso\\\/\"},\"wordCount\":699,\"publisher\":{\"@id\":\"https:\\\/\\\/vriic.usach.cl\\\/#organization\"},\"image\":{\"@id\":\"https:\\\/\\\/vriic.usach.cl\\\/index.php\\\/usach-participa-en-presentacion-del-proyecto-fiu-frontera-de-la-pucv-investigacion-de-impacto-para-el-bienestar-y-la-salud-de-valparaiso\\\/#primaryimage\"},\"thumbnailUrl\":\"https:\\\/\\\/vriic.usach.cl\\\/wp-content\\\/uploads\\\/2026\\\/09\\\/Noticias-1100-x-363-px-1.png\",\"articleSection\":[\"FIU\"],\"inLanguage\":\"es-CL\"},{\"@type\":\"WebPage\",\"@id\":\"https:\\\/\\\/vriic.usach.cl\\\/index.php\\\/usach-participa-en-presentacion-del-proyecto-fiu-frontera-de-la-pucv-investigacion-de-impacto-para-el-bienestar-y-la-salud-de-valparaiso\\\/\",\"url\":\"https:\\\/\\\/vriic.usach.cl\\\/index.php\\\/usach-participa-en-presentacion-del-proyecto-fiu-frontera-de-la-pucv-investigacion-de-impacto-para-el-bienestar-y-la-salud-de-valparaiso\\\/\",\"name\":\"Usach participa en presentaci\u00f3n del Proyecto FIU Frontera de la PUCV: investigaci\u00f3n de impacto para el bienestar y la salud de Valpara\u00edso - VRIIC\",\"isPartOf\":{\"@id\":\"https:\\\/\\\/vriic.usach.cl\\\/#website\"},\"primaryImageOfPage\":{\"@id\":\"https:\\\/\\\/vriic.usach.cl\\\/index.php\\\/usach-participa-en-presentacion-del-proyecto-fiu-frontera-de-la-pucv-investigacion-de-impacto-para-el-bienestar-y-la-salud-de-valparaiso\\\/#primaryimage\"},\"image\":{\"@id\":\"https:\\\/\\\/vriic.usach.cl\\\/index.php\\\/usach-participa-en-presentacion-del-proyecto-fiu-frontera-de-la-pucv-investigacion-de-impacto-para-el-bienestar-y-la-salud-de-valparaiso\\\/#primaryimage\"},\"thumbnailUrl\":\"https:\\\/\\\/vriic.usach.cl\\\/wp-content\\\/uploads\\\/2026\\\/09\\\/Noticias-1100-x-363-px-1.png\",\"datePublished\":\"2026-09-04T20:49:32+00:00\",\"dateModified\":\"2026-09-04T20:52:15+00:00\",\"breadcrumb\":{\"@id\":\"https:\\\/\\\/vriic.usach.cl\\\/index.php\\\/usach-participa-en-presentacion-del-proyecto-fiu-frontera-de-la-pucv-investigacion-de-impacto-para-el-bienestar-y-la-salud-de-valparaiso\\\/#breadcrumb\"},\"inLanguage\":\"es-CL\",\"potentialAction\":[{\"@type\":\"ReadAction\",\"target\":[\"https:\\\/\\\/vriic.usach.cl\\\/index.php\\\/usach-participa-en-presentacion-del-proyecto-fiu-frontera-de-la-pucv-investigacion-de-impacto-para-el-bienestar-y-la-salud-de-valparaiso\\\/\"]}]},{\"@type\":\"ImageObject\",\"inLanguage\":\"es-CL\",\"@id\":\"https:\\\/\\\/vriic.usach.cl\\\/index.php\\\/usach-participa-en-presentacion-del-proyecto-fiu-frontera-de-la-pucv-investigacion-de-impacto-para-el-bienestar-y-la-salud-de-valparaiso\\\/#primaryimage\",\"url\":\"https:\\\/\\\/vriic.usach.cl\\\/wp-content\\\/uploads\\\/2026\\\/09\\\/Noticias-1100-x-363-px-1.png\",\"contentUrl\":\"https:\\\/\\\/vriic.usach.cl\\\/wp-content\\\/uploads\\\/2026\\\/09\\\/Noticias-1100-x-363-px-1.png\",\"width\":1100,\"height\":363},{\"@type\":\"BreadcrumbList\",\"@id\":\"https:\\\/\\\/vriic.usach.cl\\\/index.php\\\/usach-participa-en-presentacion-del-proyecto-fiu-frontera-de-la-pucv-investigacion-de-impacto-para-el-bienestar-y-la-salud-de-valparaiso\\\/#breadcrumb\",\"itemListElement\":[{\"@type\":\"ListItem\",\"position\":1,\"name\":\"Portada\",\"item\":\"https:\\\/\\\/vriic.usach.cl\\\/\"},{\"@type\":\"ListItem\",\"position\":2,\"name\":\"Usach participa en presentaci\u00f3n del Proyecto FIU Frontera de la PUCV: investigaci\u00f3n de impacto para el bienestar y la salud de Valpara\u00edso\"}]},{\"@type\":\"WebSite\",\"@id\":\"https:\\\/\\\/vriic.usach.cl\\\/#website\",\"url\":\"https:\\\/\\\/vriic.usach.cl\\\/\",\"name\":\"VRIIC\",\"description\":\"Vicerrector\u00eda de Investigaci\u00f3n, Innovaci\u00f3n y Creaci\u00f3n\",\"publisher\":{\"@id\":\"https:\\\/\\\/vriic.usach.cl\\\/#organization\"},\"potentialAction\":[{\"@type\":\"SearchAction\",\"target\":{\"@type\":\"EntryPoint\",\"urlTemplate\":\"https:\\\/\\\/vriic.usach.cl\\\/?s={search_term_string}\"},\"query-input\":{\"@type\":\"PropertyValueSpecification\",\"valueRequired\":true,\"valueName\":\"search_term_string\"}}],\"inLanguage\":\"es-CL\"},{\"@type\":\"Organization\",\"@id\":\"https:\\\/\\\/vriic.usach.cl\\\/#organization\",\"name\":\"VRIIC\",\"url\":\"https:\\\/\\\/vriic.usach.cl\\\/\",\"logo\":{\"@type\":\"ImageObject\",\"inLanguage\":\"es-CL\",\"@id\":\"https:\\\/\\\/vriic.usach.cl\\\/#\\\/schema\\\/logo\\\/image\\\/\",\"url\":\"https:\\\/\\\/vriic.usach.cl\\\/wp-content\\\/uploads\\\/2024\\\/05\\\/cropped-HISTORIA-C-min-1.png\",\"contentUrl\":\"https:\\\/\\\/vriic.usach.cl\\\/wp-content\\\/uploads\\\/2024\\\/05\\\/cropped-HISTORIA-C-min-1.png\",\"width\":966,\"height\":228,\"caption\":\"VRIIC\"},\"image\":{\"@id\":\"https:\\\/\\\/vriic.usach.cl\\\/#\\\/schema\\\/logo\\\/image\\\/\"}},{\"@type\":\"Person\",\"@id\":\"https:\\\/\\\/vriic.usach.cl\\\/#\\\/schema\\\/person\\\/7445abf7c84e3726508476493e702b11\",\"name\":\"Comunicaciones VRIIC\",\"image\":{\"@type\":\"ImageObject\",\"inLanguage\":\"es-CL\",\"@id\":\"https:\\\/\\\/secure.gravatar.com\\\/avatar\\\/a059dbff38f4b6242f148cadb92d0b1baec305d7378c7081c16c798f88d9af47?s=96&d=mm&r=g\",\"url\":\"https:\\\/\\\/secure.gravatar.com\\\/avatar\\\/a059dbff38f4b6242f148cadb92d0b1baec305d7378c7081c16c798f88d9af47?s=96&d=mm&r=g\",\"contentUrl\":\"https:\\\/\\\/secure.gravatar.com\\\/avatar\\\/a059dbff38f4b6242f148cadb92d0b1baec305d7378c7081c16c798f88d9af47?s=96&d=mm&r=g\",\"caption\":\"Comunicaciones VRIIC\"},\"sameAs\":[\"http:\\\/\\\/158.170.66.230\"],\"url\":\"https:\\\/\\\/vriic.usach.cl\\\/index.php\\\/author\\\/adminvridei\\\/\"}]}<\/script>\n<!-- \/ Yoast SEO plugin. -->","yoast_head_json":{"title":"Usach participa en presentaci\u00f3n del Proyecto FIU Frontera de la PUCV: investigaci\u00f3n de impacto para el bienestar y la salud de Valpara\u00edso - VRIIC","robots":{"index":"index","follow":"follow","max-snippet":"max-snippet:-1","max-image-preview":"max-image-preview:large","max-video-preview":"max-video-preview:-1"},"canonical":"https:\/\/vriic.usach.cl\/index.php\/usach-participa-en-presentacion-del-proyecto-fiu-frontera-de-la-pucv-investigacion-de-impacto-para-el-bienestar-y-la-salud-de-valparaiso\/","og_locale":"es_ES","og_type":"article","og_title":"Usach participa en presentaci\u00f3n del Proyecto FIU Frontera de la PUCV: investigaci\u00f3n de impacto para el bienestar y la salud de Valpara\u00edso - VRIIC","og_description":"La Universidad de Santiago de Chile particip\u00f3 en la ceremonia de inauguraci\u00f3n del proyecto FIU Frontera de la Pontificia Universidad Cat\u00f3lica de Valpara\u00edso (PUCV): \u201cCiencia, salud y bienestar al servicio del pa\u00eds\u201d, adjudicado en el marco de la convocatoria de Fondos de Innovaci\u00f3n Universitaria (FIU) de Frontera del Ministerio de Ciencia, Tecnolog\u00eda, Conocimiento e Innovaci\u00f3n. La Pontificia Universidad Cat\u00f3lica de Valpara\u00edso present\u00f3 oficialmente el Proyecto FIU Frontera \u201cCiencia, salud y bienestar al servicio del pa\u00eds\u201d, iniciativa adjudicada en la convocatoria de Fondos de Innovaci\u00f3n Universitaria (FIU) Frontera del Ministerio de Ciencia, Tecnolog\u00eda, Conocimiento e Innovaci\u00f3n. Con una inversi\u00f3n superior a los 23 mil millones de pesos para proyectos de alta duraci\u00f3n de 10 a\u00f1os.\u00a0 La actividad realizada el 1 de septiembre en la Casa Central de la PUCV en Valpara\u00edso, cont\u00f3 con la participaci\u00f3n de diversas autoridades. Entre ellos, el rector de la PUCV, Nelson V\u00e1squez; el decano de la Facultad de Ciencias, Bruno Nervi; y la directora del Proyecto FIU Frontera PUCV, Claudia Altamirano, quienes destacaron el car\u00e1cter estrat\u00e9gico del proyecto en su casa de estudios para abordar el desaf\u00edo pa\u00eds en salud.\u00a0\u00a0 Mediante m\u00faltiples presentaciones se explicaron los objetivos en el corto y largo plazo, as\u00ed como el proceso de convocatorias del proyecto durante el 2024 y 2025. El n\u00facleo de la iniciativa se centr\u00f3 en la creaci\u00f3n de una Plataforma de Diagn\u00f3stico Avanzado, que permitir\u00e1 descentralizar el acceso a herramientas de biolog\u00eda celular y molecular, que busca acelerar los tiempos de diagn\u00f3stico del c\u00e1ncer y enfermedades de baja prevalencia.\u00a0 La actividad tambi\u00e9n cont\u00f3 con la participaci\u00f3n de la Vicerrectora de Investigaci\u00f3n, Desarrollo e Innovaci\u00f3n y directora del Proyecto FIU Usach, Dra. Andrea Mahn, que se\u00f1al\u00f3: \u201cEste nuevo fondo de financiamiento busca que la investigaci\u00f3n se haga de manera situada, colaborativa y que tenga un impacto real en la vida de las personas. Y es por eso que en estos proyectos convergen actor\u00edas tanto de la sociedad civil, la academia y tambi\u00e9n del mundo productivo\u201d A la vez, Claudia Altamirano, directora del Proyecto FIU Frontera PUCV, refuerza esta idea: \u201cEste fondo viene a apoyar el fortalecimiento y la consolidaci\u00f3n de todas las capacidades de investigaci\u00f3n que la PUCV ten\u00eda focalizadas en el \u00e1rea de salud y bienestar. Promueve una transformaci\u00f3n en la forma de hacer investigaci\u00f3n interdisciplinaria, movilizando las capacidades existentes y llev\u00e1ndolas a una nueva forma de hacer\u201c. Adem\u00e1s, destaca que la PUCV se encuentra entre las cuatro universidades adjudicadas con este fondo a nivel nacional, compartiendo el puesto con la Universidad de Chile, la Universidad de Talca y la Universidad de Santiago de Chile (Usach). De estas instituciones, la PUCV es la \u00fanica universidad privada y la \u00fanica de la Regi\u00f3n de Valpara\u00edso en obtener un FIU Frontera.\u00a0 La ceremon\u00eda tambi\u00e9n cont\u00f3 con la participaci\u00f3n de la Ministra de Ciencia, Tecnolog\u00eda, Conocimiento e Innovaci\u00f3n de Chile, Ximena Lincolao, que destac\u00f3 la importancia de estos fondos para impulsar las capacidades universitarias en respuesta a los desaf\u00edos pa\u00eds en salud, bienestar y desarrollo territorial.\u00a0 En sus palabras tambi\u00e9n reafirm\u00f3 el compromiso del gobierno central con el Proyecto FIU asegurando que los Proyectos FIU Frontera que se encuentran actualmente en ejecuci\u00f3n tienen financiamiento asegurado tanto para el 2027 como para los siguientes a\u00f1os de la actual administraci\u00f3n gobierno.\u00a0\u00a0 Con la adjudicaci\u00f3n de estos fondos, la Usach reafirma su compromiso con el desarrollo de investigaci\u00f3n de alto nivel, orientada a resolver desaf\u00edos estrat\u00e9gicos del pa\u00eds que requieren trayectorias de largo plazo. En esta l\u00ednea, las universidades participantes se alinean en un mismo objetivo: contribuir al bien de Chile a trav\u00e9s de la investigaci\u00f3n universitaria como motor de innovaci\u00f3n y transformaci\u00f3n social. Autora: Crist\u00f3bal Vald\u00e9s Mar\u00edn Fotograf\u00eda:\u00a0 Comunicaciones Vriic \u00a0","og_url":"https:\/\/vriic.usach.cl\/index.php\/usach-participa-en-presentacion-del-proyecto-fiu-frontera-de-la-pucv-investigacion-de-impacto-para-el-bienestar-y-la-salud-de-valparaiso\/","og_site_name":"VRIIC","article_published_time":"2026-09-04T20:49:32+00:00","article_modified_time":"2026-09-04T20:52:15+00:00","og_image":[{"width":1100,"height":363,"url":"http:\/\/vriic.usach.cl\/wp-content\/uploads\/2026\/09\/Noticias-1100-x-363-px-1.png","type":"image\/png"}],"author":"Comunicaciones VRIIC","twitter_card":"summary_large_image","twitter_misc":{"Escrito por":"Comunicaciones VRIIC","Tiempo estimado de lectura":"3 minutos"},"schema":{"@context":"https:\/\/schema.org","@graph":[{"@type":"Article","@id":"https:\/\/vriic.usach.cl\/index.php\/usach-participa-en-presentacion-del-proyecto-fiu-frontera-de-la-pucv-investigacion-de-impacto-para-el-bienestar-y-la-salud-de-valparaiso\/#article","isPartOf":{"@id":"https:\/\/vriic.usach.cl\/index.php\/usach-participa-en-presentacion-del-proyecto-fiu-frontera-de-la-pucv-investigacion-de-impacto-para-el-bienestar-y-la-salud-de-valparaiso\/"},"author":{"name":"Comunicaciones VRIIC","@id":"https:\/\/vriic.usach.cl\/#\/schema\/person\/7445abf7c84e3726508476493e702b11"},"headline":"Usach participa en presentaci\u00f3n del Proyecto FIU Frontera de la PUCV: investigaci\u00f3n de impacto para el bienestar y la salud de Valpara\u00edso","datePublished":"2026-09-04T20:49:32+00:00","dateModified":"2026-09-04T20:52:15+00:00","mainEntityOfPage":{"@id":"https:\/\/vriic.usach.cl\/index.php\/usach-participa-en-presentacion-del-proyecto-fiu-frontera-de-la-pucv-investigacion-de-impacto-para-el-bienestar-y-la-salud-de-valparaiso\/"},"wordCount":699,"publisher":{"@id":"https:\/\/vriic.usach.cl\/#organization"},"image":{"@id":"https:\/\/vriic.usach.cl\/index.php\/usach-participa-en-presentacion-del-proyecto-fiu-frontera-de-la-pucv-investigacion-de-impacto-para-el-bienestar-y-la-salud-de-valparaiso\/#primaryimage"},"thumbnailUrl":"https:\/\/vriic.usach.cl\/wp-content\/uploads\/2026\/09\/Noticias-1100-x-363-px-1.png","articleSection":["FIU"],"inLanguage":"es-CL"},{"@type":"WebPage","@id":"https:\/\/vriic.usach.cl\/index.php\/usach-participa-en-presentacion-del-proyecto-fiu-frontera-de-la-pucv-investigacion-de-impacto-para-el-bienestar-y-la-salud-de-valparaiso\/","url":"https:\/\/vriic.usach.cl\/index.php\/usach-participa-en-presentacion-del-proyecto-fiu-frontera-de-la-pucv-investigacion-de-impacto-para-el-bienestar-y-la-salud-de-valparaiso\/","name":"Usach participa en presentaci\u00f3n del Proyecto FIU Frontera de la PUCV: investigaci\u00f3n de impacto para el bienestar y la salud de Valpara\u00edso - VRIIC","isPartOf":{"@id":"https:\/\/vriic.usach.cl\/#website"},"primaryImageOfPage":{"@id":"https:\/\/vriic.usach.cl\/index.php\/usach-participa-en-presentacion-del-proyecto-fiu-frontera-de-la-pucv-investigacion-de-impacto-para-el-bienestar-y-la-salud-de-valparaiso\/#primaryimage"},"image":{"@id":"https:\/\/vriic.usach.cl\/index.php\/usach-participa-en-presentacion-del-proyecto-fiu-frontera-de-la-pucv-investigacion-de-impacto-para-el-bienestar-y-la-salud-de-valparaiso\/#primaryimage"},"thumbnailUrl":"https:\/\/vriic.usach.cl\/wp-content\/uploads\/2026\/09\/Noticias-1100-x-363-px-1.png","datePublished":"2026-09-04T20:49:32+00:00","dateModified":"2026-09-04T20:52:15+00:00","breadcrumb":{"@id":"https:\/\/vriic.usach.cl\/index.php\/usach-participa-en-presentacion-del-proyecto-fiu-frontera-de-la-pucv-investigacion-de-impacto-para-el-bienestar-y-la-salud-de-valparaiso\/#breadcrumb"},"inLanguage":"es-CL","potentialAction":[{"@type":"ReadAction","target":["https:\/\/vriic.usach.cl\/index.php\/usach-participa-en-presentacion-del-proyecto-fiu-frontera-de-la-pucv-investigacion-de-impacto-para-el-bienestar-y-la-salud-de-valparaiso\/"]}]},{"@type":"ImageObject","inLanguage":"es-CL","@id":"https:\/\/vriic.usach.cl\/index.php\/usach-participa-en-presentacion-del-proyecto-fiu-frontera-de-la-pucv-investigacion-de-impacto-para-el-bienestar-y-la-salud-de-valparaiso\/#primaryimage","url":"https:\/\/vriic.usach.cl\/wp-content\/uploads\/2026\/09\/Noticias-1100-x-363-px-1.png","contentUrl":"https:\/\/vriic.usach.cl\/wp-content\/uploads\/2026\/09\/Noticias-1100-x-363-px-1.png","width":1100,"height":363},{"@type":"BreadcrumbList","@id":"https:\/\/vriic.usach.cl\/index.php\/usach-participa-en-presentacion-del-proyecto-fiu-frontera-de-la-pucv-investigacion-de-impacto-para-el-bienestar-y-la-salud-de-valparaiso\/#breadcrumb","itemListElement":[{"@type":"ListItem","position":1,"name":"Portada","item":"https:\/\/vriic.usach.cl\/"},{"@type":"ListItem","position":2,"name":"Usach participa en presentaci\u00f3n del Proyecto FIU Frontera de la PUCV: investigaci\u00f3n de impacto para el bienestar y la salud de Valpara\u00edso"}]},{"@type":"WebSite","@id":"https:\/\/vriic.usach.cl\/#website","url":"https:\/\/vriic.usach.cl\/","name":"VRIIC","description":"Vicerrector\u00eda de Investigaci\u00f3n, Innovaci\u00f3n y Creaci\u00f3n","publisher":{"@id":"https:\/\/vriic.usach.cl\/#organization"},"potentialAction":[{"@type":"SearchAction","target":{"@type":"EntryPoint","urlTemplate":"https:\/\/vriic.usach.cl\/?s={search_term_string}"},"query-input":{"@type":"PropertyValueSpecification","valueRequired":true,"valueName":"search_term_string"}}],"inLanguage":"es-CL"},{"@type":"Organization","@id":"https:\/\/vriic.usach.cl\/#organization","name":"VRIIC","url":"https:\/\/vriic.usach.cl\/","logo":{"@type":"ImageObject","inLanguage":"es-CL","@id":"https:\/\/vriic.usach.cl\/#\/schema\/logo\/image\/","url":"https:\/\/vriic.usach.cl\/wp-content\/uploads\/2024\/05\/cropped-HISTORIA-C-min-1.png","contentUrl":"https:\/\/vriic.usach.cl\/wp-content\/uploads\/2024\/05\/cropped-HISTORIA-C-min-1.png","width":966,"height":228,"caption":"VRIIC"},"image":{"@id":"https:\/\/vriic.usach.cl\/#\/schema\/logo\/image\/"}},{"@type":"Person","@id":"https:\/\/vriic.usach.cl\/#\/schema\/person\/7445abf7c84e3726508476493e702b11","name":"Comunicaciones VRIIC","image":{"@type":"ImageObject","inLanguage":"es-CL","@id":"https:\/\/secure.gravatar.com\/avatar\/a059dbff38f4b6242f148cadb92d0b1baec305d7378c7081c16c798f88d9af47?s=96&d=mm&r=g","url":"https:\/\/secure.gravatar.com\/avatar\/a059dbff38f4b6242f148cadb92d0b1baec305d7378c7081c16c798f88d9af47?s=96&d=mm&r=g","contentUrl":"https:\/\/secure.gravatar.com\/avatar\/a059dbff38f4b6242f148cadb92d0b1baec305d7378c7081c16c798f88d9af47?s=96&d=mm&r=g","caption":"Comunicaciones VRIIC"},"sameAs":["http:\/\/158.170.66.230"],"url":"https:\/\/vriic.usach.cl\/index.php\/author\/adminvridei\/"}]}},"rttpg_featured_image_url":{"full":["https:\/\/vriic.usach.cl\/wp-content\/uploads\/2026\/09\/Noticias-1100-x-363-px-1.png",1100,363,false],"landscape":["https:\/\/vriic.usach.cl\/wp-content\/uploads\/2026\/09\/Noticias-1100-x-363-px-1.png",1100,363,false],"portraits":["https:\/\/vriic.usach.cl\/wp-content\/uploads\/2026\/09\/Noticias-1100-x-363-px-1.png",1100,363,false],"thumbnail":["https:\/\/vriic.usach.cl\/wp-content\/uploads\/2026\/09\/Noticias-1100-x-363-px-1-150x150.png",150,150,true],"medium":["https:\/\/vriic.usach.cl\/wp-content\/uploads\/2026\/09\/Noticias-1100-x-363-px-1-300x99.png",300,99,true],"large":["https:\/\/vriic.usach.cl\/wp-content\/uploads\/2026\/09\/Noticias-1100-x-363-px-1-1024x338.png",1024,338,true],"1536x1536":["https:\/\/vriic.usach.cl\/wp-content\/uploads\/2026\/09\/Noticias-1100-x-363-px-1.png",1100,363,false],"2048x2048":["https:\/\/vriic.usach.cl\/wp-content\/uploads\/2026\/09\/Noticias-1100-x-363-px-1.png",1100,363,false],"rpwe-thumbnail":["https:\/\/vriic.usach.cl\/wp-content\/uploads\/2026\/09\/Noticias-1100-x-363-px-1-45x45.png",45,45,true]},"rttpg_author":{"display_name":"Comunicaciones VRIIC","author_link":"https:\/\/vriic.usach.cl\/index.php\/author\/adminvridei\/"},"rttpg_comment":0,"rttpg_category":"<a href=\"https:\/\/vriic.usach.cl\/index.php\/category\/fiu\/\" rel=\"category tag\">FIU<\/a>","rttpg_excerpt":"La Universidad de Santiago de Chile particip\u00f3 en la ceremonia de inauguraci\u00f3n del proyecto FIU Frontera de la Pontificia Universidad Cat\u00f3lica de Valpara\u00edso (PUCV): \u201cCiencia, salud y bienestar al servicio del pa\u00eds\u201d, adjudicado en el marco de la convocatoria de Fondos de Innovaci\u00f3n Universitaria (FIU) de Frontera del Ministerio de Ciencia, Tecnolog\u00eda, Conocimiento e Innovaci\u00f3n.&hellip;","_links":{"self":[{"href":"https:\/\/vriic.usach.cl\/index.php\/wp-json\/wp\/v2\/posts\/23445","targetHints":{"allow":["GET"]}}],"collection":[{"href":"https:\/\/vriic.usach.cl\/index.php\/wp-json\/wp\/v2\/posts"}],"about":[{"href":"https:\/\/vriic.usach.cl\/index.php\/wp-json\/wp\/v2\/types\/post"}],"author":[{"embeddable":true,"href":"https:\/\/vriic.usach.cl\/index.php\/wp-json\/wp\/v2\/users\/1"}],"replies":[{"embeddable":true,"href":"https:\/\/vriic.usach.cl\/index.php\/wp-json\/wp\/v2\/comments?post=23445"}],"version-history":[{"count":10,"href":"https:\/\/vriic.usach.cl\/index.php\/wp-json\/wp\/v2\/posts\/23445\/revisions"}],"predecessor-version":[{"id":23458,"href":"https:\/\/vriic.usach.cl\/index.php\/wp-json\/wp\/v2\/posts\/23445\/revisions\/23458"}],"wp:featuredmedia":[{"embeddable":true,"href":"https:\/\/vriic.usach.cl\/index.php\/wp-json\/wp\/v2\/media\/23451"}],"wp:attachment":[{"href":"https:\/\/vriic.usach.cl\/index.php\/wp-json\/wp\/v2\/media?parent=23445"}],"wp:term":[{"taxonomy":"category","embeddable":true,"href":"https:\/\/vriic.usach.cl\/index.php\/wp-json\/wp\/v2\/categories?post=23445"},{"taxonomy":"post_tag","embeddable":true,"href":"https:\/\/vriic.usach.cl\/index.php\/wp-json\/wp\/v2\/tags?post=23445"}],"curies":[{"name":"wp","href":"https:\/\/api.w.org\/{rel}","templated":true}]}}