{"id":23437,"date":"2026-09-04T16:28:22","date_gmt":"2026-09-04T19:28:22","guid":{"rendered":"https:\/\/vriic.usach.cl\/?p=23437"},"modified":"2026-09-04T16:43:05","modified_gmt":"2026-09-04T19:43:05","slug":"usach-presente-en-el-comite-internacional-de-bioetica-de-la-unesco","status":"publish","type":"post","link":"https:\/\/vriic.usach.cl\/index.php\/usach-presente-en-el-comite-internacional-de-bioetica-de-la-unesco\/","title":{"rendered":"Usach presente en el Comit\u00e9 Internacional de Bio\u00e9tica de la Unesco"},"content":{"rendered":"\t\t<div data-elementor-type=\"wp-post\" data-elementor-id=\"23437\" class=\"elementor elementor-23437\" data-elementor-post-type=\"post\">\n\t\t\t\t\t\t<section class=\"elementor-section elementor-top-section elementor-element elementor-element-16fe01ca elementor-section-boxed elementor-section-height-default elementor-section-height-default wpr-particle-no wpr-jarallax-no wpr-parallax-no wpr-column-slider-no wpr-equal-height-no\" data-id=\"16fe01ca\" data-element_type=\"section\" data-e-type=\"section\">\n\t\t\t\t\t\t<div class=\"elementor-container elementor-column-gap-default\">\n\t\t\t\t\t<div class=\"elementor-column elementor-col-100 elementor-top-column elementor-element elementor-element-176a7428\" data-id=\"176a7428\" data-element_type=\"column\" data-e-type=\"column\">\n\t\t\t<div class=\"elementor-widget-wrap elementor-element-populated\">\n\t\t\t\t\t\t<section class=\"elementor-section elementor-inner-section elementor-element elementor-element-257581e elementor-section-boxed elementor-section-height-default elementor-section-height-default wpr-particle-no wpr-jarallax-no wpr-parallax-no wpr-sticky-section-no wpr-column-slider-no wpr-equal-height-no\" data-id=\"257581e\" data-element_type=\"section\" data-e-type=\"section\">\n\t\t\t\t\t\t<div class=\"elementor-container elementor-column-gap-default\">\n\t\t\t\t\t<div class=\"elementor-column elementor-col-100 elementor-inner-column elementor-element elementor-element-1ccc4c42\" data-id=\"1ccc4c42\" data-element_type=\"column\" data-e-type=\"column\">\n\t\t\t<div class=\"elementor-widget-wrap elementor-element-populated\">\n\t\t\t\t\t\t<div class=\"elementor-element elementor-element-7b3797ad elementor-share-buttons--view-icon elementor-share-buttons--shape-circle elementor-share-buttons--skin-gradient elementor-grid-0 elementor-share-buttons--color-official elementor-widget elementor-widget-share-buttons\" data-id=\"7b3797ad\" data-element_type=\"widget\" data-e-type=\"widget\" data-widget_type=\"share-buttons.default\">\n\t\t\t\t<div class=\"elementor-widget-container\">\n\t\t\t\t\t\t\t<div class=\"elementor-grid\" role=\"list\">\n\t\t\t\t\t\t\t\t<div class=\"elementor-grid-item\" role=\"listitem\">\n\t\t\t\t\t\t<div class=\"elementor-share-btn elementor-share-btn_facebook\" role=\"button\" tabindex=\"0\" aria-label=\"Share on facebook\">\n\t\t\t\t\t\t\t\t\t\t\t\t\t\t\t<span class=\"elementor-share-btn__icon\">\n\t\t\t\t\t\t\t\t<i class=\"fab fa-facebook\" aria-hidden=\"true\"><\/i>\t\t\t\t\t\t\t<\/span>\n\t\t\t\t\t\t\t\t\t\t\t\t\t\t\t\t\t\t\t\t<\/div>\n\t\t\t\t\t<\/div>\n\t\t\t\t\t\t\t\t\t<div class=\"elementor-grid-item\" role=\"listitem\">\n\t\t\t\t\t\t<div class=\"elementor-share-btn elementor-share-btn_twitter\" role=\"button\" tabindex=\"0\" aria-label=\"Share on twitter\">\n\t\t\t\t\t\t\t\t\t\t\t\t\t\t\t<span class=\"elementor-share-btn__icon\">\n\t\t\t\t\t\t\t\t<i class=\"fab fa-twitter\" aria-hidden=\"true\"><\/i>\t\t\t\t\t\t\t<\/span>\n\t\t\t\t\t\t\t\t\t\t\t\t\t\t\t\t\t\t\t\t<\/div>\n\t\t\t\t\t<\/div>\n\t\t\t\t\t\t\t\t\t<div class=\"elementor-grid-item\" role=\"listitem\">\n\t\t\t\t\t\t<div class=\"elementor-share-btn elementor-share-btn_linkedin\" role=\"button\" tabindex=\"0\" aria-label=\"Share on linkedin\">\n\t\t\t\t\t\t\t\t\t\t\t\t\t\t\t<span class=\"elementor-share-btn__icon\">\n\t\t\t\t\t\t\t\t<i class=\"fab fa-linkedin\" aria-hidden=\"true\"><\/i>\t\t\t\t\t\t\t<\/span>\n\t\t\t\t\t\t\t\t\t\t\t\t\t\t\t\t\t\t\t\t<\/div>\n\t\t\t\t\t<\/div>\n\t\t\t\t\t\t<\/div>\n\t\t\t\t\t\t<\/div>\n\t\t\t\t<\/div>\n\t\t\t\t<div class=\"elementor-element elementor-element-4835d278 elementor-widget elementor-widget-text-editor\" data-id=\"4835d278\" data-element_type=\"widget\" data-e-type=\"widget\" data-widget_type=\"text-editor.default\">\n\t\t\t\t<div class=\"elementor-widget-container\">\n\t\t\t\t\t\t\t\t\t<p><strong>La Dra. Mar\u00eda Ang\u00e9lica Sotomayor fue designada para formar parte de esta instancia internacional e independiente, responsable de asesorar a la Unesco y a sus Estados parte frente a los desaf\u00edos \u00e9ticos de la medicina y las ciencias de la vida. Durante cuatro a\u00f1os, la investigadora aportar\u00e1 una perspectiva desde Chile a los debates que hoy forman parte de la agenda bio\u00e9tica global. <\/strong><\/p>\t\t\t\t\t\t\t\t<\/div>\n\t\t\t\t<\/div>\n\t\t\t\t<div class=\"elementor-element elementor-element-671c2d9c elementor-widget elementor-widget-text-editor\" data-id=\"671c2d9c\" data-element_type=\"widget\" data-e-type=\"widget\" data-widget_type=\"text-editor.default\">\n\t\t\t\t<div class=\"elementor-widget-container\">\n\t\t\t\t\t\t\t\t\t<p><span style=\"font-weight: 400;\">Desde 1993, la Unesco cuenta con un Comit\u00e9 Internacional de Bio\u00e9tica (IBC por sus siglas en ingl\u00e9s), un \u00f3rgano asesor independiente e interdisciplinario que re\u00fane a especialistas de diversas regiones del mundo para reflexionar sobre estos temas y proponer orientaciones a los Estados parte.\u00a0<\/span><\/p><p><span style=\"font-weight: 400;\">El trabajo del IBC ha dado origen a los principales instrumentos normativos globales en la materia, como la Declaraci\u00f3n Universal sobre el Genoma Humano y los Derechos Humanos, la Declaraci\u00f3n Internacional sobre los Datos Gen\u00e9ticos Humanos, la Declaraci\u00f3n Universal sobre Bio\u00e9tica y Derechos Humanos y, m\u00e1s recientemente, la Recomendaci\u00f3n sobre la \u00c9tica de la Neurotecnolog\u00eda, adoptada en noviembre de 2025.\u00a0<\/span><\/p><p><span style=\"font-weight: 400;\">En este contexto, la abogada y asesora del Comit\u00e9 de \u00c9tica de la Universidad de Santiago de Chile, Dra. Mar\u00eda Ang\u00e9lica Sotomayor, fue invitada por el director general de la Unesco, Khaled El-Enany, a integrar el IBC por un per\u00edodo de cuatro a\u00f1os, entre 2026 y 2029.\u00a0<\/span><\/p><p><i><span style=\"font-weight: 400;\">\u201cEs un misterio para m\u00ed, porque yo nunca postul\u00e9 a esto. Una no postula, sino que te nombran. No s\u00e9 muy bien de d\u00f3nde sale mi curr\u00edculum, pero cuando llevas tantos a\u00f1os en la academia, escribiendo, participando, al final todos te conocen. No hay una postulaci\u00f3n de por medio, pero s\u00ed hay una conexi\u00f3n: en el mundo de la bio\u00e9tica, al final, todos nos conocemos\u201d, <\/span><\/i><span style=\"font-weight: 400;\">cuenta Sotomayor.\u00a0<\/span><\/p><p><i><span style=\"font-weight: 400;\">\u201cMe siento muy honrada de que me hayan elegido\u201d, <\/span><\/i><span style=\"font-weight: 400;\">se\u00f1ala la docente, quien reconoce que la noticia tard\u00f3 varios meses en confirmarse: supo oficialmente que asumir\u00eda el cargo reci\u00e9n el \u00faltimo d\u00eda de julio de este a\u00f1o.\u00a0<\/span><\/p><p><span style=\"font-weight: 400;\">Sotomayor asumir\u00e1 su puesto el 30 de septiembre, coincidiendo con la conferencia mundial en la que se aprobar\u00e1 el pr\u00f3ximo tema de trabajo del comit\u00e9: el envejecimiento. <\/span><i><span style=\"font-weight: 400;\">\u201cEse va a ser el foco que se apruebe en septiembre en la conferencia mundial\u201d, <\/span><\/i><span style=\"font-weight: 400;\">explica. Su participaci\u00f3n activa comenzar\u00e1 con el nuevo ciclo de trabajo, ya que el actual, centrado en el envejecimiento, la biolog\u00eda sint\u00e9tica y la salud mental juvenil en entornos digitales, entre otros temas, est\u00e1 por cerrarse.<\/span><\/p><p><span style=\"font-weight: 400;\">Para la asesora, esta experiencia internacional tambi\u00e9n fortalece el trabajo que se desarrolla en Chile. Adem\u00e1s de integrar el Comit\u00e9 de \u00c9tica Institucional de la Usach, participa en el comit\u00e9 editorial de la Universidad y en la organizaci\u00f3n del congreso de bio\u00e9tica de la Usach. \u201cTodo eso suma, es como el sustrato intelectual\u201d, resume.\u00a0<\/span><\/p><p><span style=\"font-weight: 400;\">Al respecto, la vicerrectora de Investigaci\u00f3n, Innovaci\u00f3n y Creaci\u00f3n, Dra. Andrea Mahn, destac\u00f3 el impacto de este nombramiento para la Universidad. <\/span><i><span style=\"font-weight: 400;\">\u201cLa incorporaci\u00f3n de una asesora vinculada a la Usach al Comit\u00e9 Internacional de Bio\u00e9tica de la Unesco fortalece la presencia institucional en espacios internacionales donde se abordan los grandes desaf\u00edos de la ciencia a nivel global en un marco de derechos. Este reconocimiento es un reflejo del trabajo que desarrollamos apegado a la excelencia y del compromiso de nuestra comunidad acad\u00e9mica. Reafirma adem\u00e1s la importancia de seguir apoyando las trayectorias que contribuyen al desarrollo de una investigaci\u00f3n responsable, con vocaci\u00f3n p\u00fablica e impacto en la sociedad\u201d, <\/span><\/i><span style=\"font-weight: 400;\">se\u00f1al\u00f3.\u00a0<\/span><\/p><p><span style=\"font-weight: 400;\">Por su parte, el Dr. Jairo Vanegas, presidente del Comit\u00e9 de \u00c9tica Institucional de la Usach y quien dio a conocer el nombramiento, destac\u00f3 la relevancia de esta designaci\u00f3n para el trabajo que desarrolla la instancia. <\/span><i><span style=\"font-weight: 400;\">\u201cLa incorporaci\u00f3n de la profesora Mar\u00eda Ang\u00e9lica Sotomayor al Comit\u00e9 Internacional de Bio\u00e9tica de la Unesco representa un reconocimiento a su trayectoria y, al mismo tiempo, fortalece el trabajo que realizamos como Comit\u00e9. Su experiencia permitir\u00e1 generar nuevos aprendizajes y enriquecer la reflexi\u00f3n institucional en torno a los desaf\u00edos \u00e9ticos que enfrenta actualmente la investigaci\u00f3n\u201d, <\/span><\/i><span style=\"font-weight: 400;\">se\u00f1al\u00f3.\u00a0<\/span><\/p><p><i><span style=\"font-weight: 400;\">\u201cYo soy una persona modesta. Hay colegas con curr\u00edculums enormes, as\u00ed que me siento muy honrada de que me hayan considerado a m\u00ed\u201d<\/span><\/i><span style=\"font-weight: 400;\">, concluye Sotomayor, quien asegura que asume el nuevo cargo con <\/span><i><span style=\"font-weight: 400;\">\u201cmucha responsabilidad\u201d.<\/span><\/i><\/p><p><em>Por Juan Betancur<\/em><br \/><em>Fotograf\u00eda: Cedida<\/em><\/p>\t\t\t\t\t\t\t\t<\/div>\n\t\t\t\t<\/div>\n\t\t\t\t\t<\/div>\n\t\t<\/div>\n\t\t\t\t\t<\/div>\n\t\t<\/section>\n\t\t\t\t\t<\/div>\n\t\t<\/div>\n\t\t\t\t\t<\/div>\n\t\t<\/section>\n\t\t\t\t<\/div>\n\t\t","protected":false},"excerpt":{"rendered":"<p>La Dra. Mar\u00eda Ang\u00e9lica Sotomayor fue designada para formar parte de esta instancia internacional e independiente, responsable de asesorar a la Unesco y a sus Estados parte frente a los desaf\u00edos \u00e9ticos de la medicina y las ciencias de la vida. Durante cuatro a\u00f1os, la investigadora aportar\u00e1 una perspectiva desde Chile a los debates que hoy forman parte de la agenda bio\u00e9tica global. Desde 1993, la Unesco cuenta con un Comit\u00e9 Internacional de Bio\u00e9tica (IBC por sus siglas en ingl\u00e9s), un \u00f3rgano asesor independiente e interdisciplinario que re\u00fane a especialistas de diversas regiones del mundo para reflexionar sobre estos temas y proponer orientaciones a los Estados parte.\u00a0 El trabajo del IBC ha dado origen a los principales instrumentos normativos globales en la materia, como la Declaraci\u00f3n Universal sobre el Genoma Humano y los Derechos Humanos, la Declaraci\u00f3n Internacional sobre los Datos Gen\u00e9ticos Humanos, la Declaraci\u00f3n Universal sobre Bio\u00e9tica y Derechos Humanos y, m\u00e1s recientemente, la Recomendaci\u00f3n sobre la \u00c9tica de la Neurotecnolog\u00eda, adoptada en noviembre de 2025.\u00a0 En este contexto, la abogada y asesora del Comit\u00e9 de \u00c9tica de la Universidad de Santiago de Chile, Dra. Mar\u00eda Ang\u00e9lica Sotomayor, fue invitada por el director general de la Unesco, Khaled El-Enany, a integrar el IBC por un per\u00edodo de cuatro a\u00f1os, entre 2026 y 2029.\u00a0 \u201cEs un misterio para m\u00ed, porque yo nunca postul\u00e9 a esto. Una no postula, sino que te nombran. No s\u00e9 muy bien de d\u00f3nde sale mi curr\u00edculum, pero cuando llevas tantos a\u00f1os en la academia, escribiendo, participando, al final todos te conocen. No hay una postulaci\u00f3n de por medio, pero s\u00ed hay una conexi\u00f3n: en el mundo de la bio\u00e9tica, al final, todos nos conocemos\u201d, cuenta Sotomayor.\u00a0 \u201cMe siento muy honrada de que me hayan elegido\u201d, se\u00f1ala la docente, quien reconoce que la noticia tard\u00f3 varios meses en confirmarse: supo oficialmente que asumir\u00eda el cargo reci\u00e9n el \u00faltimo d\u00eda de julio de este a\u00f1o.\u00a0 Sotomayor asumir\u00e1 su puesto el 30 de septiembre, coincidiendo con la conferencia mundial en la que se aprobar\u00e1 el pr\u00f3ximo tema de trabajo del comit\u00e9: el envejecimiento. \u201cEse va a ser el foco que se apruebe en septiembre en la conferencia mundial\u201d, explica. Su participaci\u00f3n activa comenzar\u00e1 con el nuevo ciclo de trabajo, ya que el actual, centrado en el envejecimiento, la biolog\u00eda sint\u00e9tica y la salud mental juvenil en entornos digitales, entre otros temas, est\u00e1 por cerrarse. Para la asesora, esta experiencia internacional tambi\u00e9n fortalece el trabajo que se desarrolla en Chile. Adem\u00e1s de integrar el Comit\u00e9 de \u00c9tica Institucional de la Usach, participa en el comit\u00e9 editorial de la Universidad y en la organizaci\u00f3n del congreso de bio\u00e9tica de la Usach. \u201cTodo eso suma, es como el sustrato intelectual\u201d, resume.\u00a0 Al respecto, la vicerrectora de Investigaci\u00f3n, Innovaci\u00f3n y Creaci\u00f3n, Dra. Andrea Mahn, destac\u00f3 el impacto de este nombramiento para la Universidad. \u201cLa incorporaci\u00f3n de una asesora vinculada a la Usach al Comit\u00e9 Internacional de Bio\u00e9tica de la Unesco fortalece la presencia institucional en espacios internacionales donde se abordan los grandes desaf\u00edos de la ciencia a nivel global en un marco de derechos. Este reconocimiento es un reflejo del trabajo que desarrollamos apegado a la excelencia y del compromiso de nuestra comunidad acad\u00e9mica. Reafirma adem\u00e1s la importancia de seguir apoyando las trayectorias que contribuyen al desarrollo de una investigaci\u00f3n responsable, con vocaci\u00f3n p\u00fablica e impacto en la sociedad\u201d, se\u00f1al\u00f3.\u00a0 Por su parte, el Dr. Jairo Vanegas, presidente del Comit\u00e9 de \u00c9tica Institucional de la Usach y quien dio a conocer el nombramiento, destac\u00f3 la relevancia de esta designaci\u00f3n para el trabajo que desarrolla la instancia. \u201cLa incorporaci\u00f3n de la profesora Mar\u00eda Ang\u00e9lica Sotomayor al Comit\u00e9 Internacional de Bio\u00e9tica de la Unesco representa un reconocimiento a su trayectoria y, al mismo tiempo, fortalece el trabajo que realizamos como Comit\u00e9. Su experiencia permitir\u00e1 generar nuevos aprendizajes y enriquecer la reflexi\u00f3n institucional en torno a los desaf\u00edos \u00e9ticos que enfrenta actualmente la investigaci\u00f3n\u201d, se\u00f1al\u00f3.\u00a0 \u201cYo soy una persona modesta. Hay colegas con curr\u00edculums enormes, as\u00ed que me siento muy honrada de que me hayan considerado a m\u00ed\u201d, concluye Sotomayor, quien asegura que asume el nuevo cargo con \u201cmucha responsabilidad\u201d. Por Juan BetancurFotograf\u00eda: Cedida<\/p>\n","protected":false},"author":1,"featured_media":23444,"comment_status":"closed","ping_status":"closed","sticky":false,"template":"","format":"standard","meta":{"inline_featured_image":false,"_monsterinsights_skip_tracking":false,"site-sidebar-layout":"default","site-content-layout":"","ast-site-content-layout":"default","site-content-style":"default","site-sidebar-style":"default","ast-global-header-display":"","ast-banner-title-visibility":"","ast-main-header-display":"","ast-hfb-above-header-display":"","ast-hfb-below-header-display":"","ast-hfb-mobile-header-display":"","site-post-title":"","ast-breadcrumbs-content":"","ast-featured-img":"","footer-sml-layout":"","ast-disable-related-posts":"","theme-transparent-header-meta":"","adv-header-id-meta":"","stick-header-meta":"","header-above-stick-meta":"","header-main-stick-meta":"","header-below-stick-meta":"","astra-migrate-meta-layouts":"set","ast-page-background-enabled":"default","ast-page-background-meta":{"desktop":{"background-color":"","background-image":"","background-repeat":"repeat","background-position":"center center","background-size":"auto","background-attachment":"scroll","background-type":"","background-media":"","overlay-type":"","overlay-color":"","overlay-opacity":"","overlay-gradient":""},"tablet":{"background-color":"","background-image":"","background-repeat":"repeat","background-position":"center center","background-size":"auto","background-attachment":"scroll","background-type":"","background-media":"","overlay-type":"","overlay-color":"","overlay-opacity":"","overlay-gradient":""},"mobile":{"background-color":"","background-image":"","background-repeat":"repeat","background-position":"center center","background-size":"auto","background-attachment":"scroll","background-type":"","background-media":"","overlay-type":"","overlay-color":"","overlay-opacity":"","overlay-gradient":""}},"ast-content-background-meta":{"desktop":{"background-color":"var(--ast-global-color-5)","background-image":"","background-repeat":"repeat","background-position":"center center","background-size":"auto","background-attachment":"scroll","background-type":"","background-media":"","overlay-type":"","overlay-color":"","overlay-opacity":"","overlay-gradient":""},"tablet":{"background-color":"var(--ast-global-color-5)","background-image":"","background-repeat":"repeat","background-position":"center center","background-size":"auto","background-attachment":"scroll","background-type":"","background-media":"","overlay-type":"","overlay-color":"","overlay-opacity":"","overlay-gradient":""},"mobile":{"background-color":"var(--ast-global-color-5)","background-image":"","background-repeat":"repeat","background-position":"center center","background-size":"auto","background-attachment":"scroll","background-type":"","background-media":"","overlay-type":"","overlay-color":"","overlay-opacity":"","overlay-gradient":""}},"footnotes":""},"categories":[9,8],"tags":[63],"class_list":["post-23437","post","type-post","status-publish","format-standard","has-post-thumbnail","hentry","category-desarrollo","category-investigacion","tag-mujeres-en-ciencia"],"yoast_head":"<!-- This site is optimized with the Yoast SEO plugin v28.0 - https:\/\/yoast.com\/product\/yoast-seo-wordpress\/ -->\n<title>Usach presente en el Comit\u00e9 Internacional de Bio\u00e9tica de la Unesco - VRIIC<\/title>\n<meta name=\"robots\" content=\"index, follow, max-snippet:-1, max-image-preview:large, max-video-preview:-1\" \/>\n<link rel=\"canonical\" href=\"https:\/\/vriic.usach.cl\/index.php\/usach-presente-en-el-comite-internacional-de-bioetica-de-la-unesco\/\" \/>\n<meta property=\"og:locale\" content=\"es_ES\" \/>\n<meta property=\"og:type\" content=\"article\" \/>\n<meta property=\"og:title\" content=\"Usach presente en el Comit\u00e9 Internacional de Bio\u00e9tica de la Unesco - VRIIC\" \/>\n<meta property=\"og:description\" content=\"La Dra. Mar\u00eda Ang\u00e9lica Sotomayor fue designada para formar parte de esta instancia internacional e independiente, responsable de asesorar a la Unesco y a sus Estados parte frente a los desaf\u00edos \u00e9ticos de la medicina y las ciencias de la vida. Durante cuatro a\u00f1os, la investigadora aportar\u00e1 una perspectiva desde Chile a los debates que hoy forman parte de la agenda bio\u00e9tica global. Desde 1993, la Unesco cuenta con un Comit\u00e9 Internacional de Bio\u00e9tica (IBC por sus siglas en ingl\u00e9s), un \u00f3rgano asesor independiente e interdisciplinario que re\u00fane a especialistas de diversas regiones del mundo para reflexionar sobre estos temas y proponer orientaciones a los Estados parte.\u00a0 El trabajo del IBC ha dado origen a los principales instrumentos normativos globales en la materia, como la Declaraci\u00f3n Universal sobre el Genoma Humano y los Derechos Humanos, la Declaraci\u00f3n Internacional sobre los Datos Gen\u00e9ticos Humanos, la Declaraci\u00f3n Universal sobre Bio\u00e9tica y Derechos Humanos y, m\u00e1s recientemente, la Recomendaci\u00f3n sobre la \u00c9tica de la Neurotecnolog\u00eda, adoptada en noviembre de 2025.\u00a0 En este contexto, la abogada y asesora del Comit\u00e9 de \u00c9tica de la Universidad de Santiago de Chile, Dra. Mar\u00eda Ang\u00e9lica Sotomayor, fue invitada por el director general de la Unesco, Khaled El-Enany, a integrar el IBC por un per\u00edodo de cuatro a\u00f1os, entre 2026 y 2029.\u00a0 \u201cEs un misterio para m\u00ed, porque yo nunca postul\u00e9 a esto. Una no postula, sino que te nombran. No s\u00e9 muy bien de d\u00f3nde sale mi curr\u00edculum, pero cuando llevas tantos a\u00f1os en la academia, escribiendo, participando, al final todos te conocen. No hay una postulaci\u00f3n de por medio, pero s\u00ed hay una conexi\u00f3n: en el mundo de la bio\u00e9tica, al final, todos nos conocemos\u201d, cuenta Sotomayor.\u00a0 \u201cMe siento muy honrada de que me hayan elegido\u201d, se\u00f1ala la docente, quien reconoce que la noticia tard\u00f3 varios meses en confirmarse: supo oficialmente que asumir\u00eda el cargo reci\u00e9n el \u00faltimo d\u00eda de julio de este a\u00f1o.\u00a0 Sotomayor asumir\u00e1 su puesto el 30 de septiembre, coincidiendo con la conferencia mundial en la que se aprobar\u00e1 el pr\u00f3ximo tema de trabajo del comit\u00e9: el envejecimiento. \u201cEse va a ser el foco que se apruebe en septiembre en la conferencia mundial\u201d, explica. Su participaci\u00f3n activa comenzar\u00e1 con el nuevo ciclo de trabajo, ya que el actual, centrado en el envejecimiento, la biolog\u00eda sint\u00e9tica y la salud mental juvenil en entornos digitales, entre otros temas, est\u00e1 por cerrarse. Para la asesora, esta experiencia internacional tambi\u00e9n fortalece el trabajo que se desarrolla en Chile. Adem\u00e1s de integrar el Comit\u00e9 de \u00c9tica Institucional de la Usach, participa en el comit\u00e9 editorial de la Universidad y en la organizaci\u00f3n del congreso de bio\u00e9tica de la Usach. \u201cTodo eso suma, es como el sustrato intelectual\u201d, resume.\u00a0 Al respecto, la vicerrectora de Investigaci\u00f3n, Innovaci\u00f3n y Creaci\u00f3n, Dra. Andrea Mahn, destac\u00f3 el impacto de este nombramiento para la Universidad. \u201cLa incorporaci\u00f3n de una asesora vinculada a la Usach al Comit\u00e9 Internacional de Bio\u00e9tica de la Unesco fortalece la presencia institucional en espacios internacionales donde se abordan los grandes desaf\u00edos de la ciencia a nivel global en un marco de derechos. Este reconocimiento es un reflejo del trabajo que desarrollamos apegado a la excelencia y del compromiso de nuestra comunidad acad\u00e9mica. Reafirma adem\u00e1s la importancia de seguir apoyando las trayectorias que contribuyen al desarrollo de una investigaci\u00f3n responsable, con vocaci\u00f3n p\u00fablica e impacto en la sociedad\u201d, se\u00f1al\u00f3.\u00a0 Por su parte, el Dr. Jairo Vanegas, presidente del Comit\u00e9 de \u00c9tica Institucional de la Usach y quien dio a conocer el nombramiento, destac\u00f3 la relevancia de esta designaci\u00f3n para el trabajo que desarrolla la instancia. \u201cLa incorporaci\u00f3n de la profesora Mar\u00eda Ang\u00e9lica Sotomayor al Comit\u00e9 Internacional de Bio\u00e9tica de la Unesco representa un reconocimiento a su trayectoria y, al mismo tiempo, fortalece el trabajo que realizamos como Comit\u00e9. Su experiencia permitir\u00e1 generar nuevos aprendizajes y enriquecer la reflexi\u00f3n institucional en torno a los desaf\u00edos \u00e9ticos que enfrenta actualmente la investigaci\u00f3n\u201d, se\u00f1al\u00f3.\u00a0 \u201cYo soy una persona modesta. Hay colegas con curr\u00edculums enormes, as\u00ed que me siento muy honrada de que me hayan considerado a m\u00ed\u201d, concluye Sotomayor, quien asegura que asume el nuevo cargo con \u201cmucha responsabilidad\u201d. Por Juan BetancurFotograf\u00eda: Cedida\" \/>\n<meta property=\"og:url\" content=\"https:\/\/vriic.usach.cl\/index.php\/usach-presente-en-el-comite-internacional-de-bioetica-de-la-unesco\/\" \/>\n<meta property=\"og:site_name\" content=\"VRIIC\" \/>\n<meta property=\"article:published_time\" content=\"2026-09-04T19:28:22+00:00\" \/>\n<meta property=\"article:modified_time\" content=\"2026-09-04T19:43:05+00:00\" \/>\n<meta property=\"og:image\" content=\"http:\/\/vriic.usach.cl\/wp-content\/uploads\/2026\/09\/Noticias-1100-x-363-px-7.png\" \/>\n\t<meta property=\"og:image:width\" content=\"1100\" \/>\n\t<meta property=\"og:image:height\" content=\"363\" \/>\n\t<meta property=\"og:image:type\" content=\"image\/png\" \/>\n<meta name=\"author\" content=\"Comunicaciones VRIIC\" \/>\n<meta name=\"twitter:card\" content=\"summary_large_image\" \/>\n<meta name=\"twitter:label1\" content=\"Escrito por\" \/>\n\t<meta name=\"twitter:data1\" content=\"Comunicaciones VRIIC\" \/>\n\t<meta name=\"twitter:label2\" content=\"Tiempo estimado de lectura\" \/>\n\t<meta name=\"twitter:data2\" content=\"4 minutos\" \/>\n<script type=\"application\/ld+json\" class=\"yoast-schema-graph\">{\"@context\":\"https:\\\/\\\/schema.org\",\"@graph\":[{\"@type\":\"Article\",\"@id\":\"https:\\\/\\\/vriic.usach.cl\\\/index.php\\\/usach-presente-en-el-comite-internacional-de-bioetica-de-la-unesco\\\/#article\",\"isPartOf\":{\"@id\":\"https:\\\/\\\/vriic.usach.cl\\\/index.php\\\/usach-presente-en-el-comite-internacional-de-bioetica-de-la-unesco\\\/\"},\"author\":{\"name\":\"Comunicaciones VRIIC\",\"@id\":\"https:\\\/\\\/vriic.usach.cl\\\/#\\\/schema\\\/person\\\/7445abf7c84e3726508476493e702b11\"},\"headline\":\"Usach presente en el Comit\u00e9 Internacional de Bio\u00e9tica de la Unesco\",\"datePublished\":\"2026-09-04T19:28:22+00:00\",\"dateModified\":\"2026-09-04T19:43:05+00:00\",\"mainEntityOfPage\":{\"@id\":\"https:\\\/\\\/vriic.usach.cl\\\/index.php\\\/usach-presente-en-el-comite-internacional-de-bioetica-de-la-unesco\\\/\"},\"wordCount\":759,\"publisher\":{\"@id\":\"https:\\\/\\\/vriic.usach.cl\\\/#organization\"},\"image\":{\"@id\":\"https:\\\/\\\/vriic.usach.cl\\\/index.php\\\/usach-presente-en-el-comite-internacional-de-bioetica-de-la-unesco\\\/#primaryimage\"},\"thumbnailUrl\":\"https:\\\/\\\/vriic.usach.cl\\\/wp-content\\\/uploads\\\/2026\\\/09\\\/Noticias-1100-x-363-px-7.png\",\"keywords\":[\"mujeres en ciencia\"],\"articleSection\":[\"Desarrollo\",\"Investigaci\u00f3n\"],\"inLanguage\":\"es-CL\"},{\"@type\":\"WebPage\",\"@id\":\"https:\\\/\\\/vriic.usach.cl\\\/index.php\\\/usach-presente-en-el-comite-internacional-de-bioetica-de-la-unesco\\\/\",\"url\":\"https:\\\/\\\/vriic.usach.cl\\\/index.php\\\/usach-presente-en-el-comite-internacional-de-bioetica-de-la-unesco\\\/\",\"name\":\"Usach presente en el Comit\u00e9 Internacional de Bio\u00e9tica de la Unesco - VRIIC\",\"isPartOf\":{\"@id\":\"https:\\\/\\\/vriic.usach.cl\\\/#website\"},\"primaryImageOfPage\":{\"@id\":\"https:\\\/\\\/vriic.usach.cl\\\/index.php\\\/usach-presente-en-el-comite-internacional-de-bioetica-de-la-unesco\\\/#primaryimage\"},\"image\":{\"@id\":\"https:\\\/\\\/vriic.usach.cl\\\/index.php\\\/usach-presente-en-el-comite-internacional-de-bioetica-de-la-unesco\\\/#primaryimage\"},\"thumbnailUrl\":\"https:\\\/\\\/vriic.usach.cl\\\/wp-content\\\/uploads\\\/2026\\\/09\\\/Noticias-1100-x-363-px-7.png\",\"datePublished\":\"2026-09-04T19:28:22+00:00\",\"dateModified\":\"2026-09-04T19:43:05+00:00\",\"breadcrumb\":{\"@id\":\"https:\\\/\\\/vriic.usach.cl\\\/index.php\\\/usach-presente-en-el-comite-internacional-de-bioetica-de-la-unesco\\\/#breadcrumb\"},\"inLanguage\":\"es-CL\",\"potentialAction\":[{\"@type\":\"ReadAction\",\"target\":[\"https:\\\/\\\/vriic.usach.cl\\\/index.php\\\/usach-presente-en-el-comite-internacional-de-bioetica-de-la-unesco\\\/\"]}]},{\"@type\":\"ImageObject\",\"inLanguage\":\"es-CL\",\"@id\":\"https:\\\/\\\/vriic.usach.cl\\\/index.php\\\/usach-presente-en-el-comite-internacional-de-bioetica-de-la-unesco\\\/#primaryimage\",\"url\":\"https:\\\/\\\/vriic.usach.cl\\\/wp-content\\\/uploads\\\/2026\\\/09\\\/Noticias-1100-x-363-px-7.png\",\"contentUrl\":\"https:\\\/\\\/vriic.usach.cl\\\/wp-content\\\/uploads\\\/2026\\\/09\\\/Noticias-1100-x-363-px-7.png\",\"width\":1100,\"height\":363},{\"@type\":\"BreadcrumbList\",\"@id\":\"https:\\\/\\\/vriic.usach.cl\\\/index.php\\\/usach-presente-en-el-comite-internacional-de-bioetica-de-la-unesco\\\/#breadcrumb\",\"itemListElement\":[{\"@type\":\"ListItem\",\"position\":1,\"name\":\"Portada\",\"item\":\"https:\\\/\\\/vriic.usach.cl\\\/\"},{\"@type\":\"ListItem\",\"position\":2,\"name\":\"Usach presente en el Comit\u00e9 Internacional de Bio\u00e9tica de la Unesco\"}]},{\"@type\":\"WebSite\",\"@id\":\"https:\\\/\\\/vriic.usach.cl\\\/#website\",\"url\":\"https:\\\/\\\/vriic.usach.cl\\\/\",\"name\":\"VRIIC\",\"description\":\"Vicerrector\u00eda de Investigaci\u00f3n, Innovaci\u00f3n y Creaci\u00f3n\",\"publisher\":{\"@id\":\"https:\\\/\\\/vriic.usach.cl\\\/#organization\"},\"potentialAction\":[{\"@type\":\"SearchAction\",\"target\":{\"@type\":\"EntryPoint\",\"urlTemplate\":\"https:\\\/\\\/vriic.usach.cl\\\/?s={search_term_string}\"},\"query-input\":{\"@type\":\"PropertyValueSpecification\",\"valueRequired\":true,\"valueName\":\"search_term_string\"}}],\"inLanguage\":\"es-CL\"},{\"@type\":\"Organization\",\"@id\":\"https:\\\/\\\/vriic.usach.cl\\\/#organization\",\"name\":\"VRIIC\",\"url\":\"https:\\\/\\\/vriic.usach.cl\\\/\",\"logo\":{\"@type\":\"ImageObject\",\"inLanguage\":\"es-CL\",\"@id\":\"https:\\\/\\\/vriic.usach.cl\\\/#\\\/schema\\\/logo\\\/image\\\/\",\"url\":\"https:\\\/\\\/vriic.usach.cl\\\/wp-content\\\/uploads\\\/2024\\\/05\\\/cropped-HISTORIA-C-min-1.png\",\"contentUrl\":\"https:\\\/\\\/vriic.usach.cl\\\/wp-content\\\/uploads\\\/2024\\\/05\\\/cropped-HISTORIA-C-min-1.png\",\"width\":966,\"height\":228,\"caption\":\"VRIIC\"},\"image\":{\"@id\":\"https:\\\/\\\/vriic.usach.cl\\\/#\\\/schema\\\/logo\\\/image\\\/\"}},{\"@type\":\"Person\",\"@id\":\"https:\\\/\\\/vriic.usach.cl\\\/#\\\/schema\\\/person\\\/7445abf7c84e3726508476493e702b11\",\"name\":\"Comunicaciones VRIIC\",\"image\":{\"@type\":\"ImageObject\",\"inLanguage\":\"es-CL\",\"@id\":\"https:\\\/\\\/secure.gravatar.com\\\/avatar\\\/a059dbff38f4b6242f148cadb92d0b1baec305d7378c7081c16c798f88d9af47?s=96&d=mm&r=g\",\"url\":\"https:\\\/\\\/secure.gravatar.com\\\/avatar\\\/a059dbff38f4b6242f148cadb92d0b1baec305d7378c7081c16c798f88d9af47?s=96&d=mm&r=g\",\"contentUrl\":\"https:\\\/\\\/secure.gravatar.com\\\/avatar\\\/a059dbff38f4b6242f148cadb92d0b1baec305d7378c7081c16c798f88d9af47?s=96&d=mm&r=g\",\"caption\":\"Comunicaciones VRIIC\"},\"sameAs\":[\"http:\\\/\\\/158.170.66.230\"],\"url\":\"https:\\\/\\\/vriic.usach.cl\\\/index.php\\\/author\\\/adminvridei\\\/\"}]}<\/script>\n<!-- \/ Yoast SEO plugin. -->","yoast_head_json":{"title":"Usach presente en el Comit\u00e9 Internacional de Bio\u00e9tica de la Unesco - VRIIC","robots":{"index":"index","follow":"follow","max-snippet":"max-snippet:-1","max-image-preview":"max-image-preview:large","max-video-preview":"max-video-preview:-1"},"canonical":"https:\/\/vriic.usach.cl\/index.php\/usach-presente-en-el-comite-internacional-de-bioetica-de-la-unesco\/","og_locale":"es_ES","og_type":"article","og_title":"Usach presente en el Comit\u00e9 Internacional de Bio\u00e9tica de la Unesco - VRIIC","og_description":"La Dra. Mar\u00eda Ang\u00e9lica Sotomayor fue designada para formar parte de esta instancia internacional e independiente, responsable de asesorar a la Unesco y a sus Estados parte frente a los desaf\u00edos \u00e9ticos de la medicina y las ciencias de la vida. Durante cuatro a\u00f1os, la investigadora aportar\u00e1 una perspectiva desde Chile a los debates que hoy forman parte de la agenda bio\u00e9tica global. Desde 1993, la Unesco cuenta con un Comit\u00e9 Internacional de Bio\u00e9tica (IBC por sus siglas en ingl\u00e9s), un \u00f3rgano asesor independiente e interdisciplinario que re\u00fane a especialistas de diversas regiones del mundo para reflexionar sobre estos temas y proponer orientaciones a los Estados parte.\u00a0 El trabajo del IBC ha dado origen a los principales instrumentos normativos globales en la materia, como la Declaraci\u00f3n Universal sobre el Genoma Humano y los Derechos Humanos, la Declaraci\u00f3n Internacional sobre los Datos Gen\u00e9ticos Humanos, la Declaraci\u00f3n Universal sobre Bio\u00e9tica y Derechos Humanos y, m\u00e1s recientemente, la Recomendaci\u00f3n sobre la \u00c9tica de la Neurotecnolog\u00eda, adoptada en noviembre de 2025.\u00a0 En este contexto, la abogada y asesora del Comit\u00e9 de \u00c9tica de la Universidad de Santiago de Chile, Dra. Mar\u00eda Ang\u00e9lica Sotomayor, fue invitada por el director general de la Unesco, Khaled El-Enany, a integrar el IBC por un per\u00edodo de cuatro a\u00f1os, entre 2026 y 2029.\u00a0 \u201cEs un misterio para m\u00ed, porque yo nunca postul\u00e9 a esto. Una no postula, sino que te nombran. No s\u00e9 muy bien de d\u00f3nde sale mi curr\u00edculum, pero cuando llevas tantos a\u00f1os en la academia, escribiendo, participando, al final todos te conocen. No hay una postulaci\u00f3n de por medio, pero s\u00ed hay una conexi\u00f3n: en el mundo de la bio\u00e9tica, al final, todos nos conocemos\u201d, cuenta Sotomayor.\u00a0 \u201cMe siento muy honrada de que me hayan elegido\u201d, se\u00f1ala la docente, quien reconoce que la noticia tard\u00f3 varios meses en confirmarse: supo oficialmente que asumir\u00eda el cargo reci\u00e9n el \u00faltimo d\u00eda de julio de este a\u00f1o.\u00a0 Sotomayor asumir\u00e1 su puesto el 30 de septiembre, coincidiendo con la conferencia mundial en la que se aprobar\u00e1 el pr\u00f3ximo tema de trabajo del comit\u00e9: el envejecimiento. \u201cEse va a ser el foco que se apruebe en septiembre en la conferencia mundial\u201d, explica. Su participaci\u00f3n activa comenzar\u00e1 con el nuevo ciclo de trabajo, ya que el actual, centrado en el envejecimiento, la biolog\u00eda sint\u00e9tica y la salud mental juvenil en entornos digitales, entre otros temas, est\u00e1 por cerrarse. Para la asesora, esta experiencia internacional tambi\u00e9n fortalece el trabajo que se desarrolla en Chile. Adem\u00e1s de integrar el Comit\u00e9 de \u00c9tica Institucional de la Usach, participa en el comit\u00e9 editorial de la Universidad y en la organizaci\u00f3n del congreso de bio\u00e9tica de la Usach. \u201cTodo eso suma, es como el sustrato intelectual\u201d, resume.\u00a0 Al respecto, la vicerrectora de Investigaci\u00f3n, Innovaci\u00f3n y Creaci\u00f3n, Dra. Andrea Mahn, destac\u00f3 el impacto de este nombramiento para la Universidad. \u201cLa incorporaci\u00f3n de una asesora vinculada a la Usach al Comit\u00e9 Internacional de Bio\u00e9tica de la Unesco fortalece la presencia institucional en espacios internacionales donde se abordan los grandes desaf\u00edos de la ciencia a nivel global en un marco de derechos. Este reconocimiento es un reflejo del trabajo que desarrollamos apegado a la excelencia y del compromiso de nuestra comunidad acad\u00e9mica. Reafirma adem\u00e1s la importancia de seguir apoyando las trayectorias que contribuyen al desarrollo de una investigaci\u00f3n responsable, con vocaci\u00f3n p\u00fablica e impacto en la sociedad\u201d, se\u00f1al\u00f3.\u00a0 Por su parte, el Dr. Jairo Vanegas, presidente del Comit\u00e9 de \u00c9tica Institucional de la Usach y quien dio a conocer el nombramiento, destac\u00f3 la relevancia de esta designaci\u00f3n para el trabajo que desarrolla la instancia. \u201cLa incorporaci\u00f3n de la profesora Mar\u00eda Ang\u00e9lica Sotomayor al Comit\u00e9 Internacional de Bio\u00e9tica de la Unesco representa un reconocimiento a su trayectoria y, al mismo tiempo, fortalece el trabajo que realizamos como Comit\u00e9. Su experiencia permitir\u00e1 generar nuevos aprendizajes y enriquecer la reflexi\u00f3n institucional en torno a los desaf\u00edos \u00e9ticos que enfrenta actualmente la investigaci\u00f3n\u201d, se\u00f1al\u00f3.\u00a0 \u201cYo soy una persona modesta. Hay colegas con curr\u00edculums enormes, as\u00ed que me siento muy honrada de que me hayan considerado a m\u00ed\u201d, concluye Sotomayor, quien asegura que asume el nuevo cargo con \u201cmucha responsabilidad\u201d. Por Juan BetancurFotograf\u00eda: Cedida","og_url":"https:\/\/vriic.usach.cl\/index.php\/usach-presente-en-el-comite-internacional-de-bioetica-de-la-unesco\/","og_site_name":"VRIIC","article_published_time":"2026-09-04T19:28:22+00:00","article_modified_time":"2026-09-04T19:43:05+00:00","og_image":[{"width":1100,"height":363,"url":"http:\/\/vriic.usach.cl\/wp-content\/uploads\/2026\/09\/Noticias-1100-x-363-px-7.png","type":"image\/png"}],"author":"Comunicaciones VRIIC","twitter_card":"summary_large_image","twitter_misc":{"Escrito por":"Comunicaciones VRIIC","Tiempo estimado de lectura":"4 minutos"},"schema":{"@context":"https:\/\/schema.org","@graph":[{"@type":"Article","@id":"https:\/\/vriic.usach.cl\/index.php\/usach-presente-en-el-comite-internacional-de-bioetica-de-la-unesco\/#article","isPartOf":{"@id":"https:\/\/vriic.usach.cl\/index.php\/usach-presente-en-el-comite-internacional-de-bioetica-de-la-unesco\/"},"author":{"name":"Comunicaciones VRIIC","@id":"https:\/\/vriic.usach.cl\/#\/schema\/person\/7445abf7c84e3726508476493e702b11"},"headline":"Usach presente en el Comit\u00e9 Internacional de Bio\u00e9tica de la Unesco","datePublished":"2026-09-04T19:28:22+00:00","dateModified":"2026-09-04T19:43:05+00:00","mainEntityOfPage":{"@id":"https:\/\/vriic.usach.cl\/index.php\/usach-presente-en-el-comite-internacional-de-bioetica-de-la-unesco\/"},"wordCount":759,"publisher":{"@id":"https:\/\/vriic.usach.cl\/#organization"},"image":{"@id":"https:\/\/vriic.usach.cl\/index.php\/usach-presente-en-el-comite-internacional-de-bioetica-de-la-unesco\/#primaryimage"},"thumbnailUrl":"https:\/\/vriic.usach.cl\/wp-content\/uploads\/2026\/09\/Noticias-1100-x-363-px-7.png","keywords":["mujeres en ciencia"],"articleSection":["Desarrollo","Investigaci\u00f3n"],"inLanguage":"es-CL"},{"@type":"WebPage","@id":"https:\/\/vriic.usach.cl\/index.php\/usach-presente-en-el-comite-internacional-de-bioetica-de-la-unesco\/","url":"https:\/\/vriic.usach.cl\/index.php\/usach-presente-en-el-comite-internacional-de-bioetica-de-la-unesco\/","name":"Usach presente en el Comit\u00e9 Internacional de Bio\u00e9tica de la Unesco - VRIIC","isPartOf":{"@id":"https:\/\/vriic.usach.cl\/#website"},"primaryImageOfPage":{"@id":"https:\/\/vriic.usach.cl\/index.php\/usach-presente-en-el-comite-internacional-de-bioetica-de-la-unesco\/#primaryimage"},"image":{"@id":"https:\/\/vriic.usach.cl\/index.php\/usach-presente-en-el-comite-internacional-de-bioetica-de-la-unesco\/#primaryimage"},"thumbnailUrl":"https:\/\/vriic.usach.cl\/wp-content\/uploads\/2026\/09\/Noticias-1100-x-363-px-7.png","datePublished":"2026-09-04T19:28:22+00:00","dateModified":"2026-09-04T19:43:05+00:00","breadcrumb":{"@id":"https:\/\/vriic.usach.cl\/index.php\/usach-presente-en-el-comite-internacional-de-bioetica-de-la-unesco\/#breadcrumb"},"inLanguage":"es-CL","potentialAction":[{"@type":"ReadAction","target":["https:\/\/vriic.usach.cl\/index.php\/usach-presente-en-el-comite-internacional-de-bioetica-de-la-unesco\/"]}]},{"@type":"ImageObject","inLanguage":"es-CL","@id":"https:\/\/vriic.usach.cl\/index.php\/usach-presente-en-el-comite-internacional-de-bioetica-de-la-unesco\/#primaryimage","url":"https:\/\/vriic.usach.cl\/wp-content\/uploads\/2026\/09\/Noticias-1100-x-363-px-7.png","contentUrl":"https:\/\/vriic.usach.cl\/wp-content\/uploads\/2026\/09\/Noticias-1100-x-363-px-7.png","width":1100,"height":363},{"@type":"BreadcrumbList","@id":"https:\/\/vriic.usach.cl\/index.php\/usach-presente-en-el-comite-internacional-de-bioetica-de-la-unesco\/#breadcrumb","itemListElement":[{"@type":"ListItem","position":1,"name":"Portada","item":"https:\/\/vriic.usach.cl\/"},{"@type":"ListItem","position":2,"name":"Usach presente en el Comit\u00e9 Internacional de Bio\u00e9tica de la Unesco"}]},{"@type":"WebSite","@id":"https:\/\/vriic.usach.cl\/#website","url":"https:\/\/vriic.usach.cl\/","name":"VRIIC","description":"Vicerrector\u00eda de Investigaci\u00f3n, Innovaci\u00f3n y Creaci\u00f3n","publisher":{"@id":"https:\/\/vriic.usach.cl\/#organization"},"potentialAction":[{"@type":"SearchAction","target":{"@type":"EntryPoint","urlTemplate":"https:\/\/vriic.usach.cl\/?s={search_term_string}"},"query-input":{"@type":"PropertyValueSpecification","valueRequired":true,"valueName":"search_term_string"}}],"inLanguage":"es-CL"},{"@type":"Organization","@id":"https:\/\/vriic.usach.cl\/#organization","name":"VRIIC","url":"https:\/\/vriic.usach.cl\/","logo":{"@type":"ImageObject","inLanguage":"es-CL","@id":"https:\/\/vriic.usach.cl\/#\/schema\/logo\/image\/","url":"https:\/\/vriic.usach.cl\/wp-content\/uploads\/2024\/05\/cropped-HISTORIA-C-min-1.png","contentUrl":"https:\/\/vriic.usach.cl\/wp-content\/uploads\/2024\/05\/cropped-HISTORIA-C-min-1.png","width":966,"height":228,"caption":"VRIIC"},"image":{"@id":"https:\/\/vriic.usach.cl\/#\/schema\/logo\/image\/"}},{"@type":"Person","@id":"https:\/\/vriic.usach.cl\/#\/schema\/person\/7445abf7c84e3726508476493e702b11","name":"Comunicaciones VRIIC","image":{"@type":"ImageObject","inLanguage":"es-CL","@id":"https:\/\/secure.gravatar.com\/avatar\/a059dbff38f4b6242f148cadb92d0b1baec305d7378c7081c16c798f88d9af47?s=96&d=mm&r=g","url":"https:\/\/secure.gravatar.com\/avatar\/a059dbff38f4b6242f148cadb92d0b1baec305d7378c7081c16c798f88d9af47?s=96&d=mm&r=g","contentUrl":"https:\/\/secure.gravatar.com\/avatar\/a059dbff38f4b6242f148cadb92d0b1baec305d7378c7081c16c798f88d9af47?s=96&d=mm&r=g","caption":"Comunicaciones VRIIC"},"sameAs":["http:\/\/158.170.66.230"],"url":"https:\/\/vriic.usach.cl\/index.php\/author\/adminvridei\/"}]}},"rttpg_featured_image_url":{"full":["https:\/\/vriic.usach.cl\/wp-content\/uploads\/2026\/09\/Noticias-1100-x-363-px-7.png",1100,363,false],"landscape":["https:\/\/vriic.usach.cl\/wp-content\/uploads\/2026\/09\/Noticias-1100-x-363-px-7.png",1100,363,false],"portraits":["https:\/\/vriic.usach.cl\/wp-content\/uploads\/2026\/09\/Noticias-1100-x-363-px-7.png",1100,363,false],"thumbnail":["https:\/\/vriic.usach.cl\/wp-content\/uploads\/2026\/09\/Noticias-1100-x-363-px-7-150x150.png",150,150,true],"medium":["https:\/\/vriic.usach.cl\/wp-content\/uploads\/2026\/09\/Noticias-1100-x-363-px-7-300x99.png",300,99,true],"large":["https:\/\/vriic.usach.cl\/wp-content\/uploads\/2026\/09\/Noticias-1100-x-363-px-7-1024x338.png",1024,338,true],"1536x1536":["https:\/\/vriic.usach.cl\/wp-content\/uploads\/2026\/09\/Noticias-1100-x-363-px-7.png",1100,363,false],"2048x2048":["https:\/\/vriic.usach.cl\/wp-content\/uploads\/2026\/09\/Noticias-1100-x-363-px-7.png",1100,363,false],"rpwe-thumbnail":["https:\/\/vriic.usach.cl\/wp-content\/uploads\/2026\/09\/Noticias-1100-x-363-px-7-45x45.png",45,45,true]},"rttpg_author":{"display_name":"Comunicaciones VRIIC","author_link":"https:\/\/vriic.usach.cl\/index.php\/author\/adminvridei\/"},"rttpg_comment":0,"rttpg_category":"<a href=\"https:\/\/vriic.usach.cl\/index.php\/category\/desarrollo\/\" rel=\"category tag\">Desarrollo<\/a> <a href=\"https:\/\/vriic.usach.cl\/index.php\/category\/investigacion\/\" rel=\"category tag\">Investigaci\u00f3n<\/a>","rttpg_excerpt":"La Dra. Mar\u00eda Ang\u00e9lica Sotomayor fue designada para formar parte de esta instancia internacional e independiente, responsable de asesorar a la Unesco y a sus Estados parte frente a los desaf\u00edos \u00e9ticos de la medicina y las ciencias de la vida. Durante cuatro a\u00f1os, la investigadora aportar\u00e1 una perspectiva desde Chile a los debates que&hellip;","_links":{"self":[{"href":"https:\/\/vriic.usach.cl\/index.php\/wp-json\/wp\/v2\/posts\/23437","targetHints":{"allow":["GET"]}}],"collection":[{"href":"https:\/\/vriic.usach.cl\/index.php\/wp-json\/wp\/v2\/posts"}],"about":[{"href":"https:\/\/vriic.usach.cl\/index.php\/wp-json\/wp\/v2\/types\/post"}],"author":[{"embeddable":true,"href":"https:\/\/vriic.usach.cl\/index.php\/wp-json\/wp\/v2\/users\/1"}],"replies":[{"embeddable":true,"href":"https:\/\/vriic.usach.cl\/index.php\/wp-json\/wp\/v2\/comments?post=23437"}],"version-history":[{"count":4,"href":"https:\/\/vriic.usach.cl\/index.php\/wp-json\/wp\/v2\/posts\/23437\/revisions"}],"predecessor-version":[{"id":23442,"href":"https:\/\/vriic.usach.cl\/index.php\/wp-json\/wp\/v2\/posts\/23437\/revisions\/23442"}],"wp:featuredmedia":[{"embeddable":true,"href":"https:\/\/vriic.usach.cl\/index.php\/wp-json\/wp\/v2\/media\/23444"}],"wp:attachment":[{"href":"https:\/\/vriic.usach.cl\/index.php\/wp-json\/wp\/v2\/media?parent=23437"}],"wp:term":[{"taxonomy":"category","embeddable":true,"href":"https:\/\/vriic.usach.cl\/index.php\/wp-json\/wp\/v2\/categories?post=23437"},{"taxonomy":"post_tag","embeddable":true,"href":"https:\/\/vriic.usach.cl\/index.php\/wp-json\/wp\/v2\/tags?post=23437"}],"curies":[{"name":"wp","href":"https:\/\/api.w.org\/{rel}","templated":true}]}}