{"id":23320,"date":"2026-08-11T16:52:18","date_gmt":"2026-08-11T19:52:18","guid":{"rendered":"https:\/\/vriic.usach.cl\/?p=23320"},"modified":"2026-08-13T16:46:44","modified_gmt":"2026-08-13T19:46:44","slug":"neurofest-2026-invita-a-descubrir-los-secretos-del-cerebro-a-traves-de-la-ciencia-y-la-tecnologia","status":"publish","type":"post","link":"https:\/\/vriic.usach.cl\/index.php\/neurofest-2026-invita-a-descubrir-los-secretos-del-cerebro-a-traves-de-la-ciencia-y-la-tecnologia\/","title":{"rendered":"GENOMA RM: UNA HOJA DE RUTA PARA TRANSFORMAR SANTIAGO HACIA LA INNOVACI\u00d3N, LA COLABORACI\u00d3N Y EL DI\u00c1LOGO ENTRE SUS TERRITORIOS"},"content":{"rendered":"\t\t<div data-elementor-type=\"wp-post\" data-elementor-id=\"23320\" class=\"elementor elementor-23320\" data-elementor-post-type=\"post\">\n\t\t\t\t\t\t<section class=\"elementor-section elementor-top-section elementor-element elementor-element-116fedfe elementor-section-boxed elementor-section-height-default elementor-section-height-default wpr-particle-no wpr-jarallax-no wpr-parallax-no wpr-column-slider-no wpr-equal-height-no\" data-id=\"116fedfe\" data-element_type=\"section\" data-e-type=\"section\">\n\t\t\t\t\t\t<div class=\"elementor-container elementor-column-gap-default\">\n\t\t\t\t\t<div class=\"elementor-column elementor-col-100 elementor-top-column elementor-element elementor-element-58cecade\" data-id=\"58cecade\" data-element_type=\"column\" data-e-type=\"column\">\n\t\t\t<div class=\"elementor-widget-wrap elementor-element-populated\">\n\t\t\t\t\t\t<section class=\"elementor-section elementor-inner-section elementor-element elementor-element-632124e9 elementor-section-boxed elementor-section-height-default elementor-section-height-default wpr-particle-no wpr-jarallax-no wpr-parallax-no wpr-sticky-section-no wpr-column-slider-no wpr-equal-height-no\" data-id=\"632124e9\" data-element_type=\"section\" data-e-type=\"section\">\n\t\t\t\t\t\t<div class=\"elementor-container elementor-column-gap-default\">\n\t\t\t\t\t<div class=\"elementor-column elementor-col-100 elementor-inner-column elementor-element elementor-element-1c4a7424\" data-id=\"1c4a7424\" data-element_type=\"column\" data-e-type=\"column\">\n\t\t\t<div class=\"elementor-widget-wrap elementor-element-populated\">\n\t\t\t\t\t\t<div class=\"elementor-element elementor-element-38dbe46 elementor-share-buttons--view-icon elementor-share-buttons--shape-circle elementor-share-buttons--skin-gradient elementor-grid-0 elementor-share-buttons--color-official elementor-widget elementor-widget-share-buttons\" data-id=\"38dbe46\" data-element_type=\"widget\" data-e-type=\"widget\" data-widget_type=\"share-buttons.default\">\n\t\t\t\t<div class=\"elementor-widget-container\">\n\t\t\t\t\t\t\t<div class=\"elementor-grid\" role=\"list\">\n\t\t\t\t\t\t\t\t<div class=\"elementor-grid-item\" role=\"listitem\">\n\t\t\t\t\t\t<div class=\"elementor-share-btn elementor-share-btn_facebook\" role=\"button\" tabindex=\"0\" aria-label=\"Share on facebook\">\n\t\t\t\t\t\t\t\t\t\t\t\t\t\t\t<span class=\"elementor-share-btn__icon\">\n\t\t\t\t\t\t\t\t<i class=\"fab fa-facebook\" aria-hidden=\"true\"><\/i>\t\t\t\t\t\t\t<\/span>\n\t\t\t\t\t\t\t\t\t\t\t\t\t\t\t\t\t\t\t\t<\/div>\n\t\t\t\t\t<\/div>\n\t\t\t\t\t\t\t\t\t<div class=\"elementor-grid-item\" role=\"listitem\">\n\t\t\t\t\t\t<div class=\"elementor-share-btn elementor-share-btn_twitter\" role=\"button\" tabindex=\"0\" aria-label=\"Share on twitter\">\n\t\t\t\t\t\t\t\t\t\t\t\t\t\t\t<span class=\"elementor-share-btn__icon\">\n\t\t\t\t\t\t\t\t<i class=\"fab fa-twitter\" aria-hidden=\"true\"><\/i>\t\t\t\t\t\t\t<\/span>\n\t\t\t\t\t\t\t\t\t\t\t\t\t\t\t\t\t\t\t\t<\/div>\n\t\t\t\t\t<\/div>\n\t\t\t\t\t\t\t\t\t<div class=\"elementor-grid-item\" role=\"listitem\">\n\t\t\t\t\t\t<div class=\"elementor-share-btn elementor-share-btn_linkedin\" role=\"button\" tabindex=\"0\" aria-label=\"Share on linkedin\">\n\t\t\t\t\t\t\t\t\t\t\t\t\t\t\t<span class=\"elementor-share-btn__icon\">\n\t\t\t\t\t\t\t\t<i class=\"fab fa-linkedin\" aria-hidden=\"true\"><\/i>\t\t\t\t\t\t\t<\/span>\n\t\t\t\t\t\t\t\t\t\t\t\t\t\t\t\t\t\t\t\t<\/div>\n\t\t\t\t\t<\/div>\n\t\t\t\t\t\t<\/div>\n\t\t\t\t\t\t<\/div>\n\t\t\t\t<\/div>\n\t\t\t\t<div class=\"elementor-element elementor-element-58f4a6d8 elementor-widget elementor-widget-text-editor\" data-id=\"58f4a6d8\" data-element_type=\"widget\" data-e-type=\"widget\" data-widget_type=\"text-editor.default\">\n\t\t\t\t<div class=\"elementor-widget-container\">\n\t\t\t\t\t\t\t\t\t<p>La Universidad de Santiago de Chile convoc\u00f3 a m\u00e1s de trescientas personas que participaron en GENOMA RM, evento que reuni\u00f3 a especialistas internacionales, representantes del sector p\u00fablico y privado, academia y comunidades. El encuentro concluy\u00f3 con una hoja de ruta para la transformaci\u00f3n territorial de la Regi\u00f3n Metropolitana.<\/p>\t\t\t\t\t\t\t\t<\/div>\n\t\t\t\t<\/div>\n\t\t\t\t<div class=\"elementor-element elementor-element-53b0af1d elementor-widget elementor-widget-text-editor\" data-id=\"53b0af1d\" data-element_type=\"widget\" data-e-type=\"widget\" data-widget_type=\"text-editor.default\">\n\t\t\t\t<div class=\"elementor-widget-container\">\n\t\t\t\t\t\t\t\t\t<p dir=\"ltr\" style=\"line-height: 1.38; text-align: justify; margin-top: 12pt; margin-bottom: 12pt;\"><span style=\"font-size: 11pt; font-family: Arial,sans-serif; color: #000000; background-color: transparent; font-weight: 400; font-style: normal; font-variant: normal; text-decoration: none; vertical-align: baseline; white-space: pre-wrap;\">Fortalecer una econom\u00eda con prop\u00f3sito para las personas, consolidar un ecosistema regional de emprendimiento, desarrollar talentos para los desaf\u00edos del futuro, avanzar hacia un Santiago sostenible y resiliente, y construir una ciudad inteligente, segura y equitativa son las cinco misiones que surgieron de GENOMA RM: Descifrando el ADN del Territorio Inteligente. El encuentro, organizado por la Vicerrector\u00eda de Investigaci\u00f3n, Innovaci\u00f3n y Creaci\u00f3n de la Universidad de Santiago de Chile, se realiz\u00f3 los d\u00edas 11 y 12 de agosto en el Centro Cultural Gabriela Mistral. A estas misiones se suma una propuesta de gobernanza colaborativa para sostener el trabajo y la coordinaci\u00f3n entre las distintas actor\u00edas del territorio.<\/span><\/p><p dir=\"ltr\" style=\"line-height: 1.38; text-align: justify; margin-top: 12pt; margin-bottom: 12pt;\"><span style=\"font-size: 11pt; font-family: Arial,sans-serif; color: #000000; background-color: transparent; font-weight: 400; font-style: normal; font-variant: normal; text-decoration: none; vertical-align: baseline; white-space: pre-wrap;\">\u201c<\/span><span style=\"font-size: 11pt; font-family: Arial,sans-serif; color: #000000; background-color: transparent; font-weight: bold; font-style: italic; font-variant: normal; text-decoration: none; vertical-align: baseline; white-space: pre-wrap;\">Como Vicerrectora de Investigaci\u00f3n, Innovaci\u00f3n y Creaci\u00f3n, una cambia la perspectiva, y se da cuenta que en el \u00e1mbito de la innovaci\u00f3n, el g\u00e9nero femenino est\u00e1 subrepresentado. Contamos con poca participaci\u00f3n en las instancias de toma de decisiones, principalmente, y en \u00e1reas de innovaci\u00f3n y emprendimiento, en general. Por ello mi compromiso, desde la Vicerrector\u00eda, es avanzar hacia el cierre de esa brecha de desigualdad, que atraviesa todos los aspectos de la vida universitaria y la sociedad<\/span><span style=\"font-size: 11pt; font-family: Arial,sans-serif; color: #000000; background-color: transparent; font-weight: 400; font-style: normal; font-variant: normal; text-decoration: none; vertical-align: baseline; white-space: pre-wrap;\">\u201d, enfatiz\u00f3 la Vicerrectora Dra. Andrea Mahn al cierre del encuentro.<\/span><\/p><p dir=\"ltr\" style=\"line-height: 1.38; text-align: justify; margin-top: 12pt; margin-bottom: 12pt;\"><span style=\"font-size: 11pt; font-family: Arial,sans-serif; color: #000000; background-color: transparent; font-weight: 400; font-style: normal; font-variant: normal; text-decoration: none; vertical-align: baseline; white-space: pre-wrap;\">La reflexi\u00f3n desarrollada durante GENOMA RM puso sobre la mesa la necesidad de conectar las capacidades de innovaci\u00f3n, ciencia y tecnolog\u00eda con los desaf\u00edos concretos de la Regi\u00f3n Metropolitana, generando espacios de di\u00e1logo diversos y colaboraci\u00f3n entre quienes participan de su desarrollo.<\/span><\/p><p dir=\"ltr\" style=\"line-height: 1.38; text-align: justify; margin-top: 12pt; margin-bottom: 12pt;\"><span style=\"font-size: 11pt; font-family: Arial,sans-serif; color: #000000; background-color: transparent; font-weight: 400; font-style: normal; font-variant: normal; text-decoration: none; vertical-align: baseline; white-space: pre-wrap;\">La hoja de ruta para la transformaci\u00f3n territorial define cinco misiones: avanzar hacia un Santiago productivo y competitivo, con una econom\u00eda con prop\u00f3sito; consolidar una capital emprendedora, conectando talento, financiamiento y conocimiento; fortalecer una regi\u00f3n de talentos, preparada para los desaf\u00edos del futuro; avanzar hacia un Santiago sostenible y resiliente, capaz de enfrentar desaf\u00edos como el cambio clim\u00e1tico y la desigualdad territorial; y construir un Santiago inteligente, seguro y equitativo, mediante espacios de di\u00e1logo, infraestructura compartida y soluciones que contribuyan a reducir brechas territoriales.<\/span><\/p><p dir=\"ltr\" style=\"line-height: 1.38; text-align: justify; margin-top: 12pt; margin-bottom: 12pt;\"><span style=\"font-size: 11pt; font-family: Arial,sans-serif; color: #000000; background-color: transparent; font-weight: 400; font-style: normal; font-variant: normal; text-decoration: none; vertical-align: baseline; white-space: pre-wrap;\">Como eje transversal, GENOMA RM propone un modelo de gobernanza y articulaci\u00f3n para la transformaci\u00f3n territorial, basado en la colaboraci\u00f3n entre actor\u00edas p\u00fablicas, privadas, mundo acad\u00e9mico y organizaciones de la sociedad civil; con mecanismos de seguimiento y financiamiento que permitan dar continuidad al trabajo.<\/span><\/p><p dir=\"ltr\" style=\"line-height: 1.38; text-align: justify; margin-top: 12pt; margin-bottom: 12pt;\"><span style=\"font-size: 11pt; font-family: Arial,sans-serif; color: #000000; background-color: transparent; font-weight: bold; font-style: italic; font-variant: normal; text-decoration: none; vertical-align: baseline; white-space: pre-wrap;\">\u201cLos desaf\u00edos de los territorios no pueden abordarse desde un solo sector. Se necesita una colaboraci\u00f3n entre gobiernos locales y regionales, sector privado, academia y sociedad civil, junto con una hoja de ruta que permita sostener los compromisos en el tiempo\u201d,<\/span><span style=\"font-size: 11pt; font-family: Arial,sans-serif; color: #000000; background-color: transparent; font-weight: 400; font-style: normal; font-variant: normal; text-decoration: none; vertical-align: baseline; white-space: pre-wrap;\"> se\u00f1al\u00f3 Nicole S\u00e1ez Pa\u00f1ero, gerenta general de la Corporaci\u00f3n Regional de Desarrollo del Gobierno de Santiago.<\/span><\/p><p dir=\"ltr\" style=\"line-height: 1.38; text-align: justify; margin-top: 12pt; margin-bottom: 12pt;\"><span style=\"font-size: 11pt; font-family: Arial,sans-serif; color: #000000; background-color: transparent; font-weight: bold; font-style: normal; font-variant: normal; text-decoration: none; vertical-align: baseline; white-space: pre-wrap;\">Participaci\u00f3n internacional<\/span><\/p><p dir=\"ltr\" style=\"line-height: 1.38; text-align: justify; margin-top: 12pt; margin-bottom: 12pt;\"><span style=\"font-size: 11pt; font-family: Arial,sans-serif; color: #000000; background-color: transparent; font-weight: 400; font-style: normal; font-variant: normal; text-decoration: none; vertical-align: baseline; white-space: pre-wrap;\">El evento cont\u00f3 con la participaci\u00f3n de especialistas internacionales de Barcelona, Medell\u00edn, Buenos Aires y Jalisco, quienes compartieron experiencias sobre innovaci\u00f3n, gobernanza, tecnolog\u00eda y transformaci\u00f3n territorial.<\/span><\/p><p dir=\"ltr\" style=\"line-height: 1.38; text-align: justify; margin-top: 12pt; margin-bottom: 12pt;\"><span style=\"font-size: 11pt; font-family: Arial,sans-serif; color: #000000; background-color: transparent; font-weight: 400; font-style: normal; font-variant: normal; text-decoration: none; vertical-align: baseline; white-space: pre-wrap;\">Antoni Paz, presidente de la Comisi\u00f3n de Innovaci\u00f3n del Distrito 22@ de Barcelona y director de la Fundaci\u00f3n KIMbcn, expuso sobre los aprendizajes del proceso de reconversi\u00f3n de ese distrito industrial en un polo de innovaci\u00f3n tecnol\u00f3gica e indic\u00f3: \u201c<\/span><span style=\"font-size: 11pt; font-family: Arial,sans-serif; color: #000000; background-color: transparent; font-weight: bold; font-style: italic; font-variant: normal; text-decoration: none; vertical-align: baseline; white-space: pre-wrap;\">Las ciudades y los ecosistemas est\u00e1n cambiando, y creo que es muy importante la apuesta que est\u00e1 haciendo la Universidad de Santiago de Chile por la innovaci\u00f3n y la tecnolog\u00eda. Nos viene una gran ola de inteligencia artificial, tecnolog\u00eda cu\u00e1ntica, seguridad y conectividad.\u201d<\/span><\/p><p dir=\"ltr\" style=\"line-height: 1.38; text-align: justify; margin-top: 12pt; margin-bottom: 12pt;\"><span style=\"font-size: 11pt; font-family: Arial,sans-serif; color: #000000; background-color: transparent; font-weight: 400; font-style: normal; font-variant: normal; text-decoration: none; vertical-align: baseline; white-space: pre-wrap;\">Desde Medell\u00edn, Camilo Zapata, director de Relaciones Estrat\u00e9gicas y del Centro para la Cuarta Revoluci\u00f3n Industrial de Ruta N Medell\u00edn, abord\u00f3 los mecanismos de gobernanza y articulaci\u00f3n entre actor\u00edas que conviven en dicha ciudad y sostuvo: &#8220;<\/span><span style=\"font-size: 11pt; font-family: Arial,sans-serif; color: #000000; background-color: transparent; font-weight: bold; font-style: italic; font-variant: normal; text-decoration: none; vertical-align: baseline; white-space: pre-wrap;\">Para que un ecosistema funcione y perdure, debe poner a la ciudadan\u00eda en el centro de sus acciones. Si la ciencia, la tecnolog\u00eda y la innovaci\u00f3n est\u00e1n al servicio de las personas, siempre tendremos nuevas necesidades que atender y un prop\u00f3sito claro para avanzar<\/span><span style=\"font-size: 11pt; font-family: Arial,sans-serif; color: #000000; background-color: transparent; font-weight: 400; font-style: normal; font-variant: normal; text-decoration: none; vertical-align: baseline; white-space: pre-wrap;\">\u201d.<\/span><\/p><p dir=\"ltr\" style=\"line-height: 1.38; text-align: justify; margin-top: 12pt; margin-bottom: 12pt;\"><span style=\"font-size: 11pt; font-family: Arial,sans-serif; color: #000000; background-color: transparent; font-weight: 400; font-style: normal; font-variant: normal; text-decoration: none; vertical-align: baseline; white-space: pre-wrap;\">Augusto Cl\u00e9ment, ex director general de Ciencia y Tecnolog\u00eda de la Ciudad de Buenos Aires, present\u00f3 su experiencia en la implementaci\u00f3n de soluciones tecnol\u00f3gicas de atenci\u00f3n ciudadana a partir de una pol\u00edtica p\u00fablica de innovaci\u00f3n urbana y explic\u00f3: <\/span><span style=\"font-size: 11pt; font-family: Arial,sans-serif; color: #000000; background-color: transparent; font-weight: bold; font-style: italic; font-variant: normal; text-decoration: none; vertical-align: baseline; white-space: pre-wrap;\">\u201cEste tipo de encuentros es fundamental porque permite reunir a las diversas actor\u00edas del ecosistema y generar una articulaci\u00f3n que se traduzca en pol\u00edticas concretas para las ciudades. Muchas de las pol\u00edticas que impulsamos surgieron justamente de escuchar a la ciudadan\u00eda y buscar soluciones desde la tecnolog\u00eda y la innovaci\u00f3n<\/span><span style=\"font-size: 11pt; font-family: Arial,sans-serif; color: #000000; background-color: transparent; font-weight: 400; font-style: italic; font-variant: normal; text-decoration: none; vertical-align: baseline; white-space: pre-wrap;\">\u201d.<\/span><\/p><p dir=\"ltr\" style=\"line-height: 1.38; text-align: justify; margin-top: 12pt; margin-bottom: 12pt;\"><span style=\"font-size: 11pt; font-family: Arial,sans-serif; color: #000000; background-color: transparent; font-weight: 400; font-style: normal; font-variant: normal; text-decoration: none; vertical-align: baseline; white-space: pre-wrap;\">Durante la segunda jornada, Larisa Cruz, Directora General de Ciencia y Desarrollo Tecnol\u00f3gico del Gobierno del Estado de Jalisco (M\u00e9xico), expuso sobre las condiciones institucionales, t\u00e9cnicas y financieras necesarias para escalar soluciones de innovaci\u00f3n urbana desde la etapa de prototipo hasta su implementaci\u00f3n territorial y destac\u00f3:\u00a0<\/span><\/p><p dir=\"ltr\" style=\"line-height: 1.38; text-align: justify; margin-top: 12pt; margin-bottom: 12pt;\"><span style=\"font-size: 11pt; font-family: Arial,sans-serif; color: #000000; background-color: transparent; font-weight: bold; font-style: italic; font-variant: normal; text-decoration: none; vertical-align: baseline; white-space: pre-wrap;\">\u201cEstos espacios permiten que emprendedores, gobierno, industria y universidades converjan y abran conversaciones sobre las problem\u00e1ticas de las ciudades y sus posibles soluciones. Esa conversaci\u00f3n es indispensable para innovar. Y para que la innovaci\u00f3n sea realmente efectiva, tambi\u00e9n necesitamos inclusi\u00f3n: los distintos puntos de vista permiten identificar problemas y soluciones que de otra manera no ver\u00edamos. Sin inclusi\u00f3n, no hay innovaci\u00f3n\u201d.<\/span><\/p><p dir=\"ltr\" style=\"line-height: 1.38; text-align: justify; margin-top: 12pt; margin-bottom: 12pt;\"><span style=\"font-size: 11pt; font-family: Arial,sans-serif; color: #000000; background-color: transparent; font-weight: bold; font-style: normal; font-variant: normal; text-decoration: none; vertical-align: baseline; white-space: pre-wrap;\">Participaci\u00f3n de instituciones y organizaciones nacionales<\/span><\/p><p dir=\"ltr\" style=\"line-height: 1.38; text-align: justify; margin-top: 12pt; margin-bottom: 12pt;\"><span style=\"font-size: 11pt; font-family: Arial,sans-serif; color: #000000; background-color: transparent; font-weight: 400; font-style: normal; font-variant: normal; text-decoration: none; vertical-align: baseline; white-space: pre-wrap;\">El encuentro contabiliz\u00f3 adem\u00e1s la participaci\u00f3n de representantes de universidades, municipios, organismos p\u00fablicos, empresas.\u00a0<\/span><\/p><p dir=\"ltr\" style=\"line-height: 1.38; text-align: justify; margin-top: 12pt; margin-bottom: 12pt;\"><span style=\"font-size: 11pt; font-family: Arial,sans-serif; color: #000000; background-color: transparent; font-weight: bold; font-style: italic; font-variant: normal; text-decoration: none; vertical-align: baseline; white-space: pre-wrap;\">\u201cLo m\u00e1s valioso de estos espacios son las conexiones y conversaciones que permiten construir redes entre la academia, el sector p\u00fablico, el privado, las empresas y las comunidades. (&#8230;) Me interesa especialmente c\u00f3mo podemos construir ecosistemas de innovaci\u00f3n desde los territorios, vinculando innovaci\u00f3n y desarrollo territorial. (&#8230;) Como ciudadanas, somos parte central de cualquier proceso de innovaci\u00f3n\u201d<\/span><span style=\"font-size: 11pt; font-family: Arial,sans-serif; color: #000000; background-color: transparent; font-weight: 400; font-style: normal; font-variant: normal; text-decoration: none; vertical-align: baseline; white-space: pre-wrap;\">, coment\u00f3 Mariela Miranda, asistente a GENOMA RM proveniente de la provincia de Arauco.<\/span><\/p><p dir=\"ltr\" style=\"line-height: 1.38; text-align: justify; margin-top: 12pt; margin-bottom: 12pt;\"><span style=\"font-size: 11pt; font-family: Arial,sans-serif; color: #000000; background-color: transparent; font-weight: 400; font-style: normal; font-variant: normal; text-decoration: none; vertical-align: baseline; white-space: pre-wrap;\">El panel de cierre, dedicado a los compromisos y condiciones de continuidad para un futuro Hub Territorial de Innovaci\u00f3n, fue moderado por la acad\u00e9mica de la Usach, Dra. Alejandra Philippi, y cont\u00f3 con la participaci\u00f3n de Javiera Araneda, directora ejecutiva de Start-Up Chile y Julia Vergara, Consejera CRDPM y Subgerente de Innovaci\u00f3n en CCS, junto a la Vicerrectora Dra. Andrea Mahn Osses y Orlando Rojas, director ejecutivo del Laboratorio de Gobierno.<\/span><\/p><p dir=\"ltr\" style=\"line-height: 1.38; text-align: justify; margin-top: 12pt; margin-bottom: 12pt;\"><span style=\"font-size: 11pt; font-family: Arial,sans-serif; color: #000000; background-color: transparent; font-weight: bold; font-style: normal; font-variant: normal; text-decoration: none; vertical-align: baseline; white-space: pre-wrap;\">Cierre y pr\u00f3ximos pasos<\/span><\/p><p dir=\"ltr\" style=\"line-height: 1.38; text-align: justify; margin-top: 12pt; margin-bottom: 12pt;\"><span style=\"font-size: 11pt; font-family: Arial,sans-serif; color: #000000; background-color: transparent; font-weight: 400; font-style: normal; font-variant: normal; text-decoration: none; vertical-align: baseline; white-space: pre-wrap;\">El encuentro finaliz\u00f3 con un plenario de s\u00edntesis orientado a consolidar los principales aprendizajes de ambas jornadas y a proyectar los \u00e1mbitos de continuidad para la construcci\u00f3n de una hoja de ruta de GENOMA RM.<\/span><\/p><p dir=\"ltr\" style=\"line-height: 1.38; text-align: justify; margin-top: 12pt; margin-bottom: 12pt;\"><span style=\"font-size: 11pt; font-family: Arial,sans-serif; color: #000000; background-color: transparent; font-weight: 400; font-style: normal; font-variant: normal; text-decoration: none; vertical-align: baseline; white-space: pre-wrap;\">&#8220;<\/span><span style=\"font-size: 11pt; font-family: Arial,sans-serif; color: #000000; background-color: transparent; font-weight: bold; font-style: italic; font-variant: normal; text-decoration: none; vertical-align: baseline; white-space: pre-wrap;\">GENOMA RM nos permiti\u00f3 reunir a emprendedores, empresas, gobierno y academia para conversar sobre los desaf\u00edos de Santiago y c\u00f3mo abordarlos desde la ciencia, la tecnolog\u00eda y la innovaci\u00f3n. La Universidad tiene un rol clave porque re\u00fane capacidades de investigaci\u00f3n, emprendimiento y articulaci\u00f3n. Este encuentro nos permite avanzar hacia una hoja de ruta para construir una ciudad que responda mejor a las necesidades de las personas\u201d <\/span><span style=\"font-size: 11pt; font-family: Arial,sans-serif; color: #000000; background-color: transparent; font-weight: 400; font-style: italic; font-variant: normal; text-decoration: none; vertical-align: baseline; white-space: pre-wrap;\">destac\u00f3 el Dr.<\/span><span style=\"font-size: 11pt; font-family: Arial,sans-serif; color: #000000; background-color: transparent; font-weight: 400; font-style: normal; font-variant: normal; text-decoration: none; vertical-align: baseline; white-space: pre-wrap;\"> Leonel Rojo, Director de Innovaci\u00f3n y Emprendimiento Usach.<\/span><\/p><p dir=\"ltr\" style=\"line-height: 1.38; text-align: justify; margin-top: 12pt; margin-bottom: 12pt;\"><span style=\"font-size: 11pt; font-family: Arial,sans-serif; color: #000000; background-color: transparent; font-weight: 400; font-style: normal; font-variant: normal; text-decoration: none; vertical-align: baseline; white-space: pre-wrap;\">La Universidad de Santiago, a trav\u00e9s de su Vicerrector\u00eda de Investigaci\u00f3n, Innovaci\u00f3n y Creaci\u00f3n e Innovo Usach, expres\u00f3 que el trabajo desarrollado durante estas dos jornadas continuar\u00e1 en instancias de seguimiento, orientadas a consolidar los compromisos construidos por quienes participaron activamente durante los dos d\u00edas del encuentro.<\/span><\/p><p dir=\"ltr\" style=\"line-height: 1.38; text-align: justify; margin-top: 12pt; margin-bottom: 12pt;\"><span style=\"font-size: 11pt; font-family: Arial,sans-serif; color: #000000; background-color: transparent; font-weight: bold; font-style: normal; font-variant: normal; text-decoration: none; vertical-align: baseline; white-space: pre-wrap;\">Autor: Ignacio Vallejos Gormaz<\/span><\/p><p dir=\"ltr\" style=\"line-height: 1.38; text-align: justify; margin-top: 12pt; margin-bottom: 12pt;\"><span style=\"font-size: 11pt; font-family: Arial,sans-serif; color: #000000; background-color: transparent; font-weight: bold; font-style: normal; font-variant: normal; text-decoration: none; vertical-align: baseline; white-space: pre-wrap;\">Tags: <\/span><span style=\"font-size: 11pt; font-family: Arial,sans-serif; color: #000000; background-color: transparent; font-weight: 400; font-style: normal; font-variant: normal; text-decoration: none; vertical-align: baseline; white-space: pre-wrap;\">Innovaci\u00f3n, Territorio, Usach<\/span><\/p>\t\t\t\t\t\t\t\t<\/div>\n\t\t\t\t<\/div>\n\t\t\t\t\t<\/div>\n\t\t<\/div>\n\t\t\t\t\t<\/div>\n\t\t<\/section>\n\t\t\t\t\t<\/div>\n\t\t<\/div>\n\t\t\t\t\t<\/div>\n\t\t<\/section>\n\t\t<div class=\"elementor-element elementor-element-5973a84 e-flex e-con-boxed wpr-particle-no wpr-jarallax-no wpr-parallax-no wpr-sticky-section-no wpr-column-slider-no wpr-equal-height-no e-con e-parent\" data-id=\"5973a84\" data-element_type=\"container\" data-e-type=\"container\">\n\t\t\t\t\t<div class=\"e-con-inner\">\n\t\t\t\t<div class=\"elementor-element elementor-element-3b89ae2 elementor-arrows-position-inside elementor-pagination-position-outside elementor-widget elementor-widget-image-carousel\" data-id=\"3b89ae2\" data-element_type=\"widget\" data-e-type=\"widget\" data-settings=\"{&quot;slides_to_show&quot;:&quot;1&quot;,&quot;navigation&quot;:&quot;both&quot;,&quot;autoplay&quot;:&quot;yes&quot;,&quot;pause_on_hover&quot;:&quot;yes&quot;,&quot;pause_on_interaction&quot;:&quot;yes&quot;,&quot;autoplay_speed&quot;:5000,&quot;infinite&quot;:&quot;yes&quot;,&quot;effect&quot;:&quot;slide&quot;,&quot;speed&quot;:500}\" data-widget_type=\"image-carousel.default\">\n\t\t\t\t<div class=\"elementor-widget-container\">\n\t\t\t\t\t\t\t<div class=\"elementor-image-carousel-wrapper swiper\" role=\"region\" aria-roledescription=\"carousel\" aria-label=\"Carrusel de im\u00e1genes\" dir=\"ltr\">\n\t\t\t<div class=\"elementor-image-carousel swiper-wrapper\" aria-live=\"off\">\n\t\t\t\t\t\t\t\t<div class=\"swiper-slide\" role=\"group\" aria-roledescription=\"slide\" aria-label=\"1 de 8\"><figure class=\"swiper-slide-inner\"><img decoding=\"async\" class=\"swiper-slide-image\" src=\"https:\/\/vriic.usach.cl\/wp-content\/uploads\/2026\/08\/GENOMA-60.jpg\" alt=\"GENOMA-60\" \/><\/figure><\/div><div class=\"swiper-slide\" role=\"group\" aria-roledescription=\"slide\" aria-label=\"2 de 8\"><figure class=\"swiper-slide-inner\"><img decoding=\"async\" class=\"swiper-slide-image\" src=\"https:\/\/vriic.usach.cl\/wp-content\/uploads\/2026\/08\/GENOMA-44.jpg\" alt=\"GENOMA-44\" \/><\/figure><\/div><div class=\"swiper-slide\" role=\"group\" aria-roledescription=\"slide\" aria-label=\"3 de 8\"><figure class=\"swiper-slide-inner\"><img decoding=\"async\" class=\"swiper-slide-image\" src=\"https:\/\/vriic.usach.cl\/wp-content\/uploads\/2026\/08\/GENOMA-31.jpg\" alt=\"GENOMA-31\" \/><\/figure><\/div><div class=\"swiper-slide\" role=\"group\" aria-roledescription=\"slide\" aria-label=\"4 de 8\"><figure class=\"swiper-slide-inner\"><img decoding=\"async\" class=\"swiper-slide-image\" src=\"https:\/\/vriic.usach.cl\/wp-content\/uploads\/2026\/08\/GENOMA-24.jpg\" alt=\"GENOMA-24\" \/><\/figure><\/div><div class=\"swiper-slide\" role=\"group\" aria-roledescription=\"slide\" aria-label=\"5 de 8\"><figure class=\"swiper-slide-inner\"><img decoding=\"async\" class=\"swiper-slide-image\" src=\"https:\/\/vriic.usach.cl\/wp-content\/uploads\/2026\/08\/GENOMA-dia-2-38.jpg\" alt=\"GENOMA dia 2-38\" \/><\/figure><\/div><div class=\"swiper-slide\" role=\"group\" aria-roledescription=\"slide\" aria-label=\"6 de 8\"><figure class=\"swiper-slide-inner\"><img decoding=\"async\" class=\"swiper-slide-image\" src=\"https:\/\/vriic.usach.cl\/wp-content\/uploads\/2026\/08\/GENOMA-dia-2-17.jpg\" alt=\"GENOMA dia 2-17\" \/><\/figure><\/div><div class=\"swiper-slide\" role=\"group\" aria-roledescription=\"slide\" aria-label=\"7 de 8\"><figure class=\"swiper-slide-inner\"><img decoding=\"async\" class=\"swiper-slide-image\" src=\"https:\/\/vriic.usach.cl\/wp-content\/uploads\/2026\/08\/GENOMA-dia-2-01.jpg\" alt=\"GENOMA dia 2-01\" \/><\/figure><\/div><div class=\"swiper-slide\" role=\"group\" aria-roledescription=\"slide\" aria-label=\"8 de 8\"><figure class=\"swiper-slide-inner\"><img decoding=\"async\" class=\"swiper-slide-image\" src=\"https:\/\/vriic.usach.cl\/wp-content\/uploads\/2026\/08\/ChatGPT-Image-13-ago-2026-02_51_30-p.m.png\" alt=\"GENOMA RM\" \/><\/figure><\/div>\t\t\t<\/div>\n\t\t\t\t\t\t\t\t\t\t\t\t<div class=\"elementor-swiper-button elementor-swiper-button-prev\" role=\"button\" tabindex=\"0\">\n\t\t\t\t\t\t<i aria-hidden=\"true\" class=\"eicon-chevron-left\"><\/i>\t\t\t\t\t<\/div>\n\t\t\t\t\t<div class=\"elementor-swiper-button elementor-swiper-button-next\" role=\"button\" tabindex=\"0\">\n\t\t\t\t\t\t<i aria-hidden=\"true\" class=\"eicon-chevron-right\"><\/i>\t\t\t\t\t<\/div>\n\t\t\t\t\n\t\t\t\t\t\t\t\t\t<div class=\"swiper-pagination\"><\/div>\n\t\t\t\t\t\t\t\t\t<\/div>\n\t\t\t\t\t\t<\/div>\n\t\t\t\t<\/div>\n\t\t\t\t\t<\/div>\n\t\t\t\t<\/div>\n\t\t\t\t<\/div>\n\t\t","protected":false},"excerpt":{"rendered":"<p>La Universidad de Santiago de Chile convoc\u00f3 a m\u00e1s de trescientas personas que participaron en GENOMA RM, evento que reuni\u00f3 a especialistas internacionales, representantes del sector p\u00fablico y privado, academia y comunidades. El encuentro concluy\u00f3 con una hoja de ruta para la transformaci\u00f3n territorial de la Regi\u00f3n Metropolitana. Fortalecer una econom\u00eda con prop\u00f3sito para las personas, consolidar un ecosistema regional de emprendimiento, desarrollar talentos para los desaf\u00edos del futuro, avanzar hacia un Santiago sostenible y resiliente, y construir una ciudad inteligente, segura y equitativa son las cinco misiones que surgieron de GENOMA RM: Descifrando el ADN del Territorio Inteligente. El encuentro, organizado por la Vicerrector\u00eda de Investigaci\u00f3n, Innovaci\u00f3n y Creaci\u00f3n de la Universidad de Santiago de Chile, se realiz\u00f3 los d\u00edas 11 y 12 de agosto en el Centro Cultural Gabriela Mistral. A estas misiones se suma una propuesta de gobernanza colaborativa para sostener el trabajo y la coordinaci\u00f3n entre las distintas actor\u00edas del territorio. \u201cComo Vicerrectora de Investigaci\u00f3n, Innovaci\u00f3n y Creaci\u00f3n, una cambia la perspectiva, y se da cuenta que en el \u00e1mbito de la innovaci\u00f3n, el g\u00e9nero femenino est\u00e1 subrepresentado. Contamos con poca participaci\u00f3n en las instancias de toma de decisiones, principalmente, y en \u00e1reas de innovaci\u00f3n y emprendimiento, en general. Por ello mi compromiso, desde la Vicerrector\u00eda, es avanzar hacia el cierre de esa brecha de desigualdad, que atraviesa todos los aspectos de la vida universitaria y la sociedad\u201d, enfatiz\u00f3 la Vicerrectora Dra. Andrea Mahn al cierre del encuentro. La reflexi\u00f3n desarrollada durante GENOMA RM puso sobre la mesa la necesidad de conectar las capacidades de innovaci\u00f3n, ciencia y tecnolog\u00eda con los desaf\u00edos concretos de la Regi\u00f3n Metropolitana, generando espacios de di\u00e1logo diversos y colaboraci\u00f3n entre quienes participan de su desarrollo. La hoja de ruta para la transformaci\u00f3n territorial define cinco misiones: avanzar hacia un Santiago productivo y competitivo, con una econom\u00eda con prop\u00f3sito; consolidar una capital emprendedora, conectando talento, financiamiento y conocimiento; fortalecer una regi\u00f3n de talentos, preparada para los desaf\u00edos del futuro; avanzar hacia un Santiago sostenible y resiliente, capaz de enfrentar desaf\u00edos como el cambio clim\u00e1tico y la desigualdad territorial; y construir un Santiago inteligente, seguro y equitativo, mediante espacios de di\u00e1logo, infraestructura compartida y soluciones que contribuyan a reducir brechas territoriales. Como eje transversal, GENOMA RM propone un modelo de gobernanza y articulaci\u00f3n para la transformaci\u00f3n territorial, basado en la colaboraci\u00f3n entre actor\u00edas p\u00fablicas, privadas, mundo acad\u00e9mico y organizaciones de la sociedad civil; con mecanismos de seguimiento y financiamiento que permitan dar continuidad al trabajo. \u201cLos desaf\u00edos de los territorios no pueden abordarse desde un solo sector. Se necesita una colaboraci\u00f3n entre gobiernos locales y regionales, sector privado, academia y sociedad civil, junto con una hoja de ruta que permita sostener los compromisos en el tiempo\u201d, se\u00f1al\u00f3 Nicole S\u00e1ez Pa\u00f1ero, gerenta general de la Corporaci\u00f3n Regional de Desarrollo del Gobierno de Santiago. Participaci\u00f3n internacional El evento cont\u00f3 con la participaci\u00f3n de especialistas internacionales de Barcelona, Medell\u00edn, Buenos Aires y Jalisco, quienes compartieron experiencias sobre innovaci\u00f3n, gobernanza, tecnolog\u00eda y transformaci\u00f3n territorial. Antoni Paz, presidente de la Comisi\u00f3n de Innovaci\u00f3n del Distrito 22@ de Barcelona y director de la Fundaci\u00f3n KIMbcn, expuso sobre los aprendizajes del proceso de reconversi\u00f3n de ese distrito industrial en un polo de innovaci\u00f3n tecnol\u00f3gica e indic\u00f3: \u201cLas ciudades y los ecosistemas est\u00e1n cambiando, y creo que es muy importante la apuesta que est\u00e1 haciendo la Universidad de Santiago de Chile por la innovaci\u00f3n y la tecnolog\u00eda. Nos viene una gran ola de inteligencia artificial, tecnolog\u00eda cu\u00e1ntica, seguridad y conectividad.\u201d Desde Medell\u00edn, Camilo Zapata, director de Relaciones Estrat\u00e9gicas y del Centro para la Cuarta Revoluci\u00f3n Industrial de Ruta N Medell\u00edn, abord\u00f3 los mecanismos de gobernanza y articulaci\u00f3n entre actor\u00edas que conviven en dicha ciudad y sostuvo: &#8220;Para que un ecosistema funcione y perdure, debe poner a la ciudadan\u00eda en el centro de sus acciones. Si la ciencia, la tecnolog\u00eda y la innovaci\u00f3n est\u00e1n al servicio de las personas, siempre tendremos nuevas necesidades que atender y un prop\u00f3sito claro para avanzar\u201d. Augusto Cl\u00e9ment, ex director general de Ciencia y Tecnolog\u00eda de la Ciudad de Buenos Aires, present\u00f3 su experiencia en la implementaci\u00f3n de soluciones tecnol\u00f3gicas de atenci\u00f3n ciudadana a partir de una pol\u00edtica p\u00fablica de innovaci\u00f3n urbana y explic\u00f3: \u201cEste tipo de encuentros es fundamental porque permite reunir a las diversas actor\u00edas del ecosistema y generar una articulaci\u00f3n que se traduzca en pol\u00edticas concretas para las ciudades. Muchas de las pol\u00edticas que impulsamos surgieron justamente de escuchar a la ciudadan\u00eda y buscar soluciones desde la tecnolog\u00eda y la innovaci\u00f3n\u201d. Durante la segunda jornada, Larisa Cruz, Directora General de Ciencia y Desarrollo Tecnol\u00f3gico del Gobierno del Estado de Jalisco (M\u00e9xico), expuso sobre las condiciones institucionales, t\u00e9cnicas y financieras necesarias para escalar soluciones de innovaci\u00f3n urbana desde la etapa de prototipo hasta su implementaci\u00f3n territorial y destac\u00f3:\u00a0 \u201cEstos espacios permiten que emprendedores, gobierno, industria y universidades converjan y abran conversaciones sobre las problem\u00e1ticas de las ciudades y sus posibles soluciones. Esa conversaci\u00f3n es indispensable para innovar. Y para que la innovaci\u00f3n sea realmente efectiva, tambi\u00e9n necesitamos inclusi\u00f3n: los distintos puntos de vista permiten identificar problemas y soluciones que de otra manera no ver\u00edamos. Sin inclusi\u00f3n, no hay innovaci\u00f3n\u201d. Participaci\u00f3n de instituciones y organizaciones nacionales El encuentro contabiliz\u00f3 adem\u00e1s la participaci\u00f3n de representantes de universidades, municipios, organismos p\u00fablicos, empresas.\u00a0 \u201cLo m\u00e1s valioso de estos espacios son las conexiones y conversaciones que permiten construir redes entre la academia, el sector p\u00fablico, el privado, las empresas y las comunidades. (&#8230;) Me interesa especialmente c\u00f3mo podemos construir ecosistemas de innovaci\u00f3n desde los territorios, vinculando innovaci\u00f3n y desarrollo territorial. (&#8230;) Como ciudadanas, somos parte central de cualquier proceso de innovaci\u00f3n\u201d, coment\u00f3 Mariela Miranda, asistente a GENOMA RM proveniente de la provincia de Arauco. El panel de cierre, dedicado a los compromisos y condiciones de continuidad para un futuro Hub Territorial de Innovaci\u00f3n, fue moderado por la acad\u00e9mica de la Usach, Dra. Alejandra Philippi, y cont\u00f3 con la participaci\u00f3n de Javiera Araneda, directora ejecutiva de Start-Up Chile y Julia Vergara, Consejera CRDPM y Subgerente de Innovaci\u00f3n en CCS, junto<\/p>\n","protected":false},"author":1,"featured_media":23342,"comment_status":"closed","ping_status":"closed","sticky":false,"template":"","format":"standard","meta":{"inline_featured_image":false,"_monsterinsights_skip_tracking":false,"site-sidebar-layout":"default","site-content-layout":"","ast-site-content-layout":"default","site-content-style":"default","site-sidebar-style":"default","ast-global-header-display":"","ast-banner-title-visibility":"","ast-main-header-display":"","ast-hfb-above-header-display":"","ast-hfb-below-header-display":"","ast-hfb-mobile-header-display":"","site-post-title":"","ast-breadcrumbs-content":"","ast-featured-img":"","footer-sml-layout":"","ast-disable-related-posts":"","theme-transparent-header-meta":"","adv-header-id-meta":"","stick-header-meta":"","header-above-stick-meta":"","header-main-stick-meta":"","header-below-stick-meta":"","astra-migrate-meta-layouts":"set","ast-page-background-enabled":"default","ast-page-background-meta":{"desktop":{"background-color":"","background-image":"","background-repeat":"repeat","background-position":"center center","background-size":"auto","background-attachment":"scroll","background-type":"","background-media":"","overlay-type":"","overlay-color":"","overlay-opacity":"","overlay-gradient":""},"tablet":{"background-color":"","background-image":"","background-repeat":"repeat","background-position":"center center","background-size":"auto","background-attachment":"scroll","background-type":"","background-media":"","overlay-type":"","overlay-color":"","overlay-opacity":"","overlay-gradient":""},"mobile":{"background-color":"","background-image":"","background-repeat":"repeat","background-position":"center center","background-size":"auto","background-attachment":"scroll","background-type":"","background-media":"","overlay-type":"","overlay-color":"","overlay-opacity":"","overlay-gradient":""}},"ast-content-background-meta":{"desktop":{"background-color":"var(--ast-global-color-5)","background-image":"","background-repeat":"repeat","background-position":"center center","background-size":"auto","background-attachment":"scroll","background-type":"","background-media":"","overlay-type":"","overlay-color":"","overlay-opacity":"","overlay-gradient":""},"tablet":{"background-color":"var(--ast-global-color-5)","background-image":"","background-repeat":"repeat","background-position":"center center","background-size":"auto","background-attachment":"scroll","background-type":"","background-media":"","overlay-type":"","overlay-color":"","overlay-opacity":"","overlay-gradient":""},"mobile":{"background-color":"var(--ast-global-color-5)","background-image":"","background-repeat":"repeat","background-position":"center center","background-size":"auto","background-attachment":"scroll","background-type":"","background-media":"","overlay-type":"","overlay-color":"","overlay-opacity":"","overlay-gradient":""}},"footnotes":""},"categories":[9,10,8],"tags":[],"class_list":["post-23320","post","type-post","status-publish","format-standard","has-post-thumbnail","hentry","category-desarrollo","category-innovacion","category-investigacion"],"yoast_head":"<!-- This site is optimized with the Yoast SEO plugin v28.0 - https:\/\/yoast.com\/product\/yoast-seo-wordpress\/ -->\n<title>GENOMA RM: UNA HOJA DE RUTA PARA TRANSFORMAR SANTIAGO HACIA LA INNOVACI\u00d3N, LA COLABORACI\u00d3N Y EL DI\u00c1LOGO ENTRE SUS TERRITORIOS - VRIIC<\/title>\n<meta name=\"robots\" content=\"index, follow, max-snippet:-1, max-image-preview:large, max-video-preview:-1\" \/>\n<link rel=\"canonical\" href=\"https:\/\/vriic.usach.cl\/index.php\/neurofest-2026-invita-a-descubrir-los-secretos-del-cerebro-a-traves-de-la-ciencia-y-la-tecnologia\/\" \/>\n<meta property=\"og:locale\" content=\"es_ES\" \/>\n<meta property=\"og:type\" content=\"article\" \/>\n<meta property=\"og:title\" content=\"GENOMA RM: UNA HOJA DE RUTA PARA TRANSFORMAR SANTIAGO HACIA LA INNOVACI\u00d3N, LA COLABORACI\u00d3N Y EL DI\u00c1LOGO ENTRE SUS TERRITORIOS - VRIIC\" \/>\n<meta property=\"og:description\" content=\"La Universidad de Santiago de Chile convoc\u00f3 a m\u00e1s de trescientas personas que participaron en GENOMA RM, evento que reuni\u00f3 a especialistas internacionales, representantes del sector p\u00fablico y privado, academia y comunidades. El encuentro concluy\u00f3 con una hoja de ruta para la transformaci\u00f3n territorial de la Regi\u00f3n Metropolitana. Fortalecer una econom\u00eda con prop\u00f3sito para las personas, consolidar un ecosistema regional de emprendimiento, desarrollar talentos para los desaf\u00edos del futuro, avanzar hacia un Santiago sostenible y resiliente, y construir una ciudad inteligente, segura y equitativa son las cinco misiones que surgieron de GENOMA RM: Descifrando el ADN del Territorio Inteligente. El encuentro, organizado por la Vicerrector\u00eda de Investigaci\u00f3n, Innovaci\u00f3n y Creaci\u00f3n de la Universidad de Santiago de Chile, se realiz\u00f3 los d\u00edas 11 y 12 de agosto en el Centro Cultural Gabriela Mistral. A estas misiones se suma una propuesta de gobernanza colaborativa para sostener el trabajo y la coordinaci\u00f3n entre las distintas actor\u00edas del territorio. \u201cComo Vicerrectora de Investigaci\u00f3n, Innovaci\u00f3n y Creaci\u00f3n, una cambia la perspectiva, y se da cuenta que en el \u00e1mbito de la innovaci\u00f3n, el g\u00e9nero femenino est\u00e1 subrepresentado. Contamos con poca participaci\u00f3n en las instancias de toma de decisiones, principalmente, y en \u00e1reas de innovaci\u00f3n y emprendimiento, en general. Por ello mi compromiso, desde la Vicerrector\u00eda, es avanzar hacia el cierre de esa brecha de desigualdad, que atraviesa todos los aspectos de la vida universitaria y la sociedad\u201d, enfatiz\u00f3 la Vicerrectora Dra. Andrea Mahn al cierre del encuentro. La reflexi\u00f3n desarrollada durante GENOMA RM puso sobre la mesa la necesidad de conectar las capacidades de innovaci\u00f3n, ciencia y tecnolog\u00eda con los desaf\u00edos concretos de la Regi\u00f3n Metropolitana, generando espacios de di\u00e1logo diversos y colaboraci\u00f3n entre quienes participan de su desarrollo. La hoja de ruta para la transformaci\u00f3n territorial define cinco misiones: avanzar hacia un Santiago productivo y competitivo, con una econom\u00eda con prop\u00f3sito; consolidar una capital emprendedora, conectando talento, financiamiento y conocimiento; fortalecer una regi\u00f3n de talentos, preparada para los desaf\u00edos del futuro; avanzar hacia un Santiago sostenible y resiliente, capaz de enfrentar desaf\u00edos como el cambio clim\u00e1tico y la desigualdad territorial; y construir un Santiago inteligente, seguro y equitativo, mediante espacios de di\u00e1logo, infraestructura compartida y soluciones que contribuyan a reducir brechas territoriales. Como eje transversal, GENOMA RM propone un modelo de gobernanza y articulaci\u00f3n para la transformaci\u00f3n territorial, basado en la colaboraci\u00f3n entre actor\u00edas p\u00fablicas, privadas, mundo acad\u00e9mico y organizaciones de la sociedad civil; con mecanismos de seguimiento y financiamiento que permitan dar continuidad al trabajo. \u201cLos desaf\u00edos de los territorios no pueden abordarse desde un solo sector. Se necesita una colaboraci\u00f3n entre gobiernos locales y regionales, sector privado, academia y sociedad civil, junto con una hoja de ruta que permita sostener los compromisos en el tiempo\u201d, se\u00f1al\u00f3 Nicole S\u00e1ez Pa\u00f1ero, gerenta general de la Corporaci\u00f3n Regional de Desarrollo del Gobierno de Santiago. Participaci\u00f3n internacional El evento cont\u00f3 con la participaci\u00f3n de especialistas internacionales de Barcelona, Medell\u00edn, Buenos Aires y Jalisco, quienes compartieron experiencias sobre innovaci\u00f3n, gobernanza, tecnolog\u00eda y transformaci\u00f3n territorial. Antoni Paz, presidente de la Comisi\u00f3n de Innovaci\u00f3n del Distrito 22@ de Barcelona y director de la Fundaci\u00f3n KIMbcn, expuso sobre los aprendizajes del proceso de reconversi\u00f3n de ese distrito industrial en un polo de innovaci\u00f3n tecnol\u00f3gica e indic\u00f3: \u201cLas ciudades y los ecosistemas est\u00e1n cambiando, y creo que es muy importante la apuesta que est\u00e1 haciendo la Universidad de Santiago de Chile por la innovaci\u00f3n y la tecnolog\u00eda. Nos viene una gran ola de inteligencia artificial, tecnolog\u00eda cu\u00e1ntica, seguridad y conectividad.\u201d Desde Medell\u00edn, Camilo Zapata, director de Relaciones Estrat\u00e9gicas y del Centro para la Cuarta Revoluci\u00f3n Industrial de Ruta N Medell\u00edn, abord\u00f3 los mecanismos de gobernanza y articulaci\u00f3n entre actor\u00edas que conviven en dicha ciudad y sostuvo: &#8220;Para que un ecosistema funcione y perdure, debe poner a la ciudadan\u00eda en el centro de sus acciones. Si la ciencia, la tecnolog\u00eda y la innovaci\u00f3n est\u00e1n al servicio de las personas, siempre tendremos nuevas necesidades que atender y un prop\u00f3sito claro para avanzar\u201d. Augusto Cl\u00e9ment, ex director general de Ciencia y Tecnolog\u00eda de la Ciudad de Buenos Aires, present\u00f3 su experiencia en la implementaci\u00f3n de soluciones tecnol\u00f3gicas de atenci\u00f3n ciudadana a partir de una pol\u00edtica p\u00fablica de innovaci\u00f3n urbana y explic\u00f3: \u201cEste tipo de encuentros es fundamental porque permite reunir a las diversas actor\u00edas del ecosistema y generar una articulaci\u00f3n que se traduzca en pol\u00edticas concretas para las ciudades. Muchas de las pol\u00edticas que impulsamos surgieron justamente de escuchar a la ciudadan\u00eda y buscar soluciones desde la tecnolog\u00eda y la innovaci\u00f3n\u201d. Durante la segunda jornada, Larisa Cruz, Directora General de Ciencia y Desarrollo Tecnol\u00f3gico del Gobierno del Estado de Jalisco (M\u00e9xico), expuso sobre las condiciones institucionales, t\u00e9cnicas y financieras necesarias para escalar soluciones de innovaci\u00f3n urbana desde la etapa de prototipo hasta su implementaci\u00f3n territorial y destac\u00f3:\u00a0 \u201cEstos espacios permiten que emprendedores, gobierno, industria y universidades converjan y abran conversaciones sobre las problem\u00e1ticas de las ciudades y sus posibles soluciones. Esa conversaci\u00f3n es indispensable para innovar. Y para que la innovaci\u00f3n sea realmente efectiva, tambi\u00e9n necesitamos inclusi\u00f3n: los distintos puntos de vista permiten identificar problemas y soluciones que de otra manera no ver\u00edamos. Sin inclusi\u00f3n, no hay innovaci\u00f3n\u201d. Participaci\u00f3n de instituciones y organizaciones nacionales El encuentro contabiliz\u00f3 adem\u00e1s la participaci\u00f3n de representantes de universidades, municipios, organismos p\u00fablicos, empresas.\u00a0 \u201cLo m\u00e1s valioso de estos espacios son las conexiones y conversaciones que permiten construir redes entre la academia, el sector p\u00fablico, el privado, las empresas y las comunidades. (&#8230;) Me interesa especialmente c\u00f3mo podemos construir ecosistemas de innovaci\u00f3n desde los territorios, vinculando innovaci\u00f3n y desarrollo territorial. (&#8230;) Como ciudadanas, somos parte central de cualquier proceso de innovaci\u00f3n\u201d, coment\u00f3 Mariela Miranda, asistente a GENOMA RM proveniente de la provincia de Arauco. El panel de cierre, dedicado a los compromisos y condiciones de continuidad para un futuro Hub Territorial de Innovaci\u00f3n, fue moderado por la acad\u00e9mica de la Usach, Dra. Alejandra Philippi, y cont\u00f3 con la participaci\u00f3n de Javiera Araneda, directora ejecutiva de Start-Up Chile y Julia Vergara, Consejera CRDPM y Subgerente de Innovaci\u00f3n en CCS, junto\" \/>\n<meta property=\"og:url\" content=\"https:\/\/vriic.usach.cl\/index.php\/neurofest-2026-invita-a-descubrir-los-secretos-del-cerebro-a-traves-de-la-ciencia-y-la-tecnologia\/\" \/>\n<meta property=\"og:site_name\" content=\"VRIIC\" \/>\n<meta property=\"article:published_time\" content=\"2026-08-11T19:52:18+00:00\" \/>\n<meta property=\"article:modified_time\" content=\"2026-08-13T19:46:44+00:00\" \/>\n<meta property=\"og:image\" content=\"http:\/\/vriic.usach.cl\/wp-content\/uploads\/2026\/08\/DIMENSION-NOTICIAS-4.png\" \/>\n\t<meta property=\"og:image:width\" content=\"1110\" \/>\n\t<meta property=\"og:image:height\" content=\"360\" \/>\n\t<meta property=\"og:image:type\" content=\"image\/png\" \/>\n<meta name=\"author\" content=\"Comunicaciones VRIIC\" \/>\n<meta name=\"twitter:card\" content=\"summary_large_image\" \/>\n<meta name=\"twitter:label1\" content=\"Escrito por\" \/>\n\t<meta name=\"twitter:data1\" content=\"Comunicaciones VRIIC\" \/>\n\t<meta name=\"twitter:label2\" content=\"Tiempo estimado de lectura\" \/>\n\t<meta name=\"twitter:data2\" content=\"8 minutos\" \/>\n<script type=\"application\/ld+json\" class=\"yoast-schema-graph\">{\"@context\":\"https:\\\/\\\/schema.org\",\"@graph\":[{\"@type\":\"Article\",\"@id\":\"https:\\\/\\\/vriic.usach.cl\\\/index.php\\\/neurofest-2026-invita-a-descubrir-los-secretos-del-cerebro-a-traves-de-la-ciencia-y-la-tecnologia\\\/#article\",\"isPartOf\":{\"@id\":\"https:\\\/\\\/vriic.usach.cl\\\/index.php\\\/neurofest-2026-invita-a-descubrir-los-secretos-del-cerebro-a-traves-de-la-ciencia-y-la-tecnologia\\\/\"},\"author\":{\"name\":\"Comunicaciones VRIIC\",\"@id\":\"https:\\\/\\\/vriic.usach.cl\\\/#\\\/schema\\\/person\\\/7445abf7c84e3726508476493e702b11\"},\"headline\":\"GENOMA RM: UNA HOJA DE RUTA PARA TRANSFORMAR SANTIAGO HACIA LA INNOVACI\u00d3N, LA COLABORACI\u00d3N Y EL DI\u00c1LOGO ENTRE SUS TERRITORIOS\",\"datePublished\":\"2026-08-11T19:52:18+00:00\",\"dateModified\":\"2026-08-13T19:46:44+00:00\",\"mainEntityOfPage\":{\"@id\":\"https:\\\/\\\/vriic.usach.cl\\\/index.php\\\/neurofest-2026-invita-a-descubrir-los-secretos-del-cerebro-a-traves-de-la-ciencia-y-la-tecnologia\\\/\"},\"wordCount\":1341,\"publisher\":{\"@id\":\"https:\\\/\\\/vriic.usach.cl\\\/#organization\"},\"image\":{\"@id\":\"https:\\\/\\\/vriic.usach.cl\\\/index.php\\\/neurofest-2026-invita-a-descubrir-los-secretos-del-cerebro-a-traves-de-la-ciencia-y-la-tecnologia\\\/#primaryimage\"},\"thumbnailUrl\":\"https:\\\/\\\/vriic.usach.cl\\\/wp-content\\\/uploads\\\/2026\\\/08\\\/DIMENSION-NOTICIAS-4.png\",\"articleSection\":[\"Desarrollo\",\"Innovaci\u00f3n\",\"Investigaci\u00f3n\"],\"inLanguage\":\"es-CL\"},{\"@type\":\"WebPage\",\"@id\":\"https:\\\/\\\/vriic.usach.cl\\\/index.php\\\/neurofest-2026-invita-a-descubrir-los-secretos-del-cerebro-a-traves-de-la-ciencia-y-la-tecnologia\\\/\",\"url\":\"https:\\\/\\\/vriic.usach.cl\\\/index.php\\\/neurofest-2026-invita-a-descubrir-los-secretos-del-cerebro-a-traves-de-la-ciencia-y-la-tecnologia\\\/\",\"name\":\"GENOMA RM: UNA HOJA DE RUTA PARA TRANSFORMAR SANTIAGO HACIA LA INNOVACI\u00d3N, LA COLABORACI\u00d3N Y EL DI\u00c1LOGO ENTRE SUS TERRITORIOS - VRIIC\",\"isPartOf\":{\"@id\":\"https:\\\/\\\/vriic.usach.cl\\\/#website\"},\"primaryImageOfPage\":{\"@id\":\"https:\\\/\\\/vriic.usach.cl\\\/index.php\\\/neurofest-2026-invita-a-descubrir-los-secretos-del-cerebro-a-traves-de-la-ciencia-y-la-tecnologia\\\/#primaryimage\"},\"image\":{\"@id\":\"https:\\\/\\\/vriic.usach.cl\\\/index.php\\\/neurofest-2026-invita-a-descubrir-los-secretos-del-cerebro-a-traves-de-la-ciencia-y-la-tecnologia\\\/#primaryimage\"},\"thumbnailUrl\":\"https:\\\/\\\/vriic.usach.cl\\\/wp-content\\\/uploads\\\/2026\\\/08\\\/DIMENSION-NOTICIAS-4.png\",\"datePublished\":\"2026-08-11T19:52:18+00:00\",\"dateModified\":\"2026-08-13T19:46:44+00:00\",\"breadcrumb\":{\"@id\":\"https:\\\/\\\/vriic.usach.cl\\\/index.php\\\/neurofest-2026-invita-a-descubrir-los-secretos-del-cerebro-a-traves-de-la-ciencia-y-la-tecnologia\\\/#breadcrumb\"},\"inLanguage\":\"es-CL\",\"potentialAction\":[{\"@type\":\"ReadAction\",\"target\":[\"https:\\\/\\\/vriic.usach.cl\\\/index.php\\\/neurofest-2026-invita-a-descubrir-los-secretos-del-cerebro-a-traves-de-la-ciencia-y-la-tecnologia\\\/\"]}]},{\"@type\":\"ImageObject\",\"inLanguage\":\"es-CL\",\"@id\":\"https:\\\/\\\/vriic.usach.cl\\\/index.php\\\/neurofest-2026-invita-a-descubrir-los-secretos-del-cerebro-a-traves-de-la-ciencia-y-la-tecnologia\\\/#primaryimage\",\"url\":\"https:\\\/\\\/vriic.usach.cl\\\/wp-content\\\/uploads\\\/2026\\\/08\\\/DIMENSION-NOTICIAS-4.png\",\"contentUrl\":\"https:\\\/\\\/vriic.usach.cl\\\/wp-content\\\/uploads\\\/2026\\\/08\\\/DIMENSION-NOTICIAS-4.png\",\"width\":1110,\"height\":360},{\"@type\":\"BreadcrumbList\",\"@id\":\"https:\\\/\\\/vriic.usach.cl\\\/index.php\\\/neurofest-2026-invita-a-descubrir-los-secretos-del-cerebro-a-traves-de-la-ciencia-y-la-tecnologia\\\/#breadcrumb\",\"itemListElement\":[{\"@type\":\"ListItem\",\"position\":1,\"name\":\"Portada\",\"item\":\"https:\\\/\\\/vriic.usach.cl\\\/\"},{\"@type\":\"ListItem\",\"position\":2,\"name\":\"GENOMA RM: UNA HOJA DE RUTA PARA TRANSFORMAR SANTIAGO HACIA LA INNOVACI\u00d3N, LA COLABORACI\u00d3N Y EL DI\u00c1LOGO ENTRE SUS TERRITORIOS\"}]},{\"@type\":\"WebSite\",\"@id\":\"https:\\\/\\\/vriic.usach.cl\\\/#website\",\"url\":\"https:\\\/\\\/vriic.usach.cl\\\/\",\"name\":\"VRIIC\",\"description\":\"Vicerrector\u00eda de Investigaci\u00f3n, Innovaci\u00f3n y Creaci\u00f3n\",\"publisher\":{\"@id\":\"https:\\\/\\\/vriic.usach.cl\\\/#organization\"},\"potentialAction\":[{\"@type\":\"SearchAction\",\"target\":{\"@type\":\"EntryPoint\",\"urlTemplate\":\"https:\\\/\\\/vriic.usach.cl\\\/?s={search_term_string}\"},\"query-input\":{\"@type\":\"PropertyValueSpecification\",\"valueRequired\":true,\"valueName\":\"search_term_string\"}}],\"inLanguage\":\"es-CL\"},{\"@type\":\"Organization\",\"@id\":\"https:\\\/\\\/vriic.usach.cl\\\/#organization\",\"name\":\"VRIIC\",\"url\":\"https:\\\/\\\/vriic.usach.cl\\\/\",\"logo\":{\"@type\":\"ImageObject\",\"inLanguage\":\"es-CL\",\"@id\":\"https:\\\/\\\/vriic.usach.cl\\\/#\\\/schema\\\/logo\\\/image\\\/\",\"url\":\"https:\\\/\\\/vriic.usach.cl\\\/wp-content\\\/uploads\\\/2024\\\/05\\\/cropped-HISTORIA-C-min-1.png\",\"contentUrl\":\"https:\\\/\\\/vriic.usach.cl\\\/wp-content\\\/uploads\\\/2024\\\/05\\\/cropped-HISTORIA-C-min-1.png\",\"width\":966,\"height\":228,\"caption\":\"VRIIC\"},\"image\":{\"@id\":\"https:\\\/\\\/vriic.usach.cl\\\/#\\\/schema\\\/logo\\\/image\\\/\"}},{\"@type\":\"Person\",\"@id\":\"https:\\\/\\\/vriic.usach.cl\\\/#\\\/schema\\\/person\\\/7445abf7c84e3726508476493e702b11\",\"name\":\"Comunicaciones VRIIC\",\"image\":{\"@type\":\"ImageObject\",\"inLanguage\":\"es-CL\",\"@id\":\"https:\\\/\\\/secure.gravatar.com\\\/avatar\\\/a059dbff38f4b6242f148cadb92d0b1baec305d7378c7081c16c798f88d9af47?s=96&d=mm&r=g\",\"url\":\"https:\\\/\\\/secure.gravatar.com\\\/avatar\\\/a059dbff38f4b6242f148cadb92d0b1baec305d7378c7081c16c798f88d9af47?s=96&d=mm&r=g\",\"contentUrl\":\"https:\\\/\\\/secure.gravatar.com\\\/avatar\\\/a059dbff38f4b6242f148cadb92d0b1baec305d7378c7081c16c798f88d9af47?s=96&d=mm&r=g\",\"caption\":\"Comunicaciones VRIIC\"},\"sameAs\":[\"http:\\\/\\\/158.170.66.230\"],\"url\":\"https:\\\/\\\/vriic.usach.cl\\\/index.php\\\/author\\\/adminvridei\\\/\"}]}<\/script>\n<!-- \/ Yoast SEO plugin. -->","yoast_head_json":{"title":"GENOMA RM: UNA HOJA DE RUTA PARA TRANSFORMAR SANTIAGO HACIA LA INNOVACI\u00d3N, LA COLABORACI\u00d3N Y EL DI\u00c1LOGO ENTRE SUS TERRITORIOS - VRIIC","robots":{"index":"index","follow":"follow","max-snippet":"max-snippet:-1","max-image-preview":"max-image-preview:large","max-video-preview":"max-video-preview:-1"},"canonical":"https:\/\/vriic.usach.cl\/index.php\/neurofest-2026-invita-a-descubrir-los-secretos-del-cerebro-a-traves-de-la-ciencia-y-la-tecnologia\/","og_locale":"es_ES","og_type":"article","og_title":"GENOMA RM: UNA HOJA DE RUTA PARA TRANSFORMAR SANTIAGO HACIA LA INNOVACI\u00d3N, LA COLABORACI\u00d3N Y EL DI\u00c1LOGO ENTRE SUS TERRITORIOS - VRIIC","og_description":"La Universidad de Santiago de Chile convoc\u00f3 a m\u00e1s de trescientas personas que participaron en GENOMA RM, evento que reuni\u00f3 a especialistas internacionales, representantes del sector p\u00fablico y privado, academia y comunidades. El encuentro concluy\u00f3 con una hoja de ruta para la transformaci\u00f3n territorial de la Regi\u00f3n Metropolitana. Fortalecer una econom\u00eda con prop\u00f3sito para las personas, consolidar un ecosistema regional de emprendimiento, desarrollar talentos para los desaf\u00edos del futuro, avanzar hacia un Santiago sostenible y resiliente, y construir una ciudad inteligente, segura y equitativa son las cinco misiones que surgieron de GENOMA RM: Descifrando el ADN del Territorio Inteligente. El encuentro, organizado por la Vicerrector\u00eda de Investigaci\u00f3n, Innovaci\u00f3n y Creaci\u00f3n de la Universidad de Santiago de Chile, se realiz\u00f3 los d\u00edas 11 y 12 de agosto en el Centro Cultural Gabriela Mistral. A estas misiones se suma una propuesta de gobernanza colaborativa para sostener el trabajo y la coordinaci\u00f3n entre las distintas actor\u00edas del territorio. \u201cComo Vicerrectora de Investigaci\u00f3n, Innovaci\u00f3n y Creaci\u00f3n, una cambia la perspectiva, y se da cuenta que en el \u00e1mbito de la innovaci\u00f3n, el g\u00e9nero femenino est\u00e1 subrepresentado. Contamos con poca participaci\u00f3n en las instancias de toma de decisiones, principalmente, y en \u00e1reas de innovaci\u00f3n y emprendimiento, en general. Por ello mi compromiso, desde la Vicerrector\u00eda, es avanzar hacia el cierre de esa brecha de desigualdad, que atraviesa todos los aspectos de la vida universitaria y la sociedad\u201d, enfatiz\u00f3 la Vicerrectora Dra. Andrea Mahn al cierre del encuentro. La reflexi\u00f3n desarrollada durante GENOMA RM puso sobre la mesa la necesidad de conectar las capacidades de innovaci\u00f3n, ciencia y tecnolog\u00eda con los desaf\u00edos concretos de la Regi\u00f3n Metropolitana, generando espacios de di\u00e1logo diversos y colaboraci\u00f3n entre quienes participan de su desarrollo. La hoja de ruta para la transformaci\u00f3n territorial define cinco misiones: avanzar hacia un Santiago productivo y competitivo, con una econom\u00eda con prop\u00f3sito; consolidar una capital emprendedora, conectando talento, financiamiento y conocimiento; fortalecer una regi\u00f3n de talentos, preparada para los desaf\u00edos del futuro; avanzar hacia un Santiago sostenible y resiliente, capaz de enfrentar desaf\u00edos como el cambio clim\u00e1tico y la desigualdad territorial; y construir un Santiago inteligente, seguro y equitativo, mediante espacios de di\u00e1logo, infraestructura compartida y soluciones que contribuyan a reducir brechas territoriales. Como eje transversal, GENOMA RM propone un modelo de gobernanza y articulaci\u00f3n para la transformaci\u00f3n territorial, basado en la colaboraci\u00f3n entre actor\u00edas p\u00fablicas, privadas, mundo acad\u00e9mico y organizaciones de la sociedad civil; con mecanismos de seguimiento y financiamiento que permitan dar continuidad al trabajo. \u201cLos desaf\u00edos de los territorios no pueden abordarse desde un solo sector. Se necesita una colaboraci\u00f3n entre gobiernos locales y regionales, sector privado, academia y sociedad civil, junto con una hoja de ruta que permita sostener los compromisos en el tiempo\u201d, se\u00f1al\u00f3 Nicole S\u00e1ez Pa\u00f1ero, gerenta general de la Corporaci\u00f3n Regional de Desarrollo del Gobierno de Santiago. Participaci\u00f3n internacional El evento cont\u00f3 con la participaci\u00f3n de especialistas internacionales de Barcelona, Medell\u00edn, Buenos Aires y Jalisco, quienes compartieron experiencias sobre innovaci\u00f3n, gobernanza, tecnolog\u00eda y transformaci\u00f3n territorial. Antoni Paz, presidente de la Comisi\u00f3n de Innovaci\u00f3n del Distrito 22@ de Barcelona y director de la Fundaci\u00f3n KIMbcn, expuso sobre los aprendizajes del proceso de reconversi\u00f3n de ese distrito industrial en un polo de innovaci\u00f3n tecnol\u00f3gica e indic\u00f3: \u201cLas ciudades y los ecosistemas est\u00e1n cambiando, y creo que es muy importante la apuesta que est\u00e1 haciendo la Universidad de Santiago de Chile por la innovaci\u00f3n y la tecnolog\u00eda. Nos viene una gran ola de inteligencia artificial, tecnolog\u00eda cu\u00e1ntica, seguridad y conectividad.\u201d Desde Medell\u00edn, Camilo Zapata, director de Relaciones Estrat\u00e9gicas y del Centro para la Cuarta Revoluci\u00f3n Industrial de Ruta N Medell\u00edn, abord\u00f3 los mecanismos de gobernanza y articulaci\u00f3n entre actor\u00edas que conviven en dicha ciudad y sostuvo: &#8220;Para que un ecosistema funcione y perdure, debe poner a la ciudadan\u00eda en el centro de sus acciones. Si la ciencia, la tecnolog\u00eda y la innovaci\u00f3n est\u00e1n al servicio de las personas, siempre tendremos nuevas necesidades que atender y un prop\u00f3sito claro para avanzar\u201d. Augusto Cl\u00e9ment, ex director general de Ciencia y Tecnolog\u00eda de la Ciudad de Buenos Aires, present\u00f3 su experiencia en la implementaci\u00f3n de soluciones tecnol\u00f3gicas de atenci\u00f3n ciudadana a partir de una pol\u00edtica p\u00fablica de innovaci\u00f3n urbana y explic\u00f3: \u201cEste tipo de encuentros es fundamental porque permite reunir a las diversas actor\u00edas del ecosistema y generar una articulaci\u00f3n que se traduzca en pol\u00edticas concretas para las ciudades. Muchas de las pol\u00edticas que impulsamos surgieron justamente de escuchar a la ciudadan\u00eda y buscar soluciones desde la tecnolog\u00eda y la innovaci\u00f3n\u201d. Durante la segunda jornada, Larisa Cruz, Directora General de Ciencia y Desarrollo Tecnol\u00f3gico del Gobierno del Estado de Jalisco (M\u00e9xico), expuso sobre las condiciones institucionales, t\u00e9cnicas y financieras necesarias para escalar soluciones de innovaci\u00f3n urbana desde la etapa de prototipo hasta su implementaci\u00f3n territorial y destac\u00f3:\u00a0 \u201cEstos espacios permiten que emprendedores, gobierno, industria y universidades converjan y abran conversaciones sobre las problem\u00e1ticas de las ciudades y sus posibles soluciones. Esa conversaci\u00f3n es indispensable para innovar. Y para que la innovaci\u00f3n sea realmente efectiva, tambi\u00e9n necesitamos inclusi\u00f3n: los distintos puntos de vista permiten identificar problemas y soluciones que de otra manera no ver\u00edamos. Sin inclusi\u00f3n, no hay innovaci\u00f3n\u201d. Participaci\u00f3n de instituciones y organizaciones nacionales El encuentro contabiliz\u00f3 adem\u00e1s la participaci\u00f3n de representantes de universidades, municipios, organismos p\u00fablicos, empresas.\u00a0 \u201cLo m\u00e1s valioso de estos espacios son las conexiones y conversaciones que permiten construir redes entre la academia, el sector p\u00fablico, el privado, las empresas y las comunidades. (&#8230;) Me interesa especialmente c\u00f3mo podemos construir ecosistemas de innovaci\u00f3n desde los territorios, vinculando innovaci\u00f3n y desarrollo territorial. (&#8230;) Como ciudadanas, somos parte central de cualquier proceso de innovaci\u00f3n\u201d, coment\u00f3 Mariela Miranda, asistente a GENOMA RM proveniente de la provincia de Arauco. El panel de cierre, dedicado a los compromisos y condiciones de continuidad para un futuro Hub Territorial de Innovaci\u00f3n, fue moderado por la acad\u00e9mica de la Usach, Dra. Alejandra Philippi, y cont\u00f3 con la participaci\u00f3n de Javiera Araneda, directora ejecutiva de Start-Up Chile y Julia Vergara, Consejera CRDPM y Subgerente de Innovaci\u00f3n en CCS, junto","og_url":"https:\/\/vriic.usach.cl\/index.php\/neurofest-2026-invita-a-descubrir-los-secretos-del-cerebro-a-traves-de-la-ciencia-y-la-tecnologia\/","og_site_name":"VRIIC","article_published_time":"2026-08-11T19:52:18+00:00","article_modified_time":"2026-08-13T19:46:44+00:00","og_image":[{"width":1110,"height":360,"url":"http:\/\/vriic.usach.cl\/wp-content\/uploads\/2026\/08\/DIMENSION-NOTICIAS-4.png","type":"image\/png"}],"author":"Comunicaciones VRIIC","twitter_card":"summary_large_image","twitter_misc":{"Escrito por":"Comunicaciones VRIIC","Tiempo estimado de lectura":"8 minutos"},"schema":{"@context":"https:\/\/schema.org","@graph":[{"@type":"Article","@id":"https:\/\/vriic.usach.cl\/index.php\/neurofest-2026-invita-a-descubrir-los-secretos-del-cerebro-a-traves-de-la-ciencia-y-la-tecnologia\/#article","isPartOf":{"@id":"https:\/\/vriic.usach.cl\/index.php\/neurofest-2026-invita-a-descubrir-los-secretos-del-cerebro-a-traves-de-la-ciencia-y-la-tecnologia\/"},"author":{"name":"Comunicaciones VRIIC","@id":"https:\/\/vriic.usach.cl\/#\/schema\/person\/7445abf7c84e3726508476493e702b11"},"headline":"GENOMA RM: UNA HOJA DE RUTA PARA TRANSFORMAR SANTIAGO HACIA LA INNOVACI\u00d3N, LA COLABORACI\u00d3N Y EL DI\u00c1LOGO ENTRE SUS TERRITORIOS","datePublished":"2026-08-11T19:52:18+00:00","dateModified":"2026-08-13T19:46:44+00:00","mainEntityOfPage":{"@id":"https:\/\/vriic.usach.cl\/index.php\/neurofest-2026-invita-a-descubrir-los-secretos-del-cerebro-a-traves-de-la-ciencia-y-la-tecnologia\/"},"wordCount":1341,"publisher":{"@id":"https:\/\/vriic.usach.cl\/#organization"},"image":{"@id":"https:\/\/vriic.usach.cl\/index.php\/neurofest-2026-invita-a-descubrir-los-secretos-del-cerebro-a-traves-de-la-ciencia-y-la-tecnologia\/#primaryimage"},"thumbnailUrl":"https:\/\/vriic.usach.cl\/wp-content\/uploads\/2026\/08\/DIMENSION-NOTICIAS-4.png","articleSection":["Desarrollo","Innovaci\u00f3n","Investigaci\u00f3n"],"inLanguage":"es-CL"},{"@type":"WebPage","@id":"https:\/\/vriic.usach.cl\/index.php\/neurofest-2026-invita-a-descubrir-los-secretos-del-cerebro-a-traves-de-la-ciencia-y-la-tecnologia\/","url":"https:\/\/vriic.usach.cl\/index.php\/neurofest-2026-invita-a-descubrir-los-secretos-del-cerebro-a-traves-de-la-ciencia-y-la-tecnologia\/","name":"GENOMA RM: UNA HOJA DE RUTA PARA TRANSFORMAR SANTIAGO HACIA LA INNOVACI\u00d3N, LA COLABORACI\u00d3N Y EL DI\u00c1LOGO ENTRE SUS TERRITORIOS - VRIIC","isPartOf":{"@id":"https:\/\/vriic.usach.cl\/#website"},"primaryImageOfPage":{"@id":"https:\/\/vriic.usach.cl\/index.php\/neurofest-2026-invita-a-descubrir-los-secretos-del-cerebro-a-traves-de-la-ciencia-y-la-tecnologia\/#primaryimage"},"image":{"@id":"https:\/\/vriic.usach.cl\/index.php\/neurofest-2026-invita-a-descubrir-los-secretos-del-cerebro-a-traves-de-la-ciencia-y-la-tecnologia\/#primaryimage"},"thumbnailUrl":"https:\/\/vriic.usach.cl\/wp-content\/uploads\/2026\/08\/DIMENSION-NOTICIAS-4.png","datePublished":"2026-08-11T19:52:18+00:00","dateModified":"2026-08-13T19:46:44+00:00","breadcrumb":{"@id":"https:\/\/vriic.usach.cl\/index.php\/neurofest-2026-invita-a-descubrir-los-secretos-del-cerebro-a-traves-de-la-ciencia-y-la-tecnologia\/#breadcrumb"},"inLanguage":"es-CL","potentialAction":[{"@type":"ReadAction","target":["https:\/\/vriic.usach.cl\/index.php\/neurofest-2026-invita-a-descubrir-los-secretos-del-cerebro-a-traves-de-la-ciencia-y-la-tecnologia\/"]}]},{"@type":"ImageObject","inLanguage":"es-CL","@id":"https:\/\/vriic.usach.cl\/index.php\/neurofest-2026-invita-a-descubrir-los-secretos-del-cerebro-a-traves-de-la-ciencia-y-la-tecnologia\/#primaryimage","url":"https:\/\/vriic.usach.cl\/wp-content\/uploads\/2026\/08\/DIMENSION-NOTICIAS-4.png","contentUrl":"https:\/\/vriic.usach.cl\/wp-content\/uploads\/2026\/08\/DIMENSION-NOTICIAS-4.png","width":1110,"height":360},{"@type":"BreadcrumbList","@id":"https:\/\/vriic.usach.cl\/index.php\/neurofest-2026-invita-a-descubrir-los-secretos-del-cerebro-a-traves-de-la-ciencia-y-la-tecnologia\/#breadcrumb","itemListElement":[{"@type":"ListItem","position":1,"name":"Portada","item":"https:\/\/vriic.usach.cl\/"},{"@type":"ListItem","position":2,"name":"GENOMA RM: UNA HOJA DE RUTA PARA TRANSFORMAR SANTIAGO HACIA LA INNOVACI\u00d3N, LA COLABORACI\u00d3N Y EL DI\u00c1LOGO ENTRE SUS TERRITORIOS"}]},{"@type":"WebSite","@id":"https:\/\/vriic.usach.cl\/#website","url":"https:\/\/vriic.usach.cl\/","name":"VRIIC","description":"Vicerrector\u00eda de Investigaci\u00f3n, Innovaci\u00f3n y Creaci\u00f3n","publisher":{"@id":"https:\/\/vriic.usach.cl\/#organization"},"potentialAction":[{"@type":"SearchAction","target":{"@type":"EntryPoint","urlTemplate":"https:\/\/vriic.usach.cl\/?s={search_term_string}"},"query-input":{"@type":"PropertyValueSpecification","valueRequired":true,"valueName":"search_term_string"}}],"inLanguage":"es-CL"},{"@type":"Organization","@id":"https:\/\/vriic.usach.cl\/#organization","name":"VRIIC","url":"https:\/\/vriic.usach.cl\/","logo":{"@type":"ImageObject","inLanguage":"es-CL","@id":"https:\/\/vriic.usach.cl\/#\/schema\/logo\/image\/","url":"https:\/\/vriic.usach.cl\/wp-content\/uploads\/2024\/05\/cropped-HISTORIA-C-min-1.png","contentUrl":"https:\/\/vriic.usach.cl\/wp-content\/uploads\/2024\/05\/cropped-HISTORIA-C-min-1.png","width":966,"height":228,"caption":"VRIIC"},"image":{"@id":"https:\/\/vriic.usach.cl\/#\/schema\/logo\/image\/"}},{"@type":"Person","@id":"https:\/\/vriic.usach.cl\/#\/schema\/person\/7445abf7c84e3726508476493e702b11","name":"Comunicaciones VRIIC","image":{"@type":"ImageObject","inLanguage":"es-CL","@id":"https:\/\/secure.gravatar.com\/avatar\/a059dbff38f4b6242f148cadb92d0b1baec305d7378c7081c16c798f88d9af47?s=96&d=mm&r=g","url":"https:\/\/secure.gravatar.com\/avatar\/a059dbff38f4b6242f148cadb92d0b1baec305d7378c7081c16c798f88d9af47?s=96&d=mm&r=g","contentUrl":"https:\/\/secure.gravatar.com\/avatar\/a059dbff38f4b6242f148cadb92d0b1baec305d7378c7081c16c798f88d9af47?s=96&d=mm&r=g","caption":"Comunicaciones VRIIC"},"sameAs":["http:\/\/158.170.66.230"],"url":"https:\/\/vriic.usach.cl\/index.php\/author\/adminvridei\/"}]}},"rttpg_featured_image_url":{"full":["https:\/\/vriic.usach.cl\/wp-content\/uploads\/2026\/08\/DIMENSION-NOTICIAS-4.png",1110,360,false],"landscape":["https:\/\/vriic.usach.cl\/wp-content\/uploads\/2026\/08\/DIMENSION-NOTICIAS-4.png",1110,360,false],"portraits":["https:\/\/vriic.usach.cl\/wp-content\/uploads\/2026\/08\/DIMENSION-NOTICIAS-4.png",1110,360,false],"thumbnail":["https:\/\/vriic.usach.cl\/wp-content\/uploads\/2026\/08\/DIMENSION-NOTICIAS-4-150x150.png",150,150,true],"medium":["https:\/\/vriic.usach.cl\/wp-content\/uploads\/2026\/08\/DIMENSION-NOTICIAS-4-300x97.png",300,97,true],"large":["https:\/\/vriic.usach.cl\/wp-content\/uploads\/2026\/08\/DIMENSION-NOTICIAS-4-1024x332.png",1024,332,true],"1536x1536":["https:\/\/vriic.usach.cl\/wp-content\/uploads\/2026\/08\/DIMENSION-NOTICIAS-4.png",1110,360,false],"2048x2048":["https:\/\/vriic.usach.cl\/wp-content\/uploads\/2026\/08\/DIMENSION-NOTICIAS-4.png",1110,360,false],"rpwe-thumbnail":["https:\/\/vriic.usach.cl\/wp-content\/uploads\/2026\/08\/DIMENSION-NOTICIAS-4-45x45.png",45,45,true]},"rttpg_author":{"display_name":"Comunicaciones VRIIC","author_link":"https:\/\/vriic.usach.cl\/index.php\/author\/adminvridei\/"},"rttpg_comment":0,"rttpg_category":"<a href=\"https:\/\/vriic.usach.cl\/index.php\/category\/desarrollo\/\" rel=\"category tag\">Desarrollo<\/a> <a href=\"https:\/\/vriic.usach.cl\/index.php\/category\/innovacion\/\" rel=\"category tag\">Innovaci\u00f3n<\/a> <a href=\"https:\/\/vriic.usach.cl\/index.php\/category\/investigacion\/\" rel=\"category tag\">Investigaci\u00f3n<\/a>","rttpg_excerpt":"La Universidad de Santiago de Chile convoc\u00f3 a m\u00e1s de trescientas personas que participaron en GENOMA RM, evento que reuni\u00f3 a especialistas internacionales, representantes del sector p\u00fablico y privado, academia y comunidades. El encuentro concluy\u00f3 con una hoja de ruta para la transformaci\u00f3n territorial de la Regi\u00f3n Metropolitana. Fortalecer una econom\u00eda con prop\u00f3sito para las&hellip;","_links":{"self":[{"href":"https:\/\/vriic.usach.cl\/index.php\/wp-json\/wp\/v2\/posts\/23320","targetHints":{"allow":["GET"]}}],"collection":[{"href":"https:\/\/vriic.usach.cl\/index.php\/wp-json\/wp\/v2\/posts"}],"about":[{"href":"https:\/\/vriic.usach.cl\/index.php\/wp-json\/wp\/v2\/types\/post"}],"author":[{"embeddable":true,"href":"https:\/\/vriic.usach.cl\/index.php\/wp-json\/wp\/v2\/users\/1"}],"replies":[{"embeddable":true,"href":"https:\/\/vriic.usach.cl\/index.php\/wp-json\/wp\/v2\/comments?post=23320"}],"version-history":[{"count":14,"href":"https:\/\/vriic.usach.cl\/index.php\/wp-json\/wp\/v2\/posts\/23320\/revisions"}],"predecessor-version":[{"id":23362,"href":"https:\/\/vriic.usach.cl\/index.php\/wp-json\/wp\/v2\/posts\/23320\/revisions\/23362"}],"wp:featuredmedia":[{"embeddable":true,"href":"https:\/\/vriic.usach.cl\/index.php\/wp-json\/wp\/v2\/media\/23342"}],"wp:attachment":[{"href":"https:\/\/vriic.usach.cl\/index.php\/wp-json\/wp\/v2\/media?parent=23320"}],"wp:term":[{"taxonomy":"category","embeddable":true,"href":"https:\/\/vriic.usach.cl\/index.php\/wp-json\/wp\/v2\/categories?post=23320"},{"taxonomy":"post_tag","embeddable":true,"href":"https:\/\/vriic.usach.cl\/index.php\/wp-json\/wp\/v2\/tags?post=23320"}],"curies":[{"name":"wp","href":"https:\/\/api.w.org\/{rel}","templated":true}]}}