{"id":22864,"date":"2026-04-28T12:40:26","date_gmt":"2026-04-28T15:40:26","guid":{"rendered":"https:\/\/vriic.usach.cl\/?p=22864"},"modified":"2026-04-28T12:51:59","modified_gmt":"2026-04-28T15:51:59","slug":"investigacion-estudia-impacto-del-cambio-climatico-en-enfermedad-viral-que-afecta-a-la-trucha-arcoiris","status":"publish","type":"post","link":"https:\/\/vriic.usach.cl\/index.php\/investigacion-estudia-impacto-del-cambio-climatico-en-enfermedad-viral-que-afecta-a-la-trucha-arcoiris\/","title":{"rendered":"Investigaci\u00f3n Usach analiza impacto del cambio clim\u00e1tico en enfermedad viral que afecta a la trucha arco\u00edris"},"content":{"rendered":"\t\t<div data-elementor-type=\"wp-post\" data-elementor-id=\"22864\" class=\"elementor elementor-22864\" data-elementor-post-type=\"post\">\n\t\t\t\t\t\t<section class=\"elementor-section elementor-top-section elementor-element elementor-element-353c9654 elementor-section-boxed elementor-section-height-default elementor-section-height-default wpr-particle-no wpr-jarallax-no wpr-parallax-no\" data-id=\"353c9654\" data-element_type=\"section\" data-e-type=\"section\">\n\t\t\t\t\t\t<div class=\"elementor-container elementor-column-gap-default\">\n\t\t\t\t\t<div class=\"elementor-column elementor-col-100 elementor-top-column elementor-element elementor-element-21a942d5\" data-id=\"21a942d5\" data-element_type=\"column\" data-e-type=\"column\">\n\t\t\t<div class=\"elementor-widget-wrap elementor-element-populated\">\n\t\t\t\t\t\t<section class=\"elementor-section elementor-inner-section elementor-element elementor-element-324544de elementor-section-boxed elementor-section-height-default elementor-section-height-default wpr-particle-no wpr-jarallax-no wpr-parallax-no wpr-sticky-section-no\" data-id=\"324544de\" data-element_type=\"section\" data-e-type=\"section\">\n\t\t\t\t\t\t<div class=\"elementor-container elementor-column-gap-default\">\n\t\t\t\t\t<div class=\"elementor-column elementor-col-100 elementor-inner-column elementor-element elementor-element-24350529\" data-id=\"24350529\" data-element_type=\"column\" data-e-type=\"column\">\n\t\t\t<div class=\"elementor-widget-wrap elementor-element-populated\">\n\t\t\t\t\t\t<div class=\"elementor-element elementor-element-4c7a7d7 elementor-share-buttons--view-icon elementor-share-buttons--shape-circle elementor-share-buttons--skin-gradient elementor-grid-0 elementor-share-buttons--color-official elementor-widget elementor-widget-share-buttons\" data-id=\"4c7a7d7\" data-element_type=\"widget\" data-e-type=\"widget\" data-widget_type=\"share-buttons.default\">\n\t\t\t\t<div class=\"elementor-widget-container\">\n\t\t\t\t\t\t\t<div class=\"elementor-grid\" role=\"list\">\n\t\t\t\t\t\t\t\t<div class=\"elementor-grid-item\" role=\"listitem\">\n\t\t\t\t\t\t<div class=\"elementor-share-btn elementor-share-btn_facebook\" role=\"button\" tabindex=\"0\" aria-label=\"Share on facebook\">\n\t\t\t\t\t\t\t\t\t\t\t\t\t\t\t<span class=\"elementor-share-btn__icon\">\n\t\t\t\t\t\t\t\t<i class=\"fab fa-facebook\" aria-hidden=\"true\"><\/i>\t\t\t\t\t\t\t<\/span>\n\t\t\t\t\t\t\t\t\t\t\t\t\t\t\t\t\t\t\t\t<\/div>\n\t\t\t\t\t<\/div>\n\t\t\t\t\t\t\t\t\t<div class=\"elementor-grid-item\" role=\"listitem\">\n\t\t\t\t\t\t<div class=\"elementor-share-btn elementor-share-btn_twitter\" role=\"button\" tabindex=\"0\" aria-label=\"Share on twitter\">\n\t\t\t\t\t\t\t\t\t\t\t\t\t\t\t<span class=\"elementor-share-btn__icon\">\n\t\t\t\t\t\t\t\t<i class=\"fab fa-twitter\" aria-hidden=\"true\"><\/i>\t\t\t\t\t\t\t<\/span>\n\t\t\t\t\t\t\t\t\t\t\t\t\t\t\t\t\t\t\t\t<\/div>\n\t\t\t\t\t<\/div>\n\t\t\t\t\t\t\t\t\t<div class=\"elementor-grid-item\" role=\"listitem\">\n\t\t\t\t\t\t<div class=\"elementor-share-btn elementor-share-btn_linkedin\" role=\"button\" tabindex=\"0\" aria-label=\"Share on linkedin\">\n\t\t\t\t\t\t\t\t\t\t\t\t\t\t\t<span class=\"elementor-share-btn__icon\">\n\t\t\t\t\t\t\t\t<i class=\"fab fa-linkedin\" aria-hidden=\"true\"><\/i>\t\t\t\t\t\t\t<\/span>\n\t\t\t\t\t\t\t\t\t\t\t\t\t\t\t\t\t\t\t\t<\/div>\n\t\t\t\t\t<\/div>\n\t\t\t\t\t\t<\/div>\n\t\t\t\t\t\t<\/div>\n\t\t\t\t<\/div>\n\t\t\t\t<div class=\"elementor-element elementor-element-2cc23ade elementor-widget elementor-widget-text-editor\" data-id=\"2cc23ade\" data-element_type=\"widget\" data-e-type=\"widget\" data-widget_type=\"text-editor.default\">\n\t\t\t\t<div class=\"elementor-widget-container\">\n\t\t\t\t\t\t\t\t\t<p><b>El Dr. Rodrigo Vidal Soto y la Dra.(c) Francisca Madrid Silva, investigadores de la Facultad de Qu\u00edmica y Biolog\u00eda, lideran\u00a0 proyecto de I+D orientado a entender c\u00f3mo el aumento de la temperatura en el mar influye en la respuesta de esta especie frente al virus IPNV. La iniciativa cuenta con financiamiento de ANID, la colaboraci\u00f3n de la empresa asociada Caleta Bay y el apoyo de la Direcci\u00f3n de Gesti\u00f3n Tecnol\u00f3gica de la Vicerrector\u00eda de Investigaci\u00f3n, Innovaci\u00f3n y Creaci\u00f3n.<\/b><\/p>\t\t\t\t\t\t\t\t<\/div>\n\t\t\t\t<\/div>\n\t\t\t\t<div class=\"elementor-element elementor-element-88c239 elementor-widget elementor-widget-text-editor\" data-id=\"88c239\" data-element_type=\"widget\" data-e-type=\"widget\" data-widget_type=\"text-editor.default\">\n\t\t\t\t<div class=\"elementor-widget-container\">\n\t\t\t\t\t\t\t\t\t<div class=\"field field-name-post-date field-type-ds field-label-hidden\"><div class=\"field-items\"><div class=\"field-item even\"><p><span style=\"font-weight: 400;\">Chile es uno de los mayores productores de trucha arcoiris en el mundo. Sin embargo, la aparici\u00f3n y propagaci\u00f3n de enfermedades causadas por agentes pat\u00f3genos como bacterias, hongos, par\u00e1sitos y virus, pueden causar p\u00e9rdidas significativas a la industria acu\u00edcola.<\/span><\/p><p><span style=\"font-weight: 400;\">Entre las infecciones provocadas por pat\u00f3genos virales, se encuentra la necrosis pancre\u00e1tica infecciosa (IPN), la cual se ha convertido en la\u00a0 principal causa de mortalidad por enfermedad en esta especie, con una incidencia promedio del 19,9% en agua de mar y del 20,18% en agua dulce, seg\u00fan el informe sanitario de Sernapesca, correspondiente al per\u00edodo 2021-2023.<\/span><\/p><p><span style=\"font-weight: 400;\">Si bien se han implementado diversas estrategias para prevenir y combatir el IPNV, entre ellas vacunas y antivirales, los resultados no han alcanzado la eficacia esperada, por lo que se hace necesario avanzar en nuevas soluciones.<\/span><\/p><p><b>En este contexto, la Universidad de Santiago de Chile posee una s\u00f3lida trayectoria en investigaci\u00f3n b\u00e1sica y aplicada para abordar enfermedades en peces. Como parte de esta l\u00ednea de trabajo, actualmente ejecuta el proyecto de I+D \u201cAn\u00e1lisis del rol de RNA no codificantes largos (lncRNA) en la interacci\u00f3n entre calentamiento global y la respuesta al Virus de la Necrosis Pancre\u00e1tica Infecciosa (IPNV) en el cultivo de trucha arco\u00edris\u201d.<\/b><\/p><p><span style=\"font-weight: 400;\">La iniciativa es liderada por la Dra.(c) Francisca Madrid Silva y el Dr. Rodrigo Vidal Soto, investigador y director del <\/span><a href=\"https:\/\/vriic.usach.cl\/index.php\/laboratorio-de-genomica\/\" target=\"_blank\" rel=\"noopener\"><span style=\"font-weight: 400;\">Laboratorio de Gen\u00f3mica<\/span><\/a><span style=\"font-weight: 400;\"> de la <\/span><a href=\"https:\/\/www.quimicaybiologia.usach.cl\/\" target=\"_blank\" rel=\"noopener\"><span style=\"font-weight: 400;\">Facultad de Qu\u00edmica y Biolog\u00eda<\/span><\/a><span style=\"font-weight: 400;\">. El proyecto cuenta con financiamiento de <a href=\"https:\/\/anid.cl\/\" target=\"_blank\" rel=\"noopener\">ANID<\/a>, la colaboraci\u00f3n de <\/span><a href=\"https:\/\/www.caletabay.com\/\" target=\"_blank\" rel=\"noopener\"><span style=\"font-weight: 400;\">Caleta Bay<\/span><\/a><span style=\"font-weight: 400;\">, empresa asociada, y el apoyo de la <\/span><a href=\"https:\/\/dgt.usach.cl\/\" target=\"_blank\" rel=\"noopener\"><span style=\"font-weight: 400;\">Direcci\u00f3n de Gesti\u00f3n Tecnol\u00f3gica <\/span><\/a><span style=\"font-weight: 400;\">de la Vriic.<\/span><\/p><p><i><span style=\"font-weight: 400;\">\u201cNuestro objetivo es entender c\u00f3mo el incremento de la temperatura en los mares, asociado al cambio clim\u00e1tico, influye en la respuesta de la regulaci\u00f3n del RNA no codificante de la trucha arco\u00edris frente al IPNV, el cual da\u00f1a gravemente la salud de los peces, especialmente en sus etapas de alevines y juveniles. Adem\u00e1s, genera altas tasas de mortalidad\u201d<\/span><\/i><span style=\"font-weight: 400;\">, se\u00f1ala Francisca Madrid.<\/span><\/p><h2><b>Investigaci\u00f3n gen\u00f3mica\u00a0<\/b><\/h2><p><span style=\"font-weight: 400;\">Para abordar este desaf\u00edo, el equipo centrar\u00e1 su trabajo en el <\/span><b>estudio de genes poco explorados, conocidos como RNA no codificantes largos (lncRNA). <\/b><i><span style=\"font-weight: 400;\">\u201cCorresponden a la materia oscura del genoma de organismos vertebrados y cumplen un rol clave en la activaci\u00f3n y\/o desactivaci\u00f3n de genes y prote\u00ednas\u201d,<\/span><\/i><span style=\"font-weight: 400;\"> explica el Dr. Vidal.<\/span><\/p><p><span style=\"font-weight: 400;\">Asimismo, agrega que se desarrollar\u00e1n ensayos experimentales a distintas temperaturas para analizar el material gen\u00e9tico de las especies y evaluar c\u00f3mo cambia su respuesta frente al virus.<\/span><\/p><p><b>El proyecto contempla dos a\u00f1os de ejecuci\u00f3n. Durante la primera etapa, a nivel de laboratorio, se estudiar\u00e1 a peces infectados en etapa de alevines sometidos a diferentes temperaturas.<\/b><\/p><p><i><span style=\"font-weight: 400;\">\u201cLuego de esta fase, vamos a extraer el RNA, el cual se secuenciar\u00e1 para obtener librer\u00edas gen\u00f3micas y realizar los an\u00e1lisis correspondientes. Posteriormente, se har\u00e1 la validaci\u00f3n experimental de estos an\u00e1lisis con la empresa asociada\u201d,<\/span><\/i><span style=\"font-weight: 400;\"> comenta la investigadora.<\/span><\/p><h2><b>Vinculaci\u00f3n con la industria\u00a0<\/b><\/h2><p><span style=\"font-weight: 400;\">Caleta Bay es una de las principales productoras de trucha arco\u00edris en Chile y destaca por impulsar una cultura de investigaci\u00f3n y desarrollo permanentes, adem\u00e1s de un manejo sostenible en los cultivos. En ese sentido, el acad\u00e9mico se\u00f1ala que la empresa presenta \u201c<\/span><i><span style=\"font-weight: 400;\">el menor \u00edndice de uso de antibi\u00f3ticos y la menor baja de mortalidad\u201d.<\/span><\/i><\/p><p><b>Ambos investigadores coinciden en que este trabajo conjunto entre la academia y el sector privado constituye una oportunidad concreta para generar conocimiento con impacto real.<\/b><\/p><p><i><span style=\"font-weight: 400;\">\u201cEsto tiene muchos impactos positivos, porque permite que una investigaci\u00f3n de laboratorio pueda transformarse en una soluci\u00f3n real a un problema en espec\u00edfico dentro del \u00e1rea de la ciencia biol\u00f3gica\u201d,<\/span><\/i><span style=\"font-weight: 400;\"> indica Francisca Madrid.<\/span><\/p><p><b>Por su parte, el Dr. Rodrigo Vidal explica que uno de los principales resultados esperados es <\/b><b><i>\u201cgenerar informaci\u00f3n gen\u00f3mica sobre la resiliencia de la trucha arco\u00edris, que permita a la empresa asociada fortalecer el manejo gen\u00e9tico y las estrategias productivas frente al cambio clim\u00e1tico\u201d.<\/i><\/b><\/p><p><span style=\"font-weight: 400;\">Asimismo, destaca que la iniciativa no solo fortalecer\u00e1 la vinculaci\u00f3n entre universidad e industria, sino que tambi\u00e9n aportar\u00e1 innovaci\u00f3n a la acuicultura nacional, donde uno de los grandes desaf\u00edos ya no es producir m\u00e1s, sino producir mejor.\u00a0<\/span><\/p><p><i><span style=\"font-weight: 400;\">\u201cY ese mejor tiene que ser dentro de un ciclo optimizado, es decir, poder completar los ciclos de producci\u00f3n, pero a bajo costo\u201d,<\/span><\/i><span style=\"font-weight: 400;\"> puntualiza el acad\u00e9mico.<\/span><\/p><p><b>Autora:<\/b><span style=\"font-weight: 400;\"> Paola Armijo Le\u00f3n<\/span><\/p><p><b>Fotograf\u00eda:<\/b><span style=\"font-weight: 400;\"> Comunicaciones Vriic<\/span><\/p><p><b>Tags:<\/b><span style=\"font-weight: 400;\"> Investigaci\u00f3n Aplicada<\/span><\/p><p><span style=\"font-weight: 400;\">Tecnolog\u00eda Usach<\/span><\/p><p><span style=\"font-weight: 400;\">Direcci\u00f3n de Gesti\u00f3n Tecnol\u00f3gica<\/span><\/p><\/div><\/div><\/div>\t\t\t\t\t\t\t\t<\/div>\n\t\t\t\t<\/div>\n\t\t\t\t\t<\/div>\n\t\t<\/div>\n\t\t\t\t\t<\/div>\n\t\t<\/section>\n\t\t\t\t\t<\/div>\n\t\t<\/div>\n\t\t\t\t\t<\/div>\n\t\t<\/section>\n\t\t\t\t<\/div>\n\t\t","protected":false},"excerpt":{"rendered":"<p>El Dr. Rodrigo Vidal Soto y la Dra.(c) Francisca Madrid Silva, investigadores de la Facultad de Qu\u00edmica y Biolog\u00eda, lideran\u00a0 proyecto de I+D orientado a entender c\u00f3mo el aumento de [&hellip;]<\/p>\n","protected":false},"author":1,"featured_media":22865,"comment_status":"closed","ping_status":"closed","sticky":false,"template":"","format":"standard","meta":{"inline_featured_image":false,"_monsterinsights_skip_tracking":false,"_monsterinsights_sitenote_active":false,"_monsterinsights_sitenote_note":"","_monsterinsights_sitenote_category":0,"site-sidebar-layout":"default","site-content-layout":"","ast-site-content-layout":"default","site-content-style":"default","site-sidebar-style":"default","ast-global-header-display":"","ast-banner-title-visibility":"","ast-main-header-display":"","ast-hfb-above-header-display":"","ast-hfb-below-header-display":"","ast-hfb-mobile-header-display":"","site-post-title":"","ast-breadcrumbs-content":"","ast-featured-img":"","footer-sml-layout":"","theme-transparent-header-meta":"","adv-header-id-meta":"","stick-header-meta":"","header-above-stick-meta":"","header-main-stick-meta":"","header-below-stick-meta":"","astra-migrate-meta-layouts":"set","ast-page-background-enabled":"default","ast-page-background-meta":{"desktop":{"background-color":"","background-image":"","background-repeat":"repeat","background-position":"center center","background-size":"auto","background-attachment":"scroll","background-type":"","background-media":"","overlay-type":"","overlay-color":"","overlay-gradient":""},"tablet":{"background-color":"","background-image":"","background-repeat":"repeat","background-position":"center center","background-size":"auto","background-attachment":"scroll","background-type":"","background-media":"","overlay-type":"","overlay-color":"","overlay-gradient":""},"mobile":{"background-color":"","background-image":"","background-repeat":"repeat","background-position":"center center","background-size":"auto","background-attachment":"scroll","background-type":"","background-media":"","overlay-type":"","overlay-color":"","overlay-gradient":""}},"ast-content-background-meta":{"desktop":{"background-color":"var(--ast-global-color-5)","background-image":"","background-repeat":"repeat","background-position":"center center","background-size":"auto","background-attachment":"scroll","background-type":"","background-media":"","overlay-type":"","overlay-color":"","overlay-gradient":""},"tablet":{"background-color":"var(--ast-global-color-5)","background-image":"","background-repeat":"repeat","background-position":"center center","background-size":"auto","background-attachment":"scroll","background-type":"","background-media":"","overlay-type":"","overlay-color":"","overlay-gradient":""},"mobile":{"background-color":"var(--ast-global-color-5)","background-image":"","background-repeat":"repeat","background-position":"center center","background-size":"auto","background-attachment":"scroll","background-type":"","background-media":"","overlay-type":"","overlay-color":"","overlay-gradient":""}},"footnotes":""},"categories":[9],"tags":[],"class_list":["post-22864","post","type-post","status-publish","format-standard","has-post-thumbnail","hentry","category-desarrollo"],"yoast_head":"<!-- This site is optimized with the Yoast SEO plugin v22.3 - https:\/\/yoast.com\/wordpress\/plugins\/seo\/ -->\n<title>Investigaci\u00f3n Usach analiza impacto del cambio clim\u00e1tico en enfermedad viral que afecta a la trucha arco\u00edris - VRIIC<\/title>\n<meta name=\"robots\" content=\"index, follow, max-snippet:-1, max-image-preview:large, max-video-preview:-1\" \/>\n<link rel=\"canonical\" href=\"https:\/\/vriic.usach.cl\/index.php\/investigacion-estudia-impacto-del-cambio-climatico-en-enfermedad-viral-que-afecta-a-la-trucha-arcoiris\/\" \/>\n<meta property=\"og:locale\" content=\"es_ES\" \/>\n<meta property=\"og:type\" content=\"article\" \/>\n<meta property=\"og:title\" content=\"Investigaci\u00f3n Usach analiza impacto del cambio clim\u00e1tico en enfermedad viral que afecta a la trucha arco\u00edris - VRIIC\" \/>\n<meta property=\"og:description\" content=\"El Dr. Rodrigo Vidal Soto y la Dra.(c) Francisca Madrid Silva, investigadores de la Facultad de Qu\u00edmica y Biolog\u00eda, lideran\u00a0 proyecto de I+D orientado a entender c\u00f3mo el aumento de [&hellip;]\" \/>\n<meta property=\"og:url\" content=\"https:\/\/vriic.usach.cl\/index.php\/investigacion-estudia-impacto-del-cambio-climatico-en-enfermedad-viral-que-afecta-a-la-trucha-arcoiris\/\" \/>\n<meta property=\"og:site_name\" content=\"VRIIC\" \/>\n<meta property=\"article:published_time\" content=\"2026-04-28T15:40:26+00:00\" \/>\n<meta property=\"article:modified_time\" content=\"2026-04-28T15:51:59+00:00\" \/>\n<meta property=\"og:image\" content=\"http:\/\/vriic.usach.cl\/wp-content\/uploads\/2026\/04\/FOTO-DGT-1100-x-360-px-1.png\" \/>\n\t<meta property=\"og:image:width\" content=\"1100\" \/>\n\t<meta property=\"og:image:height\" content=\"360\" \/>\n\t<meta property=\"og:image:type\" content=\"image\/png\" \/>\n<meta name=\"author\" content=\"Comunicaciones VRIIC\" \/>\n<meta name=\"twitter:card\" content=\"summary_large_image\" \/>\n<meta name=\"twitter:label1\" content=\"Written by\" \/>\n\t<meta name=\"twitter:data1\" content=\"Comunicaciones VRIIC\" \/>\n\t<meta name=\"twitter:label2\" content=\"Est. reading time\" \/>\n\t<meta name=\"twitter:data2\" content=\"4 minutos\" \/>\n<script type=\"application\/ld+json\" class=\"yoast-schema-graph\">{\"@context\":\"https:\/\/schema.org\",\"@graph\":[{\"@type\":\"Article\",\"@id\":\"https:\/\/vriic.usach.cl\/index.php\/investigacion-estudia-impacto-del-cambio-climatico-en-enfermedad-viral-que-afecta-a-la-trucha-arcoiris\/#article\",\"isPartOf\":{\"@id\":\"https:\/\/vriic.usach.cl\/index.php\/investigacion-estudia-impacto-del-cambio-climatico-en-enfermedad-viral-que-afecta-a-la-trucha-arcoiris\/\"},\"author\":{\"name\":\"Comunicaciones VRIIC\",\"@id\":\"https:\/\/vriic.usach.cl\/#\/schema\/person\/7445abf7c84e3726508476493e702b11\"},\"headline\":\"Investigaci\u00f3n Usach analiza impacto del cambio clim\u00e1tico en enfermedad viral que afecta a la trucha arco\u00edris\",\"datePublished\":\"2026-04-28T15:40:26+00:00\",\"dateModified\":\"2026-04-28T15:51:59+00:00\",\"mainEntityOfPage\":{\"@id\":\"https:\/\/vriic.usach.cl\/index.php\/investigacion-estudia-impacto-del-cambio-climatico-en-enfermedad-viral-que-afecta-a-la-trucha-arcoiris\/\"},\"wordCount\":891,\"publisher\":{\"@id\":\"https:\/\/vriic.usach.cl\/#organization\"},\"image\":{\"@id\":\"https:\/\/vriic.usach.cl\/index.php\/investigacion-estudia-impacto-del-cambio-climatico-en-enfermedad-viral-que-afecta-a-la-trucha-arcoiris\/#primaryimage\"},\"thumbnailUrl\":\"https:\/\/vriic.usach.cl\/wp-content\/uploads\/2026\/04\/FOTO-DGT-1100-x-360-px-1.png\",\"articleSection\":[\"Desarrollo\"],\"inLanguage\":\"es-CL\"},{\"@type\":\"WebPage\",\"@id\":\"https:\/\/vriic.usach.cl\/index.php\/investigacion-estudia-impacto-del-cambio-climatico-en-enfermedad-viral-que-afecta-a-la-trucha-arcoiris\/\",\"url\":\"https:\/\/vriic.usach.cl\/index.php\/investigacion-estudia-impacto-del-cambio-climatico-en-enfermedad-viral-que-afecta-a-la-trucha-arcoiris\/\",\"name\":\"Investigaci\u00f3n Usach analiza impacto del cambio clim\u00e1tico en enfermedad viral que afecta a la trucha arco\u00edris - VRIIC\",\"isPartOf\":{\"@id\":\"https:\/\/vriic.usach.cl\/#website\"},\"primaryImageOfPage\":{\"@id\":\"https:\/\/vriic.usach.cl\/index.php\/investigacion-estudia-impacto-del-cambio-climatico-en-enfermedad-viral-que-afecta-a-la-trucha-arcoiris\/#primaryimage\"},\"image\":{\"@id\":\"https:\/\/vriic.usach.cl\/index.php\/investigacion-estudia-impacto-del-cambio-climatico-en-enfermedad-viral-que-afecta-a-la-trucha-arcoiris\/#primaryimage\"},\"thumbnailUrl\":\"https:\/\/vriic.usach.cl\/wp-content\/uploads\/2026\/04\/FOTO-DGT-1100-x-360-px-1.png\",\"datePublished\":\"2026-04-28T15:40:26+00:00\",\"dateModified\":\"2026-04-28T15:51:59+00:00\",\"breadcrumb\":{\"@id\":\"https:\/\/vriic.usach.cl\/index.php\/investigacion-estudia-impacto-del-cambio-climatico-en-enfermedad-viral-que-afecta-a-la-trucha-arcoiris\/#breadcrumb\"},\"inLanguage\":\"es-CL\",\"potentialAction\":[{\"@type\":\"ReadAction\",\"target\":[\"https:\/\/vriic.usach.cl\/index.php\/investigacion-estudia-impacto-del-cambio-climatico-en-enfermedad-viral-que-afecta-a-la-trucha-arcoiris\/\"]}]},{\"@type\":\"ImageObject\",\"inLanguage\":\"es-CL\",\"@id\":\"https:\/\/vriic.usach.cl\/index.php\/investigacion-estudia-impacto-del-cambio-climatico-en-enfermedad-viral-que-afecta-a-la-trucha-arcoiris\/#primaryimage\",\"url\":\"https:\/\/vriic.usach.cl\/wp-content\/uploads\/2026\/04\/FOTO-DGT-1100-x-360-px-1.png\",\"contentUrl\":\"https:\/\/vriic.usach.cl\/wp-content\/uploads\/2026\/04\/FOTO-DGT-1100-x-360-px-1.png\",\"width\":1100,\"height\":360},{\"@type\":\"BreadcrumbList\",\"@id\":\"https:\/\/vriic.usach.cl\/index.php\/investigacion-estudia-impacto-del-cambio-climatico-en-enfermedad-viral-que-afecta-a-la-trucha-arcoiris\/#breadcrumb\",\"itemListElement\":[{\"@type\":\"ListItem\",\"position\":1,\"name\":\"Portada\",\"item\":\"https:\/\/vriic.usach.cl\/\"},{\"@type\":\"ListItem\",\"position\":2,\"name\":\"Investigaci\u00f3n Usach analiza impacto del cambio clim\u00e1tico en enfermedad viral que afecta a la trucha arco\u00edris\"}]},{\"@type\":\"WebSite\",\"@id\":\"https:\/\/vriic.usach.cl\/#website\",\"url\":\"https:\/\/vriic.usach.cl\/\",\"name\":\"VRIIC\",\"description\":\"Vicerrector\u00eda de Investigaci\u00f3n, Innovaci\u00f3n y Creaci\u00f3n\",\"publisher\":{\"@id\":\"https:\/\/vriic.usach.cl\/#organization\"},\"potentialAction\":[{\"@type\":\"SearchAction\",\"target\":{\"@type\":\"EntryPoint\",\"urlTemplate\":\"https:\/\/vriic.usach.cl\/?s={search_term_string}\"},\"query-input\":\"required name=search_term_string\"}],\"inLanguage\":\"es-CL\"},{\"@type\":\"Organization\",\"@id\":\"https:\/\/vriic.usach.cl\/#organization\",\"name\":\"VRIIC\",\"url\":\"https:\/\/vriic.usach.cl\/\",\"logo\":{\"@type\":\"ImageObject\",\"inLanguage\":\"es-CL\",\"@id\":\"https:\/\/vriic.usach.cl\/#\/schema\/logo\/image\/\",\"url\":\"https:\/\/vriic.usach.cl\/wp-content\/uploads\/2024\/05\/cropped-HISTORIA-C-min-1.png\",\"contentUrl\":\"https:\/\/vriic.usach.cl\/wp-content\/uploads\/2024\/05\/cropped-HISTORIA-C-min-1.png\",\"width\":966,\"height\":228,\"caption\":\"VRIIC\"},\"image\":{\"@id\":\"https:\/\/vriic.usach.cl\/#\/schema\/logo\/image\/\"}},{\"@type\":\"Person\",\"@id\":\"https:\/\/vriic.usach.cl\/#\/schema\/person\/7445abf7c84e3726508476493e702b11\",\"name\":\"Comunicaciones VRIIC\",\"image\":{\"@type\":\"ImageObject\",\"inLanguage\":\"es-CL\",\"@id\":\"https:\/\/vriic.usach.cl\/#\/schema\/person\/image\/\",\"url\":\"https:\/\/secure.gravatar.com\/avatar\/a059dbff38f4b6242f148cadb92d0b1baec305d7378c7081c16c798f88d9af47?s=96&d=mm&r=g\",\"contentUrl\":\"https:\/\/secure.gravatar.com\/avatar\/a059dbff38f4b6242f148cadb92d0b1baec305d7378c7081c16c798f88d9af47?s=96&d=mm&r=g\",\"caption\":\"Comunicaciones VRIIC\"},\"sameAs\":[\"http:\/\/158.170.66.230\"],\"url\":\"https:\/\/vriic.usach.cl\/index.php\/author\/adminvridei\/\"}]}<\/script>\n<!-- \/ Yoast SEO plugin. -->","yoast_head_json":{"title":"Investigaci\u00f3n Usach analiza impacto del cambio clim\u00e1tico en enfermedad viral que afecta a la trucha arco\u00edris - VRIIC","robots":{"index":"index","follow":"follow","max-snippet":"max-snippet:-1","max-image-preview":"max-image-preview:large","max-video-preview":"max-video-preview:-1"},"canonical":"https:\/\/vriic.usach.cl\/index.php\/investigacion-estudia-impacto-del-cambio-climatico-en-enfermedad-viral-que-afecta-a-la-trucha-arcoiris\/","og_locale":"es_ES","og_type":"article","og_title":"Investigaci\u00f3n Usach analiza impacto del cambio clim\u00e1tico en enfermedad viral que afecta a la trucha arco\u00edris - VRIIC","og_description":"El Dr. Rodrigo Vidal Soto y la Dra.(c) Francisca Madrid Silva, investigadores de la Facultad de Qu\u00edmica y Biolog\u00eda, lideran\u00a0 proyecto de I+D orientado a entender c\u00f3mo el aumento de [&hellip;]","og_url":"https:\/\/vriic.usach.cl\/index.php\/investigacion-estudia-impacto-del-cambio-climatico-en-enfermedad-viral-que-afecta-a-la-trucha-arcoiris\/","og_site_name":"VRIIC","article_published_time":"2026-04-28T15:40:26+00:00","article_modified_time":"2026-04-28T15:51:59+00:00","og_image":[{"width":1100,"height":360,"url":"http:\/\/vriic.usach.cl\/wp-content\/uploads\/2026\/04\/FOTO-DGT-1100-x-360-px-1.png","type":"image\/png"}],"author":"Comunicaciones VRIIC","twitter_card":"summary_large_image","twitter_misc":{"Written by":"Comunicaciones VRIIC","Est. reading time":"4 minutos"},"schema":{"@context":"https:\/\/schema.org","@graph":[{"@type":"Article","@id":"https:\/\/vriic.usach.cl\/index.php\/investigacion-estudia-impacto-del-cambio-climatico-en-enfermedad-viral-que-afecta-a-la-trucha-arcoiris\/#article","isPartOf":{"@id":"https:\/\/vriic.usach.cl\/index.php\/investigacion-estudia-impacto-del-cambio-climatico-en-enfermedad-viral-que-afecta-a-la-trucha-arcoiris\/"},"author":{"name":"Comunicaciones VRIIC","@id":"https:\/\/vriic.usach.cl\/#\/schema\/person\/7445abf7c84e3726508476493e702b11"},"headline":"Investigaci\u00f3n Usach analiza impacto del cambio clim\u00e1tico en enfermedad viral que afecta a la trucha arco\u00edris","datePublished":"2026-04-28T15:40:26+00:00","dateModified":"2026-04-28T15:51:59+00:00","mainEntityOfPage":{"@id":"https:\/\/vriic.usach.cl\/index.php\/investigacion-estudia-impacto-del-cambio-climatico-en-enfermedad-viral-que-afecta-a-la-trucha-arcoiris\/"},"wordCount":891,"publisher":{"@id":"https:\/\/vriic.usach.cl\/#organization"},"image":{"@id":"https:\/\/vriic.usach.cl\/index.php\/investigacion-estudia-impacto-del-cambio-climatico-en-enfermedad-viral-que-afecta-a-la-trucha-arcoiris\/#primaryimage"},"thumbnailUrl":"https:\/\/vriic.usach.cl\/wp-content\/uploads\/2026\/04\/FOTO-DGT-1100-x-360-px-1.png","articleSection":["Desarrollo"],"inLanguage":"es-CL"},{"@type":"WebPage","@id":"https:\/\/vriic.usach.cl\/index.php\/investigacion-estudia-impacto-del-cambio-climatico-en-enfermedad-viral-que-afecta-a-la-trucha-arcoiris\/","url":"https:\/\/vriic.usach.cl\/index.php\/investigacion-estudia-impacto-del-cambio-climatico-en-enfermedad-viral-que-afecta-a-la-trucha-arcoiris\/","name":"Investigaci\u00f3n Usach analiza impacto del cambio clim\u00e1tico en enfermedad viral que afecta a la trucha arco\u00edris - VRIIC","isPartOf":{"@id":"https:\/\/vriic.usach.cl\/#website"},"primaryImageOfPage":{"@id":"https:\/\/vriic.usach.cl\/index.php\/investigacion-estudia-impacto-del-cambio-climatico-en-enfermedad-viral-que-afecta-a-la-trucha-arcoiris\/#primaryimage"},"image":{"@id":"https:\/\/vriic.usach.cl\/index.php\/investigacion-estudia-impacto-del-cambio-climatico-en-enfermedad-viral-que-afecta-a-la-trucha-arcoiris\/#primaryimage"},"thumbnailUrl":"https:\/\/vriic.usach.cl\/wp-content\/uploads\/2026\/04\/FOTO-DGT-1100-x-360-px-1.png","datePublished":"2026-04-28T15:40:26+00:00","dateModified":"2026-04-28T15:51:59+00:00","breadcrumb":{"@id":"https:\/\/vriic.usach.cl\/index.php\/investigacion-estudia-impacto-del-cambio-climatico-en-enfermedad-viral-que-afecta-a-la-trucha-arcoiris\/#breadcrumb"},"inLanguage":"es-CL","potentialAction":[{"@type":"ReadAction","target":["https:\/\/vriic.usach.cl\/index.php\/investigacion-estudia-impacto-del-cambio-climatico-en-enfermedad-viral-que-afecta-a-la-trucha-arcoiris\/"]}]},{"@type":"ImageObject","inLanguage":"es-CL","@id":"https:\/\/vriic.usach.cl\/index.php\/investigacion-estudia-impacto-del-cambio-climatico-en-enfermedad-viral-que-afecta-a-la-trucha-arcoiris\/#primaryimage","url":"https:\/\/vriic.usach.cl\/wp-content\/uploads\/2026\/04\/FOTO-DGT-1100-x-360-px-1.png","contentUrl":"https:\/\/vriic.usach.cl\/wp-content\/uploads\/2026\/04\/FOTO-DGT-1100-x-360-px-1.png","width":1100,"height":360},{"@type":"BreadcrumbList","@id":"https:\/\/vriic.usach.cl\/index.php\/investigacion-estudia-impacto-del-cambio-climatico-en-enfermedad-viral-que-afecta-a-la-trucha-arcoiris\/#breadcrumb","itemListElement":[{"@type":"ListItem","position":1,"name":"Portada","item":"https:\/\/vriic.usach.cl\/"},{"@type":"ListItem","position":2,"name":"Investigaci\u00f3n Usach analiza impacto del cambio clim\u00e1tico en enfermedad viral que afecta a la trucha arco\u00edris"}]},{"@type":"WebSite","@id":"https:\/\/vriic.usach.cl\/#website","url":"https:\/\/vriic.usach.cl\/","name":"VRIIC","description":"Vicerrector\u00eda de Investigaci\u00f3n, Innovaci\u00f3n y Creaci\u00f3n","publisher":{"@id":"https:\/\/vriic.usach.cl\/#organization"},"potentialAction":[{"@type":"SearchAction","target":{"@type":"EntryPoint","urlTemplate":"https:\/\/vriic.usach.cl\/?s={search_term_string}"},"query-input":"required name=search_term_string"}],"inLanguage":"es-CL"},{"@type":"Organization","@id":"https:\/\/vriic.usach.cl\/#organization","name":"VRIIC","url":"https:\/\/vriic.usach.cl\/","logo":{"@type":"ImageObject","inLanguage":"es-CL","@id":"https:\/\/vriic.usach.cl\/#\/schema\/logo\/image\/","url":"https:\/\/vriic.usach.cl\/wp-content\/uploads\/2024\/05\/cropped-HISTORIA-C-min-1.png","contentUrl":"https:\/\/vriic.usach.cl\/wp-content\/uploads\/2024\/05\/cropped-HISTORIA-C-min-1.png","width":966,"height":228,"caption":"VRIIC"},"image":{"@id":"https:\/\/vriic.usach.cl\/#\/schema\/logo\/image\/"}},{"@type":"Person","@id":"https:\/\/vriic.usach.cl\/#\/schema\/person\/7445abf7c84e3726508476493e702b11","name":"Comunicaciones VRIIC","image":{"@type":"ImageObject","inLanguage":"es-CL","@id":"https:\/\/vriic.usach.cl\/#\/schema\/person\/image\/","url":"https:\/\/secure.gravatar.com\/avatar\/a059dbff38f4b6242f148cadb92d0b1baec305d7378c7081c16c798f88d9af47?s=96&d=mm&r=g","contentUrl":"https:\/\/secure.gravatar.com\/avatar\/a059dbff38f4b6242f148cadb92d0b1baec305d7378c7081c16c798f88d9af47?s=96&d=mm&r=g","caption":"Comunicaciones VRIIC"},"sameAs":["http:\/\/158.170.66.230"],"url":"https:\/\/vriic.usach.cl\/index.php\/author\/adminvridei\/"}]}},"rttpg_featured_image_url":{"full":["https:\/\/vriic.usach.cl\/wp-content\/uploads\/2026\/04\/FOTO-DGT-1100-x-360-px-1.png",1100,360,false],"landscape":["https:\/\/vriic.usach.cl\/wp-content\/uploads\/2026\/04\/FOTO-DGT-1100-x-360-px-1.png",1100,360,false],"portraits":["https:\/\/vriic.usach.cl\/wp-content\/uploads\/2026\/04\/FOTO-DGT-1100-x-360-px-1.png",1100,360,false],"thumbnail":["https:\/\/vriic.usach.cl\/wp-content\/uploads\/2026\/04\/FOTO-DGT-1100-x-360-px-1.png",150,49,false],"medium":["https:\/\/vriic.usach.cl\/wp-content\/uploads\/2026\/04\/FOTO-DGT-1100-x-360-px-1.png",300,98,false],"large":["https:\/\/vriic.usach.cl\/wp-content\/uploads\/2026\/04\/FOTO-DGT-1100-x-360-px-1.png",1024,335,false],"1536x1536":["https:\/\/vriic.usach.cl\/wp-content\/uploads\/2026\/04\/FOTO-DGT-1100-x-360-px-1.png",1100,360,false],"2048x2048":["https:\/\/vriic.usach.cl\/wp-content\/uploads\/2026\/04\/FOTO-DGT-1100-x-360-px-1.png",1100,360,false],"rpwe-thumbnail":["https:\/\/vriic.usach.cl\/wp-content\/uploads\/2026\/04\/FOTO-DGT-1100-x-360-px-1.png",45,15,false]},"rttpg_author":{"display_name":"Comunicaciones VRIIC","author_link":"https:\/\/vriic.usach.cl\/index.php\/author\/adminvridei\/"},"rttpg_comment":0,"rttpg_category":"<a href=\"https:\/\/vriic.usach.cl\/index.php\/category\/desarrollo\/\" rel=\"category tag\">Desarrollo<\/a>","rttpg_excerpt":"El Dr. Rodrigo Vidal Soto y la Dra.(c) Francisca Madrid Silva, investigadores de la Facultad de Qu\u00edmica y Biolog\u00eda, lideran\u00a0 proyecto de I+D orientado a entender c\u00f3mo el aumento de [&hellip;]","_links":{"self":[{"href":"https:\/\/vriic.usach.cl\/index.php\/wp-json\/wp\/v2\/posts\/22864","targetHints":{"allow":["GET"]}}],"collection":[{"href":"https:\/\/vriic.usach.cl\/index.php\/wp-json\/wp\/v2\/posts"}],"about":[{"href":"https:\/\/vriic.usach.cl\/index.php\/wp-json\/wp\/v2\/types\/post"}],"author":[{"embeddable":true,"href":"https:\/\/vriic.usach.cl\/index.php\/wp-json\/wp\/v2\/users\/1"}],"replies":[{"embeddable":true,"href":"https:\/\/vriic.usach.cl\/index.php\/wp-json\/wp\/v2\/comments?post=22864"}],"version-history":[{"count":8,"href":"https:\/\/vriic.usach.cl\/index.php\/wp-json\/wp\/v2\/posts\/22864\/revisions"}],"predecessor-version":[{"id":22873,"href":"https:\/\/vriic.usach.cl\/index.php\/wp-json\/wp\/v2\/posts\/22864\/revisions\/22873"}],"wp:featuredmedia":[{"embeddable":true,"href":"https:\/\/vriic.usach.cl\/index.php\/wp-json\/wp\/v2\/media\/22865"}],"wp:attachment":[{"href":"https:\/\/vriic.usach.cl\/index.php\/wp-json\/wp\/v2\/media?parent=22864"}],"wp:term":[{"taxonomy":"category","embeddable":true,"href":"https:\/\/vriic.usach.cl\/index.php\/wp-json\/wp\/v2\/categories?post=22864"},{"taxonomy":"post_tag","embeddable":true,"href":"https:\/\/vriic.usach.cl\/index.php\/wp-json\/wp\/v2\/tags?post=22864"}],"curies":[{"name":"wp","href":"https:\/\/api.w.org\/{rel}","templated":true}]}}