{"id":22855,"date":"2026-04-24T18:35:22","date_gmt":"2026-04-24T21:35:22","guid":{"rendered":"https:\/\/vriic.usach.cl\/?p=22855"},"modified":"2026-04-24T18:41:36","modified_gmt":"2026-04-24T21:41:36","slug":"programa-de-aceleracion-tecnologica-usach-busca-fortalecer-la-investigacion-aplicada-y-acercarla-a-la-industria","status":"publish","type":"post","link":"https:\/\/vriic.usach.cl\/index.php\/programa-de-aceleracion-tecnologica-usach-busca-fortalecer-la-investigacion-aplicada-y-acercarla-a-la-industria\/","title":{"rendered":"Programa de Aceleraci\u00f3n Tecnol\u00f3gica Usach busca fortalecer la investigaci\u00f3n aplicada y acercarla a la industria"},"content":{"rendered":"\t\t<div data-elementor-type=\"wp-post\" data-elementor-id=\"22855\" class=\"elementor elementor-22855\" data-elementor-post-type=\"post\">\n\t\t\t\t\t\t<section class=\"elementor-section elementor-top-section elementor-element elementor-element-385c028e elementor-section-boxed elementor-section-height-default elementor-section-height-default wpr-particle-no wpr-jarallax-no wpr-parallax-no\" data-id=\"385c028e\" data-element_type=\"section\" data-e-type=\"section\">\n\t\t\t\t\t\t<div class=\"elementor-container elementor-column-gap-default\">\n\t\t\t\t\t<div class=\"elementor-column elementor-col-100 elementor-top-column elementor-element elementor-element-1bf1c58e\" data-id=\"1bf1c58e\" data-element_type=\"column\" data-e-type=\"column\">\n\t\t\t<div class=\"elementor-widget-wrap elementor-element-populated\">\n\t\t\t\t\t\t<section class=\"elementor-section elementor-inner-section elementor-element elementor-element-3b95b0fa elementor-section-boxed elementor-section-height-default elementor-section-height-default wpr-particle-no wpr-jarallax-no wpr-parallax-no wpr-sticky-section-no\" data-id=\"3b95b0fa\" data-element_type=\"section\" data-e-type=\"section\">\n\t\t\t\t\t\t<div class=\"elementor-container elementor-column-gap-default\">\n\t\t\t\t\t<div class=\"elementor-column elementor-col-100 elementor-inner-column elementor-element elementor-element-6c4d8b65\" data-id=\"6c4d8b65\" data-element_type=\"column\" data-e-type=\"column\">\n\t\t\t<div class=\"elementor-widget-wrap elementor-element-populated\">\n\t\t\t\t\t\t<div class=\"elementor-element elementor-element-655cbca0 elementor-share-buttons--view-icon elementor-share-buttons--shape-circle elementor-share-buttons--skin-gradient elementor-grid-0 elementor-share-buttons--color-official elementor-widget elementor-widget-share-buttons\" data-id=\"655cbca0\" data-element_type=\"widget\" data-e-type=\"widget\" data-widget_type=\"share-buttons.default\">\n\t\t\t\t<div class=\"elementor-widget-container\">\n\t\t\t\t\t\t\t<div class=\"elementor-grid\" role=\"list\">\n\t\t\t\t\t\t\t\t<div class=\"elementor-grid-item\" role=\"listitem\">\n\t\t\t\t\t\t<div class=\"elementor-share-btn elementor-share-btn_facebook\" role=\"button\" tabindex=\"0\" aria-label=\"Share on facebook\">\n\t\t\t\t\t\t\t\t\t\t\t\t\t\t\t<span class=\"elementor-share-btn__icon\">\n\t\t\t\t\t\t\t\t<i class=\"fab fa-facebook\" aria-hidden=\"true\"><\/i>\t\t\t\t\t\t\t<\/span>\n\t\t\t\t\t\t\t\t\t\t\t\t\t\t\t\t\t\t\t\t<\/div>\n\t\t\t\t\t<\/div>\n\t\t\t\t\t\t\t\t\t<div class=\"elementor-grid-item\" role=\"listitem\">\n\t\t\t\t\t\t<div class=\"elementor-share-btn elementor-share-btn_twitter\" role=\"button\" tabindex=\"0\" aria-label=\"Share on twitter\">\n\t\t\t\t\t\t\t\t\t\t\t\t\t\t\t<span class=\"elementor-share-btn__icon\">\n\t\t\t\t\t\t\t\t<i class=\"fab fa-twitter\" aria-hidden=\"true\"><\/i>\t\t\t\t\t\t\t<\/span>\n\t\t\t\t\t\t\t\t\t\t\t\t\t\t\t\t\t\t\t\t<\/div>\n\t\t\t\t\t<\/div>\n\t\t\t\t\t\t\t\t\t<div class=\"elementor-grid-item\" role=\"listitem\">\n\t\t\t\t\t\t<div class=\"elementor-share-btn elementor-share-btn_linkedin\" role=\"button\" tabindex=\"0\" aria-label=\"Share on linkedin\">\n\t\t\t\t\t\t\t\t\t\t\t\t\t\t\t<span class=\"elementor-share-btn__icon\">\n\t\t\t\t\t\t\t\t<i class=\"fab fa-linkedin\" aria-hidden=\"true\"><\/i>\t\t\t\t\t\t\t<\/span>\n\t\t\t\t\t\t\t\t\t\t\t\t\t\t\t\t\t\t\t\t<\/div>\n\t\t\t\t\t<\/div>\n\t\t\t\t\t\t<\/div>\n\t\t\t\t\t\t<\/div>\n\t\t\t\t<\/div>\n\t\t\t\t<div class=\"elementor-element elementor-element-2ee72ade elementor-widget elementor-widget-text-editor\" data-id=\"2ee72ade\" data-element_type=\"widget\" data-e-type=\"widget\" data-widget_type=\"text-editor.default\">\n\t\t\t\t<div class=\"elementor-widget-container\">\n\t\t\t\t\t\t\t\t\t<p><b>Esta convocatoria interna, impulsada por la Vicerrector\u00eda de Investigaci\u00f3n, Innovaci\u00f3n y Creaci\u00f3n, a trav\u00e9s de la Direcci\u00f3n de Gesti\u00f3n Tecnol\u00f3gica, tiene como foco entregar apoyo financiero a proyectos de I+D con potencial de impacto econ\u00f3mico, social y ambiental.\u00a0<\/b><\/p>\t\t\t\t\t\t\t\t<\/div>\n\t\t\t\t<\/div>\n\t\t\t\t<div class=\"elementor-element elementor-element-69beed5a elementor-widget elementor-widget-text-editor\" data-id=\"69beed5a\" data-element_type=\"widget\" data-e-type=\"widget\" data-widget_type=\"text-editor.default\">\n\t\t\t\t<div class=\"elementor-widget-container\">\n\t\t\t\t\t\t\t\t\t<div class=\"field field-name-post-date field-type-ds field-label-hidden\"><div class=\"field-items\"><div class=\"field-item even\"><p><span style=\"font-weight: 400;\">Una nueva iniciativa de financiamiento interno, destinada a fortalecer la investigaci\u00f3n aplicada, se abri\u00f3 en la Universidad de Santiago de Chile. Se trata del <\/span><b>Programa de Aceleraci\u00f3n Tecnol\u00f3gica Usach,<\/b><span style=\"font-weight: 400;\"> que promueve la <\/span><span style=\"font-weight: 400;\"><a href=\"https:\/\/vriic.usach.cl\/\" target=\"_blank\" rel=\"noopener\">Vicerrector\u00eda de Investigaci\u00f3n, Innovaci\u00f3n y Creaci\u00f3n<\/a> (Vriic)<\/span><span style=\"font-weight: 400;\">, a trav\u00e9s de su <a href=\"http:\/\/dgt.usach.cl\" target=\"_blank\" rel=\"noopener\">Direcci\u00f3n de Gesti\u00f3n Tecnol\u00f3gica<\/a> (DGT).<\/span><\/p><p><b>Este programa busca acelerar el proceso de maduraci\u00f3n de tecnolog\u00edas generadas en la Universidad, mediante el financiamiento de actividades cr\u00edticas que permitan desarrollar pruebas de concepto, validar prototipos y conectar soluciones con el entorno productivo y social.<\/b><\/p><p><span style=\"font-weight: 400;\">Con esta iniciativa, la Usach reafirma su compromiso con el desarrollo de una investigaci\u00f3n con impacto, entregando herramientas concretas para que los resultados cient\u00edficos y tecnol\u00f3gicos surgidos en sus laboratorios puedan transformarse en soluciones innovadoras al servicio de la sociedad, la industria y las pol\u00edticas p\u00fablicas.<\/span><\/p><h2><b>L\u00edneas de financiamiento<\/b><\/h2><p><span style=\"font-weight: 400;\">El programa contempla dos l\u00edneas de apoyo, a las cuales las y los acad\u00e9micos ya pueden postular.\u00a0 Estas se dise\u00f1aron seg\u00fan el nivel de desarrollo tecnol\u00f3gico de cada investigaci\u00f3n y son las siguientes:\u00a0<\/span><\/p><ul><li><b>Impulso I+D (Prueba de concepto)<\/b><\/li><\/ul><p><span style=\"font-weight: 400;\">Esta l\u00ednea se orienta en aquellas tecnolog\u00edas que est\u00e1n en etapas tempranas y que necesitan validar su funcionalidad t\u00e9cnica fuera de la teor\u00eda inicial.\u00a0<\/span><\/p><p><b>La idea es financiar proyectos de I+D en transici\u00f3n, que van desde un TRL 2 hacia un TRL 3 o 4, enfocados en la experimentaci\u00f3n controlada, la generaci\u00f3n de los primeros prototipos funcionales y la definici\u00f3n de la estrategia de protecci\u00f3n intelectual.<\/b><\/p><p><span style=\"font-weight: 400;\">Los proyectos seleccionados podr\u00e1n acceder a un financiamiento de hasta $10 millones, con un plazo de ejecuci\u00f3n de hasta 8 meses.<\/span><\/p><ul><li><b>Transfiere (Validaci\u00f3n y cierre)<\/b><\/li><\/ul><p><span style=\"font-weight: 400;\">Esta l\u00ednea se orienta\u00a0 en tecnolog\u00edas m\u00e1s avanzadas, que requieren validaci\u00f3n en condiciones reales o entornos industriales para concretar su transferencia.<\/span><\/p><p><b>Se apoyar\u00e1n proyectos que avancen desde TRL 4-5 hacia entornos productivos, considerando acciones como empaquetamiento tecnol\u00f3gico, pruebas en terreno y vinculaci\u00f3n directa con el sector productivo.<\/b><\/p><p><span style=\"font-weight: 400;\">Las y los adjudicados podr\u00e1n obtener un financiamiento de hasta $15 millones, con un plazo de ejecuci\u00f3n de hasta 10 meses.<\/span><\/p><h2><b>Ventanilla abierta<\/b><\/h2><p><span style=\"font-weight: 400;\">La convocatoria funcionar\u00e1 bajo la modalidad de Ventanilla Abierta, por lo que las postulaciones estar\u00e1n disponibles de manera permanente.<\/span><\/p><p><span style=\"font-weight: 400;\">Las personas interesadas en postular deber\u00e1n completar este <\/span><a href=\"https:\/\/docs.google.com\/forms\/d\/e\/1FAIpQLSewQWemyBs0OsMOyZxxCUywapZBIGKKg6d-qYIurDV11-8ZXA\/viewform\" target=\"_blank\" rel=\"noopener\"><span style=\"font-weight: 400;\">formulario digital<\/span><\/a><span style=\"font-weight: 400;\">\u00a0 y descargar la siguiente documentaci\u00f3n:\u00a0<\/span><\/p><ul><li style=\"font-weight: 400;\" aria-level=\"1\"><span style=\"font-weight: 400;\">Bases de postulaci\u00f3n y anexo descripci\u00f3n de TRL. Revisar <\/span><a href=\"https:\/\/dgt.usach.cl\/wp-content\/uploads\/2026\/04\/Bases-Programa-de-Aceleracio\u0301n-Tecnolo\u0301gica-v1-23.04.26.pdf\" target=\"_blank\" rel=\"noopener\"><span style=\"font-weight: 400;\">aqu\u00ed<\/span><span style=\"font-weight: 400;\">.<\/span><\/a><\/li><li style=\"font-weight: 400;\" aria-level=\"1\"><span style=\"font-weight: 400;\">Planilla plan de trabajo y presupuesto. Descargar <\/span><span style=\"font-weight: 400;\"><a href=\"https:\/\/dgt.usach.cl\/wp-content\/uploads\/2026\/04\/Carta-Gantt-Actividades-y-Presupuesto-1.xlsx\" target=\"_blank\" rel=\"noopener\">aqu\u00ed<\/a>.<\/span><\/li><li style=\"font-weight: 400;\" aria-level=\"1\"><span style=\"font-weight: 400;\">Carta apoyo entidad interesada. Descargar <\/span><a href=\"https:\/\/dgt.usach.cl\/wp-content\/uploads\/2026\/04\/Carta-Compromiso-Entidad-Interesada-2.docx\" target=\"_blank\" rel=\"noopener\"><span style=\"font-weight: 400;\">aqu\u00ed.<\/span><\/a><\/li><li style=\"font-weight: 400;\" aria-level=\"1\"><span style=\"font-weight: 400;\">Carta apoyo Decanato. Descargar <\/span><a href=\"https:\/\/dgt.usach.cl\/wp-content\/uploads\/2026\/04\/Carta-Apoyo-Interno-DGT-Decanato-1.docx\" target=\"_blank\" rel=\"noopener\"><span style=\"font-weight: 400;\">aqu\u00ed<\/span><\/a><span style=\"font-weight: 400;\">.<\/span><\/li><li style=\"font-weight: 400;\" aria-level=\"1\"><span style=\"font-weight: 400;\">Carta apoyo Direcci\u00f3n de Departamento. Descargar <\/span><a href=\"https:\/\/dgt.usach.cl\/wp-content\/uploads\/2026\/04\/Carta-Apoyo-Interno-DGT-Direccio\u0301n-Departamento-1.docx\" target=\"_blank\" rel=\"noopener\"><span style=\"font-weight: 400;\">aqu\u00ed.<\/span><\/a><\/li><\/ul><p><span style=\"font-weight: 400;\">M\u00e1s informaci\u00f3n y consulta, se pueden dirigir al correo <\/span><span style=\"font-weight: 400;\">dgt@usach.cl<\/span><span style=\"font-weight: 400;\">.<\/span><\/p><p><b>Autora: <\/b><span style=\"font-weight: 400;\">Paola Armijo Le\u00f3n<\/span><\/p><p><b>Fotograf\u00eda<\/b><span style=\"font-weight: 400;\">: Cedida<\/span><\/p><p><b>Tags:<\/b><span style=\"font-weight: 400;\"> Investigaci\u00f3n Aplicada<\/span><\/p><p><span style=\"font-weight: 400;\">Tecnolog\u00eda Usach<\/span><\/p><p><span style=\"font-weight: 400;\">Direcci\u00f3n de Gesti\u00f3n Tecnol\u00f3gica<\/span><\/p><\/div><\/div><\/div>\t\t\t\t\t\t\t\t<\/div>\n\t\t\t\t<\/div>\n\t\t\t\t\t<\/div>\n\t\t<\/div>\n\t\t\t\t\t<\/div>\n\t\t<\/section>\n\t\t\t\t\t<\/div>\n\t\t<\/div>\n\t\t\t\t\t<\/div>\n\t\t<\/section>\n\t\t\t\t<\/div>\n\t\t","protected":false},"excerpt":{"rendered":"<p>Esta convocatoria interna, impulsada por la Vicerrector\u00eda de Investigaci\u00f3n, Innovaci\u00f3n y Creaci\u00f3n, a trav\u00e9s de la Direcci\u00f3n de Gesti\u00f3n Tecnol\u00f3gica, tiene como foco entregar apoyo financiero a proyectos de I+D [&hellip;]<\/p>\n","protected":false},"author":1,"featured_media":22856,"comment_status":"closed","ping_status":"closed","sticky":false,"template":"","format":"standard","meta":{"inline_featured_image":false,"_monsterinsights_skip_tracking":false,"_monsterinsights_sitenote_active":false,"_monsterinsights_sitenote_note":"","_monsterinsights_sitenote_category":0,"site-sidebar-layout":"default","site-content-layout":"","ast-site-content-layout":"default","site-content-style":"default","site-sidebar-style":"default","ast-global-header-display":"","ast-banner-title-visibility":"","ast-main-header-display":"","ast-hfb-above-header-display":"","ast-hfb-below-header-display":"","ast-hfb-mobile-header-display":"","site-post-title":"","ast-breadcrumbs-content":"","ast-featured-img":"","footer-sml-layout":"","theme-transparent-header-meta":"","adv-header-id-meta":"","stick-header-meta":"","header-above-stick-meta":"","header-main-stick-meta":"","header-below-stick-meta":"","astra-migrate-meta-layouts":"set","ast-page-background-enabled":"default","ast-page-background-meta":{"desktop":{"background-color":"","background-image":"","background-repeat":"repeat","background-position":"center center","background-size":"auto","background-attachment":"scroll","background-type":"","background-media":"","overlay-type":"","overlay-color":"","overlay-gradient":""},"tablet":{"background-color":"","background-image":"","background-repeat":"repeat","background-position":"center center","background-size":"auto","background-attachment":"scroll","background-type":"","background-media":"","overlay-type":"","overlay-color":"","overlay-gradient":""},"mobile":{"background-color":"","background-image":"","background-repeat":"repeat","background-position":"center center","background-size":"auto","background-attachment":"scroll","background-type":"","background-media":"","overlay-type":"","overlay-color":"","overlay-gradient":""}},"ast-content-background-meta":{"desktop":{"background-color":"var(--ast-global-color-5)","background-image":"","background-repeat":"repeat","background-position":"center center","background-size":"auto","background-attachment":"scroll","background-type":"","background-media":"","overlay-type":"","overlay-color":"","overlay-gradient":""},"tablet":{"background-color":"var(--ast-global-color-5)","background-image":"","background-repeat":"repeat","background-position":"center center","background-size":"auto","background-attachment":"scroll","background-type":"","background-media":"","overlay-type":"","overlay-color":"","overlay-gradient":""},"mobile":{"background-color":"var(--ast-global-color-5)","background-image":"","background-repeat":"repeat","background-position":"center center","background-size":"auto","background-attachment":"scroll","background-type":"","background-media":"","overlay-type":"","overlay-color":"","overlay-gradient":""}},"footnotes":""},"categories":[9],"tags":[],"class_list":["post-22855","post","type-post","status-publish","format-standard","has-post-thumbnail","hentry","category-desarrollo"],"yoast_head":"<!-- This site is optimized with the Yoast SEO plugin v22.3 - https:\/\/yoast.com\/wordpress\/plugins\/seo\/ -->\n<title>Programa de Aceleraci\u00f3n Tecnol\u00f3gica Usach busca fortalecer la investigaci\u00f3n aplicada y acercarla a la industria - VRIIC<\/title>\n<meta name=\"robots\" content=\"index, follow, max-snippet:-1, max-image-preview:large, max-video-preview:-1\" \/>\n<link rel=\"canonical\" href=\"https:\/\/vriic.usach.cl\/index.php\/programa-de-aceleracion-tecnologica-usach-busca-fortalecer-la-investigacion-aplicada-y-acercarla-a-la-industria\/\" \/>\n<meta property=\"og:locale\" content=\"es_ES\" \/>\n<meta property=\"og:type\" content=\"article\" \/>\n<meta property=\"og:title\" content=\"Programa de Aceleraci\u00f3n Tecnol\u00f3gica Usach busca fortalecer la investigaci\u00f3n aplicada y acercarla a la industria - VRIIC\" \/>\n<meta property=\"og:description\" content=\"Esta convocatoria interna, impulsada por la Vicerrector\u00eda de Investigaci\u00f3n, Innovaci\u00f3n y Creaci\u00f3n, a trav\u00e9s de la Direcci\u00f3n de Gesti\u00f3n Tecnol\u00f3gica, tiene como foco entregar apoyo financiero a proyectos de I+D [&hellip;]\" \/>\n<meta property=\"og:url\" content=\"https:\/\/vriic.usach.cl\/index.php\/programa-de-aceleracion-tecnologica-usach-busca-fortalecer-la-investigacion-aplicada-y-acercarla-a-la-industria\/\" \/>\n<meta property=\"og:site_name\" content=\"VRIIC\" \/>\n<meta property=\"article:published_time\" content=\"2026-04-24T21:35:22+00:00\" \/>\n<meta property=\"article:modified_time\" content=\"2026-04-24T21:41:36+00:00\" \/>\n<meta property=\"og:image\" content=\"http:\/\/vriic.usach.cl\/wp-content\/uploads\/2026\/04\/FOTO-DGT-USACH-FINAL-1100-x-360-px-11.png\" \/>\n\t<meta property=\"og:image:width\" content=\"1100\" \/>\n\t<meta property=\"og:image:height\" content=\"360\" \/>\n\t<meta property=\"og:image:type\" content=\"image\/png\" \/>\n<meta name=\"author\" content=\"Comunicaciones VRIIC\" \/>\n<meta name=\"twitter:card\" content=\"summary_large_image\" \/>\n<meta name=\"twitter:label1\" content=\"Written by\" \/>\n\t<meta name=\"twitter:data1\" content=\"Comunicaciones VRIIC\" \/>\n\t<meta name=\"twitter:label2\" content=\"Est. reading time\" \/>\n\t<meta name=\"twitter:data2\" content=\"3 minutos\" \/>\n<script type=\"application\/ld+json\" class=\"yoast-schema-graph\">{\"@context\":\"https:\/\/schema.org\",\"@graph\":[{\"@type\":\"Article\",\"@id\":\"https:\/\/vriic.usach.cl\/index.php\/programa-de-aceleracion-tecnologica-usach-busca-fortalecer-la-investigacion-aplicada-y-acercarla-a-la-industria\/#article\",\"isPartOf\":{\"@id\":\"https:\/\/vriic.usach.cl\/index.php\/programa-de-aceleracion-tecnologica-usach-busca-fortalecer-la-investigacion-aplicada-y-acercarla-a-la-industria\/\"},\"author\":{\"name\":\"Comunicaciones VRIIC\",\"@id\":\"https:\/\/vriic.usach.cl\/#\/schema\/person\/7445abf7c84e3726508476493e702b11\"},\"headline\":\"Programa de Aceleraci\u00f3n Tecnol\u00f3gica Usach busca fortalecer la investigaci\u00f3n aplicada y acercarla a la industria\",\"datePublished\":\"2026-04-24T21:35:22+00:00\",\"dateModified\":\"2026-04-24T21:41:36+00:00\",\"mainEntityOfPage\":{\"@id\":\"https:\/\/vriic.usach.cl\/index.php\/programa-de-aceleracion-tecnologica-usach-busca-fortalecer-la-investigacion-aplicada-y-acercarla-a-la-industria\/\"},\"wordCount\":554,\"publisher\":{\"@id\":\"https:\/\/vriic.usach.cl\/#organization\"},\"image\":{\"@id\":\"https:\/\/vriic.usach.cl\/index.php\/programa-de-aceleracion-tecnologica-usach-busca-fortalecer-la-investigacion-aplicada-y-acercarla-a-la-industria\/#primaryimage\"},\"thumbnailUrl\":\"https:\/\/vriic.usach.cl\/wp-content\/uploads\/2026\/04\/FOTO-DGT-USACH-FINAL-1100-x-360-px-11.png\",\"articleSection\":[\"Desarrollo\"],\"inLanguage\":\"es-CL\"},{\"@type\":\"WebPage\",\"@id\":\"https:\/\/vriic.usach.cl\/index.php\/programa-de-aceleracion-tecnologica-usach-busca-fortalecer-la-investigacion-aplicada-y-acercarla-a-la-industria\/\",\"url\":\"https:\/\/vriic.usach.cl\/index.php\/programa-de-aceleracion-tecnologica-usach-busca-fortalecer-la-investigacion-aplicada-y-acercarla-a-la-industria\/\",\"name\":\"Programa de Aceleraci\u00f3n Tecnol\u00f3gica Usach busca fortalecer la investigaci\u00f3n aplicada y acercarla a la industria - VRIIC\",\"isPartOf\":{\"@id\":\"https:\/\/vriic.usach.cl\/#website\"},\"primaryImageOfPage\":{\"@id\":\"https:\/\/vriic.usach.cl\/index.php\/programa-de-aceleracion-tecnologica-usach-busca-fortalecer-la-investigacion-aplicada-y-acercarla-a-la-industria\/#primaryimage\"},\"image\":{\"@id\":\"https:\/\/vriic.usach.cl\/index.php\/programa-de-aceleracion-tecnologica-usach-busca-fortalecer-la-investigacion-aplicada-y-acercarla-a-la-industria\/#primaryimage\"},\"thumbnailUrl\":\"https:\/\/vriic.usach.cl\/wp-content\/uploads\/2026\/04\/FOTO-DGT-USACH-FINAL-1100-x-360-px-11.png\",\"datePublished\":\"2026-04-24T21:35:22+00:00\",\"dateModified\":\"2026-04-24T21:41:36+00:00\",\"breadcrumb\":{\"@id\":\"https:\/\/vriic.usach.cl\/index.php\/programa-de-aceleracion-tecnologica-usach-busca-fortalecer-la-investigacion-aplicada-y-acercarla-a-la-industria\/#breadcrumb\"},\"inLanguage\":\"es-CL\",\"potentialAction\":[{\"@type\":\"ReadAction\",\"target\":[\"https:\/\/vriic.usach.cl\/index.php\/programa-de-aceleracion-tecnologica-usach-busca-fortalecer-la-investigacion-aplicada-y-acercarla-a-la-industria\/\"]}]},{\"@type\":\"ImageObject\",\"inLanguage\":\"es-CL\",\"@id\":\"https:\/\/vriic.usach.cl\/index.php\/programa-de-aceleracion-tecnologica-usach-busca-fortalecer-la-investigacion-aplicada-y-acercarla-a-la-industria\/#primaryimage\",\"url\":\"https:\/\/vriic.usach.cl\/wp-content\/uploads\/2026\/04\/FOTO-DGT-USACH-FINAL-1100-x-360-px-11.png\",\"contentUrl\":\"https:\/\/vriic.usach.cl\/wp-content\/uploads\/2026\/04\/FOTO-DGT-USACH-FINAL-1100-x-360-px-11.png\",\"width\":1100,\"height\":360},{\"@type\":\"BreadcrumbList\",\"@id\":\"https:\/\/vriic.usach.cl\/index.php\/programa-de-aceleracion-tecnologica-usach-busca-fortalecer-la-investigacion-aplicada-y-acercarla-a-la-industria\/#breadcrumb\",\"itemListElement\":[{\"@type\":\"ListItem\",\"position\":1,\"name\":\"Portada\",\"item\":\"https:\/\/vriic.usach.cl\/\"},{\"@type\":\"ListItem\",\"position\":2,\"name\":\"Programa de Aceleraci\u00f3n Tecnol\u00f3gica Usach busca fortalecer la investigaci\u00f3n aplicada y acercarla a la industria\"}]},{\"@type\":\"WebSite\",\"@id\":\"https:\/\/vriic.usach.cl\/#website\",\"url\":\"https:\/\/vriic.usach.cl\/\",\"name\":\"VRIIC\",\"description\":\"Vicerrector\u00eda de Investigaci\u00f3n, Innovaci\u00f3n y Creaci\u00f3n\",\"publisher\":{\"@id\":\"https:\/\/vriic.usach.cl\/#organization\"},\"potentialAction\":[{\"@type\":\"SearchAction\",\"target\":{\"@type\":\"EntryPoint\",\"urlTemplate\":\"https:\/\/vriic.usach.cl\/?s={search_term_string}\"},\"query-input\":\"required name=search_term_string\"}],\"inLanguage\":\"es-CL\"},{\"@type\":\"Organization\",\"@id\":\"https:\/\/vriic.usach.cl\/#organization\",\"name\":\"VRIIC\",\"url\":\"https:\/\/vriic.usach.cl\/\",\"logo\":{\"@type\":\"ImageObject\",\"inLanguage\":\"es-CL\",\"@id\":\"https:\/\/vriic.usach.cl\/#\/schema\/logo\/image\/\",\"url\":\"https:\/\/vriic.usach.cl\/wp-content\/uploads\/2024\/05\/cropped-HISTORIA-C-min-1.png\",\"contentUrl\":\"https:\/\/vriic.usach.cl\/wp-content\/uploads\/2024\/05\/cropped-HISTORIA-C-min-1.png\",\"width\":966,\"height\":228,\"caption\":\"VRIIC\"},\"image\":{\"@id\":\"https:\/\/vriic.usach.cl\/#\/schema\/logo\/image\/\"}},{\"@type\":\"Person\",\"@id\":\"https:\/\/vriic.usach.cl\/#\/schema\/person\/7445abf7c84e3726508476493e702b11\",\"name\":\"Comunicaciones VRIIC\",\"image\":{\"@type\":\"ImageObject\",\"inLanguage\":\"es-CL\",\"@id\":\"https:\/\/vriic.usach.cl\/#\/schema\/person\/image\/\",\"url\":\"https:\/\/secure.gravatar.com\/avatar\/a059dbff38f4b6242f148cadb92d0b1baec305d7378c7081c16c798f88d9af47?s=96&d=mm&r=g\",\"contentUrl\":\"https:\/\/secure.gravatar.com\/avatar\/a059dbff38f4b6242f148cadb92d0b1baec305d7378c7081c16c798f88d9af47?s=96&d=mm&r=g\",\"caption\":\"Comunicaciones VRIIC\"},\"sameAs\":[\"http:\/\/158.170.66.230\"],\"url\":\"https:\/\/vriic.usach.cl\/index.php\/author\/adminvridei\/\"}]}<\/script>\n<!-- \/ Yoast SEO plugin. -->","yoast_head_json":{"title":"Programa de Aceleraci\u00f3n Tecnol\u00f3gica Usach busca fortalecer la investigaci\u00f3n aplicada y acercarla a la industria - VRIIC","robots":{"index":"index","follow":"follow","max-snippet":"max-snippet:-1","max-image-preview":"max-image-preview:large","max-video-preview":"max-video-preview:-1"},"canonical":"https:\/\/vriic.usach.cl\/index.php\/programa-de-aceleracion-tecnologica-usach-busca-fortalecer-la-investigacion-aplicada-y-acercarla-a-la-industria\/","og_locale":"es_ES","og_type":"article","og_title":"Programa de Aceleraci\u00f3n Tecnol\u00f3gica Usach busca fortalecer la investigaci\u00f3n aplicada y acercarla a la industria - VRIIC","og_description":"Esta convocatoria interna, impulsada por la Vicerrector\u00eda de Investigaci\u00f3n, Innovaci\u00f3n y Creaci\u00f3n, a trav\u00e9s de la Direcci\u00f3n de Gesti\u00f3n Tecnol\u00f3gica, tiene como foco entregar apoyo financiero a proyectos de I+D [&hellip;]","og_url":"https:\/\/vriic.usach.cl\/index.php\/programa-de-aceleracion-tecnologica-usach-busca-fortalecer-la-investigacion-aplicada-y-acercarla-a-la-industria\/","og_site_name":"VRIIC","article_published_time":"2026-04-24T21:35:22+00:00","article_modified_time":"2026-04-24T21:41:36+00:00","og_image":[{"width":1100,"height":360,"url":"http:\/\/vriic.usach.cl\/wp-content\/uploads\/2026\/04\/FOTO-DGT-USACH-FINAL-1100-x-360-px-11.png","type":"image\/png"}],"author":"Comunicaciones VRIIC","twitter_card":"summary_large_image","twitter_misc":{"Written by":"Comunicaciones VRIIC","Est. reading time":"3 minutos"},"schema":{"@context":"https:\/\/schema.org","@graph":[{"@type":"Article","@id":"https:\/\/vriic.usach.cl\/index.php\/programa-de-aceleracion-tecnologica-usach-busca-fortalecer-la-investigacion-aplicada-y-acercarla-a-la-industria\/#article","isPartOf":{"@id":"https:\/\/vriic.usach.cl\/index.php\/programa-de-aceleracion-tecnologica-usach-busca-fortalecer-la-investigacion-aplicada-y-acercarla-a-la-industria\/"},"author":{"name":"Comunicaciones VRIIC","@id":"https:\/\/vriic.usach.cl\/#\/schema\/person\/7445abf7c84e3726508476493e702b11"},"headline":"Programa de Aceleraci\u00f3n Tecnol\u00f3gica Usach busca fortalecer la investigaci\u00f3n aplicada y acercarla a la industria","datePublished":"2026-04-24T21:35:22+00:00","dateModified":"2026-04-24T21:41:36+00:00","mainEntityOfPage":{"@id":"https:\/\/vriic.usach.cl\/index.php\/programa-de-aceleracion-tecnologica-usach-busca-fortalecer-la-investigacion-aplicada-y-acercarla-a-la-industria\/"},"wordCount":554,"publisher":{"@id":"https:\/\/vriic.usach.cl\/#organization"},"image":{"@id":"https:\/\/vriic.usach.cl\/index.php\/programa-de-aceleracion-tecnologica-usach-busca-fortalecer-la-investigacion-aplicada-y-acercarla-a-la-industria\/#primaryimage"},"thumbnailUrl":"https:\/\/vriic.usach.cl\/wp-content\/uploads\/2026\/04\/FOTO-DGT-USACH-FINAL-1100-x-360-px-11.png","articleSection":["Desarrollo"],"inLanguage":"es-CL"},{"@type":"WebPage","@id":"https:\/\/vriic.usach.cl\/index.php\/programa-de-aceleracion-tecnologica-usach-busca-fortalecer-la-investigacion-aplicada-y-acercarla-a-la-industria\/","url":"https:\/\/vriic.usach.cl\/index.php\/programa-de-aceleracion-tecnologica-usach-busca-fortalecer-la-investigacion-aplicada-y-acercarla-a-la-industria\/","name":"Programa de Aceleraci\u00f3n Tecnol\u00f3gica Usach busca fortalecer la investigaci\u00f3n aplicada y acercarla a la industria - VRIIC","isPartOf":{"@id":"https:\/\/vriic.usach.cl\/#website"},"primaryImageOfPage":{"@id":"https:\/\/vriic.usach.cl\/index.php\/programa-de-aceleracion-tecnologica-usach-busca-fortalecer-la-investigacion-aplicada-y-acercarla-a-la-industria\/#primaryimage"},"image":{"@id":"https:\/\/vriic.usach.cl\/index.php\/programa-de-aceleracion-tecnologica-usach-busca-fortalecer-la-investigacion-aplicada-y-acercarla-a-la-industria\/#primaryimage"},"thumbnailUrl":"https:\/\/vriic.usach.cl\/wp-content\/uploads\/2026\/04\/FOTO-DGT-USACH-FINAL-1100-x-360-px-11.png","datePublished":"2026-04-24T21:35:22+00:00","dateModified":"2026-04-24T21:41:36+00:00","breadcrumb":{"@id":"https:\/\/vriic.usach.cl\/index.php\/programa-de-aceleracion-tecnologica-usach-busca-fortalecer-la-investigacion-aplicada-y-acercarla-a-la-industria\/#breadcrumb"},"inLanguage":"es-CL","potentialAction":[{"@type":"ReadAction","target":["https:\/\/vriic.usach.cl\/index.php\/programa-de-aceleracion-tecnologica-usach-busca-fortalecer-la-investigacion-aplicada-y-acercarla-a-la-industria\/"]}]},{"@type":"ImageObject","inLanguage":"es-CL","@id":"https:\/\/vriic.usach.cl\/index.php\/programa-de-aceleracion-tecnologica-usach-busca-fortalecer-la-investigacion-aplicada-y-acercarla-a-la-industria\/#primaryimage","url":"https:\/\/vriic.usach.cl\/wp-content\/uploads\/2026\/04\/FOTO-DGT-USACH-FINAL-1100-x-360-px-11.png","contentUrl":"https:\/\/vriic.usach.cl\/wp-content\/uploads\/2026\/04\/FOTO-DGT-USACH-FINAL-1100-x-360-px-11.png","width":1100,"height":360},{"@type":"BreadcrumbList","@id":"https:\/\/vriic.usach.cl\/index.php\/programa-de-aceleracion-tecnologica-usach-busca-fortalecer-la-investigacion-aplicada-y-acercarla-a-la-industria\/#breadcrumb","itemListElement":[{"@type":"ListItem","position":1,"name":"Portada","item":"https:\/\/vriic.usach.cl\/"},{"@type":"ListItem","position":2,"name":"Programa de Aceleraci\u00f3n Tecnol\u00f3gica Usach busca fortalecer la investigaci\u00f3n aplicada y acercarla a la industria"}]},{"@type":"WebSite","@id":"https:\/\/vriic.usach.cl\/#website","url":"https:\/\/vriic.usach.cl\/","name":"VRIIC","description":"Vicerrector\u00eda de Investigaci\u00f3n, Innovaci\u00f3n y Creaci\u00f3n","publisher":{"@id":"https:\/\/vriic.usach.cl\/#organization"},"potentialAction":[{"@type":"SearchAction","target":{"@type":"EntryPoint","urlTemplate":"https:\/\/vriic.usach.cl\/?s={search_term_string}"},"query-input":"required name=search_term_string"}],"inLanguage":"es-CL"},{"@type":"Organization","@id":"https:\/\/vriic.usach.cl\/#organization","name":"VRIIC","url":"https:\/\/vriic.usach.cl\/","logo":{"@type":"ImageObject","inLanguage":"es-CL","@id":"https:\/\/vriic.usach.cl\/#\/schema\/logo\/image\/","url":"https:\/\/vriic.usach.cl\/wp-content\/uploads\/2024\/05\/cropped-HISTORIA-C-min-1.png","contentUrl":"https:\/\/vriic.usach.cl\/wp-content\/uploads\/2024\/05\/cropped-HISTORIA-C-min-1.png","width":966,"height":228,"caption":"VRIIC"},"image":{"@id":"https:\/\/vriic.usach.cl\/#\/schema\/logo\/image\/"}},{"@type":"Person","@id":"https:\/\/vriic.usach.cl\/#\/schema\/person\/7445abf7c84e3726508476493e702b11","name":"Comunicaciones VRIIC","image":{"@type":"ImageObject","inLanguage":"es-CL","@id":"https:\/\/vriic.usach.cl\/#\/schema\/person\/image\/","url":"https:\/\/secure.gravatar.com\/avatar\/a059dbff38f4b6242f148cadb92d0b1baec305d7378c7081c16c798f88d9af47?s=96&d=mm&r=g","contentUrl":"https:\/\/secure.gravatar.com\/avatar\/a059dbff38f4b6242f148cadb92d0b1baec305d7378c7081c16c798f88d9af47?s=96&d=mm&r=g","caption":"Comunicaciones VRIIC"},"sameAs":["http:\/\/158.170.66.230"],"url":"https:\/\/vriic.usach.cl\/index.php\/author\/adminvridei\/"}]}},"rttpg_featured_image_url":{"full":["https:\/\/vriic.usach.cl\/wp-content\/uploads\/2026\/04\/FOTO-DGT-USACH-FINAL-1100-x-360-px-11.png",1100,360,false],"landscape":["https:\/\/vriic.usach.cl\/wp-content\/uploads\/2026\/04\/FOTO-DGT-USACH-FINAL-1100-x-360-px-11.png",1100,360,false],"portraits":["https:\/\/vriic.usach.cl\/wp-content\/uploads\/2026\/04\/FOTO-DGT-USACH-FINAL-1100-x-360-px-11.png",1100,360,false],"thumbnail":["https:\/\/vriic.usach.cl\/wp-content\/uploads\/2026\/04\/FOTO-DGT-USACH-FINAL-1100-x-360-px-11.png",150,49,false],"medium":["https:\/\/vriic.usach.cl\/wp-content\/uploads\/2026\/04\/FOTO-DGT-USACH-FINAL-1100-x-360-px-11.png",300,98,false],"large":["https:\/\/vriic.usach.cl\/wp-content\/uploads\/2026\/04\/FOTO-DGT-USACH-FINAL-1100-x-360-px-11.png",1024,335,false],"1536x1536":["https:\/\/vriic.usach.cl\/wp-content\/uploads\/2026\/04\/FOTO-DGT-USACH-FINAL-1100-x-360-px-11.png",1100,360,false],"2048x2048":["https:\/\/vriic.usach.cl\/wp-content\/uploads\/2026\/04\/FOTO-DGT-USACH-FINAL-1100-x-360-px-11.png",1100,360,false],"rpwe-thumbnail":["https:\/\/vriic.usach.cl\/wp-content\/uploads\/2026\/04\/FOTO-DGT-USACH-FINAL-1100-x-360-px-11.png",45,15,false]},"rttpg_author":{"display_name":"Comunicaciones VRIIC","author_link":"https:\/\/vriic.usach.cl\/index.php\/author\/adminvridei\/"},"rttpg_comment":0,"rttpg_category":"<a href=\"https:\/\/vriic.usach.cl\/index.php\/category\/desarrollo\/\" rel=\"category tag\">Desarrollo<\/a>","rttpg_excerpt":"Esta convocatoria interna, impulsada por la Vicerrector\u00eda de Investigaci\u00f3n, Innovaci\u00f3n y Creaci\u00f3n, a trav\u00e9s de la Direcci\u00f3n de Gesti\u00f3n Tecnol\u00f3gica, tiene como foco entregar apoyo financiero a proyectos de I+D [&hellip;]","_links":{"self":[{"href":"https:\/\/vriic.usach.cl\/index.php\/wp-json\/wp\/v2\/posts\/22855","targetHints":{"allow":["GET"]}}],"collection":[{"href":"https:\/\/vriic.usach.cl\/index.php\/wp-json\/wp\/v2\/posts"}],"about":[{"href":"https:\/\/vriic.usach.cl\/index.php\/wp-json\/wp\/v2\/types\/post"}],"author":[{"embeddable":true,"href":"https:\/\/vriic.usach.cl\/index.php\/wp-json\/wp\/v2\/users\/1"}],"replies":[{"embeddable":true,"href":"https:\/\/vriic.usach.cl\/index.php\/wp-json\/wp\/v2\/comments?post=22855"}],"version-history":[{"count":7,"href":"https:\/\/vriic.usach.cl\/index.php\/wp-json\/wp\/v2\/posts\/22855\/revisions"}],"predecessor-version":[{"id":22863,"href":"https:\/\/vriic.usach.cl\/index.php\/wp-json\/wp\/v2\/posts\/22855\/revisions\/22863"}],"wp:featuredmedia":[{"embeddable":true,"href":"https:\/\/vriic.usach.cl\/index.php\/wp-json\/wp\/v2\/media\/22856"}],"wp:attachment":[{"href":"https:\/\/vriic.usach.cl\/index.php\/wp-json\/wp\/v2\/media?parent=22855"}],"wp:term":[{"taxonomy":"category","embeddable":true,"href":"https:\/\/vriic.usach.cl\/index.php\/wp-json\/wp\/v2\/categories?post=22855"},{"taxonomy":"post_tag","embeddable":true,"href":"https:\/\/vriic.usach.cl\/index.php\/wp-json\/wp\/v2\/tags?post=22855"}],"curies":[{"name":"wp","href":"https:\/\/api.w.org\/{rel}","templated":true}]}}