{"id":22691,"date":"2026-03-10T11:33:11","date_gmt":"2026-03-10T14:33:11","guid":{"rendered":"https:\/\/vriic.usach.cl\/?p=22691"},"modified":"2026-03-10T11:51:48","modified_gmt":"2026-03-10T14:51:48","slug":"finaliza-ciclo-de-talleres-para-fortalecer-postulacion-al-concurso-fondef-idea-it-2026","status":"publish","type":"post","link":"https:\/\/vriic.usach.cl\/index.php\/finaliza-ciclo-de-talleres-para-fortalecer-postulacion-al-concurso-fondef-idea-it-2026\/","title":{"rendered":"Finaliza ciclo de talleres para fortalecer postulaci\u00f3n al concurso Fondef IDeA IT 2026"},"content":{"rendered":"\t\t<div data-elementor-type=\"wp-post\" data-elementor-id=\"22691\" class=\"elementor elementor-22691\" data-elementor-post-type=\"post\">\n\t\t\t\t\t\t<section class=\"elementor-section elementor-top-section elementor-element elementor-element-24115375 elementor-section-boxed elementor-section-height-default elementor-section-height-default wpr-particle-no wpr-jarallax-no wpr-parallax-no\" data-id=\"24115375\" data-element_type=\"section\" data-e-type=\"section\">\n\t\t\t\t\t\t<div class=\"elementor-container elementor-column-gap-default\">\n\t\t\t\t\t<div class=\"elementor-column elementor-col-100 elementor-top-column elementor-element elementor-element-599e9e95\" data-id=\"599e9e95\" data-element_type=\"column\" data-e-type=\"column\">\n\t\t\t<div class=\"elementor-widget-wrap elementor-element-populated\">\n\t\t\t\t\t\t<section class=\"elementor-section elementor-inner-section elementor-element elementor-element-468a3409 elementor-section-boxed elementor-section-height-default elementor-section-height-default wpr-particle-no wpr-jarallax-no wpr-parallax-no wpr-sticky-section-no\" data-id=\"468a3409\" data-element_type=\"section\" data-e-type=\"section\">\n\t\t\t\t\t\t<div class=\"elementor-container elementor-column-gap-default\">\n\t\t\t\t\t<div class=\"elementor-column elementor-col-100 elementor-inner-column elementor-element elementor-element-1b5781d9\" data-id=\"1b5781d9\" data-element_type=\"column\" data-e-type=\"column\">\n\t\t\t<div class=\"elementor-widget-wrap elementor-element-populated\">\n\t\t\t\t\t\t<div class=\"elementor-element elementor-element-57d23043 elementor-share-buttons--view-icon elementor-share-buttons--shape-circle elementor-share-buttons--skin-gradient elementor-grid-0 elementor-share-buttons--color-official elementor-widget elementor-widget-share-buttons\" data-id=\"57d23043\" data-element_type=\"widget\" data-e-type=\"widget\" data-widget_type=\"share-buttons.default\">\n\t\t\t\t<div class=\"elementor-widget-container\">\n\t\t\t\t\t\t\t<div class=\"elementor-grid\" role=\"list\">\n\t\t\t\t\t\t\t\t<div class=\"elementor-grid-item\" role=\"listitem\">\n\t\t\t\t\t\t<div class=\"elementor-share-btn elementor-share-btn_facebook\" role=\"button\" tabindex=\"0\" aria-label=\"Share on facebook\">\n\t\t\t\t\t\t\t\t\t\t\t\t\t\t\t<span class=\"elementor-share-btn__icon\">\n\t\t\t\t\t\t\t\t<i class=\"fab fa-facebook\" aria-hidden=\"true\"><\/i>\t\t\t\t\t\t\t<\/span>\n\t\t\t\t\t\t\t\t\t\t\t\t\t\t\t\t\t\t\t\t<\/div>\n\t\t\t\t\t<\/div>\n\t\t\t\t\t\t\t\t\t<div class=\"elementor-grid-item\" role=\"listitem\">\n\t\t\t\t\t\t<div class=\"elementor-share-btn elementor-share-btn_twitter\" role=\"button\" tabindex=\"0\" aria-label=\"Share on twitter\">\n\t\t\t\t\t\t\t\t\t\t\t\t\t\t\t<span class=\"elementor-share-btn__icon\">\n\t\t\t\t\t\t\t\t<i class=\"fab fa-twitter\" aria-hidden=\"true\"><\/i>\t\t\t\t\t\t\t<\/span>\n\t\t\t\t\t\t\t\t\t\t\t\t\t\t\t\t\t\t\t\t<\/div>\n\t\t\t\t\t<\/div>\n\t\t\t\t\t\t\t\t\t<div class=\"elementor-grid-item\" role=\"listitem\">\n\t\t\t\t\t\t<div class=\"elementor-share-btn elementor-share-btn_linkedin\" role=\"button\" tabindex=\"0\" aria-label=\"Share on linkedin\">\n\t\t\t\t\t\t\t\t\t\t\t\t\t\t\t<span class=\"elementor-share-btn__icon\">\n\t\t\t\t\t\t\t\t<i class=\"fab fa-linkedin\" aria-hidden=\"true\"><\/i>\t\t\t\t\t\t\t<\/span>\n\t\t\t\t\t\t\t\t\t\t\t\t\t\t\t\t\t\t\t\t<\/div>\n\t\t\t\t\t<\/div>\n\t\t\t\t\t\t<\/div>\n\t\t\t\t\t\t<\/div>\n\t\t\t\t<\/div>\n\t\t\t\t<div class=\"elementor-element elementor-element-1f7cb496 elementor-widget elementor-widget-text-editor\" data-id=\"1f7cb496\" data-element_type=\"widget\" data-e-type=\"widget\" data-widget_type=\"text-editor.default\">\n\t\t\t\t<div class=\"elementor-widget-container\">\n\t\t\t\t\t\t\t\t\t<p>Investigadoras e investigadores de la Usach participaron en estos encuentros organizados por la Direcci\u00f3n de Gesti\u00f3n Tecnol\u00f3gica, con el objetivo de entregar herramientas que permitan mejorar la calidad de las presentaciones de los proyectos. La iniciativa da continuidad al trabajo realizado en 2025, cuando se realiz\u00f3 una iniciativa similar para apoyar la postulaci\u00f3n a este instrumento.<\/p>\t\t\t\t\t\t\t\t<\/div>\n\t\t\t\t<\/div>\n\t\t\t\t<div class=\"elementor-element elementor-element-4dcaf0cb elementor-widget elementor-widget-text-editor\" data-id=\"4dcaf0cb\" data-element_type=\"widget\" data-e-type=\"widget\" data-widget_type=\"text-editor.default\">\n\t\t\t\t<div class=\"elementor-widget-container\">\n\t\t\t\t\t\t\t\t\t<div class=\"field field-name-post-date field-type-ds field-label-hidden\"><div class=\"field-items\"><div class=\"field-item even\"><p><span style=\"font-weight: 400;\">El viernes 6 de marzo finaliz\u00f3 el <\/span><b>\u201cCiclo de talleres para fortalecer la postulaci\u00f3n a Fondef IDeA IT 2026\u201d<\/b><span style=\"font-weight: 400;\">, realizado por la <a href=\"https:\/\/dgt.usach.cl\/\" target=\"_blank\" rel=\"noopener\">Direcci\u00f3n de Gesti\u00f3n Tecnol\u00f3gica (DGT)<\/a> de la <a href=\"https:\/\/vriic.usach.cl\/\" target=\"_blank\" rel=\"noopener\">Vicerrector\u00eda de Investigaci\u00f3n, Innovaci\u00f3n y Creaci\u00f3n (Vriic).<\/a> A trav\u00e9s de estos encuentros, se busc\u00f3 acompa\u00f1ar a la comunidad acad\u00e9mica de la Usach en el fortalecimiento de la calidad y formulaci\u00f3n de sus iniciativas I+D para esta convocatoria de la ANID.<\/span><\/p><p><span style=\"font-weight: 400;\"><strong>La actividad contempl\u00f3 un total de cuatro sesiones.<\/strong> Tres de ellas se realizaron en modalidad online durante enero y <strong>abordaron aspectos generales del concurso, modelo de negocios y estrategias de transferencia, y an\u00e1lisis del estado del arte junto al levantamiento de informaci\u00f3n t\u00e9cnica y de mercado.<\/strong><\/span><\/p><p><span style=\"font-weight: 400;\">El \u00faltimo taller se realiz\u00f3, de manera presencial, el viernes pasado y estuvo a cargo de Edgardo Santib\u00e1\u00f1ez, consultor en formulaci\u00f3n y puesta en marcha de proyectos, programas, centros y consorcios de I+D+i+e. En la instancia, el especialista entreg\u00f3 recomendaciones y respondi\u00f3 consultas respecto al proceso de postulaci\u00f3n.<\/span><\/p><p><i><span style=\"font-weight: 400;\">\u201cDesde la Direcci\u00f3n de Gesti\u00f3n Tecnol\u00f3gica buscamos apoyar a la comunidad acad\u00e9mica en el desarrollo y gesti\u00f3n de sus iniciativas de investigaci\u00f3n e innovaci\u00f3n. Para ello, promovemos un acompa\u00f1amiento integral en aspectos t\u00e9cnicos, estrat\u00e9gicos y administrativos, que son clave para una postulaci\u00f3n exitosa\u201d<\/span><\/i><span style=\"font-weight: 400;\">, se\u00f1alaron <strong>Ignacia Moreno y Manuel Rodr\u00edguez, coordinadores de proyectos externos de la DGT.<\/strong><\/span><\/p><p><span style=\"font-weight: 400;\">Asimismo, agregaron que <\/span><i><span style=\"font-weight: 400;\">\u201cdurante este a\u00f1o estaremos organizando nuevas instancias de apoyo, que esperamos sean de utilidad para quienes est\u00e9n impulsando propuestas de I+D en nuestra Universidad\u201d<\/span><\/i><span style=\"font-weight: 400;\">.<\/span><\/p><h2><b>Valoran talleres<\/b><\/h2><p><span style=\"font-weight: 400;\">El ciclo fue muy valorado por quienes asistieron, ya que les permitieron conocer m\u00e1s sobre el\u00a0 llamado y resolver dudas sobre algunos aspectos de la formulaci\u00f3n.<\/span><\/p><p><i><span style=\"font-weight: 400;\">\u201cHemos participado en todos los talleres que ha organizado la DGT y en este \u00faltimo encuentro, dictado por Edgardo Santib\u00e1\u00f1ez, estamos aprovechando para hacer consultas, aclarar dudas y sacar el m\u00e1ximo provecho para mejorar nuestra postulaci\u00f3n\u201d,<\/span><\/i><span style=\"font-weight: 400;\"> se\u00f1al\u00f3 el <strong>Dr. John Kern, investigador del Departamento de Ingenier\u00eda El\u00e9ctrica.<\/strong><\/span><\/p><p><span style=\"font-weight: 400;\">Otro acad\u00e9mico que se refiri\u00f3 a esta instancia de apoyo, fue el <strong>Dr. Sebasti\u00e1n P\u00e9rez, investigador del Departamento de Ingenier\u00eda en Minas<\/strong>. El investigador enfatiz\u00f3 la importancia de participar en\u00a0 los talleres y ahondar en aspectos claves del llamado.\u00a0<\/span><\/p><p><span style=\"font-weight: 400;\">Asimismo, explic\u00f3 que en cuanto al \u00faltimo taller,\u00a0 buscaba recibir <\/span><i><span style=\"font-weight: 400;\">feedback <\/span><\/i><span style=\"font-weight: 400;\">sobre elementos relevantes en la evaluaci\u00f3n <\/span><i><span style=\"font-weight: 400;\">\u201co c\u00f3mo hilar mejor el relato en la formulaci\u00f3n\u201d<\/span><\/i><span style=\"font-weight: 400;\">, considerando que se trata de un proceso altamente competitivo\u201d.<\/span><\/p><h2><b>Cierre de convocatoria<\/b><\/h2><p><span style=\"font-weight: 400;\">Cabe destacar que el pr\u00f3ximo <strong>19 de marzo se cerrar\u00e1n las postulaciones al Fondef IDeA IT 2026,<\/strong> instrumento que promueve el desarrollo y la validaci\u00f3n de soluciones innovadoras que requieren etapas de escalamiento para alcanzar niveles avanzados de madurez tecnol\u00f3gica y facilitar su aplicaci\u00f3n en el mercado.<\/span><\/p><p><span style=\"font-weight: 400;\">Autora: Paola Armijo L.<\/span><\/p><p><span style=\"font-weight: 400;\">Fotograf\u00eda:\u00a0 Comunicaciones Vriic<\/span><\/p><p><span style=\"font-weight: 400;\">Tags: Talleres I+D<\/span><\/p><p><span style=\"font-weight: 400;\">Direcci\u00f3n de Gesti\u00f3n Tecnol\u00f3gica\u00a0<\/span><\/p><p><span style=\"font-weight: 400;\">Vicerrector\u00eda de Investigaci\u00f3n, Innovaci\u00f3n y Creaci\u00f3n<\/span><\/p><\/div><\/div><\/div>\t\t\t\t\t\t\t\t<\/div>\n\t\t\t\t<\/div>\n\t\t\t\t\t<\/div>\n\t\t<\/div>\n\t\t\t\t\t<\/div>\n\t\t<\/section>\n\t\t\t\t\t<\/div>\n\t\t<\/div>\n\t\t\t\t\t<\/div>\n\t\t<\/section>\n\t\t\t\t<\/div>\n\t\t","protected":false},"excerpt":{"rendered":"<p>Investigadoras e investigadores de la Usach participaron en estos encuentros organizados por la Direcci\u00f3n de Gesti\u00f3n Tecnol\u00f3gica, con el objetivo de entregar herramientas que permitan mejorar la calidad de las [&hellip;]<\/p>\n","protected":false},"author":1,"featured_media":22698,"comment_status":"closed","ping_status":"closed","sticky":false,"template":"","format":"standard","meta":{"inline_featured_image":false,"_monsterinsights_skip_tracking":false,"_monsterinsights_sitenote_active":false,"_monsterinsights_sitenote_note":"","_monsterinsights_sitenote_category":0,"site-sidebar-layout":"default","site-content-layout":"","ast-site-content-layout":"default","site-content-style":"default","site-sidebar-style":"default","ast-global-header-display":"","ast-banner-title-visibility":"","ast-main-header-display":"","ast-hfb-above-header-display":"","ast-hfb-below-header-display":"","ast-hfb-mobile-header-display":"","site-post-title":"","ast-breadcrumbs-content":"","ast-featured-img":"","footer-sml-layout":"","theme-transparent-header-meta":"","adv-header-id-meta":"","stick-header-meta":"","header-above-stick-meta":"","header-main-stick-meta":"","header-below-stick-meta":"","astra-migrate-meta-layouts":"set","ast-page-background-enabled":"default","ast-page-background-meta":{"desktop":{"background-color":"","background-image":"","background-repeat":"repeat","background-position":"center center","background-size":"auto","background-attachment":"scroll","background-type":"","background-media":"","overlay-type":"","overlay-color":"","overlay-gradient":""},"tablet":{"background-color":"","background-image":"","background-repeat":"repeat","background-position":"center center","background-size":"auto","background-attachment":"scroll","background-type":"","background-media":"","overlay-type":"","overlay-color":"","overlay-gradient":""},"mobile":{"background-color":"","background-image":"","background-repeat":"repeat","background-position":"center center","background-size":"auto","background-attachment":"scroll","background-type":"","background-media":"","overlay-type":"","overlay-color":"","overlay-gradient":""}},"ast-content-background-meta":{"desktop":{"background-color":"var(--ast-global-color-5)","background-image":"","background-repeat":"repeat","background-position":"center center","background-size":"auto","background-attachment":"scroll","background-type":"","background-media":"","overlay-type":"","overlay-color":"","overlay-gradient":""},"tablet":{"background-color":"var(--ast-global-color-5)","background-image":"","background-repeat":"repeat","background-position":"center center","background-size":"auto","background-attachment":"scroll","background-type":"","background-media":"","overlay-type":"","overlay-color":"","overlay-gradient":""},"mobile":{"background-color":"var(--ast-global-color-5)","background-image":"","background-repeat":"repeat","background-position":"center center","background-size":"auto","background-attachment":"scroll","background-type":"","background-media":"","overlay-type":"","overlay-color":"","overlay-gradient":""}},"footnotes":""},"categories":[9],"tags":[],"class_list":["post-22691","post","type-post","status-publish","format-standard","has-post-thumbnail","hentry","category-desarrollo"],"yoast_head":"<!-- This site is optimized with the Yoast SEO plugin v22.3 - https:\/\/yoast.com\/wordpress\/plugins\/seo\/ -->\n<title>Finaliza ciclo de talleres para fortalecer postulaci\u00f3n al concurso Fondef IDeA IT 2026 - VRIIC<\/title>\n<meta name=\"robots\" content=\"index, follow, max-snippet:-1, max-image-preview:large, max-video-preview:-1\" \/>\n<link rel=\"canonical\" href=\"https:\/\/vriic.usach.cl\/index.php\/finaliza-ciclo-de-talleres-para-fortalecer-postulacion-al-concurso-fondef-idea-it-2026\/\" \/>\n<meta property=\"og:locale\" content=\"es_ES\" \/>\n<meta property=\"og:type\" content=\"article\" \/>\n<meta property=\"og:title\" content=\"Finaliza ciclo de talleres para fortalecer postulaci\u00f3n al concurso Fondef IDeA IT 2026 - VRIIC\" \/>\n<meta property=\"og:description\" content=\"Investigadoras e investigadores de la Usach participaron en estos encuentros organizados por la Direcci\u00f3n de Gesti\u00f3n Tecnol\u00f3gica, con el objetivo de entregar herramientas que permitan mejorar la calidad de las [&hellip;]\" \/>\n<meta property=\"og:url\" content=\"https:\/\/vriic.usach.cl\/index.php\/finaliza-ciclo-de-talleres-para-fortalecer-postulacion-al-concurso-fondef-idea-it-2026\/\" \/>\n<meta property=\"og:site_name\" content=\"VRIIC\" \/>\n<meta property=\"article:published_time\" content=\"2026-03-10T14:33:11+00:00\" \/>\n<meta property=\"article:modified_time\" content=\"2026-03-10T14:51:48+00:00\" \/>\n<meta property=\"og:image\" content=\"http:\/\/vriic.usach.cl\/wp-content\/uploads\/2026\/03\/WEB-DGT-USACH-15.png\" \/>\n\t<meta property=\"og:image:width\" content=\"1100\" \/>\n\t<meta property=\"og:image:height\" content=\"360\" \/>\n\t<meta property=\"og:image:type\" content=\"image\/png\" \/>\n<meta name=\"author\" content=\"Comunicaciones VRIIC\" \/>\n<meta name=\"twitter:card\" content=\"summary_large_image\" \/>\n<meta name=\"twitter:label1\" content=\"Written by\" \/>\n\t<meta name=\"twitter:data1\" content=\"Comunicaciones VRIIC\" \/>\n\t<meta name=\"twitter:label2\" content=\"Est. reading time\" \/>\n\t<meta name=\"twitter:data2\" content=\"3 minutos\" \/>\n<script type=\"application\/ld+json\" class=\"yoast-schema-graph\">{\"@context\":\"https:\/\/schema.org\",\"@graph\":[{\"@type\":\"Article\",\"@id\":\"https:\/\/vriic.usach.cl\/index.php\/finaliza-ciclo-de-talleres-para-fortalecer-postulacion-al-concurso-fondef-idea-it-2026\/#article\",\"isPartOf\":{\"@id\":\"https:\/\/vriic.usach.cl\/index.php\/finaliza-ciclo-de-talleres-para-fortalecer-postulacion-al-concurso-fondef-idea-it-2026\/\"},\"author\":{\"name\":\"Comunicaciones VRIIC\",\"@id\":\"https:\/\/vriic.usach.cl\/#\/schema\/person\/7445abf7c84e3726508476493e702b11\"},\"headline\":\"Finaliza ciclo de talleres para fortalecer postulaci\u00f3n al concurso Fondef IDeA IT 2026\",\"datePublished\":\"2026-03-10T14:33:11+00:00\",\"dateModified\":\"2026-03-10T14:51:48+00:00\",\"mainEntityOfPage\":{\"@id\":\"https:\/\/vriic.usach.cl\/index.php\/finaliza-ciclo-de-talleres-para-fortalecer-postulacion-al-concurso-fondef-idea-it-2026\/\"},\"wordCount\":600,\"publisher\":{\"@id\":\"https:\/\/vriic.usach.cl\/#organization\"},\"image\":{\"@id\":\"https:\/\/vriic.usach.cl\/index.php\/finaliza-ciclo-de-talleres-para-fortalecer-postulacion-al-concurso-fondef-idea-it-2026\/#primaryimage\"},\"thumbnailUrl\":\"https:\/\/vriic.usach.cl\/wp-content\/uploads\/2026\/03\/WEB-DGT-USACH-15.png\",\"articleSection\":[\"Desarrollo\"],\"inLanguage\":\"es-CL\"},{\"@type\":\"WebPage\",\"@id\":\"https:\/\/vriic.usach.cl\/index.php\/finaliza-ciclo-de-talleres-para-fortalecer-postulacion-al-concurso-fondef-idea-it-2026\/\",\"url\":\"https:\/\/vriic.usach.cl\/index.php\/finaliza-ciclo-de-talleres-para-fortalecer-postulacion-al-concurso-fondef-idea-it-2026\/\",\"name\":\"Finaliza ciclo de talleres para fortalecer postulaci\u00f3n al concurso Fondef IDeA IT 2026 - VRIIC\",\"isPartOf\":{\"@id\":\"https:\/\/vriic.usach.cl\/#website\"},\"primaryImageOfPage\":{\"@id\":\"https:\/\/vriic.usach.cl\/index.php\/finaliza-ciclo-de-talleres-para-fortalecer-postulacion-al-concurso-fondef-idea-it-2026\/#primaryimage\"},\"image\":{\"@id\":\"https:\/\/vriic.usach.cl\/index.php\/finaliza-ciclo-de-talleres-para-fortalecer-postulacion-al-concurso-fondef-idea-it-2026\/#primaryimage\"},\"thumbnailUrl\":\"https:\/\/vriic.usach.cl\/wp-content\/uploads\/2026\/03\/WEB-DGT-USACH-15.png\",\"datePublished\":\"2026-03-10T14:33:11+00:00\",\"dateModified\":\"2026-03-10T14:51:48+00:00\",\"breadcrumb\":{\"@id\":\"https:\/\/vriic.usach.cl\/index.php\/finaliza-ciclo-de-talleres-para-fortalecer-postulacion-al-concurso-fondef-idea-it-2026\/#breadcrumb\"},\"inLanguage\":\"es-CL\",\"potentialAction\":[{\"@type\":\"ReadAction\",\"target\":[\"https:\/\/vriic.usach.cl\/index.php\/finaliza-ciclo-de-talleres-para-fortalecer-postulacion-al-concurso-fondef-idea-it-2026\/\"]}]},{\"@type\":\"ImageObject\",\"inLanguage\":\"es-CL\",\"@id\":\"https:\/\/vriic.usach.cl\/index.php\/finaliza-ciclo-de-talleres-para-fortalecer-postulacion-al-concurso-fondef-idea-it-2026\/#primaryimage\",\"url\":\"https:\/\/vriic.usach.cl\/wp-content\/uploads\/2026\/03\/WEB-DGT-USACH-15.png\",\"contentUrl\":\"https:\/\/vriic.usach.cl\/wp-content\/uploads\/2026\/03\/WEB-DGT-USACH-15.png\",\"width\":1100,\"height\":360},{\"@type\":\"BreadcrumbList\",\"@id\":\"https:\/\/vriic.usach.cl\/index.php\/finaliza-ciclo-de-talleres-para-fortalecer-postulacion-al-concurso-fondef-idea-it-2026\/#breadcrumb\",\"itemListElement\":[{\"@type\":\"ListItem\",\"position\":1,\"name\":\"Portada\",\"item\":\"https:\/\/vriic.usach.cl\/\"},{\"@type\":\"ListItem\",\"position\":2,\"name\":\"Finaliza ciclo de talleres para fortalecer postulaci\u00f3n al concurso Fondef IDeA IT 2026\"}]},{\"@type\":\"WebSite\",\"@id\":\"https:\/\/vriic.usach.cl\/#website\",\"url\":\"https:\/\/vriic.usach.cl\/\",\"name\":\"VRIIC\",\"description\":\"Vicerrector\u00eda de Investigaci\u00f3n, Innovaci\u00f3n y Creaci\u00f3n\",\"publisher\":{\"@id\":\"https:\/\/vriic.usach.cl\/#organization\"},\"potentialAction\":[{\"@type\":\"SearchAction\",\"target\":{\"@type\":\"EntryPoint\",\"urlTemplate\":\"https:\/\/vriic.usach.cl\/?s={search_term_string}\"},\"query-input\":\"required name=search_term_string\"}],\"inLanguage\":\"es-CL\"},{\"@type\":\"Organization\",\"@id\":\"https:\/\/vriic.usach.cl\/#organization\",\"name\":\"VRIIC\",\"url\":\"https:\/\/vriic.usach.cl\/\",\"logo\":{\"@type\":\"ImageObject\",\"inLanguage\":\"es-CL\",\"@id\":\"https:\/\/vriic.usach.cl\/#\/schema\/logo\/image\/\",\"url\":\"https:\/\/vriic.usach.cl\/wp-content\/uploads\/2024\/05\/cropped-HISTORIA-C-min-1.png\",\"contentUrl\":\"https:\/\/vriic.usach.cl\/wp-content\/uploads\/2024\/05\/cropped-HISTORIA-C-min-1.png\",\"width\":966,\"height\":228,\"caption\":\"VRIIC\"},\"image\":{\"@id\":\"https:\/\/vriic.usach.cl\/#\/schema\/logo\/image\/\"}},{\"@type\":\"Person\",\"@id\":\"https:\/\/vriic.usach.cl\/#\/schema\/person\/7445abf7c84e3726508476493e702b11\",\"name\":\"Comunicaciones VRIIC\",\"image\":{\"@type\":\"ImageObject\",\"inLanguage\":\"es-CL\",\"@id\":\"https:\/\/vriic.usach.cl\/#\/schema\/person\/image\/\",\"url\":\"https:\/\/secure.gravatar.com\/avatar\/a059dbff38f4b6242f148cadb92d0b1baec305d7378c7081c16c798f88d9af47?s=96&d=mm&r=g\",\"contentUrl\":\"https:\/\/secure.gravatar.com\/avatar\/a059dbff38f4b6242f148cadb92d0b1baec305d7378c7081c16c798f88d9af47?s=96&d=mm&r=g\",\"caption\":\"Comunicaciones VRIIC\"},\"sameAs\":[\"http:\/\/158.170.66.230\"],\"url\":\"https:\/\/vriic.usach.cl\/index.php\/author\/adminvridei\/\"}]}<\/script>\n<!-- \/ Yoast SEO plugin. -->","yoast_head_json":{"title":"Finaliza ciclo de talleres para fortalecer postulaci\u00f3n al concurso Fondef IDeA IT 2026 - VRIIC","robots":{"index":"index","follow":"follow","max-snippet":"max-snippet:-1","max-image-preview":"max-image-preview:large","max-video-preview":"max-video-preview:-1"},"canonical":"https:\/\/vriic.usach.cl\/index.php\/finaliza-ciclo-de-talleres-para-fortalecer-postulacion-al-concurso-fondef-idea-it-2026\/","og_locale":"es_ES","og_type":"article","og_title":"Finaliza ciclo de talleres para fortalecer postulaci\u00f3n al concurso Fondef IDeA IT 2026 - VRIIC","og_description":"Investigadoras e investigadores de la Usach participaron en estos encuentros organizados por la Direcci\u00f3n de Gesti\u00f3n Tecnol\u00f3gica, con el objetivo de entregar herramientas que permitan mejorar la calidad de las [&hellip;]","og_url":"https:\/\/vriic.usach.cl\/index.php\/finaliza-ciclo-de-talleres-para-fortalecer-postulacion-al-concurso-fondef-idea-it-2026\/","og_site_name":"VRIIC","article_published_time":"2026-03-10T14:33:11+00:00","article_modified_time":"2026-03-10T14:51:48+00:00","og_image":[{"width":1100,"height":360,"url":"http:\/\/vriic.usach.cl\/wp-content\/uploads\/2026\/03\/WEB-DGT-USACH-15.png","type":"image\/png"}],"author":"Comunicaciones VRIIC","twitter_card":"summary_large_image","twitter_misc":{"Written by":"Comunicaciones VRIIC","Est. reading time":"3 minutos"},"schema":{"@context":"https:\/\/schema.org","@graph":[{"@type":"Article","@id":"https:\/\/vriic.usach.cl\/index.php\/finaliza-ciclo-de-talleres-para-fortalecer-postulacion-al-concurso-fondef-idea-it-2026\/#article","isPartOf":{"@id":"https:\/\/vriic.usach.cl\/index.php\/finaliza-ciclo-de-talleres-para-fortalecer-postulacion-al-concurso-fondef-idea-it-2026\/"},"author":{"name":"Comunicaciones VRIIC","@id":"https:\/\/vriic.usach.cl\/#\/schema\/person\/7445abf7c84e3726508476493e702b11"},"headline":"Finaliza ciclo de talleres para fortalecer postulaci\u00f3n al concurso Fondef IDeA IT 2026","datePublished":"2026-03-10T14:33:11+00:00","dateModified":"2026-03-10T14:51:48+00:00","mainEntityOfPage":{"@id":"https:\/\/vriic.usach.cl\/index.php\/finaliza-ciclo-de-talleres-para-fortalecer-postulacion-al-concurso-fondef-idea-it-2026\/"},"wordCount":600,"publisher":{"@id":"https:\/\/vriic.usach.cl\/#organization"},"image":{"@id":"https:\/\/vriic.usach.cl\/index.php\/finaliza-ciclo-de-talleres-para-fortalecer-postulacion-al-concurso-fondef-idea-it-2026\/#primaryimage"},"thumbnailUrl":"https:\/\/vriic.usach.cl\/wp-content\/uploads\/2026\/03\/WEB-DGT-USACH-15.png","articleSection":["Desarrollo"],"inLanguage":"es-CL"},{"@type":"WebPage","@id":"https:\/\/vriic.usach.cl\/index.php\/finaliza-ciclo-de-talleres-para-fortalecer-postulacion-al-concurso-fondef-idea-it-2026\/","url":"https:\/\/vriic.usach.cl\/index.php\/finaliza-ciclo-de-talleres-para-fortalecer-postulacion-al-concurso-fondef-idea-it-2026\/","name":"Finaliza ciclo de talleres para fortalecer postulaci\u00f3n al concurso Fondef IDeA IT 2026 - VRIIC","isPartOf":{"@id":"https:\/\/vriic.usach.cl\/#website"},"primaryImageOfPage":{"@id":"https:\/\/vriic.usach.cl\/index.php\/finaliza-ciclo-de-talleres-para-fortalecer-postulacion-al-concurso-fondef-idea-it-2026\/#primaryimage"},"image":{"@id":"https:\/\/vriic.usach.cl\/index.php\/finaliza-ciclo-de-talleres-para-fortalecer-postulacion-al-concurso-fondef-idea-it-2026\/#primaryimage"},"thumbnailUrl":"https:\/\/vriic.usach.cl\/wp-content\/uploads\/2026\/03\/WEB-DGT-USACH-15.png","datePublished":"2026-03-10T14:33:11+00:00","dateModified":"2026-03-10T14:51:48+00:00","breadcrumb":{"@id":"https:\/\/vriic.usach.cl\/index.php\/finaliza-ciclo-de-talleres-para-fortalecer-postulacion-al-concurso-fondef-idea-it-2026\/#breadcrumb"},"inLanguage":"es-CL","potentialAction":[{"@type":"ReadAction","target":["https:\/\/vriic.usach.cl\/index.php\/finaliza-ciclo-de-talleres-para-fortalecer-postulacion-al-concurso-fondef-idea-it-2026\/"]}]},{"@type":"ImageObject","inLanguage":"es-CL","@id":"https:\/\/vriic.usach.cl\/index.php\/finaliza-ciclo-de-talleres-para-fortalecer-postulacion-al-concurso-fondef-idea-it-2026\/#primaryimage","url":"https:\/\/vriic.usach.cl\/wp-content\/uploads\/2026\/03\/WEB-DGT-USACH-15.png","contentUrl":"https:\/\/vriic.usach.cl\/wp-content\/uploads\/2026\/03\/WEB-DGT-USACH-15.png","width":1100,"height":360},{"@type":"BreadcrumbList","@id":"https:\/\/vriic.usach.cl\/index.php\/finaliza-ciclo-de-talleres-para-fortalecer-postulacion-al-concurso-fondef-idea-it-2026\/#breadcrumb","itemListElement":[{"@type":"ListItem","position":1,"name":"Portada","item":"https:\/\/vriic.usach.cl\/"},{"@type":"ListItem","position":2,"name":"Finaliza ciclo de talleres para fortalecer postulaci\u00f3n al concurso Fondef IDeA IT 2026"}]},{"@type":"WebSite","@id":"https:\/\/vriic.usach.cl\/#website","url":"https:\/\/vriic.usach.cl\/","name":"VRIIC","description":"Vicerrector\u00eda de Investigaci\u00f3n, Innovaci\u00f3n y Creaci\u00f3n","publisher":{"@id":"https:\/\/vriic.usach.cl\/#organization"},"potentialAction":[{"@type":"SearchAction","target":{"@type":"EntryPoint","urlTemplate":"https:\/\/vriic.usach.cl\/?s={search_term_string}"},"query-input":"required name=search_term_string"}],"inLanguage":"es-CL"},{"@type":"Organization","@id":"https:\/\/vriic.usach.cl\/#organization","name":"VRIIC","url":"https:\/\/vriic.usach.cl\/","logo":{"@type":"ImageObject","inLanguage":"es-CL","@id":"https:\/\/vriic.usach.cl\/#\/schema\/logo\/image\/","url":"https:\/\/vriic.usach.cl\/wp-content\/uploads\/2024\/05\/cropped-HISTORIA-C-min-1.png","contentUrl":"https:\/\/vriic.usach.cl\/wp-content\/uploads\/2024\/05\/cropped-HISTORIA-C-min-1.png","width":966,"height":228,"caption":"VRIIC"},"image":{"@id":"https:\/\/vriic.usach.cl\/#\/schema\/logo\/image\/"}},{"@type":"Person","@id":"https:\/\/vriic.usach.cl\/#\/schema\/person\/7445abf7c84e3726508476493e702b11","name":"Comunicaciones VRIIC","image":{"@type":"ImageObject","inLanguage":"es-CL","@id":"https:\/\/vriic.usach.cl\/#\/schema\/person\/image\/","url":"https:\/\/secure.gravatar.com\/avatar\/a059dbff38f4b6242f148cadb92d0b1baec305d7378c7081c16c798f88d9af47?s=96&d=mm&r=g","contentUrl":"https:\/\/secure.gravatar.com\/avatar\/a059dbff38f4b6242f148cadb92d0b1baec305d7378c7081c16c798f88d9af47?s=96&d=mm&r=g","caption":"Comunicaciones VRIIC"},"sameAs":["http:\/\/158.170.66.230"],"url":"https:\/\/vriic.usach.cl\/index.php\/author\/adminvridei\/"}]}},"rttpg_featured_image_url":{"full":["https:\/\/vriic.usach.cl\/wp-content\/uploads\/2026\/03\/WEB-DGT-USACH-15.png",1100,360,false],"landscape":["https:\/\/vriic.usach.cl\/wp-content\/uploads\/2026\/03\/WEB-DGT-USACH-15.png",1100,360,false],"portraits":["https:\/\/vriic.usach.cl\/wp-content\/uploads\/2026\/03\/WEB-DGT-USACH-15.png",1100,360,false],"thumbnail":["https:\/\/vriic.usach.cl\/wp-content\/uploads\/2026\/03\/WEB-DGT-USACH-15-150x150.png",150,150,true],"medium":["https:\/\/vriic.usach.cl\/wp-content\/uploads\/2026\/03\/WEB-DGT-USACH-15-300x98.png",300,98,true],"large":["https:\/\/vriic.usach.cl\/wp-content\/uploads\/2026\/03\/WEB-DGT-USACH-15-1024x335.png",1024,335,true],"1536x1536":["https:\/\/vriic.usach.cl\/wp-content\/uploads\/2026\/03\/WEB-DGT-USACH-15.png",1100,360,false],"2048x2048":["https:\/\/vriic.usach.cl\/wp-content\/uploads\/2026\/03\/WEB-DGT-USACH-15.png",1100,360,false],"rpwe-thumbnail":["https:\/\/vriic.usach.cl\/wp-content\/uploads\/2026\/03\/WEB-DGT-USACH-15-45x45.png",45,45,true]},"rttpg_author":{"display_name":"Comunicaciones VRIIC","author_link":"https:\/\/vriic.usach.cl\/index.php\/author\/adminvridei\/"},"rttpg_comment":0,"rttpg_category":"<a href=\"https:\/\/vriic.usach.cl\/index.php\/category\/desarrollo\/\" rel=\"category tag\">Desarrollo<\/a>","rttpg_excerpt":"Investigadoras e investigadores de la Usach participaron en estos encuentros organizados por la Direcci\u00f3n de Gesti\u00f3n Tecnol\u00f3gica, con el objetivo de entregar herramientas que permitan mejorar la calidad de las [&hellip;]","_links":{"self":[{"href":"https:\/\/vriic.usach.cl\/index.php\/wp-json\/wp\/v2\/posts\/22691","targetHints":{"allow":["GET"]}}],"collection":[{"href":"https:\/\/vriic.usach.cl\/index.php\/wp-json\/wp\/v2\/posts"}],"about":[{"href":"https:\/\/vriic.usach.cl\/index.php\/wp-json\/wp\/v2\/types\/post"}],"author":[{"embeddable":true,"href":"https:\/\/vriic.usach.cl\/index.php\/wp-json\/wp\/v2\/users\/1"}],"replies":[{"embeddable":true,"href":"https:\/\/vriic.usach.cl\/index.php\/wp-json\/wp\/v2\/comments?post=22691"}],"version-history":[{"count":5,"href":"https:\/\/vriic.usach.cl\/index.php\/wp-json\/wp\/v2\/posts\/22691\/revisions"}],"predecessor-version":[{"id":22697,"href":"https:\/\/vriic.usach.cl\/index.php\/wp-json\/wp\/v2\/posts\/22691\/revisions\/22697"}],"wp:featuredmedia":[{"embeddable":true,"href":"https:\/\/vriic.usach.cl\/index.php\/wp-json\/wp\/v2\/media\/22698"}],"wp:attachment":[{"href":"https:\/\/vriic.usach.cl\/index.php\/wp-json\/wp\/v2\/media?parent=22691"}],"wp:term":[{"taxonomy":"category","embeddable":true,"href":"https:\/\/vriic.usach.cl\/index.php\/wp-json\/wp\/v2\/categories?post=22691"},{"taxonomy":"post_tag","embeddable":true,"href":"https:\/\/vriic.usach.cl\/index.php\/wp-json\/wp\/v2\/tags?post=22691"}],"curies":[{"name":"wp","href":"https:\/\/api.w.org\/{rel}","templated":true}]}}