{"id":18729,"date":"2024-09-27T10:25:37","date_gmt":"2024-09-27T13:25:37","guid":{"rendered":"https:\/\/vriic.usach.cl\/?p=18729"},"modified":"2024-10-01T14:09:34","modified_gmt":"2024-10-01T17:09:34","slug":"usach-y-ucn-se-reunen-para-fortalecer-la-transferencia-tecnologica-mediante-el-intercambio-de-experiencias","status":"publish","type":"post","link":"https:\/\/vriic.usach.cl\/index.php\/usach-y-ucn-se-reunen-para-fortalecer-la-transferencia-tecnologica-mediante-el-intercambio-de-experiencias\/","title":{"rendered":"Usach y UCN se re\u00fanen para fortalecer la transferencia tecnol\u00f3gica mediante el intercambio de experiencias"},"content":{"rendered":"\t\t<div data-elementor-type=\"wp-post\" data-elementor-id=\"18729\" class=\"elementor elementor-18729\" data-elementor-post-type=\"post\">\n\t\t\t\t\t\t<section class=\"elementor-section elementor-top-section elementor-element elementor-element-1698a57b elementor-section-boxed elementor-section-height-default elementor-section-height-default wpr-particle-no wpr-jarallax-no wpr-parallax-no\" data-id=\"1698a57b\" data-element_type=\"section\" data-e-type=\"section\">\n\t\t\t\t\t\t<div class=\"elementor-container elementor-column-gap-default\">\n\t\t\t\t\t<div class=\"elementor-column elementor-col-100 elementor-top-column elementor-element elementor-element-4dbc7699\" data-id=\"4dbc7699\" data-element_type=\"column\" data-e-type=\"column\">\n\t\t\t<div class=\"elementor-widget-wrap elementor-element-populated\">\n\t\t\t\t\t\t<section class=\"elementor-section elementor-inner-section elementor-element elementor-element-18083ff8 elementor-section-boxed elementor-section-height-default elementor-section-height-default wpr-particle-no wpr-jarallax-no wpr-parallax-no wpr-sticky-section-no\" data-id=\"18083ff8\" data-element_type=\"section\" data-e-type=\"section\">\n\t\t\t\t\t\t<div class=\"elementor-container elementor-column-gap-default\">\n\t\t\t\t\t<div class=\"elementor-column elementor-col-100 elementor-inner-column elementor-element elementor-element-61beed53\" data-id=\"61beed53\" data-element_type=\"column\" data-e-type=\"column\">\n\t\t\t<div class=\"elementor-widget-wrap elementor-element-populated\">\n\t\t\t\t\t\t<div class=\"elementor-element elementor-element-6fedba00 elementor-share-buttons--view-icon elementor-share-buttons--shape-circle elementor-share-buttons--skin-gradient elementor-grid-0 elementor-share-buttons--color-official elementor-widget elementor-widget-share-buttons\" data-id=\"6fedba00\" data-element_type=\"widget\" data-e-type=\"widget\" data-widget_type=\"share-buttons.default\">\n\t\t\t\t<div class=\"elementor-widget-container\">\n\t\t\t\t\t\t\t<div class=\"elementor-grid\" role=\"list\">\n\t\t\t\t\t\t\t\t<div class=\"elementor-grid-item\" role=\"listitem\">\n\t\t\t\t\t\t<div class=\"elementor-share-btn elementor-share-btn_facebook\" role=\"button\" tabindex=\"0\" aria-label=\"Share on facebook\">\n\t\t\t\t\t\t\t\t\t\t\t\t\t\t\t<span class=\"elementor-share-btn__icon\">\n\t\t\t\t\t\t\t\t<i class=\"fab fa-facebook\" aria-hidden=\"true\"><\/i>\t\t\t\t\t\t\t<\/span>\n\t\t\t\t\t\t\t\t\t\t\t\t\t\t\t\t\t\t\t\t<\/div>\n\t\t\t\t\t<\/div>\n\t\t\t\t\t\t\t\t\t<div class=\"elementor-grid-item\" role=\"listitem\">\n\t\t\t\t\t\t<div class=\"elementor-share-btn elementor-share-btn_twitter\" role=\"button\" tabindex=\"0\" aria-label=\"Share on twitter\">\n\t\t\t\t\t\t\t\t\t\t\t\t\t\t\t<span class=\"elementor-share-btn__icon\">\n\t\t\t\t\t\t\t\t<i class=\"fab fa-twitter\" aria-hidden=\"true\"><\/i>\t\t\t\t\t\t\t<\/span>\n\t\t\t\t\t\t\t\t\t\t\t\t\t\t\t\t\t\t\t\t<\/div>\n\t\t\t\t\t<\/div>\n\t\t\t\t\t\t\t\t\t<div class=\"elementor-grid-item\" role=\"listitem\">\n\t\t\t\t\t\t<div class=\"elementor-share-btn elementor-share-btn_linkedin\" role=\"button\" tabindex=\"0\" aria-label=\"Share on linkedin\">\n\t\t\t\t\t\t\t\t\t\t\t\t\t\t\t<span class=\"elementor-share-btn__icon\">\n\t\t\t\t\t\t\t\t<i class=\"fab fa-linkedin\" aria-hidden=\"true\"><\/i>\t\t\t\t\t\t\t<\/span>\n\t\t\t\t\t\t\t\t\t\t\t\t\t\t\t\t\t\t\t\t<\/div>\n\t\t\t\t\t<\/div>\n\t\t\t\t\t\t<\/div>\n\t\t\t\t\t\t<\/div>\n\t\t\t\t<\/div>\n\t\t\t\t<div class=\"elementor-element elementor-element-55b0475d elementor-widget elementor-widget-text-editor\" data-id=\"55b0475d\" data-element_type=\"widget\" data-e-type=\"widget\" data-widget_type=\"text-editor.default\">\n\t\t\t\t<div class=\"elementor-widget-container\">\n\t\t\t\t\t\t\t\t\t<p><b>Con el prop\u00f3sito de fomentar el trabajo colaborativo, los equipos de la Direcci\u00f3n de Gesti\u00f3n Tecnol\u00f3gica (DGT) de la U. de Santiago de Chile y\u00a0 de la Direcci\u00f3n de Innovaci\u00f3n y Transferencia Tecnol\u00f3gica (DITT) de la U. Cat\u00f3lica del Norte (UCN) se reunieron para compartir ideas sobre buenas pr\u00e1cticas, procedimientos y estrategias que est\u00e1n implementando en sus respectivos \u00e1mbitos.<\/b><\/p>\t\t\t\t\t\t\t\t<\/div>\n\t\t\t\t<\/div>\n\t\t\t\t<div class=\"elementor-element elementor-element-5bd9138a elementor-widget elementor-widget-text-editor\" data-id=\"5bd9138a\" data-element_type=\"widget\" data-e-type=\"widget\" data-widget_type=\"text-editor.default\">\n\t\t\t\t<div class=\"elementor-widget-container\">\n\t\t\t\t\t\t\t\t\t<div class=\"field field-name-post-date field-type-ds field-label-hidden\"><div class=\"field-items\"><div class=\"field-item even\"><p><span style=\"font-weight: 400;\">Esta semana la Direcci\u00f3n de Gesti\u00f3n Tecnol\u00f3gica (DGT) de la Vriic, recibi\u00f3 la visita de una delegaci\u00f3n de la <\/span><a href=\"https:\/\/ditt.ucn.cl\/\" target=\"_blank\" rel=\"noopener\"><span style=\"font-weight: 400;\">Direcci\u00f3n de Innovaci\u00f3n y Transferencia Tecnol\u00f3gica<\/span><\/a><span style=\"font-weight: 400;\"> (DITT) de la <\/span><a href=\"https:\/\/www.ucn.cl\/home\/\" target=\"_blank\" rel=\"noopener\"><span style=\"font-weight: 400;\">Universidad Cat\u00f3lica del Norte<\/span><\/a><span style=\"font-weight: 400;\"> (UCN), oportunidad en que los equipos de trabajo de ambos planteles compartieron ideas respecto a la labor\u00a0 que ejecutan.<\/span><\/p><p><span style=\"font-weight: 400;\">Desde la UCN participaron B\u00e1rbara Torres, Directora de Innovaci\u00f3n y Transferencia Tecnol\u00f3gica; Catalina Diaz, Gestora de Transferencia Tecnol\u00f3gica; Mat\u00edas Lagos, Gestor de Proyectos de Innovaci\u00f3n; Fabi\u00e1n Cabezas, Gestor de Propiedad Intelectual e Ignacio Moraga, Encargado de Comunicaciones.<\/span><\/p><p><span style=\"font-weight: 400;\"><strong>Respecto a los motivos para realizar este encuentro, Rodrigo Morgado, Director de la Direcci\u00f3n de Gesti\u00f3n Tecnol\u00f3gica (DGT),<\/strong> <strong>destac\u00f3 que representaba una oportunidad para estrechar lazos entre las dos universidades.<\/strong> Coment\u00f3 que \u201c<\/span><i><span style=\"font-weight: 400;\">llevamos varios a\u00f1os colaborando con la UCN, pero faltaba un espacio m\u00e1s directo entre nuestras oficinas de transferencia tecnol\u00f3gica e innovaci\u00f3n. Esta visita nos permite compartir buenas pr\u00e1cticas y explorar nuevas formas de trabajo, pues este tipo de espacios son clave para entender c\u00f3mo est\u00e1n ejecutando su estrategia y ver qu\u00e9 podemos mejorar en la nuestra&#8221;.<\/span><\/i><\/p><p><span style=\"font-weight: 400;\">Morgado tambi\u00e9n\u00a0 record\u00f3 que esta reuni\u00f3n se planific\u00f3, tras una visita previa de la DGT a la UCN en 2023, donde conoci\u00f3 en detalle el trabajo de la DITT en apoyo a la comunidad investigativa, la gesti\u00f3n de la propiedad intelectual y la transferencia de tecnolog\u00edas. En esa ocasi\u00f3n, el equipo de la Usach recorri\u00f3 los centros y laboratorios del plantel nortino.<\/span><\/p><p><span style=\"font-weight: 400;\"><strong>Cabe resaltar que, la actividad en la Usach\u00a0 se desarroll\u00f3 los d\u00edas 24 y 25 de septiembre.<\/strong> Es as\u00ed como en la primera jornada, Rodrigo Morgado, Director de Gesti\u00f3n Tecnol\u00f3gica (DGT), y Leonidas Ibarra, Director de innovaci\u00f3n y Emprendimiento (Dinem), expusieron la labor, objetivos, logros y estrategias que impulsan estas\u00a0 direcciones. A esto se sumaron las presentaciones individuales de las \u00e1reas de la DGT como Proyectos I+D+i, a cargo de Manuel Ram\u00edrez e Ignacia Moreno; gesti\u00f3n administrativa con Jessica Catal\u00e1n; Propiedad intelectual con Mat\u00edas Burgos; Gesti\u00f3n Tecnol\u00f3gica con Marlene henr\u00edquez y Xaviera Hernandez; y Programas de Apoyo internos con Tiare Osorio.<\/span><\/p><p><span style=\"font-weight: 400;\">Asimismo, <strong>las y los profesionales de la UCN fueron acompa\u00f1ados por el equipo DGT en un recorrido por\u00a0 las instalaciones de Cedenna, Laben Chile, el Centro de Innovaci\u00f3n FING y el Electrical Energy Technologies Research Center (E2Tech), m\u00e1s\u00a0 los laboratorios Leind, Lemaa y el de Bioqu\u00edmica Vegetal y Fitorremediaci\u00f3n Vegetal.\u00a0<\/strong> En estos espacios,\u00a0 pudieron\u00a0 conocer la labor que ejecutan, c\u00f3mo se vinculan con la industria, las investigaciones ejecutadas,\u00a0 las\u00a0 tecnolog\u00edas patentadas como resultado de sus proyectos\u00a0 y en algunos casos, los desaf\u00edos que han afrontando para la creaci\u00f3n de spin-offs, entre otros m\u00e1s.<\/span><\/p><p><span style=\"font-weight: 400;\"><strong>Al finalizar las actividades, el grupo de la Universidad Cat\u00f3lica del Norte coincidi\u00f3 en valorar positivamente toda la visita\u00a0 y la vinculaci\u00f3n que tienen con la Usach. B\u00e1rbara Torres se\u00f1al\u00f3 que <\/strong><\/span><strong><i>&#8220;estamos muy contentos con estas jornadas de transferencia y buenas pr\u00e1cticas. Conocer las capacidades de investigaci\u00f3n, desarrollo e innovaci\u00f3n de cada instituci\u00f3n es clave para seguir colaborando&#8221;.<\/i> A\u00f1adi\u00f3 que &#8220;<i>desde la gesti\u00f3n de la innovaci\u00f3n y la transferencia tecnol\u00f3gica, tenemos mucho que aportar mutuamente&#8221;.<\/i><\/strong><\/p><p><span style=\"font-weight: 400;\"><strong>Finalmente, Rodrigo Morgado expres\u00f3 la intenci\u00f3n de continuar con esta colaboraci\u00f3n,<\/strong> se\u00f1alando que <\/span><i><span style=\"font-weight: 400;\">&#8220;en instancias futuras buscaremos que se re\u00fanan los equipos de las \u00e1reas de proyecto, protecci\u00f3n de la propiedad intelectual\u00a0 y de transferencia tecnol\u00f3gica para que trabajen y se vinculen de forma m\u00e1s cercana, de manera que puedan retroalimentarse para potenciar sus respectivos \u00e1mbitos\u201d.<\/span><\/i><\/p><p><b>Autora:<\/b><span style=\"font-weight: 400;\"> Paola Armijo L.<\/span><\/p><p><b>Imagen:<\/b><span style=\"font-weight: 400;\"> Comunicaciones Vriic<\/span><\/p><p><b>Tags<\/b><span style=\"font-weight: 400;\">: Direcci\u00f3n de Innovaci\u00f3n y Emprendimiento\u00a0<\/span><\/p><p><span style=\"font-weight: 400;\">Direcci\u00f3n de Gesti\u00f3n Tecnol\u00f3gica<\/span><\/p><p><span style=\"font-weight: 400;\">Vicerrector\u00eda de Investigaci\u00f3n, Innovaci\u00f3n y Creaci\u00f3n<\/span><\/p><\/div><\/div><\/div>\t\t\t\t\t\t\t\t<\/div>\n\t\t\t\t<\/div>\n\t\t\t\t\t<\/div>\n\t\t<\/div>\n\t\t\t\t\t<\/div>\n\t\t<\/section>\n\t\t\t\t\t<\/div>\n\t\t<\/div>\n\t\t\t\t\t<\/div>\n\t\t<\/section>\n\t\t\t\t<\/div>\n\t\t","protected":false},"excerpt":{"rendered":"<p>Con el prop\u00f3sito de fomentar el trabajo colaborativo, los equipos de la Direcci\u00f3n de Gesti\u00f3n Tecnol\u00f3gica (DGT) de la U. de Santiago de Chile y\u00a0 de la Direcci\u00f3n de Innovaci\u00f3n [&hellip;]<\/p>\n","protected":false},"author":1,"featured_media":18730,"comment_status":"closed","ping_status":"closed","sticky":false,"template":"","format":"standard","meta":{"inline_featured_image":false,"_monsterinsights_skip_tracking":false,"_monsterinsights_sitenote_active":false,"_monsterinsights_sitenote_note":"","_monsterinsights_sitenote_category":0,"site-sidebar-layout":"default","site-content-layout":"","ast-site-content-layout":"default","site-content-style":"default","site-sidebar-style":"default","ast-global-header-display":"","ast-banner-title-visibility":"","ast-main-header-display":"","ast-hfb-above-header-display":"","ast-hfb-below-header-display":"","ast-hfb-mobile-header-display":"","site-post-title":"","ast-breadcrumbs-content":"","ast-featured-img":"","footer-sml-layout":"","theme-transparent-header-meta":"","adv-header-id-meta":"","stick-header-meta":"","header-above-stick-meta":"","header-main-stick-meta":"","header-below-stick-meta":"","astra-migrate-meta-layouts":"set","ast-page-background-enabled":"default","ast-page-background-meta":{"desktop":{"background-color":"","background-image":"","background-repeat":"repeat","background-position":"center center","background-size":"auto","background-attachment":"scroll","background-type":"","background-media":"","overlay-type":"","overlay-color":"","overlay-gradient":""},"tablet":{"background-color":"","background-image":"","background-repeat":"repeat","background-position":"center center","background-size":"auto","background-attachment":"scroll","background-type":"","background-media":"","overlay-type":"","overlay-color":"","overlay-gradient":""},"mobile":{"background-color":"","background-image":"","background-repeat":"repeat","background-position":"center center","background-size":"auto","background-attachment":"scroll","background-type":"","background-media":"","overlay-type":"","overlay-color":"","overlay-gradient":""}},"ast-content-background-meta":{"desktop":{"background-color":"var(--ast-global-color-5)","background-image":"","background-repeat":"repeat","background-position":"center center","background-size":"auto","background-attachment":"scroll","background-type":"","background-media":"","overlay-type":"","overlay-color":"","overlay-gradient":""},"tablet":{"background-color":"var(--ast-global-color-5)","background-image":"","background-repeat":"repeat","background-position":"center center","background-size":"auto","background-attachment":"scroll","background-type":"","background-media":"","overlay-type":"","overlay-color":"","overlay-gradient":""},"mobile":{"background-color":"var(--ast-global-color-5)","background-image":"","background-repeat":"repeat","background-position":"center center","background-size":"auto","background-attachment":"scroll","background-type":"","background-media":"","overlay-type":"","overlay-color":"","overlay-gradient":""}},"footnotes":""},"categories":[9],"tags":[],"class_list":["post-18729","post","type-post","status-publish","format-standard","has-post-thumbnail","hentry","category-desarrollo"],"yoast_head":"<!-- This site is optimized with the Yoast SEO plugin v22.3 - https:\/\/yoast.com\/wordpress\/plugins\/seo\/ -->\n<title>Usach y UCN se re\u00fanen para fortalecer la transferencia tecnol\u00f3gica mediante el intercambio de experiencias - VRIIC<\/title>\n<meta name=\"robots\" content=\"index, follow, max-snippet:-1, max-image-preview:large, max-video-preview:-1\" \/>\n<link rel=\"canonical\" href=\"https:\/\/vriic.usach.cl\/index.php\/usach-y-ucn-se-reunen-para-fortalecer-la-transferencia-tecnologica-mediante-el-intercambio-de-experiencias\/\" \/>\n<meta property=\"og:locale\" content=\"es_ES\" \/>\n<meta property=\"og:type\" content=\"article\" \/>\n<meta property=\"og:title\" content=\"Usach y UCN se re\u00fanen para fortalecer la transferencia tecnol\u00f3gica mediante el intercambio de experiencias - VRIIC\" \/>\n<meta property=\"og:description\" content=\"Con el prop\u00f3sito de fomentar el trabajo colaborativo, los equipos de la Direcci\u00f3n de Gesti\u00f3n Tecnol\u00f3gica (DGT) de la U. de Santiago de Chile y\u00a0 de la Direcci\u00f3n de Innovaci\u00f3n [&hellip;]\" \/>\n<meta property=\"og:url\" content=\"https:\/\/vriic.usach.cl\/index.php\/usach-y-ucn-se-reunen-para-fortalecer-la-transferencia-tecnologica-mediante-el-intercambio-de-experiencias\/\" \/>\n<meta property=\"og:site_name\" content=\"VRIIC\" \/>\n<meta property=\"article:published_time\" content=\"2024-09-27T13:25:37+00:00\" \/>\n<meta property=\"article:modified_time\" content=\"2024-10-01T17:09:34+00:00\" \/>\n<meta property=\"og:image\" content=\"http:\/\/vriic.usach.cl\/wp-content\/uploads\/2024\/09\/VISITA-UCN.jpg\" \/>\n\t<meta property=\"og:image:width\" content=\"1100\" \/>\n\t<meta property=\"og:image:height\" content=\"360\" \/>\n\t<meta property=\"og:image:type\" content=\"image\/jpeg\" \/>\n<meta name=\"author\" content=\"Comunicaciones VRIIC\" \/>\n<meta name=\"twitter:card\" content=\"summary_large_image\" \/>\n<meta name=\"twitter:label1\" content=\"Written by\" \/>\n\t<meta name=\"twitter:data1\" content=\"Comunicaciones VRIIC\" \/>\n\t<meta name=\"twitter:label2\" content=\"Est. reading time\" \/>\n\t<meta name=\"twitter:data2\" content=\"3 minutos\" \/>\n<script type=\"application\/ld+json\" class=\"yoast-schema-graph\">{\"@context\":\"https:\/\/schema.org\",\"@graph\":[{\"@type\":\"Article\",\"@id\":\"https:\/\/vriic.usach.cl\/index.php\/usach-y-ucn-se-reunen-para-fortalecer-la-transferencia-tecnologica-mediante-el-intercambio-de-experiencias\/#article\",\"isPartOf\":{\"@id\":\"https:\/\/vriic.usach.cl\/index.php\/usach-y-ucn-se-reunen-para-fortalecer-la-transferencia-tecnologica-mediante-el-intercambio-de-experiencias\/\"},\"author\":{\"name\":\"Comunicaciones VRIIC\",\"@id\":\"https:\/\/vriic.usach.cl\/#\/schema\/person\/7445abf7c84e3726508476493e702b11\"},\"headline\":\"Usach y UCN se re\u00fanen para fortalecer la transferencia tecnol\u00f3gica mediante el intercambio de experiencias\",\"datePublished\":\"2024-09-27T13:25:37+00:00\",\"dateModified\":\"2024-10-01T17:09:34+00:00\",\"mainEntityOfPage\":{\"@id\":\"https:\/\/vriic.usach.cl\/index.php\/usach-y-ucn-se-reunen-para-fortalecer-la-transferencia-tecnologica-mediante-el-intercambio-de-experiencias\/\"},\"wordCount\":751,\"publisher\":{\"@id\":\"https:\/\/vriic.usach.cl\/#organization\"},\"image\":{\"@id\":\"https:\/\/vriic.usach.cl\/index.php\/usach-y-ucn-se-reunen-para-fortalecer-la-transferencia-tecnologica-mediante-el-intercambio-de-experiencias\/#primaryimage\"},\"thumbnailUrl\":\"https:\/\/vriic.usach.cl\/wp-content\/uploads\/2024\/09\/VISITA-UCN.jpg\",\"articleSection\":[\"Desarrollo\"],\"inLanguage\":\"es-CL\"},{\"@type\":\"WebPage\",\"@id\":\"https:\/\/vriic.usach.cl\/index.php\/usach-y-ucn-se-reunen-para-fortalecer-la-transferencia-tecnologica-mediante-el-intercambio-de-experiencias\/\",\"url\":\"https:\/\/vriic.usach.cl\/index.php\/usach-y-ucn-se-reunen-para-fortalecer-la-transferencia-tecnologica-mediante-el-intercambio-de-experiencias\/\",\"name\":\"Usach y UCN se re\u00fanen para fortalecer la transferencia tecnol\u00f3gica mediante el intercambio de experiencias - VRIIC\",\"isPartOf\":{\"@id\":\"https:\/\/vriic.usach.cl\/#website\"},\"primaryImageOfPage\":{\"@id\":\"https:\/\/vriic.usach.cl\/index.php\/usach-y-ucn-se-reunen-para-fortalecer-la-transferencia-tecnologica-mediante-el-intercambio-de-experiencias\/#primaryimage\"},\"image\":{\"@id\":\"https:\/\/vriic.usach.cl\/index.php\/usach-y-ucn-se-reunen-para-fortalecer-la-transferencia-tecnologica-mediante-el-intercambio-de-experiencias\/#primaryimage\"},\"thumbnailUrl\":\"https:\/\/vriic.usach.cl\/wp-content\/uploads\/2024\/09\/VISITA-UCN.jpg\",\"datePublished\":\"2024-09-27T13:25:37+00:00\",\"dateModified\":\"2024-10-01T17:09:34+00:00\",\"breadcrumb\":{\"@id\":\"https:\/\/vriic.usach.cl\/index.php\/usach-y-ucn-se-reunen-para-fortalecer-la-transferencia-tecnologica-mediante-el-intercambio-de-experiencias\/#breadcrumb\"},\"inLanguage\":\"es-CL\",\"potentialAction\":[{\"@type\":\"ReadAction\",\"target\":[\"https:\/\/vriic.usach.cl\/index.php\/usach-y-ucn-se-reunen-para-fortalecer-la-transferencia-tecnologica-mediante-el-intercambio-de-experiencias\/\"]}]},{\"@type\":\"ImageObject\",\"inLanguage\":\"es-CL\",\"@id\":\"https:\/\/vriic.usach.cl\/index.php\/usach-y-ucn-se-reunen-para-fortalecer-la-transferencia-tecnologica-mediante-el-intercambio-de-experiencias\/#primaryimage\",\"url\":\"https:\/\/vriic.usach.cl\/wp-content\/uploads\/2024\/09\/VISITA-UCN.jpg\",\"contentUrl\":\"https:\/\/vriic.usach.cl\/wp-content\/uploads\/2024\/09\/VISITA-UCN.jpg\",\"width\":1100,\"height\":360},{\"@type\":\"BreadcrumbList\",\"@id\":\"https:\/\/vriic.usach.cl\/index.php\/usach-y-ucn-se-reunen-para-fortalecer-la-transferencia-tecnologica-mediante-el-intercambio-de-experiencias\/#breadcrumb\",\"itemListElement\":[{\"@type\":\"ListItem\",\"position\":1,\"name\":\"Portada\",\"item\":\"https:\/\/vriic.usach.cl\/\"},{\"@type\":\"ListItem\",\"position\":2,\"name\":\"Usach y UCN se re\u00fanen para fortalecer la transferencia tecnol\u00f3gica mediante el intercambio de experiencias\"}]},{\"@type\":\"WebSite\",\"@id\":\"https:\/\/vriic.usach.cl\/#website\",\"url\":\"https:\/\/vriic.usach.cl\/\",\"name\":\"VRIIC\",\"description\":\"Vicerrector\u00eda de Investigaci\u00f3n, Innovaci\u00f3n y Creaci\u00f3n\",\"publisher\":{\"@id\":\"https:\/\/vriic.usach.cl\/#organization\"},\"potentialAction\":[{\"@type\":\"SearchAction\",\"target\":{\"@type\":\"EntryPoint\",\"urlTemplate\":\"https:\/\/vriic.usach.cl\/?s={search_term_string}\"},\"query-input\":\"required name=search_term_string\"}],\"inLanguage\":\"es-CL\"},{\"@type\":\"Organization\",\"@id\":\"https:\/\/vriic.usach.cl\/#organization\",\"name\":\"VRIIC\",\"url\":\"https:\/\/vriic.usach.cl\/\",\"logo\":{\"@type\":\"ImageObject\",\"inLanguage\":\"es-CL\",\"@id\":\"https:\/\/vriic.usach.cl\/#\/schema\/logo\/image\/\",\"url\":\"https:\/\/vriic.usach.cl\/wp-content\/uploads\/2024\/05\/cropped-HISTORIA-C-min-1.png\",\"contentUrl\":\"https:\/\/vriic.usach.cl\/wp-content\/uploads\/2024\/05\/cropped-HISTORIA-C-min-1.png\",\"width\":966,\"height\":228,\"caption\":\"VRIIC\"},\"image\":{\"@id\":\"https:\/\/vriic.usach.cl\/#\/schema\/logo\/image\/\"}},{\"@type\":\"Person\",\"@id\":\"https:\/\/vriic.usach.cl\/#\/schema\/person\/7445abf7c84e3726508476493e702b11\",\"name\":\"Comunicaciones VRIIC\",\"image\":{\"@type\":\"ImageObject\",\"inLanguage\":\"es-CL\",\"@id\":\"https:\/\/vriic.usach.cl\/#\/schema\/person\/image\/\",\"url\":\"https:\/\/secure.gravatar.com\/avatar\/a059dbff38f4b6242f148cadb92d0b1baec305d7378c7081c16c798f88d9af47?s=96&d=mm&r=g\",\"contentUrl\":\"https:\/\/secure.gravatar.com\/avatar\/a059dbff38f4b6242f148cadb92d0b1baec305d7378c7081c16c798f88d9af47?s=96&d=mm&r=g\",\"caption\":\"Comunicaciones VRIIC\"},\"sameAs\":[\"http:\/\/158.170.66.230\"],\"url\":\"https:\/\/vriic.usach.cl\/index.php\/author\/adminvridei\/\"}]}<\/script>\n<!-- \/ Yoast SEO plugin. -->","yoast_head_json":{"title":"Usach y UCN se re\u00fanen para fortalecer la transferencia tecnol\u00f3gica mediante el intercambio de experiencias - VRIIC","robots":{"index":"index","follow":"follow","max-snippet":"max-snippet:-1","max-image-preview":"max-image-preview:large","max-video-preview":"max-video-preview:-1"},"canonical":"https:\/\/vriic.usach.cl\/index.php\/usach-y-ucn-se-reunen-para-fortalecer-la-transferencia-tecnologica-mediante-el-intercambio-de-experiencias\/","og_locale":"es_ES","og_type":"article","og_title":"Usach y UCN se re\u00fanen para fortalecer la transferencia tecnol\u00f3gica mediante el intercambio de experiencias - VRIIC","og_description":"Con el prop\u00f3sito de fomentar el trabajo colaborativo, los equipos de la Direcci\u00f3n de Gesti\u00f3n Tecnol\u00f3gica (DGT) de la U. de Santiago de Chile y\u00a0 de la Direcci\u00f3n de Innovaci\u00f3n [&hellip;]","og_url":"https:\/\/vriic.usach.cl\/index.php\/usach-y-ucn-se-reunen-para-fortalecer-la-transferencia-tecnologica-mediante-el-intercambio-de-experiencias\/","og_site_name":"VRIIC","article_published_time":"2024-09-27T13:25:37+00:00","article_modified_time":"2024-10-01T17:09:34+00:00","og_image":[{"width":1100,"height":360,"url":"http:\/\/vriic.usach.cl\/wp-content\/uploads\/2024\/09\/VISITA-UCN.jpg","type":"image\/jpeg"}],"author":"Comunicaciones VRIIC","twitter_card":"summary_large_image","twitter_misc":{"Written by":"Comunicaciones VRIIC","Est. reading time":"3 minutos"},"schema":{"@context":"https:\/\/schema.org","@graph":[{"@type":"Article","@id":"https:\/\/vriic.usach.cl\/index.php\/usach-y-ucn-se-reunen-para-fortalecer-la-transferencia-tecnologica-mediante-el-intercambio-de-experiencias\/#article","isPartOf":{"@id":"https:\/\/vriic.usach.cl\/index.php\/usach-y-ucn-se-reunen-para-fortalecer-la-transferencia-tecnologica-mediante-el-intercambio-de-experiencias\/"},"author":{"name":"Comunicaciones VRIIC","@id":"https:\/\/vriic.usach.cl\/#\/schema\/person\/7445abf7c84e3726508476493e702b11"},"headline":"Usach y UCN se re\u00fanen para fortalecer la transferencia tecnol\u00f3gica mediante el intercambio de experiencias","datePublished":"2024-09-27T13:25:37+00:00","dateModified":"2024-10-01T17:09:34+00:00","mainEntityOfPage":{"@id":"https:\/\/vriic.usach.cl\/index.php\/usach-y-ucn-se-reunen-para-fortalecer-la-transferencia-tecnologica-mediante-el-intercambio-de-experiencias\/"},"wordCount":751,"publisher":{"@id":"https:\/\/vriic.usach.cl\/#organization"},"image":{"@id":"https:\/\/vriic.usach.cl\/index.php\/usach-y-ucn-se-reunen-para-fortalecer-la-transferencia-tecnologica-mediante-el-intercambio-de-experiencias\/#primaryimage"},"thumbnailUrl":"https:\/\/vriic.usach.cl\/wp-content\/uploads\/2024\/09\/VISITA-UCN.jpg","articleSection":["Desarrollo"],"inLanguage":"es-CL"},{"@type":"WebPage","@id":"https:\/\/vriic.usach.cl\/index.php\/usach-y-ucn-se-reunen-para-fortalecer-la-transferencia-tecnologica-mediante-el-intercambio-de-experiencias\/","url":"https:\/\/vriic.usach.cl\/index.php\/usach-y-ucn-se-reunen-para-fortalecer-la-transferencia-tecnologica-mediante-el-intercambio-de-experiencias\/","name":"Usach y UCN se re\u00fanen para fortalecer la transferencia tecnol\u00f3gica mediante el intercambio de experiencias - VRIIC","isPartOf":{"@id":"https:\/\/vriic.usach.cl\/#website"},"primaryImageOfPage":{"@id":"https:\/\/vriic.usach.cl\/index.php\/usach-y-ucn-se-reunen-para-fortalecer-la-transferencia-tecnologica-mediante-el-intercambio-de-experiencias\/#primaryimage"},"image":{"@id":"https:\/\/vriic.usach.cl\/index.php\/usach-y-ucn-se-reunen-para-fortalecer-la-transferencia-tecnologica-mediante-el-intercambio-de-experiencias\/#primaryimage"},"thumbnailUrl":"https:\/\/vriic.usach.cl\/wp-content\/uploads\/2024\/09\/VISITA-UCN.jpg","datePublished":"2024-09-27T13:25:37+00:00","dateModified":"2024-10-01T17:09:34+00:00","breadcrumb":{"@id":"https:\/\/vriic.usach.cl\/index.php\/usach-y-ucn-se-reunen-para-fortalecer-la-transferencia-tecnologica-mediante-el-intercambio-de-experiencias\/#breadcrumb"},"inLanguage":"es-CL","potentialAction":[{"@type":"ReadAction","target":["https:\/\/vriic.usach.cl\/index.php\/usach-y-ucn-se-reunen-para-fortalecer-la-transferencia-tecnologica-mediante-el-intercambio-de-experiencias\/"]}]},{"@type":"ImageObject","inLanguage":"es-CL","@id":"https:\/\/vriic.usach.cl\/index.php\/usach-y-ucn-se-reunen-para-fortalecer-la-transferencia-tecnologica-mediante-el-intercambio-de-experiencias\/#primaryimage","url":"https:\/\/vriic.usach.cl\/wp-content\/uploads\/2024\/09\/VISITA-UCN.jpg","contentUrl":"https:\/\/vriic.usach.cl\/wp-content\/uploads\/2024\/09\/VISITA-UCN.jpg","width":1100,"height":360},{"@type":"BreadcrumbList","@id":"https:\/\/vriic.usach.cl\/index.php\/usach-y-ucn-se-reunen-para-fortalecer-la-transferencia-tecnologica-mediante-el-intercambio-de-experiencias\/#breadcrumb","itemListElement":[{"@type":"ListItem","position":1,"name":"Portada","item":"https:\/\/vriic.usach.cl\/"},{"@type":"ListItem","position":2,"name":"Usach y UCN se re\u00fanen para fortalecer la transferencia tecnol\u00f3gica mediante el intercambio de experiencias"}]},{"@type":"WebSite","@id":"https:\/\/vriic.usach.cl\/#website","url":"https:\/\/vriic.usach.cl\/","name":"VRIIC","description":"Vicerrector\u00eda de Investigaci\u00f3n, Innovaci\u00f3n y Creaci\u00f3n","publisher":{"@id":"https:\/\/vriic.usach.cl\/#organization"},"potentialAction":[{"@type":"SearchAction","target":{"@type":"EntryPoint","urlTemplate":"https:\/\/vriic.usach.cl\/?s={search_term_string}"},"query-input":"required name=search_term_string"}],"inLanguage":"es-CL"},{"@type":"Organization","@id":"https:\/\/vriic.usach.cl\/#organization","name":"VRIIC","url":"https:\/\/vriic.usach.cl\/","logo":{"@type":"ImageObject","inLanguage":"es-CL","@id":"https:\/\/vriic.usach.cl\/#\/schema\/logo\/image\/","url":"https:\/\/vriic.usach.cl\/wp-content\/uploads\/2024\/05\/cropped-HISTORIA-C-min-1.png","contentUrl":"https:\/\/vriic.usach.cl\/wp-content\/uploads\/2024\/05\/cropped-HISTORIA-C-min-1.png","width":966,"height":228,"caption":"VRIIC"},"image":{"@id":"https:\/\/vriic.usach.cl\/#\/schema\/logo\/image\/"}},{"@type":"Person","@id":"https:\/\/vriic.usach.cl\/#\/schema\/person\/7445abf7c84e3726508476493e702b11","name":"Comunicaciones VRIIC","image":{"@type":"ImageObject","inLanguage":"es-CL","@id":"https:\/\/vriic.usach.cl\/#\/schema\/person\/image\/","url":"https:\/\/secure.gravatar.com\/avatar\/a059dbff38f4b6242f148cadb92d0b1baec305d7378c7081c16c798f88d9af47?s=96&d=mm&r=g","contentUrl":"https:\/\/secure.gravatar.com\/avatar\/a059dbff38f4b6242f148cadb92d0b1baec305d7378c7081c16c798f88d9af47?s=96&d=mm&r=g","caption":"Comunicaciones VRIIC"},"sameAs":["http:\/\/158.170.66.230"],"url":"https:\/\/vriic.usach.cl\/index.php\/author\/adminvridei\/"}]}},"rttpg_featured_image_url":{"full":["https:\/\/vriic.usach.cl\/wp-content\/uploads\/2024\/09\/VISITA-UCN.jpg",1100,360,false],"landscape":["https:\/\/vriic.usach.cl\/wp-content\/uploads\/2024\/09\/VISITA-UCN.jpg",1100,360,false],"portraits":["https:\/\/vriic.usach.cl\/wp-content\/uploads\/2024\/09\/VISITA-UCN.jpg",1100,360,false],"thumbnail":["https:\/\/vriic.usach.cl\/wp-content\/uploads\/2024\/09\/VISITA-UCN-150x150.jpg",150,150,true],"medium":["https:\/\/vriic.usach.cl\/wp-content\/uploads\/2024\/09\/VISITA-UCN-300x98.jpg",300,98,true],"large":["https:\/\/vriic.usach.cl\/wp-content\/uploads\/2024\/09\/VISITA-UCN-1024x335.jpg",1024,335,true],"1536x1536":["https:\/\/vriic.usach.cl\/wp-content\/uploads\/2024\/09\/VISITA-UCN.jpg",1100,360,false],"2048x2048":["https:\/\/vriic.usach.cl\/wp-content\/uploads\/2024\/09\/VISITA-UCN.jpg",1100,360,false],"rpwe-thumbnail":["https:\/\/vriic.usach.cl\/wp-content\/uploads\/2024\/09\/VISITA-UCN-45x45.jpg",45,45,true]},"rttpg_author":{"display_name":"Comunicaciones VRIIC","author_link":"https:\/\/vriic.usach.cl\/index.php\/author\/adminvridei\/"},"rttpg_comment":0,"rttpg_category":"<a href=\"https:\/\/vriic.usach.cl\/index.php\/category\/desarrollo\/\" rel=\"category tag\">Desarrollo<\/a>","rttpg_excerpt":"Con el prop\u00f3sito de fomentar el trabajo colaborativo, los equipos de la Direcci\u00f3n de Gesti\u00f3n Tecnol\u00f3gica (DGT) de la U. de Santiago de Chile y\u00a0 de la Direcci\u00f3n de Innovaci\u00f3n [&hellip;]","_links":{"self":[{"href":"https:\/\/vriic.usach.cl\/index.php\/wp-json\/wp\/v2\/posts\/18729","targetHints":{"allow":["GET"]}}],"collection":[{"href":"https:\/\/vriic.usach.cl\/index.php\/wp-json\/wp\/v2\/posts"}],"about":[{"href":"https:\/\/vriic.usach.cl\/index.php\/wp-json\/wp\/v2\/types\/post"}],"author":[{"embeddable":true,"href":"https:\/\/vriic.usach.cl\/index.php\/wp-json\/wp\/v2\/users\/1"}],"replies":[{"embeddable":true,"href":"https:\/\/vriic.usach.cl\/index.php\/wp-json\/wp\/v2\/comments?post=18729"}],"version-history":[{"count":9,"href":"https:\/\/vriic.usach.cl\/index.php\/wp-json\/wp\/v2\/posts\/18729\/revisions"}],"predecessor-version":[{"id":21226,"href":"https:\/\/vriic.usach.cl\/index.php\/wp-json\/wp\/v2\/posts\/18729\/revisions\/21226"}],"wp:featuredmedia":[{"embeddable":true,"href":"https:\/\/vriic.usach.cl\/index.php\/wp-json\/wp\/v2\/media\/18730"}],"wp:attachment":[{"href":"https:\/\/vriic.usach.cl\/index.php\/wp-json\/wp\/v2\/media?parent=18729"}],"wp:term":[{"taxonomy":"category","embeddable":true,"href":"https:\/\/vriic.usach.cl\/index.php\/wp-json\/wp\/v2\/categories?post=18729"},{"taxonomy":"post_tag","embeddable":true,"href":"https:\/\/vriic.usach.cl\/index.php\/wp-json\/wp\/v2\/tags?post=18729"}],"curies":[{"name":"wp","href":"https:\/\/api.w.org\/{rel}","templated":true}]}}