{"id":18717,"date":"2024-09-26T13:11:11","date_gmt":"2024-09-26T16:11:11","guid":{"rendered":"https:\/\/vriic.usach.cl\/?p=18717"},"modified":"2024-09-26T16:14:04","modified_gmt":"2024-09-26T19:14:04","slug":"encuentro-inspira-usach-2024-conectara-a-la-comunidad-universitaria-con-oportunidades-de-innovacion-y-el-emprendimiento-y-diversas-expresiones","status":"publish","type":"post","link":"https:\/\/vriic.usach.cl\/index.php\/encuentro-inspira-usach-2024-conectara-a-la-comunidad-universitaria-con-oportunidades-de-innovacion-y-el-emprendimiento-y-diversas-expresiones\/","title":{"rendered":"Encuentro \u201cInspira Usach 2024\u201d conectar\u00e1 a la comunidad universitaria con oportunidades de innovaci\u00f3n y el emprendimiento y diversas expresiones"},"content":{"rendered":"\t\t<div data-elementor-type=\"wp-post\" data-elementor-id=\"18717\" class=\"elementor elementor-18717\" data-elementor-post-type=\"post\">\n\t\t\t\t\t\t<section class=\"elementor-section elementor-top-section elementor-element elementor-element-4c74bcd3 elementor-section-boxed elementor-section-height-default elementor-section-height-default wpr-particle-no wpr-jarallax-no wpr-parallax-no\" data-id=\"4c74bcd3\" data-element_type=\"section\" data-e-type=\"section\">\n\t\t\t\t\t\t<div class=\"elementor-container elementor-column-gap-default\">\n\t\t\t\t\t<div class=\"elementor-column elementor-col-100 elementor-top-column elementor-element elementor-element-7750763\" data-id=\"7750763\" data-element_type=\"column\" data-e-type=\"column\">\n\t\t\t<div class=\"elementor-widget-wrap elementor-element-populated\">\n\t\t\t\t\t\t<section class=\"elementor-section elementor-inner-section elementor-element elementor-element-dc214af elementor-section-boxed elementor-section-height-default elementor-section-height-default wpr-particle-no wpr-jarallax-no wpr-parallax-no wpr-sticky-section-no\" data-id=\"dc214af\" data-element_type=\"section\" data-e-type=\"section\">\n\t\t\t\t\t\t<div class=\"elementor-container elementor-column-gap-default\">\n\t\t\t\t\t<div class=\"elementor-column elementor-col-100 elementor-inner-column elementor-element elementor-element-679e453a\" data-id=\"679e453a\" data-element_type=\"column\" data-e-type=\"column\">\n\t\t\t<div class=\"elementor-widget-wrap elementor-element-populated\">\n\t\t\t\t\t\t<div class=\"elementor-element elementor-element-328140fc elementor-share-buttons--view-icon elementor-share-buttons--shape-circle elementor-share-buttons--skin-gradient elementor-grid-0 elementor-share-buttons--color-official elementor-widget elementor-widget-share-buttons\" data-id=\"328140fc\" data-element_type=\"widget\" data-e-type=\"widget\" data-widget_type=\"share-buttons.default\">\n\t\t\t\t<div class=\"elementor-widget-container\">\n\t\t\t\t\t\t\t<div class=\"elementor-grid\" role=\"list\">\n\t\t\t\t\t\t\t\t<div class=\"elementor-grid-item\" role=\"listitem\">\n\t\t\t\t\t\t<div class=\"elementor-share-btn elementor-share-btn_facebook\" role=\"button\" tabindex=\"0\" aria-label=\"Share on facebook\">\n\t\t\t\t\t\t\t\t\t\t\t\t\t\t\t<span class=\"elementor-share-btn__icon\">\n\t\t\t\t\t\t\t\t<i class=\"fab fa-facebook\" aria-hidden=\"true\"><\/i>\t\t\t\t\t\t\t<\/span>\n\t\t\t\t\t\t\t\t\t\t\t\t\t\t\t\t\t\t\t\t<\/div>\n\t\t\t\t\t<\/div>\n\t\t\t\t\t\t\t\t\t<div class=\"elementor-grid-item\" role=\"listitem\">\n\t\t\t\t\t\t<div class=\"elementor-share-btn elementor-share-btn_twitter\" role=\"button\" tabindex=\"0\" aria-label=\"Share on twitter\">\n\t\t\t\t\t\t\t\t\t\t\t\t\t\t\t<span class=\"elementor-share-btn__icon\">\n\t\t\t\t\t\t\t\t<i class=\"fab fa-twitter\" aria-hidden=\"true\"><\/i>\t\t\t\t\t\t\t<\/span>\n\t\t\t\t\t\t\t\t\t\t\t\t\t\t\t\t\t\t\t\t<\/div>\n\t\t\t\t\t<\/div>\n\t\t\t\t\t\t\t\t\t<div class=\"elementor-grid-item\" role=\"listitem\">\n\t\t\t\t\t\t<div class=\"elementor-share-btn elementor-share-btn_linkedin\" role=\"button\" tabindex=\"0\" aria-label=\"Share on linkedin\">\n\t\t\t\t\t\t\t\t\t\t\t\t\t\t\t<span class=\"elementor-share-btn__icon\">\n\t\t\t\t\t\t\t\t<i class=\"fab fa-linkedin\" aria-hidden=\"true\"><\/i>\t\t\t\t\t\t\t<\/span>\n\t\t\t\t\t\t\t\t\t\t\t\t\t\t\t\t\t\t\t\t<\/div>\n\t\t\t\t\t<\/div>\n\t\t\t\t\t\t<\/div>\n\t\t\t\t\t\t<\/div>\n\t\t\t\t<\/div>\n\t\t\t\t<div class=\"elementor-element elementor-element-6a0aff9b elementor-widget elementor-widget-text-editor\" data-id=\"6a0aff9b\" data-element_type=\"widget\" data-e-type=\"widget\" data-widget_type=\"text-editor.default\">\n\t\t\t\t<div class=\"elementor-widget-container\">\n\t\t\t\t\t\t\t\t\t<p><strong>El evento, que tendr\u00e1 lugar en los Pastos de Ciencia de nuestra Universidad, contar\u00e1 con una variedad de actividades dise\u00f1adas para potenciar el esp\u00edritu emprendedor e innovador con charlas, paneles y premiaciones, adem\u00e1s de actividades recreativas como estaciones de serigraf\u00eda, Caf\u00e9 Circular, La Jucleta, junto a la activaci\u00f3n de <em>Red Bull<\/em> y la participaci\u00f3n especial de la artista urbana KUINA para celebrar los 10 a\u00f1os de Despega USACH.<\/strong><\/p>\t\t\t\t\t\t\t\t<\/div>\n\t\t\t\t<\/div>\n\t\t\t\t<div class=\"elementor-element elementor-element-5c3adca9 elementor-widget elementor-widget-text-editor\" data-id=\"5c3adca9\" data-element_type=\"widget\" data-e-type=\"widget\" data-widget_type=\"text-editor.default\">\n\t\t\t\t<div class=\"elementor-widget-container\">\n\t\t\t\t\t\t\t\t\t<p>El pr\u00f3ximo 3 de octubre, desde las 9:30 horas, se realizar\u00e1 <strong>\u201cInspira Usach 2024\u201d<\/strong>,\u00a0 encuentro organizado por la Direcci\u00f3n de Innovaci\u00f3n y Emprendimiento (<a href=\"http:\/\/dinem.usach.cl\" target=\"_blank\" rel=\"noopener\">Dinem<\/a>), que busca <strong>conectar a la comunidad universitaria con las oportunidades para emprender e innovar<\/strong> de diversos programas e iniciativas como <em>Sinapsis, Despega Usach, Exponencial y Futuro,<\/em> entre otros.<\/p><p>El evento, que tendr\u00e1 lugar en los Pastos de Ciencia de nuestra Universidad, contar\u00e1 con una variedad de actividades dise\u00f1adas para potenciar el esp\u00edritu emprendedor e innovador de la comunidad. La jornada comenzar\u00e1 con el <strong>Demo Day del Programa Sinapsis<\/strong>, en las que los diversos proyectos finalistas del <strong>Desaf\u00edo Usach Sostenible<\/strong> presentar\u00e1n sus iniciativas para hacer del campus un espacio m\u00e1s sostenible, ante un jurado que definir\u00e1 las propuestas ganadoras.<\/p><p>Adem\u00e1s se realizar\u00e1n charlas y paneles de conversaci\u00f3n con destacados emprendedores de nuestra Universidad y ganadores de ediciones anteriores de <strong>Despega Usach<\/strong>, quienes compartir\u00e1n sus experiencias en el desarrollo de proyectos exitosos y brindar\u00e1n consejos claves para un emprendimiento s\u00f3lido y sostenible.<\/p><p>Asimismo la comunidad universitaria tambi\u00e9n podr\u00e1 conocer m\u00e1s sobre <a href=\"http:\/\/despegausach.cl\" target=\"_blank\" rel=\"noopener\">Despega Usach<\/a>, programa orientado a apoyar proyectos innovadores de estudiantes de pregrado y postgrado, con informaci\u00f3n detallada sobre c\u00f3mo postular y beneficiarse de sus oportunidades de financiamiento y acompa\u00f1amiento, adem\u00e1s de sorteos y premios.<\/p><p>La jornada tambi\u00e9n incluir\u00e1 un espacio dedicado al programa Futuro Usach, una iniciativa que busca reflexionar sobre c\u00f3mo construir un Chile m\u00e1s innovador y sostenible para 2050. A trav\u00e9s de conversatorios y paneles de discusi\u00f3n, se abordar\u00e1n temas como el impacto de la tecnolog\u00eda en la sociedad y los desaf\u00edos presentes en esta tem\u00e1tica. Adem\u00e1s, se realizar\u00e1 un foro abierto para que la comunidad pueda debatir y proponer ideas sobre los retos y oportunidades que enfrenta el pa\u00eds en su camino hacia un futuro m\u00e1s inclusivo y tecnol\u00f3gico.<\/p><p>Para completar la experiencia, Inspira Usach 2024 ofrecer\u00e1 actividades recreativas como estaciones de serigraf\u00eda, <strong>Caf\u00e9 Circular<\/strong>, <strong>La Jucleta<\/strong>, junto a la activaci\u00f3n de <em>Red Bull<\/em> y la participaci\u00f3n especial de <strong>KUINA<\/strong>, artista emergente del g\u00e9nero urbano, quien adem\u00e1s ha sido recientemente confirmada en <a href=\"https:\/\/lollapaloozacl.com\/\" target=\"_blank\" rel=\"noopener\">Lollapalooza 2025<\/a>.<\/p>\t\t\t\t\t\t\t\t<\/div>\n\t\t\t\t<\/div>\n\t\t\t\t\t<\/div>\n\t\t<\/div>\n\t\t\t\t\t<\/div>\n\t\t<\/section>\n\t\t\t\t\t<\/div>\n\t\t<\/div>\n\t\t\t\t\t<\/div>\n\t\t<\/section>\n\t\t<div class=\"elementor-element elementor-element-7831af3 e-flex e-con-boxed wpr-particle-no wpr-jarallax-no wpr-parallax-no wpr-sticky-section-no e-con e-parent\" data-id=\"7831af3\" data-element_type=\"container\" data-e-type=\"container\">\n\t\t\t\t\t<div class=\"e-con-inner\">\n\t\t\t\t<div class=\"elementor-element elementor-element-5791998 elementor-widget elementor-widget-image\" data-id=\"5791998\" data-element_type=\"widget\" data-e-type=\"widget\" data-widget_type=\"image.default\">\n\t\t\t\t<div class=\"elementor-widget-container\">\n\t\t\t\t\t\t\t\t\t\t\t\t\t\t\t<img fetchpriority=\"high\" decoding=\"async\" width=\"1024\" height=\"1024\" src=\"https:\/\/vriic.usach.cl\/wp-content\/uploads\/2024\/09\/INSPIRA_12.09-2-1024x1024.png\" class=\"attachment-large size-large wp-image-18725\" alt=\"\" srcset=\"https:\/\/vriic.usach.cl\/wp-content\/uploads\/2024\/09\/INSPIRA_12.09-2-1024x1024.png 1024w, https:\/\/vriic.usach.cl\/wp-content\/uploads\/2024\/09\/INSPIRA_12.09-2-300x300.png 300w, https:\/\/vriic.usach.cl\/wp-content\/uploads\/2024\/09\/INSPIRA_12.09-2-150x150.png 150w, https:\/\/vriic.usach.cl\/wp-content\/uploads\/2024\/09\/INSPIRA_12.09-2-768x768.png 768w, https:\/\/vriic.usach.cl\/wp-content\/uploads\/2024\/09\/INSPIRA_12.09-2-1536x1536.png 1536w, https:\/\/vriic.usach.cl\/wp-content\/uploads\/2024\/09\/INSPIRA_12.09-2-2048x2048.png 2048w, https:\/\/vriic.usach.cl\/wp-content\/uploads\/2024\/09\/INSPIRA_12.09-2-45x45.png 45w\" sizes=\"(max-width: 1024px) 100vw, 1024px\" \/>\t\t\t\t\t\t\t\t\t\t\t\t\t\t\t<\/div>\n\t\t\t\t<\/div>\n\t\t\t\t\t<\/div>\n\t\t\t\t<\/div>\n\t\t\t\t<\/div>\n\t\t","protected":false},"excerpt":{"rendered":"<p>El evento, que tendr\u00e1 lugar en los Pastos de Ciencia de nuestra Universidad, contar\u00e1 con una variedad de actividades dise\u00f1adas para potenciar el esp\u00edritu emprendedor e innovador con charlas, paneles [&hellip;]<\/p>\n","protected":false},"author":1,"featured_media":18723,"comment_status":"closed","ping_status":"closed","sticky":false,"template":"","format":"standard","meta":{"inline_featured_image":false,"_monsterinsights_skip_tracking":false,"_monsterinsights_sitenote_active":false,"_monsterinsights_sitenote_note":"","_monsterinsights_sitenote_category":0,"site-sidebar-layout":"default","site-content-layout":"","ast-site-content-layout":"default","site-content-style":"default","site-sidebar-style":"default","ast-global-header-display":"","ast-banner-title-visibility":"","ast-main-header-display":"","ast-hfb-above-header-display":"","ast-hfb-below-header-display":"","ast-hfb-mobile-header-display":"","site-post-title":"","ast-breadcrumbs-content":"","ast-featured-img":"","footer-sml-layout":"","theme-transparent-header-meta":"","adv-header-id-meta":"","stick-header-meta":"","header-above-stick-meta":"","header-main-stick-meta":"","header-below-stick-meta":"","astra-migrate-meta-layouts":"set","ast-page-background-enabled":"default","ast-page-background-meta":{"desktop":{"background-color":"","background-image":"","background-repeat":"repeat","background-position":"center center","background-size":"auto","background-attachment":"scroll","background-type":"","background-media":"","overlay-type":"","overlay-color":"","overlay-gradient":""},"tablet":{"background-color":"","background-image":"","background-repeat":"repeat","background-position":"center center","background-size":"auto","background-attachment":"scroll","background-type":"","background-media":"","overlay-type":"","overlay-color":"","overlay-gradient":""},"mobile":{"background-color":"","background-image":"","background-repeat":"repeat","background-position":"center center","background-size":"auto","background-attachment":"scroll","background-type":"","background-media":"","overlay-type":"","overlay-color":"","overlay-gradient":""}},"ast-content-background-meta":{"desktop":{"background-color":"var(--ast-global-color-5)","background-image":"","background-repeat":"repeat","background-position":"center center","background-size":"auto","background-attachment":"scroll","background-type":"","background-media":"","overlay-type":"","overlay-color":"","overlay-gradient":""},"tablet":{"background-color":"var(--ast-global-color-5)","background-image":"","background-repeat":"repeat","background-position":"center center","background-size":"auto","background-attachment":"scroll","background-type":"","background-media":"","overlay-type":"","overlay-color":"","overlay-gradient":""},"mobile":{"background-color":"var(--ast-global-color-5)","background-image":"","background-repeat":"repeat","background-position":"center center","background-size":"auto","background-attachment":"scroll","background-type":"","background-media":"","overlay-type":"","overlay-color":"","overlay-gradient":""}},"footnotes":""},"categories":[10],"tags":[],"class_list":["post-18717","post","type-post","status-publish","format-standard","has-post-thumbnail","hentry","category-innovacion"],"yoast_head":"<!-- This site is optimized with the Yoast SEO plugin v22.3 - https:\/\/yoast.com\/wordpress\/plugins\/seo\/ -->\n<title>Encuentro \u201cInspira Usach 2024\u201d conectar\u00e1 a la comunidad universitaria con oportunidades de innovaci\u00f3n y el emprendimiento y diversas expresiones - VRIIC<\/title>\n<meta name=\"description\" content=\"El evento contar\u00e1 con una variedad de actividades dise\u00f1adas para potenciar el esp\u00edritu emprendedor e innovador.\" \/>\n<meta name=\"robots\" content=\"index, follow, max-snippet:-1, max-image-preview:large, max-video-preview:-1\" \/>\n<link rel=\"canonical\" href=\"https:\/\/vriic.usach.cl\/index.php\/encuentro-inspira-usach-2024-conectara-a-la-comunidad-universitaria-con-oportunidades-de-innovacion-y-el-emprendimiento-y-diversas-expresiones\/\" \/>\n<meta property=\"og:locale\" content=\"es_ES\" \/>\n<meta property=\"og:type\" content=\"article\" \/>\n<meta property=\"og:title\" content=\"Encuentro \u201cInspira Usach 2024\u201d conectar\u00e1 a la comunidad universitaria con oportunidades de innovaci\u00f3n y el emprendimiento y diversas expresiones - VRIIC\" \/>\n<meta property=\"og:description\" content=\"El evento contar\u00e1 con una variedad de actividades dise\u00f1adas para potenciar el esp\u00edritu emprendedor e innovador.\" \/>\n<meta property=\"og:url\" content=\"https:\/\/vriic.usach.cl\/index.php\/encuentro-inspira-usach-2024-conectara-a-la-comunidad-universitaria-con-oportunidades-de-innovacion-y-el-emprendimiento-y-diversas-expresiones\/\" \/>\n<meta property=\"og:site_name\" content=\"VRIIC\" \/>\n<meta property=\"article:published_time\" content=\"2024-09-26T16:11:11+00:00\" \/>\n<meta property=\"article:modified_time\" content=\"2024-09-26T19:14:04+00:00\" \/>\n<meta property=\"og:image\" content=\"http:\/\/vriic.usach.cl\/wp-content\/uploads\/2024\/09\/edificio-de-investigacion.png\" \/>\n\t<meta property=\"og:image:width\" content=\"1100\" \/>\n\t<meta property=\"og:image:height\" content=\"360\" \/>\n\t<meta property=\"og:image:type\" content=\"image\/png\" \/>\n<meta name=\"author\" content=\"Comunicaciones VRIIC\" \/>\n<meta name=\"twitter:card\" content=\"summary_large_image\" \/>\n<meta name=\"twitter:label1\" content=\"Written by\" \/>\n\t<meta name=\"twitter:data1\" content=\"Comunicaciones VRIIC\" \/>\n\t<meta name=\"twitter:label2\" content=\"Est. reading time\" \/>\n\t<meta name=\"twitter:data2\" content=\"3 minutos\" \/>\n<script type=\"application\/ld+json\" class=\"yoast-schema-graph\">{\"@context\":\"https:\/\/schema.org\",\"@graph\":[{\"@type\":\"Article\",\"@id\":\"https:\/\/vriic.usach.cl\/index.php\/encuentro-inspira-usach-2024-conectara-a-la-comunidad-universitaria-con-oportunidades-de-innovacion-y-el-emprendimiento-y-diversas-expresiones\/#article\",\"isPartOf\":{\"@id\":\"https:\/\/vriic.usach.cl\/index.php\/encuentro-inspira-usach-2024-conectara-a-la-comunidad-universitaria-con-oportunidades-de-innovacion-y-el-emprendimiento-y-diversas-expresiones\/\"},\"author\":{\"name\":\"Comunicaciones VRIIC\",\"@id\":\"https:\/\/vriic.usach.cl\/#\/schema\/person\/7445abf7c84e3726508476493e702b11\"},\"headline\":\"Encuentro \u201cInspira Usach 2024\u201d conectar\u00e1 a la comunidad universitaria con oportunidades de innovaci\u00f3n y el emprendimiento y diversas expresiones\",\"datePublished\":\"2024-09-26T16:11:11+00:00\",\"dateModified\":\"2024-09-26T19:14:04+00:00\",\"mainEntityOfPage\":{\"@id\":\"https:\/\/vriic.usach.cl\/index.php\/encuentro-inspira-usach-2024-conectara-a-la-comunidad-universitaria-con-oportunidades-de-innovacion-y-el-emprendimiento-y-diversas-expresiones\/\"},\"wordCount\":465,\"publisher\":{\"@id\":\"https:\/\/vriic.usach.cl\/#organization\"},\"image\":{\"@id\":\"https:\/\/vriic.usach.cl\/index.php\/encuentro-inspira-usach-2024-conectara-a-la-comunidad-universitaria-con-oportunidades-de-innovacion-y-el-emprendimiento-y-diversas-expresiones\/#primaryimage\"},\"thumbnailUrl\":\"https:\/\/vriic.usach.cl\/wp-content\/uploads\/2024\/09\/edificio-de-investigacion.png\",\"articleSection\":[\"Innovaci\u00f3n\"],\"inLanguage\":\"es-CL\"},{\"@type\":\"WebPage\",\"@id\":\"https:\/\/vriic.usach.cl\/index.php\/encuentro-inspira-usach-2024-conectara-a-la-comunidad-universitaria-con-oportunidades-de-innovacion-y-el-emprendimiento-y-diversas-expresiones\/\",\"url\":\"https:\/\/vriic.usach.cl\/index.php\/encuentro-inspira-usach-2024-conectara-a-la-comunidad-universitaria-con-oportunidades-de-innovacion-y-el-emprendimiento-y-diversas-expresiones\/\",\"name\":\"Encuentro \u201cInspira Usach 2024\u201d conectar\u00e1 a la comunidad universitaria con oportunidades de innovaci\u00f3n y el emprendimiento y diversas expresiones - VRIIC\",\"isPartOf\":{\"@id\":\"https:\/\/vriic.usach.cl\/#website\"},\"primaryImageOfPage\":{\"@id\":\"https:\/\/vriic.usach.cl\/index.php\/encuentro-inspira-usach-2024-conectara-a-la-comunidad-universitaria-con-oportunidades-de-innovacion-y-el-emprendimiento-y-diversas-expresiones\/#primaryimage\"},\"image\":{\"@id\":\"https:\/\/vriic.usach.cl\/index.php\/encuentro-inspira-usach-2024-conectara-a-la-comunidad-universitaria-con-oportunidades-de-innovacion-y-el-emprendimiento-y-diversas-expresiones\/#primaryimage\"},\"thumbnailUrl\":\"https:\/\/vriic.usach.cl\/wp-content\/uploads\/2024\/09\/edificio-de-investigacion.png\",\"datePublished\":\"2024-09-26T16:11:11+00:00\",\"dateModified\":\"2024-09-26T19:14:04+00:00\",\"description\":\"El evento contar\u00e1 con una variedad de actividades dise\u00f1adas para potenciar el esp\u00edritu emprendedor e innovador.\",\"breadcrumb\":{\"@id\":\"https:\/\/vriic.usach.cl\/index.php\/encuentro-inspira-usach-2024-conectara-a-la-comunidad-universitaria-con-oportunidades-de-innovacion-y-el-emprendimiento-y-diversas-expresiones\/#breadcrumb\"},\"inLanguage\":\"es-CL\",\"potentialAction\":[{\"@type\":\"ReadAction\",\"target\":[\"https:\/\/vriic.usach.cl\/index.php\/encuentro-inspira-usach-2024-conectara-a-la-comunidad-universitaria-con-oportunidades-de-innovacion-y-el-emprendimiento-y-diversas-expresiones\/\"]}]},{\"@type\":\"ImageObject\",\"inLanguage\":\"es-CL\",\"@id\":\"https:\/\/vriic.usach.cl\/index.php\/encuentro-inspira-usach-2024-conectara-a-la-comunidad-universitaria-con-oportunidades-de-innovacion-y-el-emprendimiento-y-diversas-expresiones\/#primaryimage\",\"url\":\"https:\/\/vriic.usach.cl\/wp-content\/uploads\/2024\/09\/edificio-de-investigacion.png\",\"contentUrl\":\"https:\/\/vriic.usach.cl\/wp-content\/uploads\/2024\/09\/edificio-de-investigacion.png\",\"width\":1100,\"height\":360,\"caption\":\"edificio de investigacio\u0301n\"},{\"@type\":\"BreadcrumbList\",\"@id\":\"https:\/\/vriic.usach.cl\/index.php\/encuentro-inspira-usach-2024-conectara-a-la-comunidad-universitaria-con-oportunidades-de-innovacion-y-el-emprendimiento-y-diversas-expresiones\/#breadcrumb\",\"itemListElement\":[{\"@type\":\"ListItem\",\"position\":1,\"name\":\"Portada\",\"item\":\"https:\/\/vriic.usach.cl\/\"},{\"@type\":\"ListItem\",\"position\":2,\"name\":\"Encuentro \u201cInspira Usach 2024\u201d conectar\u00e1 a la comunidad universitaria con oportunidades de innovaci\u00f3n y el emprendimiento y diversas expresiones\"}]},{\"@type\":\"WebSite\",\"@id\":\"https:\/\/vriic.usach.cl\/#website\",\"url\":\"https:\/\/vriic.usach.cl\/\",\"name\":\"VRIIC\",\"description\":\"Vicerrector\u00eda de Investigaci\u00f3n, Innovaci\u00f3n y Creaci\u00f3n\",\"publisher\":{\"@id\":\"https:\/\/vriic.usach.cl\/#organization\"},\"potentialAction\":[{\"@type\":\"SearchAction\",\"target\":{\"@type\":\"EntryPoint\",\"urlTemplate\":\"https:\/\/vriic.usach.cl\/?s={search_term_string}\"},\"query-input\":\"required name=search_term_string\"}],\"inLanguage\":\"es-CL\"},{\"@type\":\"Organization\",\"@id\":\"https:\/\/vriic.usach.cl\/#organization\",\"name\":\"VRIIC\",\"url\":\"https:\/\/vriic.usach.cl\/\",\"logo\":{\"@type\":\"ImageObject\",\"inLanguage\":\"es-CL\",\"@id\":\"https:\/\/vriic.usach.cl\/#\/schema\/logo\/image\/\",\"url\":\"https:\/\/vriic.usach.cl\/wp-content\/uploads\/2024\/05\/cropped-HISTORIA-C-min-1.png\",\"contentUrl\":\"https:\/\/vriic.usach.cl\/wp-content\/uploads\/2024\/05\/cropped-HISTORIA-C-min-1.png\",\"width\":966,\"height\":228,\"caption\":\"VRIIC\"},\"image\":{\"@id\":\"https:\/\/vriic.usach.cl\/#\/schema\/logo\/image\/\"}},{\"@type\":\"Person\",\"@id\":\"https:\/\/vriic.usach.cl\/#\/schema\/person\/7445abf7c84e3726508476493e702b11\",\"name\":\"Comunicaciones VRIIC\",\"image\":{\"@type\":\"ImageObject\",\"inLanguage\":\"es-CL\",\"@id\":\"https:\/\/vriic.usach.cl\/#\/schema\/person\/image\/\",\"url\":\"https:\/\/secure.gravatar.com\/avatar\/a059dbff38f4b6242f148cadb92d0b1baec305d7378c7081c16c798f88d9af47?s=96&d=mm&r=g\",\"contentUrl\":\"https:\/\/secure.gravatar.com\/avatar\/a059dbff38f4b6242f148cadb92d0b1baec305d7378c7081c16c798f88d9af47?s=96&d=mm&r=g\",\"caption\":\"Comunicaciones VRIIC\"},\"sameAs\":[\"http:\/\/158.170.66.230\"],\"url\":\"https:\/\/vriic.usach.cl\/index.php\/author\/adminvridei\/\"}]}<\/script>\n<!-- \/ Yoast SEO plugin. -->","yoast_head_json":{"title":"Encuentro \u201cInspira Usach 2024\u201d conectar\u00e1 a la comunidad universitaria con oportunidades de innovaci\u00f3n y el emprendimiento y diversas expresiones - VRIIC","description":"El evento contar\u00e1 con una variedad de actividades dise\u00f1adas para potenciar el esp\u00edritu emprendedor e innovador.","robots":{"index":"index","follow":"follow","max-snippet":"max-snippet:-1","max-image-preview":"max-image-preview:large","max-video-preview":"max-video-preview:-1"},"canonical":"https:\/\/vriic.usach.cl\/index.php\/encuentro-inspira-usach-2024-conectara-a-la-comunidad-universitaria-con-oportunidades-de-innovacion-y-el-emprendimiento-y-diversas-expresiones\/","og_locale":"es_ES","og_type":"article","og_title":"Encuentro \u201cInspira Usach 2024\u201d conectar\u00e1 a la comunidad universitaria con oportunidades de innovaci\u00f3n y el emprendimiento y diversas expresiones - VRIIC","og_description":"El evento contar\u00e1 con una variedad de actividades dise\u00f1adas para potenciar el esp\u00edritu emprendedor e innovador.","og_url":"https:\/\/vriic.usach.cl\/index.php\/encuentro-inspira-usach-2024-conectara-a-la-comunidad-universitaria-con-oportunidades-de-innovacion-y-el-emprendimiento-y-diversas-expresiones\/","og_site_name":"VRIIC","article_published_time":"2024-09-26T16:11:11+00:00","article_modified_time":"2024-09-26T19:14:04+00:00","og_image":[{"width":1100,"height":360,"url":"http:\/\/vriic.usach.cl\/wp-content\/uploads\/2024\/09\/edificio-de-investigacion.png","type":"image\/png"}],"author":"Comunicaciones VRIIC","twitter_card":"summary_large_image","twitter_misc":{"Written by":"Comunicaciones VRIIC","Est. reading time":"3 minutos"},"schema":{"@context":"https:\/\/schema.org","@graph":[{"@type":"Article","@id":"https:\/\/vriic.usach.cl\/index.php\/encuentro-inspira-usach-2024-conectara-a-la-comunidad-universitaria-con-oportunidades-de-innovacion-y-el-emprendimiento-y-diversas-expresiones\/#article","isPartOf":{"@id":"https:\/\/vriic.usach.cl\/index.php\/encuentro-inspira-usach-2024-conectara-a-la-comunidad-universitaria-con-oportunidades-de-innovacion-y-el-emprendimiento-y-diversas-expresiones\/"},"author":{"name":"Comunicaciones VRIIC","@id":"https:\/\/vriic.usach.cl\/#\/schema\/person\/7445abf7c84e3726508476493e702b11"},"headline":"Encuentro \u201cInspira Usach 2024\u201d conectar\u00e1 a la comunidad universitaria con oportunidades de innovaci\u00f3n y el emprendimiento y diversas expresiones","datePublished":"2024-09-26T16:11:11+00:00","dateModified":"2024-09-26T19:14:04+00:00","mainEntityOfPage":{"@id":"https:\/\/vriic.usach.cl\/index.php\/encuentro-inspira-usach-2024-conectara-a-la-comunidad-universitaria-con-oportunidades-de-innovacion-y-el-emprendimiento-y-diversas-expresiones\/"},"wordCount":465,"publisher":{"@id":"https:\/\/vriic.usach.cl\/#organization"},"image":{"@id":"https:\/\/vriic.usach.cl\/index.php\/encuentro-inspira-usach-2024-conectara-a-la-comunidad-universitaria-con-oportunidades-de-innovacion-y-el-emprendimiento-y-diversas-expresiones\/#primaryimage"},"thumbnailUrl":"https:\/\/vriic.usach.cl\/wp-content\/uploads\/2024\/09\/edificio-de-investigacion.png","articleSection":["Innovaci\u00f3n"],"inLanguage":"es-CL"},{"@type":"WebPage","@id":"https:\/\/vriic.usach.cl\/index.php\/encuentro-inspira-usach-2024-conectara-a-la-comunidad-universitaria-con-oportunidades-de-innovacion-y-el-emprendimiento-y-diversas-expresiones\/","url":"https:\/\/vriic.usach.cl\/index.php\/encuentro-inspira-usach-2024-conectara-a-la-comunidad-universitaria-con-oportunidades-de-innovacion-y-el-emprendimiento-y-diversas-expresiones\/","name":"Encuentro \u201cInspira Usach 2024\u201d conectar\u00e1 a la comunidad universitaria con oportunidades de innovaci\u00f3n y el emprendimiento y diversas expresiones - VRIIC","isPartOf":{"@id":"https:\/\/vriic.usach.cl\/#website"},"primaryImageOfPage":{"@id":"https:\/\/vriic.usach.cl\/index.php\/encuentro-inspira-usach-2024-conectara-a-la-comunidad-universitaria-con-oportunidades-de-innovacion-y-el-emprendimiento-y-diversas-expresiones\/#primaryimage"},"image":{"@id":"https:\/\/vriic.usach.cl\/index.php\/encuentro-inspira-usach-2024-conectara-a-la-comunidad-universitaria-con-oportunidades-de-innovacion-y-el-emprendimiento-y-diversas-expresiones\/#primaryimage"},"thumbnailUrl":"https:\/\/vriic.usach.cl\/wp-content\/uploads\/2024\/09\/edificio-de-investigacion.png","datePublished":"2024-09-26T16:11:11+00:00","dateModified":"2024-09-26T19:14:04+00:00","description":"El evento contar\u00e1 con una variedad de actividades dise\u00f1adas para potenciar el esp\u00edritu emprendedor e innovador.","breadcrumb":{"@id":"https:\/\/vriic.usach.cl\/index.php\/encuentro-inspira-usach-2024-conectara-a-la-comunidad-universitaria-con-oportunidades-de-innovacion-y-el-emprendimiento-y-diversas-expresiones\/#breadcrumb"},"inLanguage":"es-CL","potentialAction":[{"@type":"ReadAction","target":["https:\/\/vriic.usach.cl\/index.php\/encuentro-inspira-usach-2024-conectara-a-la-comunidad-universitaria-con-oportunidades-de-innovacion-y-el-emprendimiento-y-diversas-expresiones\/"]}]},{"@type":"ImageObject","inLanguage":"es-CL","@id":"https:\/\/vriic.usach.cl\/index.php\/encuentro-inspira-usach-2024-conectara-a-la-comunidad-universitaria-con-oportunidades-de-innovacion-y-el-emprendimiento-y-diversas-expresiones\/#primaryimage","url":"https:\/\/vriic.usach.cl\/wp-content\/uploads\/2024\/09\/edificio-de-investigacion.png","contentUrl":"https:\/\/vriic.usach.cl\/wp-content\/uploads\/2024\/09\/edificio-de-investigacion.png","width":1100,"height":360,"caption":"edificio de investigacio\u0301n"},{"@type":"BreadcrumbList","@id":"https:\/\/vriic.usach.cl\/index.php\/encuentro-inspira-usach-2024-conectara-a-la-comunidad-universitaria-con-oportunidades-de-innovacion-y-el-emprendimiento-y-diversas-expresiones\/#breadcrumb","itemListElement":[{"@type":"ListItem","position":1,"name":"Portada","item":"https:\/\/vriic.usach.cl\/"},{"@type":"ListItem","position":2,"name":"Encuentro \u201cInspira Usach 2024\u201d conectar\u00e1 a la comunidad universitaria con oportunidades de innovaci\u00f3n y el emprendimiento y diversas expresiones"}]},{"@type":"WebSite","@id":"https:\/\/vriic.usach.cl\/#website","url":"https:\/\/vriic.usach.cl\/","name":"VRIIC","description":"Vicerrector\u00eda de Investigaci\u00f3n, Innovaci\u00f3n y Creaci\u00f3n","publisher":{"@id":"https:\/\/vriic.usach.cl\/#organization"},"potentialAction":[{"@type":"SearchAction","target":{"@type":"EntryPoint","urlTemplate":"https:\/\/vriic.usach.cl\/?s={search_term_string}"},"query-input":"required name=search_term_string"}],"inLanguage":"es-CL"},{"@type":"Organization","@id":"https:\/\/vriic.usach.cl\/#organization","name":"VRIIC","url":"https:\/\/vriic.usach.cl\/","logo":{"@type":"ImageObject","inLanguage":"es-CL","@id":"https:\/\/vriic.usach.cl\/#\/schema\/logo\/image\/","url":"https:\/\/vriic.usach.cl\/wp-content\/uploads\/2024\/05\/cropped-HISTORIA-C-min-1.png","contentUrl":"https:\/\/vriic.usach.cl\/wp-content\/uploads\/2024\/05\/cropped-HISTORIA-C-min-1.png","width":966,"height":228,"caption":"VRIIC"},"image":{"@id":"https:\/\/vriic.usach.cl\/#\/schema\/logo\/image\/"}},{"@type":"Person","@id":"https:\/\/vriic.usach.cl\/#\/schema\/person\/7445abf7c84e3726508476493e702b11","name":"Comunicaciones VRIIC","image":{"@type":"ImageObject","inLanguage":"es-CL","@id":"https:\/\/vriic.usach.cl\/#\/schema\/person\/image\/","url":"https:\/\/secure.gravatar.com\/avatar\/a059dbff38f4b6242f148cadb92d0b1baec305d7378c7081c16c798f88d9af47?s=96&d=mm&r=g","contentUrl":"https:\/\/secure.gravatar.com\/avatar\/a059dbff38f4b6242f148cadb92d0b1baec305d7378c7081c16c798f88d9af47?s=96&d=mm&r=g","caption":"Comunicaciones VRIIC"},"sameAs":["http:\/\/158.170.66.230"],"url":"https:\/\/vriic.usach.cl\/index.php\/author\/adminvridei\/"}]}},"rttpg_featured_image_url":{"full":["https:\/\/vriic.usach.cl\/wp-content\/uploads\/2024\/09\/edificio-de-investigacion.png",1100,360,false],"landscape":["https:\/\/vriic.usach.cl\/wp-content\/uploads\/2024\/09\/edificio-de-investigacion.png",1100,360,false],"portraits":["https:\/\/vriic.usach.cl\/wp-content\/uploads\/2024\/09\/edificio-de-investigacion.png",1100,360,false],"thumbnail":["https:\/\/vriic.usach.cl\/wp-content\/uploads\/2024\/09\/edificio-de-investigacion-150x150.png",150,150,true],"medium":["https:\/\/vriic.usach.cl\/wp-content\/uploads\/2024\/09\/edificio-de-investigacion-300x98.png",300,98,true],"large":["https:\/\/vriic.usach.cl\/wp-content\/uploads\/2024\/09\/edificio-de-investigacion-1024x335.png",1024,335,true],"1536x1536":["https:\/\/vriic.usach.cl\/wp-content\/uploads\/2024\/09\/edificio-de-investigacion.png",1100,360,false],"2048x2048":["https:\/\/vriic.usach.cl\/wp-content\/uploads\/2024\/09\/edificio-de-investigacion.png",1100,360,false],"rpwe-thumbnail":["https:\/\/vriic.usach.cl\/wp-content\/uploads\/2024\/09\/edificio-de-investigacion-45x45.png",45,45,true]},"rttpg_author":{"display_name":"Comunicaciones VRIIC","author_link":"https:\/\/vriic.usach.cl\/index.php\/author\/adminvridei\/"},"rttpg_comment":0,"rttpg_category":"<a href=\"https:\/\/vriic.usach.cl\/index.php\/category\/innovacion\/\" rel=\"category tag\">Innovaci\u00f3n<\/a>","rttpg_excerpt":"El evento, que tendr\u00e1 lugar en los Pastos de Ciencia de nuestra Universidad, contar\u00e1 con una variedad de actividades dise\u00f1adas para potenciar el esp\u00edritu emprendedor e innovador con charlas, paneles [&hellip;]","_links":{"self":[{"href":"https:\/\/vriic.usach.cl\/index.php\/wp-json\/wp\/v2\/posts\/18717","targetHints":{"allow":["GET"]}}],"collection":[{"href":"https:\/\/vriic.usach.cl\/index.php\/wp-json\/wp\/v2\/posts"}],"about":[{"href":"https:\/\/vriic.usach.cl\/index.php\/wp-json\/wp\/v2\/types\/post"}],"author":[{"embeddable":true,"href":"https:\/\/vriic.usach.cl\/index.php\/wp-json\/wp\/v2\/users\/1"}],"replies":[{"embeddable":true,"href":"https:\/\/vriic.usach.cl\/index.php\/wp-json\/wp\/v2\/comments?post=18717"}],"version-history":[{"count":9,"href":"https:\/\/vriic.usach.cl\/index.php\/wp-json\/wp\/v2\/posts\/18717\/revisions"}],"predecessor-version":[{"id":21227,"href":"https:\/\/vriic.usach.cl\/index.php\/wp-json\/wp\/v2\/posts\/18717\/revisions\/21227"}],"wp:featuredmedia":[{"embeddable":true,"href":"https:\/\/vriic.usach.cl\/index.php\/wp-json\/wp\/v2\/media\/18723"}],"wp:attachment":[{"href":"https:\/\/vriic.usach.cl\/index.php\/wp-json\/wp\/v2\/media?parent=18717"}],"wp:term":[{"taxonomy":"category","embeddable":true,"href":"https:\/\/vriic.usach.cl\/index.php\/wp-json\/wp\/v2\/categories?post=18717"},{"taxonomy":"post_tag","embeddable":true,"href":"https:\/\/vriic.usach.cl\/index.php\/wp-json\/wp\/v2\/tags?post=18717"}],"curies":[{"name":"wp","href":"https:\/\/api.w.org\/{rel}","templated":true}]}}