{"id":18372,"date":"2024-09-23T08:53:31","date_gmt":"2024-09-23T11:53:31","guid":{"rendered":"https:\/\/vriic.usach.cl\/?p=18372"},"modified":"2024-09-23T11:57:11","modified_gmt":"2024-09-23T14:57:11","slug":"usach-potenciara-transferencia-tecnologica-y-emprendimiento-tras-adjudicacion-de-concurso-otl-anid","status":"publish","type":"post","link":"https:\/\/vriic.usach.cl\/index.php\/usach-potenciara-transferencia-tecnologica-y-emprendimiento-tras-adjudicacion-de-concurso-otl-anid\/","title":{"rendered":"Usach potenciar\u00e1 transferencia tecnol\u00f3gica y emprendimiento tras adjudicaci\u00f3n de concurso OTL ANID"},"content":{"rendered":"\t\t<div data-elementor-type=\"wp-post\" data-elementor-id=\"18372\" class=\"elementor elementor-18372\" data-elementor-post-type=\"post\">\n\t\t\t\t\t\t<section class=\"elementor-section elementor-top-section elementor-element elementor-element-7ca438c1 elementor-section-boxed elementor-section-height-default elementor-section-height-default wpr-particle-no wpr-jarallax-no wpr-parallax-no\" data-id=\"7ca438c1\" data-element_type=\"section\" data-e-type=\"section\">\n\t\t\t\t\t\t<div class=\"elementor-container elementor-column-gap-default\">\n\t\t\t\t\t<div class=\"elementor-column elementor-col-100 elementor-top-column elementor-element elementor-element-29ad71a0\" data-id=\"29ad71a0\" data-element_type=\"column\" data-e-type=\"column\">\n\t\t\t<div class=\"elementor-widget-wrap elementor-element-populated\">\n\t\t\t\t\t\t<section class=\"elementor-section elementor-inner-section elementor-element elementor-element-37e8c730 elementor-section-boxed elementor-section-height-default elementor-section-height-default wpr-particle-no wpr-jarallax-no wpr-parallax-no wpr-sticky-section-no\" data-id=\"37e8c730\" data-element_type=\"section\" data-e-type=\"section\">\n\t\t\t\t\t\t<div class=\"elementor-container elementor-column-gap-default\">\n\t\t\t\t\t<div class=\"elementor-column elementor-col-100 elementor-inner-column elementor-element elementor-element-31953448\" data-id=\"31953448\" data-element_type=\"column\" data-e-type=\"column\">\n\t\t\t<div class=\"elementor-widget-wrap elementor-element-populated\">\n\t\t\t\t\t\t<div class=\"elementor-element elementor-element-698633dd elementor-share-buttons--view-icon elementor-share-buttons--shape-circle elementor-share-buttons--skin-gradient elementor-grid-0 elementor-share-buttons--color-official elementor-widget elementor-widget-share-buttons\" data-id=\"698633dd\" data-element_type=\"widget\" data-e-type=\"widget\" data-widget_type=\"share-buttons.default\">\n\t\t\t\t<div class=\"elementor-widget-container\">\n\t\t\t\t\t\t\t<div class=\"elementor-grid\" role=\"list\">\n\t\t\t\t\t\t\t\t<div class=\"elementor-grid-item\" role=\"listitem\">\n\t\t\t\t\t\t<div class=\"elementor-share-btn elementor-share-btn_facebook\" role=\"button\" tabindex=\"0\" aria-label=\"Share on facebook\">\n\t\t\t\t\t\t\t\t\t\t\t\t\t\t\t<span class=\"elementor-share-btn__icon\">\n\t\t\t\t\t\t\t\t<i class=\"fab fa-facebook\" aria-hidden=\"true\"><\/i>\t\t\t\t\t\t\t<\/span>\n\t\t\t\t\t\t\t\t\t\t\t\t\t\t\t\t\t\t\t\t<\/div>\n\t\t\t\t\t<\/div>\n\t\t\t\t\t\t\t\t\t<div class=\"elementor-grid-item\" role=\"listitem\">\n\t\t\t\t\t\t<div class=\"elementor-share-btn elementor-share-btn_twitter\" role=\"button\" tabindex=\"0\" aria-label=\"Share on twitter\">\n\t\t\t\t\t\t\t\t\t\t\t\t\t\t\t<span class=\"elementor-share-btn__icon\">\n\t\t\t\t\t\t\t\t<i class=\"fab fa-twitter\" aria-hidden=\"true\"><\/i>\t\t\t\t\t\t\t<\/span>\n\t\t\t\t\t\t\t\t\t\t\t\t\t\t\t\t\t\t\t\t<\/div>\n\t\t\t\t\t<\/div>\n\t\t\t\t\t\t\t\t\t<div class=\"elementor-grid-item\" role=\"listitem\">\n\t\t\t\t\t\t<div class=\"elementor-share-btn elementor-share-btn_linkedin\" role=\"button\" tabindex=\"0\" aria-label=\"Share on linkedin\">\n\t\t\t\t\t\t\t\t\t\t\t\t\t\t\t<span class=\"elementor-share-btn__icon\">\n\t\t\t\t\t\t\t\t<i class=\"fab fa-linkedin\" aria-hidden=\"true\"><\/i>\t\t\t\t\t\t\t<\/span>\n\t\t\t\t\t\t\t\t\t\t\t\t\t\t\t\t\t\t\t\t<\/div>\n\t\t\t\t\t<\/div>\n\t\t\t\t\t\t<\/div>\n\t\t\t\t\t\t<\/div>\n\t\t\t\t<\/div>\n\t\t\t\t<div class=\"elementor-element elementor-element-53211426 elementor-widget elementor-widget-text-editor\" data-id=\"53211426\" data-element_type=\"widget\" data-e-type=\"widget\" data-widget_type=\"text-editor.default\">\n\t\t\t\t<div class=\"elementor-widget-container\">\n\t\t\t\t\t\t\t\t\t<p><b>El financiamiento busca fortalecer la transferencia y comercializaci\u00f3n de los resultados derivados de I+D aplicada al sector productivo y social, junto con\u00a0 la creaci\u00f3n de nuevos emprendimientos spin-off. La Direcci\u00f3n de Gesti\u00f3n Tecnol\u00f3gica\u00a0 y la Direcci\u00f3n de Innovaci\u00f3n y Emprendimiento, ambas dependientes de la Vicerrector\u00eda de Investigaci\u00f3n, Innovaci\u00f3n y Creaci\u00f3n, ser\u00e1n las responsables de ejecutar la iniciativa.<\/b><\/p>\t\t\t\t\t\t\t\t<\/div>\n\t\t\t\t<\/div>\n\t\t\t\t<div class=\"elementor-element elementor-element-29de7c07 elementor-widget elementor-widget-text-editor\" data-id=\"29de7c07\" data-element_type=\"widget\" data-e-type=\"widget\" data-widget_type=\"text-editor.default\">\n\t\t\t\t<div class=\"elementor-widget-container\">\n\t\t\t\t\t\t\t\t\t<div class=\"field field-name-post-date field-type-ds field-label-hidden\"><div class=\"field-items\"><div class=\"field-item even\"><p><span style=\"font-weight: 400;\">La <\/span><a href=\"https:\/\/www.usach.cl\/\" target=\"_blank\" rel=\"noopener\"><b>Universidad de Santiago de Chile<\/b><\/a><span style=\"font-weight: 400;\"> (Usach) fue una de las ocho instituciones de educaci\u00f3n superior que <\/span><b>se adjudicaron el <\/b><a href=\"https:\/\/anid.cl\/concursos\/consolidacion-de-las-oficinas-de-transferencia-y-licenciamiento-otl-2024\/\" target=\"_blank\" rel=\"noopener\"><b>concurso &#8220;Oficinas de Transferencia y Licenciamiento (OTL) 2024&#8221;<\/b><\/a><span style=\"font-weight: 400;\">, el cual es organizado por la <\/span><a href=\"https:\/\/anid.cl\/\" target=\"_blank\" rel=\"noopener\"><span style=\"font-weight: 400;\">Agencia Nacional de Investigaci\u00f3n y Desarrollo<\/span><\/a><span style=\"font-weight: 400;\"> (ANID).\u00a0<\/span><\/p><p><span style=\"font-weight: 400;\">La convocatoria busca aumentar la cantidad, viabilidad y el potencial de impacto de los resultados de I+D+i+e de las instituciones beneficiarias y de los actores del sistema de CTCi (Pol\u00edtica Nacional de Ciencia, Tecnolog\u00eda, Conocimiento e Innovaci\u00f3n).\u00a0<\/span><\/p><p><span style=\"font-weight: 400;\">En el caso de nuestro Plantel, el <\/span><b>financiamiento ser\u00e1 ejecutado por la\u00a0 <\/b><b>Vicerrector\u00eda de Investigaci\u00f3n, Innovaci\u00f3n y Creaci\u00f3n<\/b><b> (Vriic), a trav\u00e9s de la<\/b><b> Direcci\u00f3n de Gesti\u00f3n Tecnol\u00f3gica<\/b><b> (DGT) y de la <\/b><b>Direcci\u00f3n de Innovaci\u00f3n y Emprendimiento<\/b><b> (Dinem)<\/b><span style=\"font-weight: 400;\">. Ambas act\u00faan como puente entre la academia y el sector productivo, facilitando la transformaci\u00f3n de los resultados de investigaci\u00f3n en productos, servicios o procesos innovadores que mejoran la calidad de vida y la competitividad de las industrias.<\/span><\/p><p><span style=\"font-weight: 400;\">Para el <\/span><b>Vicerrector de Investigaci\u00f3n, Innovaci\u00f3n y Creaci\u00f3n de la Usach, Dr. Alberto Monsalve,<\/b> <i><span style=\"font-weight: 400;\">&#8220;la adjudicaci\u00f3n <\/span><\/i><i><span style=\"font-weight: 400;\">es un reconocimiento al esfuerzo sostenido de nuestra comunidad cient\u00edfica por generar conocimiento con un impacto tangible en la sociedad. Este financiamiento no solo nos permitir\u00e1 consolidar nuestro liderazgo en transferencia tecnol\u00f3gica y emprendimiento, sino tambi\u00e9n impulsar iniciativas que conecten la investigaci\u00f3n con el desarrollo productivo y social del pa\u00eds, fortaleciendo nuestro compromiso con la innovaci\u00f3n de alto impacto&#8221;.<\/span><\/i><\/p><p><span style=\"font-weight: 400;\">Por su parte, <\/span><b>Rodrigo Morgado, Director de Gesti\u00f3n Tecnol\u00f3gica,<\/b><span style=\"font-weight: 400;\"> coment\u00f3 que el resultado \u201c<\/span><i><span style=\"font-weight: 400;\">respalda el trabajo que como DGT hemos venido impulsando para apoyar la labor de la comunidad investigativa y fomentar su vinculaci\u00f3n con empresas e instituciones, tanto nacionales como internacionales, para el desarrollo e innovaci\u00f3n de tecnolog\u00edas con impacto social, econ\u00f3mico y medioambiental, que responden a los desaf\u00edos de la industria y el pa\u00eds\u201d<\/span><\/i><span style=\"font-weight: 400;\">, coment\u00f3\u00a0<\/span><\/p><p><span style=\"font-weight: 400;\">Morgado a\u00f1adi\u00f3 que los recursos obtenidos <\/span><i><span style=\"font-weight: 400;\">\u201cpermitir\u00e1n fortalecer la transferencia tecnol\u00f3gica al sector productivo y la sociedad, adem\u00e1s de potenciar la creaci\u00f3n de nuevos emprendimientos que surjan usando tecnolog\u00edas desarrolladas en nuestro Plantel\u201d.<\/span><\/i><\/p><p><span style=\"font-weight: 400;\">En tanto, <\/span><b>Leonidas Ibarra, Director de la Dinem,<\/b><span style=\"font-weight: 400;\"> enfatiz\u00f3 que \u201c<\/span><i><span style=\"font-weight: 400;\">La Universidad ha alcanzado un nivel de madurez importante en t\u00e9rminos de investigaci\u00f3n aplicada y desarrollo tecnol\u00f3gico, por lo que nuestro desaf\u00edo estar\u00e1 en aportar con un modelo de vinculaci\u00f3n activa con la industria, construyendo los puentes para trabajar con el sector productivo, a trav\u00e9s de un modelo de innovaci\u00f3n abierta que conecte los desaf\u00edos actuales y futuros de las empresas, con las capacidades de I+D y con los emprendimientos apoyados por nuestra instituci\u00f3n\u201d.<\/span><\/i><\/p><p><span style=\"font-weight: 400;\">Tambi\u00e9n dijo que <\/span><i><span style=\"font-weight: 400;\">\u201cpor otra parte, desde la Dinem trabajaremos en consolidar el modelo de emprendimiento institucional, el cual es impulsado por la Incubadora de Negocios de la Universidad de Santiago Innovo Usach\u201d<\/span><\/i><span style=\"font-weight: 400;\">, afirm\u00f3 el director Leonidas Ibarra.<\/span><\/p><p><span style=\"font-weight: 400;\">Las instituciones beneficiadas por esta convocatoria dispondr\u00e1n de hasta 36 meses para ejecutar el financiamiento recibido. Durante ese per\u00edodo, la DGT centrar\u00e1 sus esfuerzos en proporcionar servicios y acompa\u00f1amiento en gesti\u00f3n tecnol\u00f3gica, propiedad intelectual y transferencia de conocimientos, tanto a actores internos como externos de la Universidad. Adem\u00e1s, dise\u00f1ar\u00e1 y ejecutar\u00e1 iniciativas para apoyar la formaci\u00f3n, aceleraci\u00f3n y escalamiento de empresas cient\u00edfico-tecnol\u00f3gicas.<\/span><\/p><p><span style=\"font-weight: 400;\">El plan tambi\u00e9n contempla la transferencia de metodolog\u00edas y herramientas para la gesti\u00f3n de la innovaci\u00f3n y el emprendimiento de base cient\u00edfico-tecnol\u00f3gica (EBCT), as\u00ed como el fortalecimiento de capacidades en estas \u00e1reas.<\/span><\/p><p><span style=\"font-weight: 400;\">M\u00e1s informaci\u00f3n de los<\/span> <span style=\"font-weight: 400;\">resultados<\/span><span style=\"font-weight: 400;\"> del <\/span><span style=\"font-weight: 400;\">concurso &#8220;Oficinas de Transferencia y Licenciamiento (OTL) 2024, en este <\/span><a href=\"https:\/\/s3.amazonaws.com\/documentos.anid.cl\/investigacion-aplicada\/2024\/OTL\/Rex7482-2024-Adjudicacion-OTL_hUWHa0gf2Yz2bhhV1sxnAy5jt6OwWND.pdf\" target=\"_blank\" rel=\"noopener\"><span style=\"font-weight: 400;\">link<\/span><\/a><span style=\"font-weight: 400;\">.<\/span><\/p><p><b>Autora: <\/b><span style=\"font-weight: 400;\">Paola Armijo Le\u00f3n<\/span><\/p><p><b>Fotograf\u00eda:<\/b><span style=\"font-weight: 400;\">\u00a0 Comunicaciones Usach<\/span><\/p><p><b>Tags:<\/b><span style=\"font-weight: 400;\"> Direcci\u00f3n de Innovaci\u00f3n y Emprendimiento<\/span><\/p><p><span style=\"font-weight: 400;\">Direcci\u00f3n de Gesti\u00f3n Tecnol\u00f3gica\u00a0<\/span><\/p><p><span style=\"font-weight: 400;\">Vicerrector\u00eda de Investigaci\u00f3n, Innovaci\u00f3n y Creaci\u00f3n<\/span><\/p><\/div><\/div><\/div>\t\t\t\t\t\t\t\t<\/div>\n\t\t\t\t<\/div>\n\t\t\t\t\t<\/div>\n\t\t<\/div>\n\t\t\t\t\t<\/div>\n\t\t<\/section>\n\t\t\t\t\t<\/div>\n\t\t<\/div>\n\t\t\t\t\t<\/div>\n\t\t<\/section>\n\t\t\t\t<\/div>\n\t\t","protected":false},"excerpt":{"rendered":"<p>El financiamiento busca fortalecer la transferencia y comercializaci\u00f3n de los resultados derivados de I+D aplicada al sector productivo y social, junto con\u00a0 la creaci\u00f3n de nuevos emprendimientos spin-off. La Direcci\u00f3n [&hellip;]<\/p>\n","protected":false},"author":1,"featured_media":18378,"comment_status":"closed","ping_status":"closed","sticky":false,"template":"","format":"standard","meta":{"inline_featured_image":false,"_monsterinsights_skip_tracking":false,"_monsterinsights_sitenote_active":false,"_monsterinsights_sitenote_note":"","_monsterinsights_sitenote_category":0,"site-sidebar-layout":"default","site-content-layout":"","ast-site-content-layout":"default","site-content-style":"default","site-sidebar-style":"default","ast-global-header-display":"","ast-banner-title-visibility":"","ast-main-header-display":"","ast-hfb-above-header-display":"","ast-hfb-below-header-display":"","ast-hfb-mobile-header-display":"","site-post-title":"","ast-breadcrumbs-content":"","ast-featured-img":"","footer-sml-layout":"","theme-transparent-header-meta":"","adv-header-id-meta":"","stick-header-meta":"","header-above-stick-meta":"","header-main-stick-meta":"","header-below-stick-meta":"","astra-migrate-meta-layouts":"set","ast-page-background-enabled":"default","ast-page-background-meta":{"desktop":{"background-color":"","background-image":"","background-repeat":"repeat","background-position":"center center","background-size":"auto","background-attachment":"scroll","background-type":"","background-media":"","overlay-type":"","overlay-color":"","overlay-gradient":""},"tablet":{"background-color":"","background-image":"","background-repeat":"repeat","background-position":"center center","background-size":"auto","background-attachment":"scroll","background-type":"","background-media":"","overlay-type":"","overlay-color":"","overlay-gradient":""},"mobile":{"background-color":"","background-image":"","background-repeat":"repeat","background-position":"center center","background-size":"auto","background-attachment":"scroll","background-type":"","background-media":"","overlay-type":"","overlay-color":"","overlay-gradient":""}},"ast-content-background-meta":{"desktop":{"background-color":"var(--ast-global-color-5)","background-image":"","background-repeat":"repeat","background-position":"center center","background-size":"auto","background-attachment":"scroll","background-type":"","background-media":"","overlay-type":"","overlay-color":"","overlay-gradient":""},"tablet":{"background-color":"var(--ast-global-color-5)","background-image":"","background-repeat":"repeat","background-position":"center center","background-size":"auto","background-attachment":"scroll","background-type":"","background-media":"","overlay-type":"","overlay-color":"","overlay-gradient":""},"mobile":{"background-color":"var(--ast-global-color-5)","background-image":"","background-repeat":"repeat","background-position":"center center","background-size":"auto","background-attachment":"scroll","background-type":"","background-media":"","overlay-type":"","overlay-color":"","overlay-gradient":""}},"footnotes":""},"categories":[9],"tags":[],"class_list":["post-18372","post","type-post","status-publish","format-standard","has-post-thumbnail","hentry","category-desarrollo"],"yoast_head":"<!-- This site is optimized with the Yoast SEO plugin v22.3 - https:\/\/yoast.com\/wordpress\/plugins\/seo\/ -->\n<title>Usach potenciar\u00e1 transferencia tecnol\u00f3gica y emprendimiento tras adjudicaci\u00f3n de concurso OTL ANID - VRIIC<\/title>\n<meta name=\"robots\" content=\"index, follow, max-snippet:-1, max-image-preview:large, max-video-preview:-1\" \/>\n<link rel=\"canonical\" href=\"https:\/\/vriic.usach.cl\/index.php\/usach-potenciara-transferencia-tecnologica-y-emprendimiento-tras-adjudicacion-de-concurso-otl-anid\/\" \/>\n<meta property=\"og:locale\" content=\"es_ES\" \/>\n<meta property=\"og:type\" content=\"article\" \/>\n<meta property=\"og:title\" content=\"Usach potenciar\u00e1 transferencia tecnol\u00f3gica y emprendimiento tras adjudicaci\u00f3n de concurso OTL ANID - VRIIC\" \/>\n<meta property=\"og:description\" content=\"El financiamiento busca fortalecer la transferencia y comercializaci\u00f3n de los resultados derivados de I+D aplicada al sector productivo y social, junto con\u00a0 la creaci\u00f3n de nuevos emprendimientos spin-off. La Direcci\u00f3n [&hellip;]\" \/>\n<meta property=\"og:url\" content=\"https:\/\/vriic.usach.cl\/index.php\/usach-potenciara-transferencia-tecnologica-y-emprendimiento-tras-adjudicacion-de-concurso-otl-anid\/\" \/>\n<meta property=\"og:site_name\" content=\"VRIIC\" \/>\n<meta property=\"article:published_time\" content=\"2024-09-23T11:53:31+00:00\" \/>\n<meta property=\"article:modified_time\" content=\"2024-09-23T14:57:11+00:00\" \/>\n<meta property=\"og:image\" content=\"http:\/\/vriic.usach.cl\/wp-content\/uploads\/2024\/09\/DGT-DINEN.jpg\" \/>\n\t<meta property=\"og:image:width\" content=\"1100\" \/>\n\t<meta property=\"og:image:height\" content=\"360\" \/>\n\t<meta property=\"og:image:type\" content=\"image\/jpeg\" \/>\n<meta name=\"author\" content=\"Comunicaciones VRIIC\" \/>\n<meta name=\"twitter:card\" content=\"summary_large_image\" \/>\n<meta name=\"twitter:label1\" content=\"Written by\" \/>\n\t<meta name=\"twitter:data1\" content=\"Comunicaciones VRIIC\" \/>\n\t<meta name=\"twitter:label2\" content=\"Est. reading time\" \/>\n\t<meta name=\"twitter:data2\" content=\"3 minutos\" \/>\n<script type=\"application\/ld+json\" class=\"yoast-schema-graph\">{\"@context\":\"https:\/\/schema.org\",\"@graph\":[{\"@type\":\"Article\",\"@id\":\"https:\/\/vriic.usach.cl\/index.php\/usach-potenciara-transferencia-tecnologica-y-emprendimiento-tras-adjudicacion-de-concurso-otl-anid\/#article\",\"isPartOf\":{\"@id\":\"https:\/\/vriic.usach.cl\/index.php\/usach-potenciara-transferencia-tecnologica-y-emprendimiento-tras-adjudicacion-de-concurso-otl-anid\/\"},\"author\":{\"name\":\"Comunicaciones VRIIC\",\"@id\":\"https:\/\/vriic.usach.cl\/#\/schema\/person\/7445abf7c84e3726508476493e702b11\"},\"headline\":\"Usach potenciar\u00e1 transferencia tecnol\u00f3gica y emprendimiento tras adjudicaci\u00f3n de concurso OTL ANID\",\"datePublished\":\"2024-09-23T11:53:31+00:00\",\"dateModified\":\"2024-09-23T14:57:11+00:00\",\"mainEntityOfPage\":{\"@id\":\"https:\/\/vriic.usach.cl\/index.php\/usach-potenciara-transferencia-tecnologica-y-emprendimiento-tras-adjudicacion-de-concurso-otl-anid\/\"},\"wordCount\":750,\"publisher\":{\"@id\":\"https:\/\/vriic.usach.cl\/#organization\"},\"image\":{\"@id\":\"https:\/\/vriic.usach.cl\/index.php\/usach-potenciara-transferencia-tecnologica-y-emprendimiento-tras-adjudicacion-de-concurso-otl-anid\/#primaryimage\"},\"thumbnailUrl\":\"https:\/\/vriic.usach.cl\/wp-content\/uploads\/2024\/09\/DGT-DINEN.jpg\",\"articleSection\":[\"Desarrollo\"],\"inLanguage\":\"es-CL\"},{\"@type\":\"WebPage\",\"@id\":\"https:\/\/vriic.usach.cl\/index.php\/usach-potenciara-transferencia-tecnologica-y-emprendimiento-tras-adjudicacion-de-concurso-otl-anid\/\",\"url\":\"https:\/\/vriic.usach.cl\/index.php\/usach-potenciara-transferencia-tecnologica-y-emprendimiento-tras-adjudicacion-de-concurso-otl-anid\/\",\"name\":\"Usach potenciar\u00e1 transferencia tecnol\u00f3gica y emprendimiento tras adjudicaci\u00f3n de concurso OTL ANID - VRIIC\",\"isPartOf\":{\"@id\":\"https:\/\/vriic.usach.cl\/#website\"},\"primaryImageOfPage\":{\"@id\":\"https:\/\/vriic.usach.cl\/index.php\/usach-potenciara-transferencia-tecnologica-y-emprendimiento-tras-adjudicacion-de-concurso-otl-anid\/#primaryimage\"},\"image\":{\"@id\":\"https:\/\/vriic.usach.cl\/index.php\/usach-potenciara-transferencia-tecnologica-y-emprendimiento-tras-adjudicacion-de-concurso-otl-anid\/#primaryimage\"},\"thumbnailUrl\":\"https:\/\/vriic.usach.cl\/wp-content\/uploads\/2024\/09\/DGT-DINEN.jpg\",\"datePublished\":\"2024-09-23T11:53:31+00:00\",\"dateModified\":\"2024-09-23T14:57:11+00:00\",\"breadcrumb\":{\"@id\":\"https:\/\/vriic.usach.cl\/index.php\/usach-potenciara-transferencia-tecnologica-y-emprendimiento-tras-adjudicacion-de-concurso-otl-anid\/#breadcrumb\"},\"inLanguage\":\"es-CL\",\"potentialAction\":[{\"@type\":\"ReadAction\",\"target\":[\"https:\/\/vriic.usach.cl\/index.php\/usach-potenciara-transferencia-tecnologica-y-emprendimiento-tras-adjudicacion-de-concurso-otl-anid\/\"]}]},{\"@type\":\"ImageObject\",\"inLanguage\":\"es-CL\",\"@id\":\"https:\/\/vriic.usach.cl\/index.php\/usach-potenciara-transferencia-tecnologica-y-emprendimiento-tras-adjudicacion-de-concurso-otl-anid\/#primaryimage\",\"url\":\"https:\/\/vriic.usach.cl\/wp-content\/uploads\/2024\/09\/DGT-DINEN.jpg\",\"contentUrl\":\"https:\/\/vriic.usach.cl\/wp-content\/uploads\/2024\/09\/DGT-DINEN.jpg\",\"width\":1100,\"height\":360},{\"@type\":\"BreadcrumbList\",\"@id\":\"https:\/\/vriic.usach.cl\/index.php\/usach-potenciara-transferencia-tecnologica-y-emprendimiento-tras-adjudicacion-de-concurso-otl-anid\/#breadcrumb\",\"itemListElement\":[{\"@type\":\"ListItem\",\"position\":1,\"name\":\"Portada\",\"item\":\"https:\/\/vriic.usach.cl\/\"},{\"@type\":\"ListItem\",\"position\":2,\"name\":\"Usach potenciar\u00e1 transferencia tecnol\u00f3gica y emprendimiento tras adjudicaci\u00f3n de concurso OTL ANID\"}]},{\"@type\":\"WebSite\",\"@id\":\"https:\/\/vriic.usach.cl\/#website\",\"url\":\"https:\/\/vriic.usach.cl\/\",\"name\":\"VRIIC\",\"description\":\"Vicerrector\u00eda de Investigaci\u00f3n, Innovaci\u00f3n y Creaci\u00f3n\",\"publisher\":{\"@id\":\"https:\/\/vriic.usach.cl\/#organization\"},\"potentialAction\":[{\"@type\":\"SearchAction\",\"target\":{\"@type\":\"EntryPoint\",\"urlTemplate\":\"https:\/\/vriic.usach.cl\/?s={search_term_string}\"},\"query-input\":\"required name=search_term_string\"}],\"inLanguage\":\"es-CL\"},{\"@type\":\"Organization\",\"@id\":\"https:\/\/vriic.usach.cl\/#organization\",\"name\":\"VRIIC\",\"url\":\"https:\/\/vriic.usach.cl\/\",\"logo\":{\"@type\":\"ImageObject\",\"inLanguage\":\"es-CL\",\"@id\":\"https:\/\/vriic.usach.cl\/#\/schema\/logo\/image\/\",\"url\":\"https:\/\/vriic.usach.cl\/wp-content\/uploads\/2024\/05\/cropped-HISTORIA-C-min-1.png\",\"contentUrl\":\"https:\/\/vriic.usach.cl\/wp-content\/uploads\/2024\/05\/cropped-HISTORIA-C-min-1.png\",\"width\":966,\"height\":228,\"caption\":\"VRIIC\"},\"image\":{\"@id\":\"https:\/\/vriic.usach.cl\/#\/schema\/logo\/image\/\"}},{\"@type\":\"Person\",\"@id\":\"https:\/\/vriic.usach.cl\/#\/schema\/person\/7445abf7c84e3726508476493e702b11\",\"name\":\"Comunicaciones VRIIC\",\"image\":{\"@type\":\"ImageObject\",\"inLanguage\":\"es-CL\",\"@id\":\"https:\/\/vriic.usach.cl\/#\/schema\/person\/image\/\",\"url\":\"https:\/\/secure.gravatar.com\/avatar\/a059dbff38f4b6242f148cadb92d0b1baec305d7378c7081c16c798f88d9af47?s=96&d=mm&r=g\",\"contentUrl\":\"https:\/\/secure.gravatar.com\/avatar\/a059dbff38f4b6242f148cadb92d0b1baec305d7378c7081c16c798f88d9af47?s=96&d=mm&r=g\",\"caption\":\"Comunicaciones VRIIC\"},\"sameAs\":[\"http:\/\/158.170.66.230\"],\"url\":\"https:\/\/vriic.usach.cl\/index.php\/author\/adminvridei\/\"}]}<\/script>\n<!-- \/ Yoast SEO plugin. -->","yoast_head_json":{"title":"Usach potenciar\u00e1 transferencia tecnol\u00f3gica y emprendimiento tras adjudicaci\u00f3n de concurso OTL ANID - VRIIC","robots":{"index":"index","follow":"follow","max-snippet":"max-snippet:-1","max-image-preview":"max-image-preview:large","max-video-preview":"max-video-preview:-1"},"canonical":"https:\/\/vriic.usach.cl\/index.php\/usach-potenciara-transferencia-tecnologica-y-emprendimiento-tras-adjudicacion-de-concurso-otl-anid\/","og_locale":"es_ES","og_type":"article","og_title":"Usach potenciar\u00e1 transferencia tecnol\u00f3gica y emprendimiento tras adjudicaci\u00f3n de concurso OTL ANID - VRIIC","og_description":"El financiamiento busca fortalecer la transferencia y comercializaci\u00f3n de los resultados derivados de I+D aplicada al sector productivo y social, junto con\u00a0 la creaci\u00f3n de nuevos emprendimientos spin-off. La Direcci\u00f3n [&hellip;]","og_url":"https:\/\/vriic.usach.cl\/index.php\/usach-potenciara-transferencia-tecnologica-y-emprendimiento-tras-adjudicacion-de-concurso-otl-anid\/","og_site_name":"VRIIC","article_published_time":"2024-09-23T11:53:31+00:00","article_modified_time":"2024-09-23T14:57:11+00:00","og_image":[{"width":1100,"height":360,"url":"http:\/\/vriic.usach.cl\/wp-content\/uploads\/2024\/09\/DGT-DINEN.jpg","type":"image\/jpeg"}],"author":"Comunicaciones VRIIC","twitter_card":"summary_large_image","twitter_misc":{"Written by":"Comunicaciones VRIIC","Est. reading time":"3 minutos"},"schema":{"@context":"https:\/\/schema.org","@graph":[{"@type":"Article","@id":"https:\/\/vriic.usach.cl\/index.php\/usach-potenciara-transferencia-tecnologica-y-emprendimiento-tras-adjudicacion-de-concurso-otl-anid\/#article","isPartOf":{"@id":"https:\/\/vriic.usach.cl\/index.php\/usach-potenciara-transferencia-tecnologica-y-emprendimiento-tras-adjudicacion-de-concurso-otl-anid\/"},"author":{"name":"Comunicaciones VRIIC","@id":"https:\/\/vriic.usach.cl\/#\/schema\/person\/7445abf7c84e3726508476493e702b11"},"headline":"Usach potenciar\u00e1 transferencia tecnol\u00f3gica y emprendimiento tras adjudicaci\u00f3n de concurso OTL ANID","datePublished":"2024-09-23T11:53:31+00:00","dateModified":"2024-09-23T14:57:11+00:00","mainEntityOfPage":{"@id":"https:\/\/vriic.usach.cl\/index.php\/usach-potenciara-transferencia-tecnologica-y-emprendimiento-tras-adjudicacion-de-concurso-otl-anid\/"},"wordCount":750,"publisher":{"@id":"https:\/\/vriic.usach.cl\/#organization"},"image":{"@id":"https:\/\/vriic.usach.cl\/index.php\/usach-potenciara-transferencia-tecnologica-y-emprendimiento-tras-adjudicacion-de-concurso-otl-anid\/#primaryimage"},"thumbnailUrl":"https:\/\/vriic.usach.cl\/wp-content\/uploads\/2024\/09\/DGT-DINEN.jpg","articleSection":["Desarrollo"],"inLanguage":"es-CL"},{"@type":"WebPage","@id":"https:\/\/vriic.usach.cl\/index.php\/usach-potenciara-transferencia-tecnologica-y-emprendimiento-tras-adjudicacion-de-concurso-otl-anid\/","url":"https:\/\/vriic.usach.cl\/index.php\/usach-potenciara-transferencia-tecnologica-y-emprendimiento-tras-adjudicacion-de-concurso-otl-anid\/","name":"Usach potenciar\u00e1 transferencia tecnol\u00f3gica y emprendimiento tras adjudicaci\u00f3n de concurso OTL ANID - VRIIC","isPartOf":{"@id":"https:\/\/vriic.usach.cl\/#website"},"primaryImageOfPage":{"@id":"https:\/\/vriic.usach.cl\/index.php\/usach-potenciara-transferencia-tecnologica-y-emprendimiento-tras-adjudicacion-de-concurso-otl-anid\/#primaryimage"},"image":{"@id":"https:\/\/vriic.usach.cl\/index.php\/usach-potenciara-transferencia-tecnologica-y-emprendimiento-tras-adjudicacion-de-concurso-otl-anid\/#primaryimage"},"thumbnailUrl":"https:\/\/vriic.usach.cl\/wp-content\/uploads\/2024\/09\/DGT-DINEN.jpg","datePublished":"2024-09-23T11:53:31+00:00","dateModified":"2024-09-23T14:57:11+00:00","breadcrumb":{"@id":"https:\/\/vriic.usach.cl\/index.php\/usach-potenciara-transferencia-tecnologica-y-emprendimiento-tras-adjudicacion-de-concurso-otl-anid\/#breadcrumb"},"inLanguage":"es-CL","potentialAction":[{"@type":"ReadAction","target":["https:\/\/vriic.usach.cl\/index.php\/usach-potenciara-transferencia-tecnologica-y-emprendimiento-tras-adjudicacion-de-concurso-otl-anid\/"]}]},{"@type":"ImageObject","inLanguage":"es-CL","@id":"https:\/\/vriic.usach.cl\/index.php\/usach-potenciara-transferencia-tecnologica-y-emprendimiento-tras-adjudicacion-de-concurso-otl-anid\/#primaryimage","url":"https:\/\/vriic.usach.cl\/wp-content\/uploads\/2024\/09\/DGT-DINEN.jpg","contentUrl":"https:\/\/vriic.usach.cl\/wp-content\/uploads\/2024\/09\/DGT-DINEN.jpg","width":1100,"height":360},{"@type":"BreadcrumbList","@id":"https:\/\/vriic.usach.cl\/index.php\/usach-potenciara-transferencia-tecnologica-y-emprendimiento-tras-adjudicacion-de-concurso-otl-anid\/#breadcrumb","itemListElement":[{"@type":"ListItem","position":1,"name":"Portada","item":"https:\/\/vriic.usach.cl\/"},{"@type":"ListItem","position":2,"name":"Usach potenciar\u00e1 transferencia tecnol\u00f3gica y emprendimiento tras adjudicaci\u00f3n de concurso OTL ANID"}]},{"@type":"WebSite","@id":"https:\/\/vriic.usach.cl\/#website","url":"https:\/\/vriic.usach.cl\/","name":"VRIIC","description":"Vicerrector\u00eda de Investigaci\u00f3n, Innovaci\u00f3n y Creaci\u00f3n","publisher":{"@id":"https:\/\/vriic.usach.cl\/#organization"},"potentialAction":[{"@type":"SearchAction","target":{"@type":"EntryPoint","urlTemplate":"https:\/\/vriic.usach.cl\/?s={search_term_string}"},"query-input":"required name=search_term_string"}],"inLanguage":"es-CL"},{"@type":"Organization","@id":"https:\/\/vriic.usach.cl\/#organization","name":"VRIIC","url":"https:\/\/vriic.usach.cl\/","logo":{"@type":"ImageObject","inLanguage":"es-CL","@id":"https:\/\/vriic.usach.cl\/#\/schema\/logo\/image\/","url":"https:\/\/vriic.usach.cl\/wp-content\/uploads\/2024\/05\/cropped-HISTORIA-C-min-1.png","contentUrl":"https:\/\/vriic.usach.cl\/wp-content\/uploads\/2024\/05\/cropped-HISTORIA-C-min-1.png","width":966,"height":228,"caption":"VRIIC"},"image":{"@id":"https:\/\/vriic.usach.cl\/#\/schema\/logo\/image\/"}},{"@type":"Person","@id":"https:\/\/vriic.usach.cl\/#\/schema\/person\/7445abf7c84e3726508476493e702b11","name":"Comunicaciones VRIIC","image":{"@type":"ImageObject","inLanguage":"es-CL","@id":"https:\/\/vriic.usach.cl\/#\/schema\/person\/image\/","url":"https:\/\/secure.gravatar.com\/avatar\/a059dbff38f4b6242f148cadb92d0b1baec305d7378c7081c16c798f88d9af47?s=96&d=mm&r=g","contentUrl":"https:\/\/secure.gravatar.com\/avatar\/a059dbff38f4b6242f148cadb92d0b1baec305d7378c7081c16c798f88d9af47?s=96&d=mm&r=g","caption":"Comunicaciones VRIIC"},"sameAs":["http:\/\/158.170.66.230"],"url":"https:\/\/vriic.usach.cl\/index.php\/author\/adminvridei\/"}]}},"rttpg_featured_image_url":{"full":["https:\/\/vriic.usach.cl\/wp-content\/uploads\/2024\/09\/DGT-DINEN.jpg",1100,360,false],"landscape":["https:\/\/vriic.usach.cl\/wp-content\/uploads\/2024\/09\/DGT-DINEN.jpg",1100,360,false],"portraits":["https:\/\/vriic.usach.cl\/wp-content\/uploads\/2024\/09\/DGT-DINEN.jpg",1100,360,false],"thumbnail":["https:\/\/vriic.usach.cl\/wp-content\/uploads\/2024\/09\/DGT-DINEN-150x150.jpg",150,150,true],"medium":["https:\/\/vriic.usach.cl\/wp-content\/uploads\/2024\/09\/DGT-DINEN-300x98.jpg",300,98,true],"large":["https:\/\/vriic.usach.cl\/wp-content\/uploads\/2024\/09\/DGT-DINEN-1024x335.jpg",1024,335,true],"1536x1536":["https:\/\/vriic.usach.cl\/wp-content\/uploads\/2024\/09\/DGT-DINEN.jpg",1100,360,false],"2048x2048":["https:\/\/vriic.usach.cl\/wp-content\/uploads\/2024\/09\/DGT-DINEN.jpg",1100,360,false],"rpwe-thumbnail":["https:\/\/vriic.usach.cl\/wp-content\/uploads\/2024\/09\/DGT-DINEN-45x45.jpg",45,45,true]},"rttpg_author":{"display_name":"Comunicaciones VRIIC","author_link":"https:\/\/vriic.usach.cl\/index.php\/author\/adminvridei\/"},"rttpg_comment":0,"rttpg_category":"<a href=\"https:\/\/vriic.usach.cl\/index.php\/category\/desarrollo\/\" rel=\"category tag\">Desarrollo<\/a>","rttpg_excerpt":"El financiamiento busca fortalecer la transferencia y comercializaci\u00f3n de los resultados derivados de I+D aplicada al sector productivo y social, junto con\u00a0 la creaci\u00f3n de nuevos emprendimientos spin-off. La Direcci\u00f3n [&hellip;]","_links":{"self":[{"href":"https:\/\/vriic.usach.cl\/index.php\/wp-json\/wp\/v2\/posts\/18372","targetHints":{"allow":["GET"]}}],"collection":[{"href":"https:\/\/vriic.usach.cl\/index.php\/wp-json\/wp\/v2\/posts"}],"about":[{"href":"https:\/\/vriic.usach.cl\/index.php\/wp-json\/wp\/v2\/types\/post"}],"author":[{"embeddable":true,"href":"https:\/\/vriic.usach.cl\/index.php\/wp-json\/wp\/v2\/users\/1"}],"replies":[{"embeddable":true,"href":"https:\/\/vriic.usach.cl\/index.php\/wp-json\/wp\/v2\/comments?post=18372"}],"version-history":[{"count":12,"href":"https:\/\/vriic.usach.cl\/index.php\/wp-json\/wp\/v2\/posts\/18372\/revisions"}],"predecessor-version":[{"id":21232,"href":"https:\/\/vriic.usach.cl\/index.php\/wp-json\/wp\/v2\/posts\/18372\/revisions\/21232"}],"wp:featuredmedia":[{"embeddable":true,"href":"https:\/\/vriic.usach.cl\/index.php\/wp-json\/wp\/v2\/media\/18378"}],"wp:attachment":[{"href":"https:\/\/vriic.usach.cl\/index.php\/wp-json\/wp\/v2\/media?parent=18372"}],"wp:term":[{"taxonomy":"category","embeddable":true,"href":"https:\/\/vriic.usach.cl\/index.php\/wp-json\/wp\/v2\/categories?post=18372"},{"taxonomy":"post_tag","embeddable":true,"href":"https:\/\/vriic.usach.cl\/index.php\/wp-json\/wp\/v2\/tags?post=18372"}],"curies":[{"name":"wp","href":"https:\/\/api.w.org\/{rel}","templated":true}]}}