{"id":17159,"date":"2024-07-10T12:21:41","date_gmt":"2024-07-10T15:21:41","guid":{"rendered":"https:\/\/vriic.usach.cl\/?p=17159"},"modified":"2024-07-10T12:56:24","modified_gmt":"2024-07-10T15:56:24","slug":"innovacion-y-desafios-de-la-ia-usach-participo-en-encuentro-de-la-red-de-gestores-tecnologicos-de-chile","status":"publish","type":"post","link":"https:\/\/vriic.usach.cl\/index.php\/innovacion-y-desafios-de-la-ia-usach-participo-en-encuentro-de-la-red-de-gestores-tecnologicos-de-chile\/","title":{"rendered":"Innovaci\u00f3n y desaf\u00edos de la IA: Usach particip\u00f3 en encuentro de la Red de Gestores Tecnol\u00f3gicos de Chile"},"content":{"rendered":"\t\t<div data-elementor-type=\"wp-post\" data-elementor-id=\"17159\" class=\"elementor elementor-17159\" data-elementor-post-type=\"post\">\n\t\t\t\t\t\t<section class=\"elementor-section elementor-top-section elementor-element elementor-element-742b597d elementor-section-boxed elementor-section-height-default elementor-section-height-default wpr-particle-no wpr-jarallax-no wpr-parallax-no\" data-id=\"742b597d\" data-element_type=\"section\" data-e-type=\"section\">\n\t\t\t\t\t\t<div class=\"elementor-container elementor-column-gap-default\">\n\t\t\t\t\t<div class=\"elementor-column elementor-col-100 elementor-top-column elementor-element elementor-element-29afe29b\" data-id=\"29afe29b\" data-element_type=\"column\" data-e-type=\"column\">\n\t\t\t<div class=\"elementor-widget-wrap elementor-element-populated\">\n\t\t\t\t\t\t<section class=\"elementor-section elementor-inner-section elementor-element elementor-element-1e6db8c elementor-section-boxed elementor-section-height-default elementor-section-height-default wpr-particle-no wpr-jarallax-no wpr-parallax-no wpr-sticky-section-no\" data-id=\"1e6db8c\" data-element_type=\"section\" data-e-type=\"section\">\n\t\t\t\t\t\t<div class=\"elementor-container elementor-column-gap-default\">\n\t\t\t\t\t<div class=\"elementor-column elementor-col-100 elementor-inner-column elementor-element elementor-element-3bea1387\" data-id=\"3bea1387\" data-element_type=\"column\" data-e-type=\"column\">\n\t\t\t<div class=\"elementor-widget-wrap elementor-element-populated\">\n\t\t\t\t\t\t<div class=\"elementor-element elementor-element-4c318ca elementor-share-buttons--view-icon elementor-share-buttons--shape-circle elementor-share-buttons--skin-gradient elementor-grid-0 elementor-share-buttons--color-official elementor-widget elementor-widget-share-buttons\" data-id=\"4c318ca\" data-element_type=\"widget\" data-e-type=\"widget\" data-widget_type=\"share-buttons.default\">\n\t\t\t\t<div class=\"elementor-widget-container\">\n\t\t\t\t\t\t\t<div class=\"elementor-grid\" role=\"list\">\n\t\t\t\t\t\t\t\t<div class=\"elementor-grid-item\" role=\"listitem\">\n\t\t\t\t\t\t<div class=\"elementor-share-btn elementor-share-btn_facebook\" role=\"button\" tabindex=\"0\" aria-label=\"Share on facebook\">\n\t\t\t\t\t\t\t\t\t\t\t\t\t\t\t<span class=\"elementor-share-btn__icon\">\n\t\t\t\t\t\t\t\t<i class=\"fab fa-facebook\" aria-hidden=\"true\"><\/i>\t\t\t\t\t\t\t<\/span>\n\t\t\t\t\t\t\t\t\t\t\t\t\t\t\t\t\t\t\t\t<\/div>\n\t\t\t\t\t<\/div>\n\t\t\t\t\t\t\t\t\t<div class=\"elementor-grid-item\" role=\"listitem\">\n\t\t\t\t\t\t<div class=\"elementor-share-btn elementor-share-btn_twitter\" role=\"button\" tabindex=\"0\" aria-label=\"Share on twitter\">\n\t\t\t\t\t\t\t\t\t\t\t\t\t\t\t<span class=\"elementor-share-btn__icon\">\n\t\t\t\t\t\t\t\t<i class=\"fab fa-twitter\" aria-hidden=\"true\"><\/i>\t\t\t\t\t\t\t<\/span>\n\t\t\t\t\t\t\t\t\t\t\t\t\t\t\t\t\t\t\t\t<\/div>\n\t\t\t\t\t<\/div>\n\t\t\t\t\t\t\t\t\t<div class=\"elementor-grid-item\" role=\"listitem\">\n\t\t\t\t\t\t<div class=\"elementor-share-btn elementor-share-btn_linkedin\" role=\"button\" tabindex=\"0\" aria-label=\"Share on linkedin\">\n\t\t\t\t\t\t\t\t\t\t\t\t\t\t\t<span class=\"elementor-share-btn__icon\">\n\t\t\t\t\t\t\t\t<i class=\"fab fa-linkedin\" aria-hidden=\"true\"><\/i>\t\t\t\t\t\t\t<\/span>\n\t\t\t\t\t\t\t\t\t\t\t\t\t\t\t\t\t\t\t\t<\/div>\n\t\t\t\t\t<\/div>\n\t\t\t\t\t\t<\/div>\n\t\t\t\t\t\t<\/div>\n\t\t\t\t<\/div>\n\t\t\t\t<div class=\"elementor-element elementor-element-10caa3c4 elementor-widget elementor-widget-text-editor\" data-id=\"10caa3c4\" data-element_type=\"widget\" data-e-type=\"widget\" data-widget_type=\"text-editor.default\">\n\t\t\t\t<div class=\"elementor-widget-container\">\n\t\t\t\t\t\t\t\t\t<p><strong>El evento cont\u00f3 con la presencia de gestoras y gestores de nuestra universidad, quienes compartieron experiencias internacionales, casos de \u00e9xito de empresas tecnol\u00f3gicas y discusiones en torno a c\u00f3mo desarrollar innovaciones y emprendimientos basados en inteligencia artificial.\u00a0<\/strong><\/p>\t\t\t\t\t\t\t\t<\/div>\n\t\t\t\t<\/div>\n\t\t\t\t<div class=\"elementor-element elementor-element-711d6608 elementor-widget elementor-widget-text-editor\" data-id=\"711d6608\" data-element_type=\"widget\" data-e-type=\"widget\" data-widget_type=\"text-editor.default\">\n\t\t\t\t<div class=\"elementor-widget-container\">\n\t\t\t\t\t\t\t\t\t<p><span style=\"font-weight: 400;\">Equipos innovaci\u00f3n de la Vicerrector\u00eda de Investigaci\u00f3n, Innovaci\u00f3n y Creaci\u00f3n (<a href=\"http:\/\/vriic.usach.cl\" target=\"_blank\" rel=\"noopener\">Vriic<\/a>) de la Universidad de Santiago de Chile fueron parte del<\/span><b> XXIII Encuentro de la Red de Gestores Tecnol\u00f3gicos de Chile<\/b><span style=\"font-weight: 400;\">, &#8220;Tech Horizon Valpara\u00edso&#8221;, en la <strong>Universidad T\u00e9cnica Federico Santa Mar\u00eda el pasado 4 y 5 de julio<\/strong>.<\/span><\/p><p><span style=\"font-weight: 400;\">El evento tuvo como eje central la <strong>&#8220;Innovaci\u00f3n y Emprendimiento Basado en Inteligencia Artificial: Perspectivas, Casos de \u00c9xito y Desaf\u00edos&#8221;<\/strong> y cont\u00f3 con la presencia de gestoras y gestores de la <\/span><a href=\"https:\/\/dinem.usach.cl\/\" target=\"_blank\" rel=\"noopener\"><span style=\"font-weight: 400;\">Direcci\u00f3n de Innovaci\u00f3n y Emprendimiento<\/span><\/a><span style=\"font-weight: 400;\"> (Dinem), <\/span><a href=\"https:\/\/innovo.usach.cl\/\" target=\"_blank\" rel=\"noopener\"><span style=\"font-weight: 400;\">Innovo, Incubadora de Negocios Usach<\/span><\/a><span style=\"font-weight: 400;\">, <\/span><a href=\"https:\/\/vriic.usach.cl\/index.php\/red-ibid\/\" target=\"_blank\" rel=\"noopener\"><span style=\"font-weight: 400;\">Red IBID<\/span><\/a><span style=\"font-weight: 400;\">, <\/span><a href=\"https:\/\/fciencia.usach.cl\/\" target=\"_blank\" rel=\"noopener\"><span style=\"font-weight: 400;\">Facultad de Ciencias<\/span><\/a><span style=\"font-weight: 400;\"> y <\/span><a href=\"https:\/\/www.scienceup.cl\/\" target=\"_blank\" rel=\"noopener\"><span style=\"font-weight: 400;\">Consorcio Science Up<\/span><\/a><span style=\"font-weight: 400;\"> de la Universidad de Santiago de Chile.\u00a0<\/span><\/p><p><span style=\"font-weight: 400;\">La actividad tuvo como relator internacional a <\/span><b>Patricio Guti\u00e9rrez Mella<\/b><span style=\"font-weight: 400;\">, experto de la plataforma de innovaci\u00f3n y aceleraci\u00f3n Cycle Momentum en Montreal, Canad\u00e1, quien ofreci\u00f3 una charla sobre los desaf\u00edos y oportunidades para el ecosistema emprendedor en inteligencia artificial. Adem\u00e1s, Sebasti\u00e1n Gonz\u00e1lez de Wayra Movistar present\u00f3 sobre innovaci\u00f3n abierta para desarrollar soluciones basadas en IA, Daniela Manzano Mol de Wise CX comparti\u00f3 experiencias sobre la segunda revoluci\u00f3n cu\u00e1ntica, Paulina Assmann de Sequre Quantum discuti\u00f3 el \u00e9xito de su empresa dedicada a las tecnolog\u00edas cu\u00e1nticas para encriptaci\u00f3n y cifrado de mensajes y Catherine Mu\u00f1oz Guti\u00e9rrez de Id\u00f3nea Consultores explic\u00f3 aspectos regulatorios en torno a la IA.<\/span><\/p><p><span style=\"font-weight: 400;\">El evento tambi\u00e9n cont\u00f3 con un panel de discusi\u00f3n sobre la implementaci\u00f3n de tecnolog\u00edas basadas en IA, donde participaron los relatores del evento junto al acad\u00e9mico Nicol\u00e1s Rojas-Morales, experto en inteligencia artificial y ciencia de datos de la Universidad T\u00e9cnica Federico Santa Mar\u00eda.<\/span><\/p><p><b>Leonidas Ibarra V\u00e1squez<\/b><span style=\"font-weight: 400;\">, Director de Innovaci\u00f3n y Emprendimiento de la Usach destac\u00f3 la participaci\u00f3n de gestoras y gestores de nuestra universidad, reafirmando el compromiso de avanzar en innovaci\u00f3n y el emprendimiento basados en <\/span><span style=\"font-weight: 400;\">ciencia, tecnolog\u00eda y conocimiento.<\/span><span style=\"font-weight: 400;\">\u00a0<\/span><\/p><p><span style=\"font-weight: 400;\">\u201c<\/span><i><span style=\"font-weight: 400;\">La presencia de los equipos de la Vriic , en este nuevo encuentro de la Red GT, permiti\u00f3 reafirmar nuestro compromiso con la innovaci\u00f3n y el emprendimiento basados en <\/span><\/i><i><span style=\"font-weight: 400;\">ciencia, tecnolog\u00eda y conocimiento<\/span><\/i><i><span style=\"font-weight: 400;\">, y estamos decididos a seguir avanzando en esta direcci\u00f3n, contribuyendo al desarrollo de soluciones innovadoras y sostenibles para el pa\u00eds<\/span><\/i><span style=\"font-weight: 400;\">\u201d, sostuvo.\u00a0<\/span><\/p><p><span style=\"font-weight: 400;\">Por su parte, la coordinadora del proyecto InES I+D, <\/span><b>Samanta Elgueta Garc\u00eda<\/b><span style=\"font-weight: 400;\">, destac\u00f3 la participaci\u00f3n de la Usach subrayado el valor de la colaboraci\u00f3n interdisciplinaria y la transferencia de conocimientos tecnol\u00f3gicos.\u00a0<\/span><\/p><p><span style=\"font-weight: 400;\">\u201c<\/span><i><span style=\"font-weight: 400;\">Tanto las charlas magistrales, como el panel de discusi\u00f3n sobre la implementaci\u00f3n de tecnolog\u00edas basadas en IA, han sido puntos destacados del encuentro que ha reforzado el valor de la colaboraci\u00f3n interdisciplinaria. En ese sentido, destacamos la importancia de la vinculaci\u00f3n de los gestores y gestoras con el ecosistema de I+D, fortaleciendo nuestras capacidades para enfrentar los desaf\u00edos y aprovechar las oportunidades que la inteligencia artificial y que otras tecnolog\u00edas emergentes nos presentan, esto en estrecha colaboraci\u00f3n con los socios y aliados a la red de gestores<\/span><\/i><span style=\"font-weight: 400;\">\u201d, detall\u00f3.\u00a0<\/span><\/p><p><span style=\"font-weight: 400;\">Durante el encuentro, tambi\u00e9n se llev\u00f3 a cabo la elecci\u00f3n de la nueva directiva de la Red GT. La directiva qued\u00f3 conformada por B\u00e1rbara Torres Vallejos, Directora de Innovaci\u00f3n y Transferencia Tecnol\u00f3gica de la Universidad Cat\u00f3lica del Norte (UCN); \u00c1lvaro Ossa Daruich, Director de Transferencia de la Universidad Cat\u00f3lica (UC); Maribel Mu\u00f1oz Kittsteiner, Coordinadora de la Oficina de Transferencia Tecnol\u00f3gica y Licenciamiento de la Universidad T\u00e9cnica Federico Santa Mar\u00eda (USM); y Aldonza Jaques, Directora de Desarrollo y Transferencia Tecnol\u00f3gica de la Universidad T\u00e9cnica Federico Santa Mar\u00eda (USM). <img fetchpriority=\"high\" decoding=\"async\" class=\"aligncenter size-large wp-image-17163\" src=\"http:\/\/vriic.usach.cl\/wp-content\/uploads\/2024\/07\/WhatsApp-Image-2024-07-04-at-11.58.36-1024x768.jpeg\" alt=\"\" width=\"1024\" height=\"768\" srcset=\"https:\/\/vriic.usach.cl\/wp-content\/uploads\/2024\/07\/WhatsApp-Image-2024-07-04-at-11.58.36-1024x768.jpeg 1024w, https:\/\/vriic.usach.cl\/wp-content\/uploads\/2024\/07\/WhatsApp-Image-2024-07-04-at-11.58.36-300x225.jpeg 300w, https:\/\/vriic.usach.cl\/wp-content\/uploads\/2024\/07\/WhatsApp-Image-2024-07-04-at-11.58.36-768x576.jpeg 768w, https:\/\/vriic.usach.cl\/wp-content\/uploads\/2024\/07\/WhatsApp-Image-2024-07-04-at-11.58.36-1536x1152.jpeg 1536w, https:\/\/vriic.usach.cl\/wp-content\/uploads\/2024\/07\/WhatsApp-Image-2024-07-04-at-11.58.36.jpeg 1600w\" sizes=\"(max-width: 1024px) 100vw, 1024px\" \/><\/span><\/p>\t\t\t\t\t\t\t\t<\/div>\n\t\t\t\t<\/div>\n\t\t\t\t\t<\/div>\n\t\t<\/div>\n\t\t\t\t\t<\/div>\n\t\t<\/section>\n\t\t\t\t\t<\/div>\n\t\t<\/div>\n\t\t\t\t\t<\/div>\n\t\t<\/section>\n\t\t\t\t<\/div>\n\t\t","protected":false},"excerpt":{"rendered":"<p>El evento cont\u00f3 con la presencia de gestoras y gestores de nuestra universidad, quienes compartieron experiencias internacionales, casos de \u00e9xito de empresas tecnol\u00f3gicas y discusiones en torno a c\u00f3mo desarrollar [&hellip;]<\/p>\n","protected":false},"author":1,"featured_media":17160,"comment_status":"closed","ping_status":"closed","sticky":false,"template":"","format":"standard","meta":{"inline_featured_image":false,"_monsterinsights_skip_tracking":false,"_monsterinsights_sitenote_active":false,"_monsterinsights_sitenote_note":"","_monsterinsights_sitenote_category":0,"site-sidebar-layout":"default","site-content-layout":"","ast-site-content-layout":"default","site-content-style":"default","site-sidebar-style":"default","ast-global-header-display":"","ast-banner-title-visibility":"","ast-main-header-display":"","ast-hfb-above-header-display":"","ast-hfb-below-header-display":"","ast-hfb-mobile-header-display":"","site-post-title":"","ast-breadcrumbs-content":"","ast-featured-img":"","footer-sml-layout":"","theme-transparent-header-meta":"","adv-header-id-meta":"","stick-header-meta":"","header-above-stick-meta":"","header-main-stick-meta":"","header-below-stick-meta":"","astra-migrate-meta-layouts":"set","ast-page-background-enabled":"default","ast-page-background-meta":{"desktop":{"background-color":"","background-image":"","background-repeat":"repeat","background-position":"center center","background-size":"auto","background-attachment":"scroll","background-type":"","background-media":"","overlay-type":"","overlay-color":"","overlay-gradient":""},"tablet":{"background-color":"","background-image":"","background-repeat":"repeat","background-position":"center center","background-size":"auto","background-attachment":"scroll","background-type":"","background-media":"","overlay-type":"","overlay-color":"","overlay-gradient":""},"mobile":{"background-color":"","background-image":"","background-repeat":"repeat","background-position":"center center","background-size":"auto","background-attachment":"scroll","background-type":"","background-media":"","overlay-type":"","overlay-color":"","overlay-gradient":""}},"ast-content-background-meta":{"desktop":{"background-color":"var(--ast-global-color-5)","background-image":"","background-repeat":"repeat","background-position":"center center","background-size":"auto","background-attachment":"scroll","background-type":"","background-media":"","overlay-type":"","overlay-color":"","overlay-gradient":""},"tablet":{"background-color":"var(--ast-global-color-5)","background-image":"","background-repeat":"repeat","background-position":"center center","background-size":"auto","background-attachment":"scroll","background-type":"","background-media":"","overlay-type":"","overlay-color":"","overlay-gradient":""},"mobile":{"background-color":"var(--ast-global-color-5)","background-image":"","background-repeat":"repeat","background-position":"center center","background-size":"auto","background-attachment":"scroll","background-type":"","background-media":"","overlay-type":"","overlay-color":"","overlay-gradient":""}},"footnotes":""},"categories":[103],"tags":[],"class_list":["post-17159","post","type-post","status-publish","format-standard","has-post-thumbnail","hentry","category-proyecto-ines-i-d"],"yoast_head":"<!-- This site is optimized with the Yoast SEO plugin v22.3 - https:\/\/yoast.com\/wordpress\/plugins\/seo\/ -->\n<title>Innovaci\u00f3n y desaf\u00edos de la IA: Usach particip\u00f3 en encuentro de la Red de Gestores Tecnol\u00f3gicos de Chile - VRIIC<\/title>\n<meta name=\"robots\" content=\"index, follow, max-snippet:-1, max-image-preview:large, max-video-preview:-1\" \/>\n<link rel=\"canonical\" href=\"https:\/\/vriic.usach.cl\/index.php\/innovacion-y-desafios-de-la-ia-usach-participo-en-encuentro-de-la-red-de-gestores-tecnologicos-de-chile\/\" \/>\n<meta property=\"og:locale\" content=\"es_ES\" \/>\n<meta property=\"og:type\" content=\"article\" \/>\n<meta property=\"og:title\" content=\"Innovaci\u00f3n y desaf\u00edos de la IA: Usach particip\u00f3 en encuentro de la Red de Gestores Tecnol\u00f3gicos de Chile - VRIIC\" \/>\n<meta property=\"og:description\" content=\"El evento cont\u00f3 con la presencia de gestoras y gestores de nuestra universidad, quienes compartieron experiencias internacionales, casos de \u00e9xito de empresas tecnol\u00f3gicas y discusiones en torno a c\u00f3mo desarrollar [&hellip;]\" \/>\n<meta property=\"og:url\" content=\"https:\/\/vriic.usach.cl\/index.php\/innovacion-y-desafios-de-la-ia-usach-participo-en-encuentro-de-la-red-de-gestores-tecnologicos-de-chile\/\" \/>\n<meta property=\"og:site_name\" content=\"VRIIC\" \/>\n<meta property=\"article:published_time\" content=\"2024-07-10T15:21:41+00:00\" \/>\n<meta property=\"article:modified_time\" content=\"2024-07-10T15:56:24+00:00\" \/>\n<meta property=\"og:image\" content=\"http:\/\/vriic.usach.cl\/wp-content\/uploads\/2024\/07\/Sin-titulo.png\" \/>\n\t<meta property=\"og:image:width\" content=\"1100\" \/>\n\t<meta property=\"og:image:height\" content=\"360\" \/>\n\t<meta property=\"og:image:type\" content=\"image\/png\" \/>\n<meta name=\"author\" content=\"Comunicaciones VRIIC\" \/>\n<meta name=\"twitter:card\" content=\"summary_large_image\" \/>\n<meta name=\"twitter:label1\" content=\"Written by\" \/>\n\t<meta name=\"twitter:data1\" content=\"Comunicaciones VRIIC\" \/>\n\t<meta name=\"twitter:label2\" content=\"Est. reading time\" \/>\n\t<meta name=\"twitter:data2\" content=\"3 minutos\" \/>\n<script type=\"application\/ld+json\" class=\"yoast-schema-graph\">{\"@context\":\"https:\/\/schema.org\",\"@graph\":[{\"@type\":\"Article\",\"@id\":\"https:\/\/vriic.usach.cl\/index.php\/innovacion-y-desafios-de-la-ia-usach-participo-en-encuentro-de-la-red-de-gestores-tecnologicos-de-chile\/#article\",\"isPartOf\":{\"@id\":\"https:\/\/vriic.usach.cl\/index.php\/innovacion-y-desafios-de-la-ia-usach-participo-en-encuentro-de-la-red-de-gestores-tecnologicos-de-chile\/\"},\"author\":{\"name\":\"Comunicaciones VRIIC\",\"@id\":\"https:\/\/vriic.usach.cl\/#\/schema\/person\/7445abf7c84e3726508476493e702b11\"},\"headline\":\"Innovaci\u00f3n y desaf\u00edos de la IA: Usach particip\u00f3 en encuentro de la Red de Gestores Tecnol\u00f3gicos de Chile\",\"datePublished\":\"2024-07-10T15:21:41+00:00\",\"dateModified\":\"2024-07-10T15:56:24+00:00\",\"mainEntityOfPage\":{\"@id\":\"https:\/\/vriic.usach.cl\/index.php\/innovacion-y-desafios-de-la-ia-usach-participo-en-encuentro-de-la-red-de-gestores-tecnologicos-de-chile\/\"},\"wordCount\":682,\"publisher\":{\"@id\":\"https:\/\/vriic.usach.cl\/#organization\"},\"image\":{\"@id\":\"https:\/\/vriic.usach.cl\/index.php\/innovacion-y-desafios-de-la-ia-usach-participo-en-encuentro-de-la-red-de-gestores-tecnologicos-de-chile\/#primaryimage\"},\"thumbnailUrl\":\"https:\/\/vriic.usach.cl\/wp-content\/uploads\/2024\/07\/Sin-titulo.png\",\"articleSection\":[\"Proyecto InES I+D\"],\"inLanguage\":\"es-CL\"},{\"@type\":\"WebPage\",\"@id\":\"https:\/\/vriic.usach.cl\/index.php\/innovacion-y-desafios-de-la-ia-usach-participo-en-encuentro-de-la-red-de-gestores-tecnologicos-de-chile\/\",\"url\":\"https:\/\/vriic.usach.cl\/index.php\/innovacion-y-desafios-de-la-ia-usach-participo-en-encuentro-de-la-red-de-gestores-tecnologicos-de-chile\/\",\"name\":\"Innovaci\u00f3n y desaf\u00edos de la IA: Usach particip\u00f3 en encuentro de la Red de Gestores Tecnol\u00f3gicos de Chile - VRIIC\",\"isPartOf\":{\"@id\":\"https:\/\/vriic.usach.cl\/#website\"},\"primaryImageOfPage\":{\"@id\":\"https:\/\/vriic.usach.cl\/index.php\/innovacion-y-desafios-de-la-ia-usach-participo-en-encuentro-de-la-red-de-gestores-tecnologicos-de-chile\/#primaryimage\"},\"image\":{\"@id\":\"https:\/\/vriic.usach.cl\/index.php\/innovacion-y-desafios-de-la-ia-usach-participo-en-encuentro-de-la-red-de-gestores-tecnologicos-de-chile\/#primaryimage\"},\"thumbnailUrl\":\"https:\/\/vriic.usach.cl\/wp-content\/uploads\/2024\/07\/Sin-titulo.png\",\"datePublished\":\"2024-07-10T15:21:41+00:00\",\"dateModified\":\"2024-07-10T15:56:24+00:00\",\"breadcrumb\":{\"@id\":\"https:\/\/vriic.usach.cl\/index.php\/innovacion-y-desafios-de-la-ia-usach-participo-en-encuentro-de-la-red-de-gestores-tecnologicos-de-chile\/#breadcrumb\"},\"inLanguage\":\"es-CL\",\"potentialAction\":[{\"@type\":\"ReadAction\",\"target\":[\"https:\/\/vriic.usach.cl\/index.php\/innovacion-y-desafios-de-la-ia-usach-participo-en-encuentro-de-la-red-de-gestores-tecnologicos-de-chile\/\"]}]},{\"@type\":\"ImageObject\",\"inLanguage\":\"es-CL\",\"@id\":\"https:\/\/vriic.usach.cl\/index.php\/innovacion-y-desafios-de-la-ia-usach-participo-en-encuentro-de-la-red-de-gestores-tecnologicos-de-chile\/#primaryimage\",\"url\":\"https:\/\/vriic.usach.cl\/wp-content\/uploads\/2024\/07\/Sin-titulo.png\",\"contentUrl\":\"https:\/\/vriic.usach.cl\/wp-content\/uploads\/2024\/07\/Sin-titulo.png\",\"width\":1100,\"height\":360,\"caption\":\"RED de Gestores\"},{\"@type\":\"BreadcrumbList\",\"@id\":\"https:\/\/vriic.usach.cl\/index.php\/innovacion-y-desafios-de-la-ia-usach-participo-en-encuentro-de-la-red-de-gestores-tecnologicos-de-chile\/#breadcrumb\",\"itemListElement\":[{\"@type\":\"ListItem\",\"position\":1,\"name\":\"Portada\",\"item\":\"https:\/\/vriic.usach.cl\/\"},{\"@type\":\"ListItem\",\"position\":2,\"name\":\"Innovaci\u00f3n y desaf\u00edos de la IA: Usach particip\u00f3 en encuentro de la Red de Gestores Tecnol\u00f3gicos de Chile\"}]},{\"@type\":\"WebSite\",\"@id\":\"https:\/\/vriic.usach.cl\/#website\",\"url\":\"https:\/\/vriic.usach.cl\/\",\"name\":\"VRIIC\",\"description\":\"Vicerrector\u00eda de Investigaci\u00f3n, Innovaci\u00f3n y Creaci\u00f3n\",\"publisher\":{\"@id\":\"https:\/\/vriic.usach.cl\/#organization\"},\"potentialAction\":[{\"@type\":\"SearchAction\",\"target\":{\"@type\":\"EntryPoint\",\"urlTemplate\":\"https:\/\/vriic.usach.cl\/?s={search_term_string}\"},\"query-input\":\"required name=search_term_string\"}],\"inLanguage\":\"es-CL\"},{\"@type\":\"Organization\",\"@id\":\"https:\/\/vriic.usach.cl\/#organization\",\"name\":\"VRIIC\",\"url\":\"https:\/\/vriic.usach.cl\/\",\"logo\":{\"@type\":\"ImageObject\",\"inLanguage\":\"es-CL\",\"@id\":\"https:\/\/vriic.usach.cl\/#\/schema\/logo\/image\/\",\"url\":\"https:\/\/vriic.usach.cl\/wp-content\/uploads\/2024\/05\/cropped-HISTORIA-C-min-1.png\",\"contentUrl\":\"https:\/\/vriic.usach.cl\/wp-content\/uploads\/2024\/05\/cropped-HISTORIA-C-min-1.png\",\"width\":966,\"height\":228,\"caption\":\"VRIIC\"},\"image\":{\"@id\":\"https:\/\/vriic.usach.cl\/#\/schema\/logo\/image\/\"}},{\"@type\":\"Person\",\"@id\":\"https:\/\/vriic.usach.cl\/#\/schema\/person\/7445abf7c84e3726508476493e702b11\",\"name\":\"Comunicaciones VRIIC\",\"image\":{\"@type\":\"ImageObject\",\"inLanguage\":\"es-CL\",\"@id\":\"https:\/\/vriic.usach.cl\/#\/schema\/person\/image\/\",\"url\":\"https:\/\/secure.gravatar.com\/avatar\/a059dbff38f4b6242f148cadb92d0b1baec305d7378c7081c16c798f88d9af47?s=96&d=mm&r=g\",\"contentUrl\":\"https:\/\/secure.gravatar.com\/avatar\/a059dbff38f4b6242f148cadb92d0b1baec305d7378c7081c16c798f88d9af47?s=96&d=mm&r=g\",\"caption\":\"Comunicaciones VRIIC\"},\"sameAs\":[\"http:\/\/158.170.66.230\"],\"url\":\"https:\/\/vriic.usach.cl\/index.php\/author\/adminvridei\/\"}]}<\/script>\n<!-- \/ Yoast SEO plugin. -->","yoast_head_json":{"title":"Innovaci\u00f3n y desaf\u00edos de la IA: Usach particip\u00f3 en encuentro de la Red de Gestores Tecnol\u00f3gicos de Chile - VRIIC","robots":{"index":"index","follow":"follow","max-snippet":"max-snippet:-1","max-image-preview":"max-image-preview:large","max-video-preview":"max-video-preview:-1"},"canonical":"https:\/\/vriic.usach.cl\/index.php\/innovacion-y-desafios-de-la-ia-usach-participo-en-encuentro-de-la-red-de-gestores-tecnologicos-de-chile\/","og_locale":"es_ES","og_type":"article","og_title":"Innovaci\u00f3n y desaf\u00edos de la IA: Usach particip\u00f3 en encuentro de la Red de Gestores Tecnol\u00f3gicos de Chile - VRIIC","og_description":"El evento cont\u00f3 con la presencia de gestoras y gestores de nuestra universidad, quienes compartieron experiencias internacionales, casos de \u00e9xito de empresas tecnol\u00f3gicas y discusiones en torno a c\u00f3mo desarrollar [&hellip;]","og_url":"https:\/\/vriic.usach.cl\/index.php\/innovacion-y-desafios-de-la-ia-usach-participo-en-encuentro-de-la-red-de-gestores-tecnologicos-de-chile\/","og_site_name":"VRIIC","article_published_time":"2024-07-10T15:21:41+00:00","article_modified_time":"2024-07-10T15:56:24+00:00","og_image":[{"width":1100,"height":360,"url":"http:\/\/vriic.usach.cl\/wp-content\/uploads\/2024\/07\/Sin-titulo.png","type":"image\/png"}],"author":"Comunicaciones VRIIC","twitter_card":"summary_large_image","twitter_misc":{"Written by":"Comunicaciones VRIIC","Est. reading time":"3 minutos"},"schema":{"@context":"https:\/\/schema.org","@graph":[{"@type":"Article","@id":"https:\/\/vriic.usach.cl\/index.php\/innovacion-y-desafios-de-la-ia-usach-participo-en-encuentro-de-la-red-de-gestores-tecnologicos-de-chile\/#article","isPartOf":{"@id":"https:\/\/vriic.usach.cl\/index.php\/innovacion-y-desafios-de-la-ia-usach-participo-en-encuentro-de-la-red-de-gestores-tecnologicos-de-chile\/"},"author":{"name":"Comunicaciones VRIIC","@id":"https:\/\/vriic.usach.cl\/#\/schema\/person\/7445abf7c84e3726508476493e702b11"},"headline":"Innovaci\u00f3n y desaf\u00edos de la IA: Usach particip\u00f3 en encuentro de la Red de Gestores Tecnol\u00f3gicos de Chile","datePublished":"2024-07-10T15:21:41+00:00","dateModified":"2024-07-10T15:56:24+00:00","mainEntityOfPage":{"@id":"https:\/\/vriic.usach.cl\/index.php\/innovacion-y-desafios-de-la-ia-usach-participo-en-encuentro-de-la-red-de-gestores-tecnologicos-de-chile\/"},"wordCount":682,"publisher":{"@id":"https:\/\/vriic.usach.cl\/#organization"},"image":{"@id":"https:\/\/vriic.usach.cl\/index.php\/innovacion-y-desafios-de-la-ia-usach-participo-en-encuentro-de-la-red-de-gestores-tecnologicos-de-chile\/#primaryimage"},"thumbnailUrl":"https:\/\/vriic.usach.cl\/wp-content\/uploads\/2024\/07\/Sin-titulo.png","articleSection":["Proyecto InES I+D"],"inLanguage":"es-CL"},{"@type":"WebPage","@id":"https:\/\/vriic.usach.cl\/index.php\/innovacion-y-desafios-de-la-ia-usach-participo-en-encuentro-de-la-red-de-gestores-tecnologicos-de-chile\/","url":"https:\/\/vriic.usach.cl\/index.php\/innovacion-y-desafios-de-la-ia-usach-participo-en-encuentro-de-la-red-de-gestores-tecnologicos-de-chile\/","name":"Innovaci\u00f3n y desaf\u00edos de la IA: Usach particip\u00f3 en encuentro de la Red de Gestores Tecnol\u00f3gicos de Chile - VRIIC","isPartOf":{"@id":"https:\/\/vriic.usach.cl\/#website"},"primaryImageOfPage":{"@id":"https:\/\/vriic.usach.cl\/index.php\/innovacion-y-desafios-de-la-ia-usach-participo-en-encuentro-de-la-red-de-gestores-tecnologicos-de-chile\/#primaryimage"},"image":{"@id":"https:\/\/vriic.usach.cl\/index.php\/innovacion-y-desafios-de-la-ia-usach-participo-en-encuentro-de-la-red-de-gestores-tecnologicos-de-chile\/#primaryimage"},"thumbnailUrl":"https:\/\/vriic.usach.cl\/wp-content\/uploads\/2024\/07\/Sin-titulo.png","datePublished":"2024-07-10T15:21:41+00:00","dateModified":"2024-07-10T15:56:24+00:00","breadcrumb":{"@id":"https:\/\/vriic.usach.cl\/index.php\/innovacion-y-desafios-de-la-ia-usach-participo-en-encuentro-de-la-red-de-gestores-tecnologicos-de-chile\/#breadcrumb"},"inLanguage":"es-CL","potentialAction":[{"@type":"ReadAction","target":["https:\/\/vriic.usach.cl\/index.php\/innovacion-y-desafios-de-la-ia-usach-participo-en-encuentro-de-la-red-de-gestores-tecnologicos-de-chile\/"]}]},{"@type":"ImageObject","inLanguage":"es-CL","@id":"https:\/\/vriic.usach.cl\/index.php\/innovacion-y-desafios-de-la-ia-usach-participo-en-encuentro-de-la-red-de-gestores-tecnologicos-de-chile\/#primaryimage","url":"https:\/\/vriic.usach.cl\/wp-content\/uploads\/2024\/07\/Sin-titulo.png","contentUrl":"https:\/\/vriic.usach.cl\/wp-content\/uploads\/2024\/07\/Sin-titulo.png","width":1100,"height":360,"caption":"RED de Gestores"},{"@type":"BreadcrumbList","@id":"https:\/\/vriic.usach.cl\/index.php\/innovacion-y-desafios-de-la-ia-usach-participo-en-encuentro-de-la-red-de-gestores-tecnologicos-de-chile\/#breadcrumb","itemListElement":[{"@type":"ListItem","position":1,"name":"Portada","item":"https:\/\/vriic.usach.cl\/"},{"@type":"ListItem","position":2,"name":"Innovaci\u00f3n y desaf\u00edos de la IA: Usach particip\u00f3 en encuentro de la Red de Gestores Tecnol\u00f3gicos de Chile"}]},{"@type":"WebSite","@id":"https:\/\/vriic.usach.cl\/#website","url":"https:\/\/vriic.usach.cl\/","name":"VRIIC","description":"Vicerrector\u00eda de Investigaci\u00f3n, Innovaci\u00f3n y Creaci\u00f3n","publisher":{"@id":"https:\/\/vriic.usach.cl\/#organization"},"potentialAction":[{"@type":"SearchAction","target":{"@type":"EntryPoint","urlTemplate":"https:\/\/vriic.usach.cl\/?s={search_term_string}"},"query-input":"required name=search_term_string"}],"inLanguage":"es-CL"},{"@type":"Organization","@id":"https:\/\/vriic.usach.cl\/#organization","name":"VRIIC","url":"https:\/\/vriic.usach.cl\/","logo":{"@type":"ImageObject","inLanguage":"es-CL","@id":"https:\/\/vriic.usach.cl\/#\/schema\/logo\/image\/","url":"https:\/\/vriic.usach.cl\/wp-content\/uploads\/2024\/05\/cropped-HISTORIA-C-min-1.png","contentUrl":"https:\/\/vriic.usach.cl\/wp-content\/uploads\/2024\/05\/cropped-HISTORIA-C-min-1.png","width":966,"height":228,"caption":"VRIIC"},"image":{"@id":"https:\/\/vriic.usach.cl\/#\/schema\/logo\/image\/"}},{"@type":"Person","@id":"https:\/\/vriic.usach.cl\/#\/schema\/person\/7445abf7c84e3726508476493e702b11","name":"Comunicaciones VRIIC","image":{"@type":"ImageObject","inLanguage":"es-CL","@id":"https:\/\/vriic.usach.cl\/#\/schema\/person\/image\/","url":"https:\/\/secure.gravatar.com\/avatar\/a059dbff38f4b6242f148cadb92d0b1baec305d7378c7081c16c798f88d9af47?s=96&d=mm&r=g","contentUrl":"https:\/\/secure.gravatar.com\/avatar\/a059dbff38f4b6242f148cadb92d0b1baec305d7378c7081c16c798f88d9af47?s=96&d=mm&r=g","caption":"Comunicaciones VRIIC"},"sameAs":["http:\/\/158.170.66.230"],"url":"https:\/\/vriic.usach.cl\/index.php\/author\/adminvridei\/"}]}},"rttpg_featured_image_url":{"full":["https:\/\/vriic.usach.cl\/wp-content\/uploads\/2024\/07\/Sin-titulo.png",1100,360,false],"landscape":["https:\/\/vriic.usach.cl\/wp-content\/uploads\/2024\/07\/Sin-titulo.png",1100,360,false],"portraits":["https:\/\/vriic.usach.cl\/wp-content\/uploads\/2024\/07\/Sin-titulo.png",1100,360,false],"thumbnail":["https:\/\/vriic.usach.cl\/wp-content\/uploads\/2024\/07\/Sin-titulo-150x150.png",150,150,true],"medium":["https:\/\/vriic.usach.cl\/wp-content\/uploads\/2024\/07\/Sin-titulo-300x98.png",300,98,true],"large":["https:\/\/vriic.usach.cl\/wp-content\/uploads\/2024\/07\/Sin-titulo-1024x335.png",1024,335,true],"1536x1536":["https:\/\/vriic.usach.cl\/wp-content\/uploads\/2024\/07\/Sin-titulo.png",1100,360,false],"2048x2048":["https:\/\/vriic.usach.cl\/wp-content\/uploads\/2024\/07\/Sin-titulo.png",1100,360,false],"rpwe-thumbnail":["https:\/\/vriic.usach.cl\/wp-content\/uploads\/2024\/07\/Sin-titulo-45x45.png",45,45,true]},"rttpg_author":{"display_name":"Comunicaciones VRIIC","author_link":"https:\/\/vriic.usach.cl\/index.php\/author\/adminvridei\/"},"rttpg_comment":0,"rttpg_category":"<a href=\"https:\/\/vriic.usach.cl\/index.php\/category\/proyecto-ines-i-d\/\" rel=\"category tag\">Proyecto InES I+D<\/a>","rttpg_excerpt":"El evento cont\u00f3 con la presencia de gestoras y gestores de nuestra universidad, quienes compartieron experiencias internacionales, casos de \u00e9xito de empresas tecnol\u00f3gicas y discusiones en torno a c\u00f3mo desarrollar [&hellip;]","_links":{"self":[{"href":"https:\/\/vriic.usach.cl\/index.php\/wp-json\/wp\/v2\/posts\/17159","targetHints":{"allow":["GET"]}}],"collection":[{"href":"https:\/\/vriic.usach.cl\/index.php\/wp-json\/wp\/v2\/posts"}],"about":[{"href":"https:\/\/vriic.usach.cl\/index.php\/wp-json\/wp\/v2\/types\/post"}],"author":[{"embeddable":true,"href":"https:\/\/vriic.usach.cl\/index.php\/wp-json\/wp\/v2\/users\/1"}],"replies":[{"embeddable":true,"href":"https:\/\/vriic.usach.cl\/index.php\/wp-json\/wp\/v2\/comments?post=17159"}],"version-history":[{"count":9,"href":"https:\/\/vriic.usach.cl\/index.php\/wp-json\/wp\/v2\/posts\/17159\/revisions"}],"predecessor-version":[{"id":21274,"href":"https:\/\/vriic.usach.cl\/index.php\/wp-json\/wp\/v2\/posts\/17159\/revisions\/21274"}],"wp:featuredmedia":[{"embeddable":true,"href":"https:\/\/vriic.usach.cl\/index.php\/wp-json\/wp\/v2\/media\/17160"}],"wp:attachment":[{"href":"https:\/\/vriic.usach.cl\/index.php\/wp-json\/wp\/v2\/media?parent=17159"}],"wp:term":[{"taxonomy":"category","embeddable":true,"href":"https:\/\/vriic.usach.cl\/index.php\/wp-json\/wp\/v2\/categories?post=17159"},{"taxonomy":"post_tag","embeddable":true,"href":"https:\/\/vriic.usach.cl\/index.php\/wp-json\/wp\/v2\/tags?post=17159"}],"curies":[{"name":"wp","href":"https:\/\/api.w.org\/{rel}","templated":true}]}}