{"id":16774,"date":"2024-06-12T12:05:05","date_gmt":"2024-06-12T15:05:05","guid":{"rendered":"https:\/\/vriic.usach.cl\/?p=16774"},"modified":"2024-06-12T12:06:38","modified_gmt":"2024-06-12T15:06:38","slug":"investigacion-usach-busca-construir-entornos-mas-saludables-en-seis-escuelas-de-la-zona-sur-de-santiago","status":"publish","type":"post","link":"https:\/\/vriic.usach.cl\/index.php\/investigacion-usach-busca-construir-entornos-mas-saludables-en-seis-escuelas-de-la-zona-sur-de-santiago\/","title":{"rendered":"Investigaci\u00f3n Usach busca construir entornos m\u00e1s saludables en seis escuelas de la zona sur de Santiago"},"content":{"rendered":"\t\t<div data-elementor-type=\"wp-post\" data-elementor-id=\"16774\" class=\"elementor elementor-16774\" data-elementor-post-type=\"post\">\n\t\t\t\t\t\t<section class=\"elementor-section elementor-top-section elementor-element elementor-element-4b6ffeca elementor-section-boxed elementor-section-height-default elementor-section-height-default wpr-particle-no wpr-jarallax-no wpr-parallax-no\" data-id=\"4b6ffeca\" data-element_type=\"section\" data-e-type=\"section\">\n\t\t\t\t\t\t<div class=\"elementor-container elementor-column-gap-default\">\n\t\t\t\t\t<div class=\"elementor-column elementor-col-100 elementor-top-column elementor-element elementor-element-30a9bde2\" data-id=\"30a9bde2\" data-element_type=\"column\" data-e-type=\"column\">\n\t\t\t<div class=\"elementor-widget-wrap elementor-element-populated\">\n\t\t\t\t\t\t<section class=\"elementor-section elementor-inner-section elementor-element elementor-element-45634121 elementor-section-boxed elementor-section-height-default elementor-section-height-default wpr-particle-no wpr-jarallax-no wpr-parallax-no wpr-sticky-section-no\" data-id=\"45634121\" data-element_type=\"section\" data-e-type=\"section\">\n\t\t\t\t\t\t<div class=\"elementor-container elementor-column-gap-default\">\n\t\t\t\t\t<div class=\"elementor-column elementor-col-100 elementor-inner-column elementor-element elementor-element-20056c74\" data-id=\"20056c74\" data-element_type=\"column\" data-e-type=\"column\">\n\t\t\t<div class=\"elementor-widget-wrap elementor-element-populated\">\n\t\t\t\t\t\t<div class=\"elementor-element elementor-element-776013c6 elementor-share-buttons--view-icon elementor-share-buttons--shape-circle elementor-share-buttons--skin-gradient elementor-grid-0 elementor-share-buttons--color-official elementor-widget elementor-widget-share-buttons\" data-id=\"776013c6\" data-element_type=\"widget\" data-e-type=\"widget\" data-widget_type=\"share-buttons.default\">\n\t\t\t\t<div class=\"elementor-widget-container\">\n\t\t\t\t\t\t\t<div class=\"elementor-grid\" role=\"list\">\n\t\t\t\t\t\t\t\t<div class=\"elementor-grid-item\" role=\"listitem\">\n\t\t\t\t\t\t<div class=\"elementor-share-btn elementor-share-btn_facebook\" role=\"button\" tabindex=\"0\" aria-label=\"Share on facebook\">\n\t\t\t\t\t\t\t\t\t\t\t\t\t\t\t<span class=\"elementor-share-btn__icon\">\n\t\t\t\t\t\t\t\t<i class=\"fab fa-facebook\" aria-hidden=\"true\"><\/i>\t\t\t\t\t\t\t<\/span>\n\t\t\t\t\t\t\t\t\t\t\t\t\t\t\t\t\t\t\t\t<\/div>\n\t\t\t\t\t<\/div>\n\t\t\t\t\t\t\t\t\t<div class=\"elementor-grid-item\" role=\"listitem\">\n\t\t\t\t\t\t<div class=\"elementor-share-btn elementor-share-btn_twitter\" role=\"button\" tabindex=\"0\" aria-label=\"Share on twitter\">\n\t\t\t\t\t\t\t\t\t\t\t\t\t\t\t<span class=\"elementor-share-btn__icon\">\n\t\t\t\t\t\t\t\t<i class=\"fab fa-twitter\" aria-hidden=\"true\"><\/i>\t\t\t\t\t\t\t<\/span>\n\t\t\t\t\t\t\t\t\t\t\t\t\t\t\t\t\t\t\t\t<\/div>\n\t\t\t\t\t<\/div>\n\t\t\t\t\t\t\t\t\t<div class=\"elementor-grid-item\" role=\"listitem\">\n\t\t\t\t\t\t<div class=\"elementor-share-btn elementor-share-btn_linkedin\" role=\"button\" tabindex=\"0\" aria-label=\"Share on linkedin\">\n\t\t\t\t\t\t\t\t\t\t\t\t\t\t\t<span class=\"elementor-share-btn__icon\">\n\t\t\t\t\t\t\t\t<i class=\"fab fa-linkedin\" aria-hidden=\"true\"><\/i>\t\t\t\t\t\t\t<\/span>\n\t\t\t\t\t\t\t\t\t\t\t\t\t\t\t\t\t\t\t\t<\/div>\n\t\t\t\t\t<\/div>\n\t\t\t\t\t\t<\/div>\n\t\t\t\t\t\t<\/div>\n\t\t\t\t<\/div>\n\t\t\t\t<div class=\"elementor-element elementor-element-4cbeff8 elementor-widget elementor-widget-text-editor\" data-id=\"4cbeff8\" data-element_type=\"widget\" data-e-type=\"widget\" data-widget_type=\"text-editor.default\">\n\t\t\t\t<div class=\"elementor-widget-container\">\n\t\t\t\t\t\t\t\t\t<p><b>El objetivo es implementar un sistema integrado de intervenciones en alimentaci\u00f3n y actividad f\u00edsica para fomentar h\u00e1bitos de vida m\u00e1s saludables en escolares de primero a cuarto b\u00e1sico. L<\/b><b>a iniciativa es liderada por el acad\u00e9mico e investigador de la Facultad de Ciencias M\u00e9dicas, Tito Pizarro, y cuenta con la participaci\u00f3n del SLEP Gabriela Mistral y la Junaeb<\/b><b>, siendo apoyada por la Direcci\u00f3n de Gesti\u00f3n Tecnol\u00f3gica de la Vriic.<\/b><\/p>\t\t\t\t\t\t\t\t<\/div>\n\t\t\t\t<\/div>\n\t\t\t\t<div class=\"elementor-element elementor-element-28d480e0 elementor-widget elementor-widget-text-editor\" data-id=\"28d480e0\" data-element_type=\"widget\" data-e-type=\"widget\" data-widget_type=\"text-editor.default\">\n\t\t\t\t<div class=\"elementor-widget-container\">\n\t\t\t\t\t\t\t\t\t<p><span style=\"font-weight: 400;\">En los \u00faltimos a\u00f1os, en las escuelas se han aplicado diversos programas para incentivar un estilo de vida m\u00e1s saludable y activa entre escolares de ense\u00f1anza b\u00e1sica.<\/span><\/p><p><span style=\"font-weight: 400;\">As\u00ed se busca enfrentar problemas como la obesidad infantil, la que en Chile alcanza un 28,8% en escolares de primero b\u00e1sico y un 35% entre quienes cursan quinto, de acuerdo al <\/span><a href=\"https:\/\/www.junaeb.cl\/wp-content\/uploads\/2023\/06\/Mapa-Nutricional-2022.pdf\" target=\"_blank\" rel=\"noopener\"><span style=\"font-weight: 400;\">Mapa Nutricional 2022<\/span><\/a><span style=\"font-weight: 400;\">, elaborado por la Junta Nacional de Auxilio Escolar y Becas (<\/span><a href=\"https:\/\/www.junaeb.cl\/\" target=\"_blank\" rel=\"noopener\"><span style=\"font-weight: 400;\">Junaeb<\/span><\/a><span style=\"font-weight: 400;\">).<\/span><\/p><p><span style=\"font-weight: 400;\">En ese contexto, hoy nuestra Universidad desarrolla el proyecto Fondef <\/span><b>\u201cImplementaci\u00f3n del sistema integrado de intervenciones en alimentaci\u00f3n y actividad f\u00edsica para mejorar los h\u00e1bitos alimentarios y de actividad f\u00edsica de estudiantes de establecimientos educacionales pertenecientes a un Servicio Local de Educaci\u00f3n P\u00fablica<\/b><span style=\"font-weight: 400;\">\u201d, que es liderado por Tito Pizarro Quevedo, m\u00e9dico cirujano y Mag\u00edster en Ciencias M\u00e9dicas con menci\u00f3n en Nutrici\u00f3n, quien es acad\u00e9mico e\u00a0 investigador de la<\/span><span style=\"font-weight: 400;\"> Facultad de Ciencias M\u00e9dicas<\/span><span style=\"font-weight: 400;\">.<\/span><\/p><p><span style=\"font-weight: 400;\">La iniciativa es ejecutada por la <\/span><a href=\"https:\/\/www.usach.cl\/\" target=\"_blank\" rel=\"noopener\"><b>Universidad de Santiago de Chile<\/b><\/a> <span style=\"font-weight: 400;\">junto a la<\/span> <a href=\"https:\/\/www.udd.cl\/\" target=\"_blank\" rel=\"noopener\"><b>Universidad del Desarrollo<\/b><\/a><b>, <\/b><span style=\"font-weight: 400;\">teniendo como<\/span> <span style=\"font-weight: 400;\">entidades asociadas<\/span> <span style=\"font-weight: 400;\">al<\/span><b> Servicio de Educaci\u00f3n Local Gabriela Mistral (<\/b><a href=\"https:\/\/slepgm.cl\/\" target=\"_blank\" rel=\"noopener\"><b>SLEP<\/b><\/a><b>) <\/b><span style=\"font-weight: 400;\">y la<\/span><b> Junaeb, <\/b><span style=\"font-weight: 400;\">y la colaboraci\u00f3n de la <\/span><a href=\"https:\/\/www2.unesp.br\/\" target=\"_blank\" rel=\"noopener\"><b>Universidad Estadual Paulista<\/b><\/a><span style=\"font-weight: 400;\"> de Brasil. Adem\u00e1s, recibe el apoyo de la<\/span> <a href=\"https:\/\/dgt.usach.cl\/\" target=\"_blank\" rel=\"noopener\"><b>Direcci\u00f3n de Gesti\u00f3n Tecnol\u00f3gica <\/b><\/a>de la <a href=\"https:\/\/vriic.usach.cl\/\" target=\"_blank\" rel=\"noopener\"><b>Vicerrector\u00eda de Investigaci\u00f3n, Innovaci\u00f3n y Creaci\u00f3n<\/b><\/a><b>.<\/b><\/p><p><span style=\"font-weight: 400;\">El investigador Tito Pizarro comenta que el objetivo es <\/span><i><span style=\"font-weight: 400;\">\u201c<\/span><\/i><b><i>fomentar h\u00e1bitos de vida m\u00e1s saludables en ni\u00f1os y ni\u00f1as que cursan de primero a cuarto b\u00e1sico, as\u00ed como entre docentes y apoderados. Para ello, es clave modificar los entornos de las escuelas, es decir mejorar sus espacios alimentarios y promover mayor actividad f\u00edsica\u201d<\/i><\/b><i><span style=\"font-weight: 400;\">.<\/span><\/i><\/p><h2><b>SLEP Gabriela Mistral y Junaeb valoran participar\u00a0<\/b><\/h2><p><span style=\"font-weight: 400;\">Cabe destacar que el piloto se desarrolla en seis, de los 34 establecimientos pertenecientes al SLEP Gabriela Mistral. Se trata de las escuelas Julio Montt Salamanca de la comuna de Macul; Su Santidad Juan XXIII y Fray Camilo Henr\u00edquez, ambas en San Joaqu\u00edn; y del Liceo Malaqu\u00edas Concha, La Araucan\u00eda y Poeta \u00d3scar Castro, todos en La Granja.<\/span><\/p><p><b>Gretty Bravo, directora ejecutiva del SLEP Gabriela Mistral,<\/b><span style=\"font-weight: 400;\"> se\u00f1ala que \u201c<\/span><i><span style=\"font-weight: 400;\">estamos muy orgullosos de participar en el proyecto, m\u00e1s a\u00fan cuando en la reciente Cuenta P\u00fablica, el Presidente Gabriel Boric anunci\u00f3 que se adicionar\u00e1 una hora m\u00e1s de actividad f\u00edsica en todos los establecimientos del pa\u00eds\u201d. <\/span><\/i><span style=\"font-weight: 400;\">Agrega que <\/span><i><span style=\"font-weight: 400;\">\u201ccomo sociedad y territorio educativo, asumimos este desaf\u00edo de mejorar los h\u00e1bitos alimentarios de la comunidad estudiantil y proporcionar entornos m\u00e1s saludables a escuelas y liceos\u201d.<\/span><\/i><\/p><p><span style=\"font-weight: 400;\">Por su parte, <\/span><b>Jimena Rodr\u00edguez Vargas, jefa del Subdepartamento Salud Estudiantil de la Junaeb,<\/b><span style=\"font-weight: 400;\"> se\u00f1ala que <\/span><i><span style=\"font-weight: 400;\">\u201ctenemos el prop\u00f3sito y misi\u00f3n de apoyar las trayectorias educativas de las y los estudiantes en todos los ciclos de la educaci\u00f3n. No s\u00f3lo nos preocupamos de la asistencia t\u00e9cnica m\u00e9dica, sino tambi\u00e9n hemos puesto el foco en ser una instituci\u00f3n p\u00fablica que fortalezca el estilo de vida saludable, la actividad f\u00edsica, el movimiento, los espacios de recreaci\u00f3n y la alimentaci\u00f3n sana\u201d.\u00a0<\/span><\/i><\/p><p><span style=\"font-weight: 400;\">A\u00f1ade que en esta alianza con la Usach,<\/span><i><span style=\"font-weight: 400;\"> \u201cqueremos ser parte del desaf\u00edo, al poder aportar desde los enfoques m\u00e1s promocionales asociados a la alimentaci\u00f3n saludable y la actividad f\u00edsica. Adem\u00e1s, nos moviliza que las y los estudiantes accedan en mejores condiciones t\u00e9cnicas y de salud en sus procesos de aprendizajes y puedan completar su trayectoria educacional\u201d .\u00a0\u00a0\u00a0<\/span><\/i><\/p><h2><b>Construcci\u00f3n de entornos m\u00e1s saludables<\/b><\/h2><p><span style=\"font-weight: 400;\">Respecto a las intervenciones que se est\u00e1n ejecutando en las escuelas, se encuentra el promover kioskos y negocios con frutas, verduras y l\u00e1cteos a precios justos y de f\u00e1cil acceso<\/span><i><span style=\"font-weight: 400;\">, \u201cque permita incrementar el consumo de esos productos\u201d<\/span><\/i><span style=\"font-weight: 400;\">, precisa el investigador.<\/span><\/p><p><span style=\"font-weight: 400;\">Asimismo, se busca \u201c<\/span><i><span style=\"font-weight: 400;\">instalar bebederos de agua en las canchas u otros espacios donde se mueven los ni\u00f1os y ni\u00f1as, de manera que se hidraten mejor y eviten el consumo de bebidas azucaradas\u201d, <\/span><\/i><span style=\"font-weight: 400;\">dice. La iniciativa tambi\u00e9n considera incentivar m\u00e1s juegos y pausas activas en las clases y talleres, y poder fortalecer el ramo de educaci\u00f3n f\u00edsica.\u00a0<\/span><\/p><p><span style=\"font-weight: 400;\">Por \u00faltimo, se quiere \u201c<\/span><i><span style=\"font-weight: 400;\">introducir la promoci\u00f3n de h\u00e1bitos saludables en el plan de estudios y\u00a0 hacer part\u00edcipe a la comunidad educativa de los cambios de h\u00e1bitos que se generen\u201d<\/span><\/i><span style=\"font-weight: 400;\">, puntualiza Tito Pizarro.<\/span><\/p><p><span style=\"font-weight: 400;\">Autora: Paola Armijo Le\u00f3n<\/span><\/p><p><span style=\"font-weight: 400;\">Fotograf\u00eda: Canva<\/span><\/p><p><span style=\"font-weight: 400;\">Tags: Investigaci\u00f3n Aplicada<\/span><\/p><p><span style=\"font-weight: 400;\">Direcci\u00f3n de Gesti\u00f3n Tecnol\u00f3gica\u00a0<\/span><\/p><p><span style=\"font-weight: 400;\">Vicerrector\u00eda de Investigaci\u00f3n, Innovaci\u00f3n y Creaci\u00f3n<\/span><\/p>\t\t\t\t\t\t\t\t<\/div>\n\t\t\t\t<\/div>\n\t\t\t\t\t<\/div>\n\t\t<\/div>\n\t\t\t\t\t<\/div>\n\t\t<\/section>\n\t\t\t\t\t<\/div>\n\t\t<\/div>\n\t\t\t\t\t<\/div>\n\t\t<\/section>\n\t\t\t\t<\/div>\n\t\t","protected":false},"excerpt":{"rendered":"<p>El objetivo es implementar un sistema integrado de intervenciones en alimentaci\u00f3n y actividad f\u00edsica para fomentar h\u00e1bitos de vida m\u00e1s saludables en escolares de primero a cuarto b\u00e1sico. La iniciativa [&hellip;]<\/p>\n","protected":false},"author":1,"featured_media":16775,"comment_status":"closed","ping_status":"closed","sticky":false,"template":"","format":"standard","meta":{"inline_featured_image":false,"_monsterinsights_skip_tracking":false,"_monsterinsights_sitenote_active":false,"_monsterinsights_sitenote_note":"","_monsterinsights_sitenote_category":0,"site-sidebar-layout":"default","site-content-layout":"","ast-site-content-layout":"default","site-content-style":"default","site-sidebar-style":"default","ast-global-header-display":"","ast-banner-title-visibility":"","ast-main-header-display":"","ast-hfb-above-header-display":"","ast-hfb-below-header-display":"","ast-hfb-mobile-header-display":"","site-post-title":"","ast-breadcrumbs-content":"","ast-featured-img":"","footer-sml-layout":"","theme-transparent-header-meta":"","adv-header-id-meta":"","stick-header-meta":"","header-above-stick-meta":"","header-main-stick-meta":"","header-below-stick-meta":"","astra-migrate-meta-layouts":"set","ast-page-background-enabled":"default","ast-page-background-meta":{"desktop":{"background-color":"","background-image":"","background-repeat":"repeat","background-position":"center center","background-size":"auto","background-attachment":"scroll","background-type":"","background-media":"","overlay-type":"","overlay-color":"","overlay-gradient":""},"tablet":{"background-color":"","background-image":"","background-repeat":"repeat","background-position":"center center","background-size":"auto","background-attachment":"scroll","background-type":"","background-media":"","overlay-type":"","overlay-color":"","overlay-gradient":""},"mobile":{"background-color":"","background-image":"","background-repeat":"repeat","background-position":"center center","background-size":"auto","background-attachment":"scroll","background-type":"","background-media":"","overlay-type":"","overlay-color":"","overlay-gradient":""}},"ast-content-background-meta":{"desktop":{"background-color":"var(--ast-global-color-5)","background-image":"","background-repeat":"repeat","background-position":"center center","background-size":"auto","background-attachment":"scroll","background-type":"","background-media":"","overlay-type":"","overlay-color":"","overlay-gradient":""},"tablet":{"background-color":"var(--ast-global-color-5)","background-image":"","background-repeat":"repeat","background-position":"center center","background-size":"auto","background-attachment":"scroll","background-type":"","background-media":"","overlay-type":"","overlay-color":"","overlay-gradient":""},"mobile":{"background-color":"var(--ast-global-color-5)","background-image":"","background-repeat":"repeat","background-position":"center center","background-size":"auto","background-attachment":"scroll","background-type":"","background-media":"","overlay-type":"","overlay-color":"","overlay-gradient":""}},"footnotes":""},"categories":[9],"tags":[],"class_list":["post-16774","post","type-post","status-publish","format-standard","has-post-thumbnail","hentry","category-desarrollo"],"yoast_head":"<!-- This site is optimized with the Yoast SEO plugin v22.3 - https:\/\/yoast.com\/wordpress\/plugins\/seo\/ -->\n<title>Investigaci\u00f3n Usach busca construir entornos m\u00e1s saludables en seis escuelas de la zona sur de Santiago - VRIIC<\/title>\n<meta name=\"robots\" content=\"index, follow, max-snippet:-1, max-image-preview:large, max-video-preview:-1\" \/>\n<link rel=\"canonical\" href=\"https:\/\/vriic.usach.cl\/index.php\/investigacion-usach-busca-construir-entornos-mas-saludables-en-seis-escuelas-de-la-zona-sur-de-santiago\/\" \/>\n<meta property=\"og:locale\" content=\"es_ES\" \/>\n<meta property=\"og:type\" content=\"article\" \/>\n<meta property=\"og:title\" content=\"Investigaci\u00f3n Usach busca construir entornos m\u00e1s saludables en seis escuelas de la zona sur de Santiago - VRIIC\" \/>\n<meta property=\"og:description\" content=\"El objetivo es implementar un sistema integrado de intervenciones en alimentaci\u00f3n y actividad f\u00edsica para fomentar h\u00e1bitos de vida m\u00e1s saludables en escolares de primero a cuarto b\u00e1sico. La iniciativa [&hellip;]\" \/>\n<meta property=\"og:url\" content=\"https:\/\/vriic.usach.cl\/index.php\/investigacion-usach-busca-construir-entornos-mas-saludables-en-seis-escuelas-de-la-zona-sur-de-santiago\/\" \/>\n<meta property=\"og:site_name\" content=\"VRIIC\" \/>\n<meta property=\"article:published_time\" content=\"2024-06-12T15:05:05+00:00\" \/>\n<meta property=\"article:modified_time\" content=\"2024-06-12T15:06:38+00:00\" \/>\n<meta property=\"og:image\" content=\"http:\/\/vriic.usach.cl\/wp-content\/uploads\/2024\/06\/ESCUELAS-MAS-SALUDABLES.png\" \/>\n\t<meta property=\"og:image:width\" content=\"1100\" \/>\n\t<meta property=\"og:image:height\" content=\"360\" \/>\n\t<meta property=\"og:image:type\" content=\"image\/png\" \/>\n<meta name=\"author\" content=\"Comunicaciones VRIIC\" \/>\n<meta name=\"twitter:card\" content=\"summary_large_image\" \/>\n<meta name=\"twitter:label1\" content=\"Written by\" \/>\n\t<meta name=\"twitter:data1\" content=\"Comunicaciones VRIIC\" \/>\n\t<meta name=\"twitter:label2\" content=\"Est. reading time\" \/>\n\t<meta name=\"twitter:data2\" content=\"4 minutos\" \/>\n<script type=\"application\/ld+json\" class=\"yoast-schema-graph\">{\"@context\":\"https:\/\/schema.org\",\"@graph\":[{\"@type\":\"Article\",\"@id\":\"https:\/\/vriic.usach.cl\/index.php\/investigacion-usach-busca-construir-entornos-mas-saludables-en-seis-escuelas-de-la-zona-sur-de-santiago\/#article\",\"isPartOf\":{\"@id\":\"https:\/\/vriic.usach.cl\/index.php\/investigacion-usach-busca-construir-entornos-mas-saludables-en-seis-escuelas-de-la-zona-sur-de-santiago\/\"},\"author\":{\"name\":\"Comunicaciones VRIIC\",\"@id\":\"https:\/\/vriic.usach.cl\/#\/schema\/person\/7445abf7c84e3726508476493e702b11\"},\"headline\":\"Investigaci\u00f3n Usach busca construir entornos m\u00e1s saludables en seis escuelas de la zona sur de Santiago\",\"datePublished\":\"2024-06-12T15:05:05+00:00\",\"dateModified\":\"2024-06-12T15:06:38+00:00\",\"mainEntityOfPage\":{\"@id\":\"https:\/\/vriic.usach.cl\/index.php\/investigacion-usach-busca-construir-entornos-mas-saludables-en-seis-escuelas-de-la-zona-sur-de-santiago\/\"},\"wordCount\":875,\"publisher\":{\"@id\":\"https:\/\/vriic.usach.cl\/#organization\"},\"image\":{\"@id\":\"https:\/\/vriic.usach.cl\/index.php\/investigacion-usach-busca-construir-entornos-mas-saludables-en-seis-escuelas-de-la-zona-sur-de-santiago\/#primaryimage\"},\"thumbnailUrl\":\"https:\/\/vriic.usach.cl\/wp-content\/uploads\/2024\/06\/ESCUELAS-MAS-SALUDABLES.png\",\"articleSection\":[\"Desarrollo\"],\"inLanguage\":\"es-CL\"},{\"@type\":\"WebPage\",\"@id\":\"https:\/\/vriic.usach.cl\/index.php\/investigacion-usach-busca-construir-entornos-mas-saludables-en-seis-escuelas-de-la-zona-sur-de-santiago\/\",\"url\":\"https:\/\/vriic.usach.cl\/index.php\/investigacion-usach-busca-construir-entornos-mas-saludables-en-seis-escuelas-de-la-zona-sur-de-santiago\/\",\"name\":\"Investigaci\u00f3n Usach busca construir entornos m\u00e1s saludables en seis escuelas de la zona sur de Santiago - VRIIC\",\"isPartOf\":{\"@id\":\"https:\/\/vriic.usach.cl\/#website\"},\"primaryImageOfPage\":{\"@id\":\"https:\/\/vriic.usach.cl\/index.php\/investigacion-usach-busca-construir-entornos-mas-saludables-en-seis-escuelas-de-la-zona-sur-de-santiago\/#primaryimage\"},\"image\":{\"@id\":\"https:\/\/vriic.usach.cl\/index.php\/investigacion-usach-busca-construir-entornos-mas-saludables-en-seis-escuelas-de-la-zona-sur-de-santiago\/#primaryimage\"},\"thumbnailUrl\":\"https:\/\/vriic.usach.cl\/wp-content\/uploads\/2024\/06\/ESCUELAS-MAS-SALUDABLES.png\",\"datePublished\":\"2024-06-12T15:05:05+00:00\",\"dateModified\":\"2024-06-12T15:06:38+00:00\",\"breadcrumb\":{\"@id\":\"https:\/\/vriic.usach.cl\/index.php\/investigacion-usach-busca-construir-entornos-mas-saludables-en-seis-escuelas-de-la-zona-sur-de-santiago\/#breadcrumb\"},\"inLanguage\":\"es-CL\",\"potentialAction\":[{\"@type\":\"ReadAction\",\"target\":[\"https:\/\/vriic.usach.cl\/index.php\/investigacion-usach-busca-construir-entornos-mas-saludables-en-seis-escuelas-de-la-zona-sur-de-santiago\/\"]}]},{\"@type\":\"ImageObject\",\"inLanguage\":\"es-CL\",\"@id\":\"https:\/\/vriic.usach.cl\/index.php\/investigacion-usach-busca-construir-entornos-mas-saludables-en-seis-escuelas-de-la-zona-sur-de-santiago\/#primaryimage\",\"url\":\"https:\/\/vriic.usach.cl\/wp-content\/uploads\/2024\/06\/ESCUELAS-MAS-SALUDABLES.png\",\"contentUrl\":\"https:\/\/vriic.usach.cl\/wp-content\/uploads\/2024\/06\/ESCUELAS-MAS-SALUDABLES.png\",\"width\":1100,\"height\":360},{\"@type\":\"BreadcrumbList\",\"@id\":\"https:\/\/vriic.usach.cl\/index.php\/investigacion-usach-busca-construir-entornos-mas-saludables-en-seis-escuelas-de-la-zona-sur-de-santiago\/#breadcrumb\",\"itemListElement\":[{\"@type\":\"ListItem\",\"position\":1,\"name\":\"Portada\",\"item\":\"https:\/\/vriic.usach.cl\/\"},{\"@type\":\"ListItem\",\"position\":2,\"name\":\"Investigaci\u00f3n Usach busca construir entornos m\u00e1s saludables en seis escuelas de la zona sur de Santiago\"}]},{\"@type\":\"WebSite\",\"@id\":\"https:\/\/vriic.usach.cl\/#website\",\"url\":\"https:\/\/vriic.usach.cl\/\",\"name\":\"VRIIC\",\"description\":\"Vicerrector\u00eda de Investigaci\u00f3n, Innovaci\u00f3n y Creaci\u00f3n\",\"publisher\":{\"@id\":\"https:\/\/vriic.usach.cl\/#organization\"},\"potentialAction\":[{\"@type\":\"SearchAction\",\"target\":{\"@type\":\"EntryPoint\",\"urlTemplate\":\"https:\/\/vriic.usach.cl\/?s={search_term_string}\"},\"query-input\":\"required name=search_term_string\"}],\"inLanguage\":\"es-CL\"},{\"@type\":\"Organization\",\"@id\":\"https:\/\/vriic.usach.cl\/#organization\",\"name\":\"VRIIC\",\"url\":\"https:\/\/vriic.usach.cl\/\",\"logo\":{\"@type\":\"ImageObject\",\"inLanguage\":\"es-CL\",\"@id\":\"https:\/\/vriic.usach.cl\/#\/schema\/logo\/image\/\",\"url\":\"https:\/\/vriic.usach.cl\/wp-content\/uploads\/2024\/05\/cropped-HISTORIA-C-min-1.png\",\"contentUrl\":\"https:\/\/vriic.usach.cl\/wp-content\/uploads\/2024\/05\/cropped-HISTORIA-C-min-1.png\",\"width\":966,\"height\":228,\"caption\":\"VRIIC\"},\"image\":{\"@id\":\"https:\/\/vriic.usach.cl\/#\/schema\/logo\/image\/\"}},{\"@type\":\"Person\",\"@id\":\"https:\/\/vriic.usach.cl\/#\/schema\/person\/7445abf7c84e3726508476493e702b11\",\"name\":\"Comunicaciones VRIIC\",\"image\":{\"@type\":\"ImageObject\",\"inLanguage\":\"es-CL\",\"@id\":\"https:\/\/vriic.usach.cl\/#\/schema\/person\/image\/\",\"url\":\"https:\/\/secure.gravatar.com\/avatar\/a059dbff38f4b6242f148cadb92d0b1baec305d7378c7081c16c798f88d9af47?s=96&d=mm&r=g\",\"contentUrl\":\"https:\/\/secure.gravatar.com\/avatar\/a059dbff38f4b6242f148cadb92d0b1baec305d7378c7081c16c798f88d9af47?s=96&d=mm&r=g\",\"caption\":\"Comunicaciones VRIIC\"},\"sameAs\":[\"http:\/\/158.170.66.230\"],\"url\":\"https:\/\/vriic.usach.cl\/index.php\/author\/adminvridei\/\"}]}<\/script>\n<!-- \/ Yoast SEO plugin. -->","yoast_head_json":{"title":"Investigaci\u00f3n Usach busca construir entornos m\u00e1s saludables en seis escuelas de la zona sur de Santiago - VRIIC","robots":{"index":"index","follow":"follow","max-snippet":"max-snippet:-1","max-image-preview":"max-image-preview:large","max-video-preview":"max-video-preview:-1"},"canonical":"https:\/\/vriic.usach.cl\/index.php\/investigacion-usach-busca-construir-entornos-mas-saludables-en-seis-escuelas-de-la-zona-sur-de-santiago\/","og_locale":"es_ES","og_type":"article","og_title":"Investigaci\u00f3n Usach busca construir entornos m\u00e1s saludables en seis escuelas de la zona sur de Santiago - VRIIC","og_description":"El objetivo es implementar un sistema integrado de intervenciones en alimentaci\u00f3n y actividad f\u00edsica para fomentar h\u00e1bitos de vida m\u00e1s saludables en escolares de primero a cuarto b\u00e1sico. La iniciativa [&hellip;]","og_url":"https:\/\/vriic.usach.cl\/index.php\/investigacion-usach-busca-construir-entornos-mas-saludables-en-seis-escuelas-de-la-zona-sur-de-santiago\/","og_site_name":"VRIIC","article_published_time":"2024-06-12T15:05:05+00:00","article_modified_time":"2024-06-12T15:06:38+00:00","og_image":[{"width":1100,"height":360,"url":"http:\/\/vriic.usach.cl\/wp-content\/uploads\/2024\/06\/ESCUELAS-MAS-SALUDABLES.png","type":"image\/png"}],"author":"Comunicaciones VRIIC","twitter_card":"summary_large_image","twitter_misc":{"Written by":"Comunicaciones VRIIC","Est. reading time":"4 minutos"},"schema":{"@context":"https:\/\/schema.org","@graph":[{"@type":"Article","@id":"https:\/\/vriic.usach.cl\/index.php\/investigacion-usach-busca-construir-entornos-mas-saludables-en-seis-escuelas-de-la-zona-sur-de-santiago\/#article","isPartOf":{"@id":"https:\/\/vriic.usach.cl\/index.php\/investigacion-usach-busca-construir-entornos-mas-saludables-en-seis-escuelas-de-la-zona-sur-de-santiago\/"},"author":{"name":"Comunicaciones VRIIC","@id":"https:\/\/vriic.usach.cl\/#\/schema\/person\/7445abf7c84e3726508476493e702b11"},"headline":"Investigaci\u00f3n Usach busca construir entornos m\u00e1s saludables en seis escuelas de la zona sur de Santiago","datePublished":"2024-06-12T15:05:05+00:00","dateModified":"2024-06-12T15:06:38+00:00","mainEntityOfPage":{"@id":"https:\/\/vriic.usach.cl\/index.php\/investigacion-usach-busca-construir-entornos-mas-saludables-en-seis-escuelas-de-la-zona-sur-de-santiago\/"},"wordCount":875,"publisher":{"@id":"https:\/\/vriic.usach.cl\/#organization"},"image":{"@id":"https:\/\/vriic.usach.cl\/index.php\/investigacion-usach-busca-construir-entornos-mas-saludables-en-seis-escuelas-de-la-zona-sur-de-santiago\/#primaryimage"},"thumbnailUrl":"https:\/\/vriic.usach.cl\/wp-content\/uploads\/2024\/06\/ESCUELAS-MAS-SALUDABLES.png","articleSection":["Desarrollo"],"inLanguage":"es-CL"},{"@type":"WebPage","@id":"https:\/\/vriic.usach.cl\/index.php\/investigacion-usach-busca-construir-entornos-mas-saludables-en-seis-escuelas-de-la-zona-sur-de-santiago\/","url":"https:\/\/vriic.usach.cl\/index.php\/investigacion-usach-busca-construir-entornos-mas-saludables-en-seis-escuelas-de-la-zona-sur-de-santiago\/","name":"Investigaci\u00f3n Usach busca construir entornos m\u00e1s saludables en seis escuelas de la zona sur de Santiago - VRIIC","isPartOf":{"@id":"https:\/\/vriic.usach.cl\/#website"},"primaryImageOfPage":{"@id":"https:\/\/vriic.usach.cl\/index.php\/investigacion-usach-busca-construir-entornos-mas-saludables-en-seis-escuelas-de-la-zona-sur-de-santiago\/#primaryimage"},"image":{"@id":"https:\/\/vriic.usach.cl\/index.php\/investigacion-usach-busca-construir-entornos-mas-saludables-en-seis-escuelas-de-la-zona-sur-de-santiago\/#primaryimage"},"thumbnailUrl":"https:\/\/vriic.usach.cl\/wp-content\/uploads\/2024\/06\/ESCUELAS-MAS-SALUDABLES.png","datePublished":"2024-06-12T15:05:05+00:00","dateModified":"2024-06-12T15:06:38+00:00","breadcrumb":{"@id":"https:\/\/vriic.usach.cl\/index.php\/investigacion-usach-busca-construir-entornos-mas-saludables-en-seis-escuelas-de-la-zona-sur-de-santiago\/#breadcrumb"},"inLanguage":"es-CL","potentialAction":[{"@type":"ReadAction","target":["https:\/\/vriic.usach.cl\/index.php\/investigacion-usach-busca-construir-entornos-mas-saludables-en-seis-escuelas-de-la-zona-sur-de-santiago\/"]}]},{"@type":"ImageObject","inLanguage":"es-CL","@id":"https:\/\/vriic.usach.cl\/index.php\/investigacion-usach-busca-construir-entornos-mas-saludables-en-seis-escuelas-de-la-zona-sur-de-santiago\/#primaryimage","url":"https:\/\/vriic.usach.cl\/wp-content\/uploads\/2024\/06\/ESCUELAS-MAS-SALUDABLES.png","contentUrl":"https:\/\/vriic.usach.cl\/wp-content\/uploads\/2024\/06\/ESCUELAS-MAS-SALUDABLES.png","width":1100,"height":360},{"@type":"BreadcrumbList","@id":"https:\/\/vriic.usach.cl\/index.php\/investigacion-usach-busca-construir-entornos-mas-saludables-en-seis-escuelas-de-la-zona-sur-de-santiago\/#breadcrumb","itemListElement":[{"@type":"ListItem","position":1,"name":"Portada","item":"https:\/\/vriic.usach.cl\/"},{"@type":"ListItem","position":2,"name":"Investigaci\u00f3n Usach busca construir entornos m\u00e1s saludables en seis escuelas de la zona sur de Santiago"}]},{"@type":"WebSite","@id":"https:\/\/vriic.usach.cl\/#website","url":"https:\/\/vriic.usach.cl\/","name":"VRIIC","description":"Vicerrector\u00eda de Investigaci\u00f3n, Innovaci\u00f3n y Creaci\u00f3n","publisher":{"@id":"https:\/\/vriic.usach.cl\/#organization"},"potentialAction":[{"@type":"SearchAction","target":{"@type":"EntryPoint","urlTemplate":"https:\/\/vriic.usach.cl\/?s={search_term_string}"},"query-input":"required name=search_term_string"}],"inLanguage":"es-CL"},{"@type":"Organization","@id":"https:\/\/vriic.usach.cl\/#organization","name":"VRIIC","url":"https:\/\/vriic.usach.cl\/","logo":{"@type":"ImageObject","inLanguage":"es-CL","@id":"https:\/\/vriic.usach.cl\/#\/schema\/logo\/image\/","url":"https:\/\/vriic.usach.cl\/wp-content\/uploads\/2024\/05\/cropped-HISTORIA-C-min-1.png","contentUrl":"https:\/\/vriic.usach.cl\/wp-content\/uploads\/2024\/05\/cropped-HISTORIA-C-min-1.png","width":966,"height":228,"caption":"VRIIC"},"image":{"@id":"https:\/\/vriic.usach.cl\/#\/schema\/logo\/image\/"}},{"@type":"Person","@id":"https:\/\/vriic.usach.cl\/#\/schema\/person\/7445abf7c84e3726508476493e702b11","name":"Comunicaciones VRIIC","image":{"@type":"ImageObject","inLanguage":"es-CL","@id":"https:\/\/vriic.usach.cl\/#\/schema\/person\/image\/","url":"https:\/\/secure.gravatar.com\/avatar\/a059dbff38f4b6242f148cadb92d0b1baec305d7378c7081c16c798f88d9af47?s=96&d=mm&r=g","contentUrl":"https:\/\/secure.gravatar.com\/avatar\/a059dbff38f4b6242f148cadb92d0b1baec305d7378c7081c16c798f88d9af47?s=96&d=mm&r=g","caption":"Comunicaciones VRIIC"},"sameAs":["http:\/\/158.170.66.230"],"url":"https:\/\/vriic.usach.cl\/index.php\/author\/adminvridei\/"}]}},"rttpg_featured_image_url":{"full":["https:\/\/vriic.usach.cl\/wp-content\/uploads\/2024\/06\/ESCUELAS-MAS-SALUDABLES.png",1100,360,false],"landscape":["https:\/\/vriic.usach.cl\/wp-content\/uploads\/2024\/06\/ESCUELAS-MAS-SALUDABLES.png",1100,360,false],"portraits":["https:\/\/vriic.usach.cl\/wp-content\/uploads\/2024\/06\/ESCUELAS-MAS-SALUDABLES.png",1100,360,false],"thumbnail":["https:\/\/vriic.usach.cl\/wp-content\/uploads\/2024\/06\/ESCUELAS-MAS-SALUDABLES-150x150.png",150,150,true],"medium":["https:\/\/vriic.usach.cl\/wp-content\/uploads\/2024\/06\/ESCUELAS-MAS-SALUDABLES-300x98.png",300,98,true],"large":["https:\/\/vriic.usach.cl\/wp-content\/uploads\/2024\/06\/ESCUELAS-MAS-SALUDABLES-1024x335.png",1024,335,true],"1536x1536":["https:\/\/vriic.usach.cl\/wp-content\/uploads\/2024\/06\/ESCUELAS-MAS-SALUDABLES.png",1100,360,false],"2048x2048":["https:\/\/vriic.usach.cl\/wp-content\/uploads\/2024\/06\/ESCUELAS-MAS-SALUDABLES.png",1100,360,false],"rpwe-thumbnail":["https:\/\/vriic.usach.cl\/wp-content\/uploads\/2024\/06\/ESCUELAS-MAS-SALUDABLES-45x45.png",45,45,true]},"rttpg_author":{"display_name":"Comunicaciones VRIIC","author_link":"https:\/\/vriic.usach.cl\/index.php\/author\/adminvridei\/"},"rttpg_comment":0,"rttpg_category":"<a href=\"https:\/\/vriic.usach.cl\/index.php\/category\/desarrollo\/\" rel=\"category tag\">Desarrollo<\/a>","rttpg_excerpt":"El objetivo es implementar un sistema integrado de intervenciones en alimentaci\u00f3n y actividad f\u00edsica para fomentar h\u00e1bitos de vida m\u00e1s saludables en escolares de primero a cuarto b\u00e1sico. La iniciativa [&hellip;]","_links":{"self":[{"href":"https:\/\/vriic.usach.cl\/index.php\/wp-json\/wp\/v2\/posts\/16774","targetHints":{"allow":["GET"]}}],"collection":[{"href":"https:\/\/vriic.usach.cl\/index.php\/wp-json\/wp\/v2\/posts"}],"about":[{"href":"https:\/\/vriic.usach.cl\/index.php\/wp-json\/wp\/v2\/types\/post"}],"author":[{"embeddable":true,"href":"https:\/\/vriic.usach.cl\/index.php\/wp-json\/wp\/v2\/users\/1"}],"replies":[{"embeddable":true,"href":"https:\/\/vriic.usach.cl\/index.php\/wp-json\/wp\/v2\/comments?post=16774"}],"version-history":[{"count":6,"href":"https:\/\/vriic.usach.cl\/index.php\/wp-json\/wp\/v2\/posts\/16774\/revisions"}],"predecessor-version":[{"id":21280,"href":"https:\/\/vriic.usach.cl\/index.php\/wp-json\/wp\/v2\/posts\/16774\/revisions\/21280"}],"wp:featuredmedia":[{"embeddable":true,"href":"https:\/\/vriic.usach.cl\/index.php\/wp-json\/wp\/v2\/media\/16775"}],"wp:attachment":[{"href":"https:\/\/vriic.usach.cl\/index.php\/wp-json\/wp\/v2\/media?parent=16774"}],"wp:term":[{"taxonomy":"category","embeddable":true,"href":"https:\/\/vriic.usach.cl\/index.php\/wp-json\/wp\/v2\/categories?post=16774"},{"taxonomy":"post_tag","embeddable":true,"href":"https:\/\/vriic.usach.cl\/index.php\/wp-json\/wp\/v2\/tags?post=16774"}],"curies":[{"name":"wp","href":"https:\/\/api.w.org\/{rel}","templated":true}]}}