{"id":16402,"date":"2024-05-23T12:30:37","date_gmt":"2024-05-23T15:30:37","guid":{"rendered":"https:\/\/vriic.usach.cl\/?p=16402"},"modified":"2024-05-23T16:42:13","modified_gmt":"2024-05-23T19:42:13","slug":"usach-sera-parte-del-i-congreso-nacional-de-ciencia-tecnologia-conocimiento-e-innovacion-con-perspectiva-de-genero","status":"publish","type":"post","link":"https:\/\/vriic.usach.cl\/index.php\/usach-sera-parte-del-i-congreso-nacional-de-ciencia-tecnologia-conocimiento-e-innovacion-con-perspectiva-de-genero\/","title":{"rendered":"Usach ser\u00e1 parte del I Congreso Nacional de Ciencia, Tecnolog\u00eda, Conocimiento e Innovaci\u00f3n con Perspectiva de G\u00e9nero"},"content":{"rendered":"\t\t<div data-elementor-type=\"wp-post\" data-elementor-id=\"16402\" class=\"elementor elementor-16402\" data-elementor-post-type=\"post\">\n\t\t\t\t\t\t<section class=\"elementor-section elementor-top-section elementor-element elementor-element-7b784fed elementor-section-boxed elementor-section-height-default elementor-section-height-default wpr-particle-no wpr-jarallax-no wpr-parallax-no\" data-id=\"7b784fed\" data-element_type=\"section\" data-e-type=\"section\">\n\t\t\t\t\t\t<div class=\"elementor-container elementor-column-gap-default\">\n\t\t\t\t\t<div class=\"elementor-column elementor-col-100 elementor-top-column elementor-element elementor-element-5539238e\" data-id=\"5539238e\" data-element_type=\"column\" data-e-type=\"column\">\n\t\t\t<div class=\"elementor-widget-wrap elementor-element-populated\">\n\t\t\t\t\t\t<section class=\"elementor-section elementor-inner-section elementor-element elementor-element-c364b94 elementor-section-boxed elementor-section-height-default elementor-section-height-default wpr-particle-no wpr-jarallax-no wpr-parallax-no wpr-sticky-section-no\" data-id=\"c364b94\" data-element_type=\"section\" data-e-type=\"section\">\n\t\t\t\t\t\t<div class=\"elementor-container elementor-column-gap-default\">\n\t\t\t\t\t<div class=\"elementor-column elementor-col-100 elementor-inner-column elementor-element elementor-element-4c0d14fd\" data-id=\"4c0d14fd\" data-element_type=\"column\" data-e-type=\"column\">\n\t\t\t<div class=\"elementor-widget-wrap elementor-element-populated\">\n\t\t\t\t\t\t<div class=\"elementor-element elementor-element-52f9b568 elementor-share-buttons--view-icon elementor-share-buttons--shape-circle elementor-share-buttons--skin-gradient elementor-grid-0 elementor-share-buttons--color-official elementor-widget elementor-widget-share-buttons\" data-id=\"52f9b568\" data-element_type=\"widget\" data-e-type=\"widget\" data-widget_type=\"share-buttons.default\">\n\t\t\t\t<div class=\"elementor-widget-container\">\n\t\t\t\t\t\t\t<div class=\"elementor-grid\" role=\"list\">\n\t\t\t\t\t\t\t\t<div class=\"elementor-grid-item\" role=\"listitem\">\n\t\t\t\t\t\t<div class=\"elementor-share-btn elementor-share-btn_facebook\" role=\"button\" tabindex=\"0\" aria-label=\"Share on facebook\">\n\t\t\t\t\t\t\t\t\t\t\t\t\t\t\t<span class=\"elementor-share-btn__icon\">\n\t\t\t\t\t\t\t\t<i class=\"fab fa-facebook\" aria-hidden=\"true\"><\/i>\t\t\t\t\t\t\t<\/span>\n\t\t\t\t\t\t\t\t\t\t\t\t\t\t\t\t\t\t\t\t<\/div>\n\t\t\t\t\t<\/div>\n\t\t\t\t\t\t\t\t\t<div class=\"elementor-grid-item\" role=\"listitem\">\n\t\t\t\t\t\t<div class=\"elementor-share-btn elementor-share-btn_twitter\" role=\"button\" tabindex=\"0\" aria-label=\"Share on twitter\">\n\t\t\t\t\t\t\t\t\t\t\t\t\t\t\t<span class=\"elementor-share-btn__icon\">\n\t\t\t\t\t\t\t\t<i class=\"fab fa-twitter\" aria-hidden=\"true\"><\/i>\t\t\t\t\t\t\t<\/span>\n\t\t\t\t\t\t\t\t\t\t\t\t\t\t\t\t\t\t\t\t<\/div>\n\t\t\t\t\t<\/div>\n\t\t\t\t\t\t\t\t\t<div class=\"elementor-grid-item\" role=\"listitem\">\n\t\t\t\t\t\t<div class=\"elementor-share-btn elementor-share-btn_linkedin\" role=\"button\" tabindex=\"0\" aria-label=\"Share on linkedin\">\n\t\t\t\t\t\t\t\t\t\t\t\t\t\t\t<span class=\"elementor-share-btn__icon\">\n\t\t\t\t\t\t\t\t<i class=\"fab fa-linkedin\" aria-hidden=\"true\"><\/i>\t\t\t\t\t\t\t<\/span>\n\t\t\t\t\t\t\t\t\t\t\t\t\t\t\t\t\t\t\t\t<\/div>\n\t\t\t\t\t<\/div>\n\t\t\t\t\t\t<\/div>\n\t\t\t\t\t\t<\/div>\n\t\t\t\t<\/div>\n\t\t\t\t<div class=\"elementor-element elementor-element-ec34cdc elementor-widget elementor-widget-text-editor\" data-id=\"ec34cdc\" data-element_type=\"widget\" data-e-type=\"widget\" data-widget_type=\"text-editor.default\">\n\t\t\t\t<div class=\"elementor-widget-container\">\n\t\t\t\t\t\t\t\t\t<p><strong>21 representantes de la comunidad investigadora del plantel participar\u00e1n en el congreso del 5 al 7 de junio de 2024 en la ciudad de Talca.<\/strong><\/p>\t\t\t\t\t\t\t\t<\/div>\n\t\t\t\t<\/div>\n\t\t\t\t<div class=\"elementor-element elementor-element-7ad5ea1c elementor-widget elementor-widget-text-editor\" data-id=\"7ad5ea1c\" data-element_type=\"widget\" data-e-type=\"widget\" data-widget_type=\"text-editor.default\">\n\t\t\t\t<div class=\"elementor-widget-container\">\n\t\t\t\t\t\t\t\t\t<div class=\"field field-name-post-date field-type-ds field-label-hidden\"><div class=\"field-items\"><div class=\"field-item even\"><p><span style=\"font-weight: 400;\">La Universidad de Santiago de Chile (<a href=\"http:\/\/usach.cl\" target=\"_blank\" rel=\"noopener\">Usach<\/a>) estar\u00e1 representada por 21 investigadoras e investigadores en el <a href=\"https:\/\/ctci-genero2024.cl\/\" target=\"_blank\" rel=\"noopener\">I Congreso Nacional de Ciencia, Tecnolog\u00eda, Conocimiento e Innovaci\u00f3n (CTCI) con Perspectiva de G\u00e9nero<\/a>, que se llevar\u00e1 a cabo del 5 al 7 de junio de 2024 en la ciudad de Talca.\u00a0<\/span><\/p><p><span style=\"font-weight: 400;\">El evento, organizado por la Universidad Aut\u00f3noma de Chile, la Universidad de Talca y la Universidad Concepci\u00f3n, a trav\u00e9s de la red de proyectos InES-G\u00e9nero, reunir\u00e1 a <strong>m\u00e1s de 28 universidades nacionales<\/strong> para reflexionar sobre la incorporaci\u00f3n de la perspectiva de g\u00e9nero en la investigaci\u00f3n y sobre los aportes de las mujeres a la generaci\u00f3n de conocimientos en distintas disciplinas.<\/span><\/p><p><span style=\"font-weight: 400;\"><strong>Samanta Elgueta Garc\u00eda<\/strong>, coordinadora del proyecto <a href=\"https:\/\/vriic.usach.cl\/index.php\/proyecto-ines-ciencia-genero\/\" target=\"_blank\" rel=\"noopener\">InES Ciencia + G\u00e9nero de la USACH<\/a>, enfatiz\u00f3 la importancia de la participaci\u00f3n y el enriquecimiento que aporta la diversidad de perspectivas y enfoques en el \u00e1mbito cient\u00edfico.\u00a0<\/span><\/p><p><span style=\"font-weight: 400;\">&#8220;<em>Recibimos 39 ponencias de Usach, por lo que estamos muy contentas de la convocatoria que ha tenido el Congreso. Es por ello que\u00a0 desde la Vicerrector\u00eda de Investigaci\u00f3n, Innovaci\u00f3n y Creaci\u00f3n a trav\u00e9s del proyecto InES Ciencia + G\u00e9nero nos parec\u00eda muy importante generar instancias de interacci\u00f3n entre la comunidad investigadora Usach y otras instituciones, habilitando espacios que nos permitan avanzar con el objetivo de la creaci\u00f3n de un n\u00facleo multidisciplinario que promueva la investigaci\u00f3n, desarrollo e innovaci\u00f3n con perspectiva de g\u00e9nero dentro de nuestra instituci\u00f3n\u201d<\/em>, a\u00f1adi\u00f3 la coordinadora.<\/span><\/p><p><span style=\"font-weight: 400;\">El congreso, que tendr\u00e1 como sede la Universidad Aut\u00f3noma y la Universidad de Talca, contar\u00e1 con dos conferencias magistrales a cargo de la <strong>Dra. Diana Maff\u00eda<\/strong>, docente e Investigadora del Instituto Interdisciplinario de Estudios de G\u00e9nero de la UBA y fundadora de la Red Argentina de G\u00e9nero, Ciencia y Tecnolog\u00eda y la Dra. Ana Buquet, docente e investigadora del Centro de Investigaciones y Estudios de G\u00e9nero de la Universidad Nacional Aut\u00f3noma de M\u00e9xico.\u00a0<\/span><\/p><p><span style=\"font-weight: 400;\">La <strong>Dra. Vania Figueroa Ipinza<\/strong>, directora del proyecto InES G\u00e9nero de la Universidad Aut\u00f3noma, destac\u00f3 la importancia de este congreso, ya que representa la culminaci\u00f3n del trabajo sistem\u00e1tico de la Red InES G\u00e9nero, que desaf\u00eda las tradicionales l\u00f3gicas de competencia entre instituciones.<\/span><\/p><p><span style=\"font-weight: 400;\">\u201c<em>Las universidades de la Red InES G\u00e9nero hemos decidido avanzar juntas, ayudarnos unas a otras, teniendo como norte el uso eficiente y eficaz de los recursos p\u00fablicos. Por eso, estas jornadas no se limitan a las 28 instituciones que desarrollan el instrumento InES G\u00e9nero, sino que invitan a todas las universidades nacionales, comunidades investigadoras e innovadoras a compartir conocimientos que nos permitan transformar nuestro ecosistema para lograr mayor igualdad, pertinencia e impacto social<\/em>&#8220;, a\u00f1adi\u00f3 la Dra. Vania Figueroa Ipinza.\u00a0<\/span><\/p><\/div><\/div><\/div>\t\t\t\t\t\t\t\t<\/div>\n\t\t\t\t<\/div>\n\t\t\t\t\t<\/div>\n\t\t<\/div>\n\t\t\t\t\t<\/div>\n\t\t<\/section>\n\t\t\t\t\t<\/div>\n\t\t<\/div>\n\t\t\t\t\t<\/div>\n\t\t<\/section>\n\t\t\t\t<\/div>\n\t\t","protected":false},"excerpt":{"rendered":"<p>21 representantes de la comunidad investigadora del plantel participar\u00e1n en el congreso del 5 al 7 de junio de 2024 en la ciudad de Talca. La Universidad de Santiago de [&hellip;]<\/p>\n","protected":false},"author":1,"featured_media":16403,"comment_status":"closed","ping_status":"open","sticky":false,"template":"","format":"standard","meta":{"inline_featured_image":false,"_monsterinsights_skip_tracking":false,"_monsterinsights_sitenote_active":false,"_monsterinsights_sitenote_note":"","_monsterinsights_sitenote_category":0,"site-sidebar-layout":"default","site-content-layout":"","ast-site-content-layout":"default","site-content-style":"default","site-sidebar-style":"default","ast-global-header-display":"","ast-banner-title-visibility":"","ast-main-header-display":"","ast-hfb-above-header-display":"","ast-hfb-below-header-display":"","ast-hfb-mobile-header-display":"","site-post-title":"","ast-breadcrumbs-content":"","ast-featured-img":"","footer-sml-layout":"","theme-transparent-header-meta":"","adv-header-id-meta":"","stick-header-meta":"","header-above-stick-meta":"","header-main-stick-meta":"","header-below-stick-meta":"","astra-migrate-meta-layouts":"set","ast-page-background-enabled":"default","ast-page-background-meta":{"desktop":{"background-color":"","background-image":"","background-repeat":"repeat","background-position":"center center","background-size":"auto","background-attachment":"scroll","background-type":"","background-media":"","overlay-type":"","overlay-color":"","overlay-gradient":""},"tablet":{"background-color":"","background-image":"","background-repeat":"repeat","background-position":"center center","background-size":"auto","background-attachment":"scroll","background-type":"","background-media":"","overlay-type":"","overlay-color":"","overlay-gradient":""},"mobile":{"background-color":"","background-image":"","background-repeat":"repeat","background-position":"center center","background-size":"auto","background-attachment":"scroll","background-type":"","background-media":"","overlay-type":"","overlay-color":"","overlay-gradient":""}},"ast-content-background-meta":{"desktop":{"background-color":"var(--ast-global-color-5)","background-image":"","background-repeat":"repeat","background-position":"center center","background-size":"auto","background-attachment":"scroll","background-type":"","background-media":"","overlay-type":"","overlay-color":"","overlay-gradient":""},"tablet":{"background-color":"var(--ast-global-color-5)","background-image":"","background-repeat":"repeat","background-position":"center center","background-size":"auto","background-attachment":"scroll","background-type":"","background-media":"","overlay-type":"","overlay-color":"","overlay-gradient":""},"mobile":{"background-color":"var(--ast-global-color-5)","background-image":"","background-repeat":"repeat","background-position":"center center","background-size":"auto","background-attachment":"scroll","background-type":"","background-media":"","overlay-type":"","overlay-color":"","overlay-gradient":""}},"footnotes":""},"categories":[71],"tags":[],"class_list":["post-16402","post","type-post","status-publish","format-standard","has-post-thumbnail","hentry","category-proyecto-ines-genero-ciencia"],"yoast_head":"<!-- This site is optimized with the Yoast SEO plugin v22.3 - https:\/\/yoast.com\/wordpress\/plugins\/seo\/ -->\n<title>Usach ser\u00e1 parte del I Congreso Nacional de Ciencia, Tecnolog\u00eda, Conocimiento e Innovaci\u00f3n con Perspectiva de G\u00e9nero - VRIIC<\/title>\n<meta name=\"robots\" content=\"index, follow, max-snippet:-1, max-image-preview:large, max-video-preview:-1\" \/>\n<link rel=\"canonical\" href=\"https:\/\/vriic.usach.cl\/index.php\/usach-sera-parte-del-i-congreso-nacional-de-ciencia-tecnologia-conocimiento-e-innovacion-con-perspectiva-de-genero\/\" \/>\n<meta property=\"og:locale\" content=\"es_ES\" \/>\n<meta property=\"og:type\" content=\"article\" \/>\n<meta property=\"og:title\" content=\"Usach ser\u00e1 parte del I Congreso Nacional de Ciencia, Tecnolog\u00eda, Conocimiento e Innovaci\u00f3n con Perspectiva de G\u00e9nero - VRIIC\" \/>\n<meta property=\"og:description\" content=\"21 representantes de la comunidad investigadora del plantel participar\u00e1n en el congreso del 5 al 7 de junio de 2024 en la ciudad de Talca. La Universidad de Santiago de [&hellip;]\" \/>\n<meta property=\"og:url\" content=\"https:\/\/vriic.usach.cl\/index.php\/usach-sera-parte-del-i-congreso-nacional-de-ciencia-tecnologia-conocimiento-e-innovacion-con-perspectiva-de-genero\/\" \/>\n<meta property=\"og:site_name\" content=\"VRIIC\" \/>\n<meta property=\"article:published_time\" content=\"2024-05-23T15:30:37+00:00\" \/>\n<meta property=\"article:modified_time\" content=\"2024-05-23T19:42:13+00:00\" \/>\n<meta property=\"og:image\" content=\"http:\/\/vriic.usach.cl\/wp-content\/uploads\/2024\/05\/Sin-titulo-1100-x-363-px.png\" \/>\n\t<meta property=\"og:image:width\" content=\"1100\" \/>\n\t<meta property=\"og:image:height\" content=\"363\" \/>\n\t<meta property=\"og:image:type\" content=\"image\/png\" \/>\n<meta name=\"author\" content=\"Comunicaciones VRIIC\" \/>\n<meta name=\"twitter:card\" content=\"summary_large_image\" \/>\n<meta name=\"twitter:label1\" content=\"Written by\" \/>\n\t<meta name=\"twitter:data1\" content=\"Comunicaciones VRIIC\" \/>\n\t<meta name=\"twitter:label2\" content=\"Est. reading time\" \/>\n\t<meta name=\"twitter:data2\" content=\"3 minutos\" \/>\n<script type=\"application\/ld+json\" class=\"yoast-schema-graph\">{\"@context\":\"https:\/\/schema.org\",\"@graph\":[{\"@type\":\"Article\",\"@id\":\"https:\/\/vriic.usach.cl\/index.php\/usach-sera-parte-del-i-congreso-nacional-de-ciencia-tecnologia-conocimiento-e-innovacion-con-perspectiva-de-genero\/#article\",\"isPartOf\":{\"@id\":\"https:\/\/vriic.usach.cl\/index.php\/usach-sera-parte-del-i-congreso-nacional-de-ciencia-tecnologia-conocimiento-e-innovacion-con-perspectiva-de-genero\/\"},\"author\":{\"name\":\"Comunicaciones VRIIC\",\"@id\":\"https:\/\/vriic.usach.cl\/#\/schema\/person\/7445abf7c84e3726508476493e702b11\"},\"headline\":\"Usach ser\u00e1 parte del I Congreso Nacional de Ciencia, Tecnolog\u00eda, Conocimiento e Innovaci\u00f3n con Perspectiva de G\u00e9nero\",\"datePublished\":\"2024-05-23T15:30:37+00:00\",\"dateModified\":\"2024-05-23T19:42:13+00:00\",\"mainEntityOfPage\":{\"@id\":\"https:\/\/vriic.usach.cl\/index.php\/usach-sera-parte-del-i-congreso-nacional-de-ciencia-tecnologia-conocimiento-e-innovacion-con-perspectiva-de-genero\/\"},\"wordCount\":508,\"publisher\":{\"@id\":\"https:\/\/vriic.usach.cl\/#organization\"},\"image\":{\"@id\":\"https:\/\/vriic.usach.cl\/index.php\/usach-sera-parte-del-i-congreso-nacional-de-ciencia-tecnologia-conocimiento-e-innovacion-con-perspectiva-de-genero\/#primaryimage\"},\"thumbnailUrl\":\"https:\/\/vriic.usach.cl\/wp-content\/uploads\/2024\/05\/Sin-titulo-1100-x-363-px.png\",\"articleSection\":[\"Proyecto InES Ciencia + G\u00e9nero\"],\"inLanguage\":\"es-CL\"},{\"@type\":\"WebPage\",\"@id\":\"https:\/\/vriic.usach.cl\/index.php\/usach-sera-parte-del-i-congreso-nacional-de-ciencia-tecnologia-conocimiento-e-innovacion-con-perspectiva-de-genero\/\",\"url\":\"https:\/\/vriic.usach.cl\/index.php\/usach-sera-parte-del-i-congreso-nacional-de-ciencia-tecnologia-conocimiento-e-innovacion-con-perspectiva-de-genero\/\",\"name\":\"Usach ser\u00e1 parte del I Congreso Nacional de Ciencia, Tecnolog\u00eda, Conocimiento e Innovaci\u00f3n con Perspectiva de G\u00e9nero - VRIIC\",\"isPartOf\":{\"@id\":\"https:\/\/vriic.usach.cl\/#website\"},\"primaryImageOfPage\":{\"@id\":\"https:\/\/vriic.usach.cl\/index.php\/usach-sera-parte-del-i-congreso-nacional-de-ciencia-tecnologia-conocimiento-e-innovacion-con-perspectiva-de-genero\/#primaryimage\"},\"image\":{\"@id\":\"https:\/\/vriic.usach.cl\/index.php\/usach-sera-parte-del-i-congreso-nacional-de-ciencia-tecnologia-conocimiento-e-innovacion-con-perspectiva-de-genero\/#primaryimage\"},\"thumbnailUrl\":\"https:\/\/vriic.usach.cl\/wp-content\/uploads\/2024\/05\/Sin-titulo-1100-x-363-px.png\",\"datePublished\":\"2024-05-23T15:30:37+00:00\",\"dateModified\":\"2024-05-23T19:42:13+00:00\",\"breadcrumb\":{\"@id\":\"https:\/\/vriic.usach.cl\/index.php\/usach-sera-parte-del-i-congreso-nacional-de-ciencia-tecnologia-conocimiento-e-innovacion-con-perspectiva-de-genero\/#breadcrumb\"},\"inLanguage\":\"es-CL\",\"potentialAction\":[{\"@type\":\"ReadAction\",\"target\":[\"https:\/\/vriic.usach.cl\/index.php\/usach-sera-parte-del-i-congreso-nacional-de-ciencia-tecnologia-conocimiento-e-innovacion-con-perspectiva-de-genero\/\"]}]},{\"@type\":\"ImageObject\",\"inLanguage\":\"es-CL\",\"@id\":\"https:\/\/vriic.usach.cl\/index.php\/usach-sera-parte-del-i-congreso-nacional-de-ciencia-tecnologia-conocimiento-e-innovacion-con-perspectiva-de-genero\/#primaryimage\",\"url\":\"https:\/\/vriic.usach.cl\/wp-content\/uploads\/2024\/05\/Sin-titulo-1100-x-363-px.png\",\"contentUrl\":\"https:\/\/vriic.usach.cl\/wp-content\/uploads\/2024\/05\/Sin-titulo-1100-x-363-px.png\",\"width\":1100,\"height\":363},{\"@type\":\"BreadcrumbList\",\"@id\":\"https:\/\/vriic.usach.cl\/index.php\/usach-sera-parte-del-i-congreso-nacional-de-ciencia-tecnologia-conocimiento-e-innovacion-con-perspectiva-de-genero\/#breadcrumb\",\"itemListElement\":[{\"@type\":\"ListItem\",\"position\":1,\"name\":\"Portada\",\"item\":\"https:\/\/vriic.usach.cl\/\"},{\"@type\":\"ListItem\",\"position\":2,\"name\":\"Usach ser\u00e1 parte del I Congreso Nacional de Ciencia, Tecnolog\u00eda, Conocimiento e Innovaci\u00f3n con Perspectiva de G\u00e9nero\"}]},{\"@type\":\"WebSite\",\"@id\":\"https:\/\/vriic.usach.cl\/#website\",\"url\":\"https:\/\/vriic.usach.cl\/\",\"name\":\"VRIIC\",\"description\":\"Vicerrector\u00eda de Investigaci\u00f3n, Innovaci\u00f3n y Creaci\u00f3n\",\"publisher\":{\"@id\":\"https:\/\/vriic.usach.cl\/#organization\"},\"potentialAction\":[{\"@type\":\"SearchAction\",\"target\":{\"@type\":\"EntryPoint\",\"urlTemplate\":\"https:\/\/vriic.usach.cl\/?s={search_term_string}\"},\"query-input\":\"required name=search_term_string\"}],\"inLanguage\":\"es-CL\"},{\"@type\":\"Organization\",\"@id\":\"https:\/\/vriic.usach.cl\/#organization\",\"name\":\"VRIIC\",\"url\":\"https:\/\/vriic.usach.cl\/\",\"logo\":{\"@type\":\"ImageObject\",\"inLanguage\":\"es-CL\",\"@id\":\"https:\/\/vriic.usach.cl\/#\/schema\/logo\/image\/\",\"url\":\"https:\/\/vriic.usach.cl\/wp-content\/uploads\/2024\/05\/cropped-HISTORIA-C-min-1.png\",\"contentUrl\":\"https:\/\/vriic.usach.cl\/wp-content\/uploads\/2024\/05\/cropped-HISTORIA-C-min-1.png\",\"width\":966,\"height\":228,\"caption\":\"VRIIC\"},\"image\":{\"@id\":\"https:\/\/vriic.usach.cl\/#\/schema\/logo\/image\/\"}},{\"@type\":\"Person\",\"@id\":\"https:\/\/vriic.usach.cl\/#\/schema\/person\/7445abf7c84e3726508476493e702b11\",\"name\":\"Comunicaciones VRIIC\",\"image\":{\"@type\":\"ImageObject\",\"inLanguage\":\"es-CL\",\"@id\":\"https:\/\/vriic.usach.cl\/#\/schema\/person\/image\/\",\"url\":\"https:\/\/secure.gravatar.com\/avatar\/a059dbff38f4b6242f148cadb92d0b1baec305d7378c7081c16c798f88d9af47?s=96&d=mm&r=g\",\"contentUrl\":\"https:\/\/secure.gravatar.com\/avatar\/a059dbff38f4b6242f148cadb92d0b1baec305d7378c7081c16c798f88d9af47?s=96&d=mm&r=g\",\"caption\":\"Comunicaciones VRIIC\"},\"sameAs\":[\"http:\/\/158.170.66.230\"],\"url\":\"https:\/\/vriic.usach.cl\/index.php\/author\/adminvridei\/\"}]}<\/script>\n<!-- \/ Yoast SEO plugin. -->","yoast_head_json":{"title":"Usach ser\u00e1 parte del I Congreso Nacional de Ciencia, Tecnolog\u00eda, Conocimiento e Innovaci\u00f3n con Perspectiva de G\u00e9nero - VRIIC","robots":{"index":"index","follow":"follow","max-snippet":"max-snippet:-1","max-image-preview":"max-image-preview:large","max-video-preview":"max-video-preview:-1"},"canonical":"https:\/\/vriic.usach.cl\/index.php\/usach-sera-parte-del-i-congreso-nacional-de-ciencia-tecnologia-conocimiento-e-innovacion-con-perspectiva-de-genero\/","og_locale":"es_ES","og_type":"article","og_title":"Usach ser\u00e1 parte del I Congreso Nacional de Ciencia, Tecnolog\u00eda, Conocimiento e Innovaci\u00f3n con Perspectiva de G\u00e9nero - VRIIC","og_description":"21 representantes de la comunidad investigadora del plantel participar\u00e1n en el congreso del 5 al 7 de junio de 2024 en la ciudad de Talca. La Universidad de Santiago de [&hellip;]","og_url":"https:\/\/vriic.usach.cl\/index.php\/usach-sera-parte-del-i-congreso-nacional-de-ciencia-tecnologia-conocimiento-e-innovacion-con-perspectiva-de-genero\/","og_site_name":"VRIIC","article_published_time":"2024-05-23T15:30:37+00:00","article_modified_time":"2024-05-23T19:42:13+00:00","og_image":[{"width":1100,"height":363,"url":"http:\/\/vriic.usach.cl\/wp-content\/uploads\/2024\/05\/Sin-titulo-1100-x-363-px.png","type":"image\/png"}],"author":"Comunicaciones VRIIC","twitter_card":"summary_large_image","twitter_misc":{"Written by":"Comunicaciones VRIIC","Est. reading time":"3 minutos"},"schema":{"@context":"https:\/\/schema.org","@graph":[{"@type":"Article","@id":"https:\/\/vriic.usach.cl\/index.php\/usach-sera-parte-del-i-congreso-nacional-de-ciencia-tecnologia-conocimiento-e-innovacion-con-perspectiva-de-genero\/#article","isPartOf":{"@id":"https:\/\/vriic.usach.cl\/index.php\/usach-sera-parte-del-i-congreso-nacional-de-ciencia-tecnologia-conocimiento-e-innovacion-con-perspectiva-de-genero\/"},"author":{"name":"Comunicaciones VRIIC","@id":"https:\/\/vriic.usach.cl\/#\/schema\/person\/7445abf7c84e3726508476493e702b11"},"headline":"Usach ser\u00e1 parte del I Congreso Nacional de Ciencia, Tecnolog\u00eda, Conocimiento e Innovaci\u00f3n con Perspectiva de G\u00e9nero","datePublished":"2024-05-23T15:30:37+00:00","dateModified":"2024-05-23T19:42:13+00:00","mainEntityOfPage":{"@id":"https:\/\/vriic.usach.cl\/index.php\/usach-sera-parte-del-i-congreso-nacional-de-ciencia-tecnologia-conocimiento-e-innovacion-con-perspectiva-de-genero\/"},"wordCount":508,"publisher":{"@id":"https:\/\/vriic.usach.cl\/#organization"},"image":{"@id":"https:\/\/vriic.usach.cl\/index.php\/usach-sera-parte-del-i-congreso-nacional-de-ciencia-tecnologia-conocimiento-e-innovacion-con-perspectiva-de-genero\/#primaryimage"},"thumbnailUrl":"https:\/\/vriic.usach.cl\/wp-content\/uploads\/2024\/05\/Sin-titulo-1100-x-363-px.png","articleSection":["Proyecto InES Ciencia + G\u00e9nero"],"inLanguage":"es-CL"},{"@type":"WebPage","@id":"https:\/\/vriic.usach.cl\/index.php\/usach-sera-parte-del-i-congreso-nacional-de-ciencia-tecnologia-conocimiento-e-innovacion-con-perspectiva-de-genero\/","url":"https:\/\/vriic.usach.cl\/index.php\/usach-sera-parte-del-i-congreso-nacional-de-ciencia-tecnologia-conocimiento-e-innovacion-con-perspectiva-de-genero\/","name":"Usach ser\u00e1 parte del I Congreso Nacional de Ciencia, Tecnolog\u00eda, Conocimiento e Innovaci\u00f3n con Perspectiva de G\u00e9nero - VRIIC","isPartOf":{"@id":"https:\/\/vriic.usach.cl\/#website"},"primaryImageOfPage":{"@id":"https:\/\/vriic.usach.cl\/index.php\/usach-sera-parte-del-i-congreso-nacional-de-ciencia-tecnologia-conocimiento-e-innovacion-con-perspectiva-de-genero\/#primaryimage"},"image":{"@id":"https:\/\/vriic.usach.cl\/index.php\/usach-sera-parte-del-i-congreso-nacional-de-ciencia-tecnologia-conocimiento-e-innovacion-con-perspectiva-de-genero\/#primaryimage"},"thumbnailUrl":"https:\/\/vriic.usach.cl\/wp-content\/uploads\/2024\/05\/Sin-titulo-1100-x-363-px.png","datePublished":"2024-05-23T15:30:37+00:00","dateModified":"2024-05-23T19:42:13+00:00","breadcrumb":{"@id":"https:\/\/vriic.usach.cl\/index.php\/usach-sera-parte-del-i-congreso-nacional-de-ciencia-tecnologia-conocimiento-e-innovacion-con-perspectiva-de-genero\/#breadcrumb"},"inLanguage":"es-CL","potentialAction":[{"@type":"ReadAction","target":["https:\/\/vriic.usach.cl\/index.php\/usach-sera-parte-del-i-congreso-nacional-de-ciencia-tecnologia-conocimiento-e-innovacion-con-perspectiva-de-genero\/"]}]},{"@type":"ImageObject","inLanguage":"es-CL","@id":"https:\/\/vriic.usach.cl\/index.php\/usach-sera-parte-del-i-congreso-nacional-de-ciencia-tecnologia-conocimiento-e-innovacion-con-perspectiva-de-genero\/#primaryimage","url":"https:\/\/vriic.usach.cl\/wp-content\/uploads\/2024\/05\/Sin-titulo-1100-x-363-px.png","contentUrl":"https:\/\/vriic.usach.cl\/wp-content\/uploads\/2024\/05\/Sin-titulo-1100-x-363-px.png","width":1100,"height":363},{"@type":"BreadcrumbList","@id":"https:\/\/vriic.usach.cl\/index.php\/usach-sera-parte-del-i-congreso-nacional-de-ciencia-tecnologia-conocimiento-e-innovacion-con-perspectiva-de-genero\/#breadcrumb","itemListElement":[{"@type":"ListItem","position":1,"name":"Portada","item":"https:\/\/vriic.usach.cl\/"},{"@type":"ListItem","position":2,"name":"Usach ser\u00e1 parte del I Congreso Nacional de Ciencia, Tecnolog\u00eda, Conocimiento e Innovaci\u00f3n con Perspectiva de G\u00e9nero"}]},{"@type":"WebSite","@id":"https:\/\/vriic.usach.cl\/#website","url":"https:\/\/vriic.usach.cl\/","name":"VRIIC","description":"Vicerrector\u00eda de Investigaci\u00f3n, Innovaci\u00f3n y Creaci\u00f3n","publisher":{"@id":"https:\/\/vriic.usach.cl\/#organization"},"potentialAction":[{"@type":"SearchAction","target":{"@type":"EntryPoint","urlTemplate":"https:\/\/vriic.usach.cl\/?s={search_term_string}"},"query-input":"required name=search_term_string"}],"inLanguage":"es-CL"},{"@type":"Organization","@id":"https:\/\/vriic.usach.cl\/#organization","name":"VRIIC","url":"https:\/\/vriic.usach.cl\/","logo":{"@type":"ImageObject","inLanguage":"es-CL","@id":"https:\/\/vriic.usach.cl\/#\/schema\/logo\/image\/","url":"https:\/\/vriic.usach.cl\/wp-content\/uploads\/2024\/05\/cropped-HISTORIA-C-min-1.png","contentUrl":"https:\/\/vriic.usach.cl\/wp-content\/uploads\/2024\/05\/cropped-HISTORIA-C-min-1.png","width":966,"height":228,"caption":"VRIIC"},"image":{"@id":"https:\/\/vriic.usach.cl\/#\/schema\/logo\/image\/"}},{"@type":"Person","@id":"https:\/\/vriic.usach.cl\/#\/schema\/person\/7445abf7c84e3726508476493e702b11","name":"Comunicaciones VRIIC","image":{"@type":"ImageObject","inLanguage":"es-CL","@id":"https:\/\/vriic.usach.cl\/#\/schema\/person\/image\/","url":"https:\/\/secure.gravatar.com\/avatar\/a059dbff38f4b6242f148cadb92d0b1baec305d7378c7081c16c798f88d9af47?s=96&d=mm&r=g","contentUrl":"https:\/\/secure.gravatar.com\/avatar\/a059dbff38f4b6242f148cadb92d0b1baec305d7378c7081c16c798f88d9af47?s=96&d=mm&r=g","caption":"Comunicaciones VRIIC"},"sameAs":["http:\/\/158.170.66.230"],"url":"https:\/\/vriic.usach.cl\/index.php\/author\/adminvridei\/"}]}},"rttpg_featured_image_url":{"full":["https:\/\/vriic.usach.cl\/wp-content\/uploads\/2024\/05\/Sin-titulo-1100-x-363-px.png",1100,363,false],"landscape":["https:\/\/vriic.usach.cl\/wp-content\/uploads\/2024\/05\/Sin-titulo-1100-x-363-px.png",1100,363,false],"portraits":["https:\/\/vriic.usach.cl\/wp-content\/uploads\/2024\/05\/Sin-titulo-1100-x-363-px.png",1100,363,false],"thumbnail":["https:\/\/vriic.usach.cl\/wp-content\/uploads\/2024\/05\/Sin-titulo-1100-x-363-px-150x150.png",150,150,true],"medium":["https:\/\/vriic.usach.cl\/wp-content\/uploads\/2024\/05\/Sin-titulo-1100-x-363-px-300x99.png",300,99,true],"large":["https:\/\/vriic.usach.cl\/wp-content\/uploads\/2024\/05\/Sin-titulo-1100-x-363-px-1024x338.png",1024,338,true],"1536x1536":["https:\/\/vriic.usach.cl\/wp-content\/uploads\/2024\/05\/Sin-titulo-1100-x-363-px.png",1100,363,false],"2048x2048":["https:\/\/vriic.usach.cl\/wp-content\/uploads\/2024\/05\/Sin-titulo-1100-x-363-px.png",1100,363,false],"rpwe-thumbnail":["https:\/\/vriic.usach.cl\/wp-content\/uploads\/2024\/05\/Sin-titulo-1100-x-363-px-45x45.png",45,45,true]},"rttpg_author":{"display_name":"Comunicaciones VRIIC","author_link":"https:\/\/vriic.usach.cl\/index.php\/author\/adminvridei\/"},"rttpg_comment":0,"rttpg_category":"<a href=\"https:\/\/vriic.usach.cl\/index.php\/category\/proyecto-ines-genero-ciencia\/\" rel=\"category tag\">Proyecto InES Ciencia + G\u00e9nero<\/a>","rttpg_excerpt":"21 representantes de la comunidad investigadora del plantel participar\u00e1n en el congreso del 5 al 7 de junio de 2024 en la ciudad de Talca. La Universidad de Santiago de [&hellip;]","_links":{"self":[{"href":"https:\/\/vriic.usach.cl\/index.php\/wp-json\/wp\/v2\/posts\/16402","targetHints":{"allow":["GET"]}}],"collection":[{"href":"https:\/\/vriic.usach.cl\/index.php\/wp-json\/wp\/v2\/posts"}],"about":[{"href":"https:\/\/vriic.usach.cl\/index.php\/wp-json\/wp\/v2\/types\/post"}],"author":[{"embeddable":true,"href":"https:\/\/vriic.usach.cl\/index.php\/wp-json\/wp\/v2\/users\/1"}],"replies":[{"embeddable":true,"href":"https:\/\/vriic.usach.cl\/index.php\/wp-json\/wp\/v2\/comments?post=16402"}],"version-history":[{"count":12,"href":"https:\/\/vriic.usach.cl\/index.php\/wp-json\/wp\/v2\/posts\/16402\/revisions"}],"predecessor-version":[{"id":21143,"href":"https:\/\/vriic.usach.cl\/index.php\/wp-json\/wp\/v2\/posts\/16402\/revisions\/21143"}],"wp:featuredmedia":[{"embeddable":true,"href":"https:\/\/vriic.usach.cl\/index.php\/wp-json\/wp\/v2\/media\/16403"}],"wp:attachment":[{"href":"https:\/\/vriic.usach.cl\/index.php\/wp-json\/wp\/v2\/media?parent=16402"}],"wp:term":[{"taxonomy":"category","embeddable":true,"href":"https:\/\/vriic.usach.cl\/index.php\/wp-json\/wp\/v2\/categories?post=16402"},{"taxonomy":"post_tag","embeddable":true,"href":"https:\/\/vriic.usach.cl\/index.php\/wp-json\/wp\/v2\/tags?post=16402"}],"curies":[{"name":"wp","href":"https:\/\/api.w.org\/{rel}","templated":true}]}}