{"id":14057,"date":"2024-04-17T17:03:23","date_gmt":"2024-04-17T20:03:23","guid":{"rendered":"https:\/\/vriic.usach.cl\/?p=14057"},"modified":"2024-04-18T11:19:04","modified_gmt":"2024-04-18T14:19:04","slug":"dra-claudia-ortiz-aborda-el-asombroso-y-desconocido-mundo-de-las-plantas-en-segunda-temporada-del-podcast-ciencia-snack","status":"publish","type":"post","link":"https:\/\/vriic.usach.cl\/index.php\/dra-claudia-ortiz-aborda-el-asombroso-y-desconocido-mundo-de-las-plantas-en-segunda-temporada-del-podcast-ciencia-snack\/","title":{"rendered":"Dra. Claudia Ortiz aborda el asombroso y desconocido mundo de las plantas en segunda temporada del podcast Ciencia Snack"},"content":{"rendered":"\t\t<div data-elementor-type=\"wp-post\" data-elementor-id=\"14057\" class=\"elementor elementor-14057\" data-elementor-post-type=\"post\">\n\t\t\t\t\t\t<section class=\"elementor-section elementor-top-section elementor-element elementor-element-6b55a113 elementor-section-boxed elementor-section-height-default elementor-section-height-default wpr-particle-no wpr-jarallax-no wpr-parallax-no\" data-id=\"6b55a113\" data-element_type=\"section\" data-e-type=\"section\">\n\t\t\t\t\t\t<div class=\"elementor-container elementor-column-gap-default\">\n\t\t\t\t\t<div class=\"elementor-column elementor-col-100 elementor-top-column elementor-element elementor-element-49e439b8\" data-id=\"49e439b8\" data-element_type=\"column\" data-e-type=\"column\">\n\t\t\t<div class=\"elementor-widget-wrap elementor-element-populated\">\n\t\t\t\t\t\t<section class=\"elementor-section elementor-inner-section elementor-element elementor-element-2e609fc2 elementor-section-boxed elementor-section-height-default elementor-section-height-default wpr-particle-no wpr-jarallax-no wpr-parallax-no wpr-sticky-section-no\" data-id=\"2e609fc2\" data-element_type=\"section\" data-e-type=\"section\">\n\t\t\t\t\t\t<div class=\"elementor-container elementor-column-gap-default\">\n\t\t\t\t\t<div class=\"elementor-column elementor-col-100 elementor-inner-column elementor-element elementor-element-20e7c43d\" data-id=\"20e7c43d\" data-element_type=\"column\" data-e-type=\"column\">\n\t\t\t<div class=\"elementor-widget-wrap elementor-element-populated\">\n\t\t\t\t\t\t<div class=\"elementor-element elementor-element-3e6e206e elementor-share-buttons--view-icon elementor-share-buttons--shape-circle elementor-share-buttons--skin-gradient elementor-grid-0 elementor-share-buttons--color-official elementor-widget elementor-widget-share-buttons\" data-id=\"3e6e206e\" data-element_type=\"widget\" data-e-type=\"widget\" data-widget_type=\"share-buttons.default\">\n\t\t\t\t<div class=\"elementor-widget-container\">\n\t\t\t\t\t\t\t<div class=\"elementor-grid\" role=\"list\">\n\t\t\t\t\t\t\t\t<div class=\"elementor-grid-item\" role=\"listitem\">\n\t\t\t\t\t\t<div class=\"elementor-share-btn elementor-share-btn_facebook\" role=\"button\" tabindex=\"0\" aria-label=\"Share on facebook\">\n\t\t\t\t\t\t\t\t\t\t\t\t\t\t\t<span class=\"elementor-share-btn__icon\">\n\t\t\t\t\t\t\t\t<i class=\"fab fa-facebook\" aria-hidden=\"true\"><\/i>\t\t\t\t\t\t\t<\/span>\n\t\t\t\t\t\t\t\t\t\t\t\t\t\t\t\t\t\t\t\t<\/div>\n\t\t\t\t\t<\/div>\n\t\t\t\t\t\t\t\t\t<div class=\"elementor-grid-item\" role=\"listitem\">\n\t\t\t\t\t\t<div class=\"elementor-share-btn elementor-share-btn_twitter\" role=\"button\" tabindex=\"0\" aria-label=\"Share on twitter\">\n\t\t\t\t\t\t\t\t\t\t\t\t\t\t\t<span class=\"elementor-share-btn__icon\">\n\t\t\t\t\t\t\t\t<i class=\"fab fa-twitter\" aria-hidden=\"true\"><\/i>\t\t\t\t\t\t\t<\/span>\n\t\t\t\t\t\t\t\t\t\t\t\t\t\t\t\t\t\t\t\t<\/div>\n\t\t\t\t\t<\/div>\n\t\t\t\t\t\t\t\t\t<div class=\"elementor-grid-item\" role=\"listitem\">\n\t\t\t\t\t\t<div class=\"elementor-share-btn elementor-share-btn_linkedin\" role=\"button\" tabindex=\"0\" aria-label=\"Share on linkedin\">\n\t\t\t\t\t\t\t\t\t\t\t\t\t\t\t<span class=\"elementor-share-btn__icon\">\n\t\t\t\t\t\t\t\t<i class=\"fab fa-linkedin\" aria-hidden=\"true\"><\/i>\t\t\t\t\t\t\t<\/span>\n\t\t\t\t\t\t\t\t\t\t\t\t\t\t\t\t\t\t\t\t<\/div>\n\t\t\t\t\t<\/div>\n\t\t\t\t\t\t<\/div>\n\t\t\t\t\t\t<\/div>\n\t\t\t\t<\/div>\n\t\t\t\t<div class=\"elementor-element elementor-element-77583837 elementor-widget elementor-widget-text-editor\" data-id=\"77583837\" data-element_type=\"widget\" data-e-type=\"widget\" data-widget_type=\"text-editor.default\">\n\t\t\t\t<div class=\"elementor-widget-container\">\n\t\t\t\t\t\t\t\t\t<p><strong>Para la investigadora de nuestra Universidad, conocer m\u00e1s acerca del \u201cReino Vegetal\u201d resulta muy necesario en los tiempos actuales. No solo porque nos da pistas de la evoluci\u00f3n de la vida en la tierra, sino que tambi\u00e9n porque son un pilar fundamental para enfrentar los efectos del cambio clim\u00e1tico e incluso ser\u00e1n nuestras compa\u00f1eras obligadas en las futuras exploraciones espaciales.<\/strong><\/p>\t\t\t\t\t\t\t\t<\/div>\n\t\t\t\t<\/div>\n\t\t\t\t<div class=\"elementor-element elementor-element-7e00a971 elementor-widget elementor-widget-text-editor\" data-id=\"7e00a971\" data-element_type=\"widget\" data-e-type=\"widget\" data-widget_type=\"text-editor.default\">\n\t\t\t\t<div class=\"elementor-widget-container\">\n\t\t\t\t\t\t\t\t\t<p><span style=\"font-weight: 400;\">\u00bfSab\u00edas que las plantas no tienen pulmones, pero pueden respirar? \u00bfNo tienen o\u00eddos, pero pueden escuchar? No tienen boca, est\u00f3mago, ojos, ni cerebro, pero pueden alimentarse, procesar sus alimentos, percibir la luz y hasta tomar la mejor decisi\u00f3n para sobrevivir y comunicarse? Es el <strong>asombroso y desconocido mundo de las plantas, que ser\u00e1 el tema central de la segunda temporada de Ciencia Snack<\/strong>, el podcast de divulgaci\u00f3n cient\u00edfica de la Vicerrector\u00eda de Investigaci\u00f3n, Innovaci\u00f3n y Creaci\u00f3n de la Usach, estrenado esta semana en la plataforma Spotify.<\/span><\/p><p><span style=\"font-weight: 400;\">Todo desde la mirada cient\u00edfica y relatada en primera persona por la <strong>Dra. Claudia Ortiz Calder\u00f3n<\/strong>, acad\u00e9mica e investigadora de la <a href=\"https:\/\/www.quimicaybiologia.usach.cl\/\" target=\"_blank\" rel=\"noopener\">Facultad de Qu\u00edmica y Biolog\u00eda de la Universidad de Santiago<\/a>, quien durante 8 breves episodios dar\u00e1 a conocer la importancia, caracter\u00edsticas y aporte del mundo vegetal al desarrollo y al futuro del planeta y la humanidad.<\/span><\/p><p><span style=\"font-weight: 400;\">Para la investigadora Claudia Ortiz Calder\u00f3n, conocer m\u00e1s acerca del llamado <strong>\u201cReino Vegetal\u201d<\/strong> resulta muy necesario en los tiempos actuales. No solo porque nos da pistas de la evoluci\u00f3n de la vida en la tierra, sino que tambi\u00e9n porque son un pilar fundamental para enfrentar los efectos del cambio clim\u00e1tico e incluso ser\u00e1n nuestras compa\u00f1eras obligadas en las futuras exploraciones espaciales.\u00a0<\/span><\/p><p><span style=\"font-weight: 400;\"><em>\u201cLa capacidad de las plantas para adaptarse a condiciones extremas es simplemente fascinante. Desde sobrevivir en suelos pobres en nutrientes hasta desarrollar mecanismos para resistir temperaturas congelantes o abrasadoras, las plantas tienen mucho que ense\u00f1arnos sobre la resiliencia y la adaptaci\u00f3n. En esta temporada de Ciencia Snack, exploraremos c\u00f3mo las plantas han evolucionado para superar estos desaf\u00edos, ofreciendo lecciones valiosas para nuestra propia supervivencia\u201d\u200b\u200b<\/em>,\u00a0 explica la Dra. Claudia Ortiz Calder\u00f3n.<\/span><\/p><p><span style=\"font-weight: 400;\">Y agrega que <em>\u201cen nuestro viaje por el asombroso mundo de las plantas, descubriremos c\u00f3mo estos seres vivos, a menudo considerados meros adornos, son en realidad guerreros silenciosos en la batalla contra la contaminaci\u00f3n y el cambio clim\u00e1tico. A trav\u00e9s de t\u00e9cnicas como la fitorremediaci\u00f3n, las plantas absorben metales pesados y otras sustancias t\u00f3xicas, demostrando su capacidad \u00fanica para purificar nuestro ambiente\u201d\u200b<\/em>.<\/span><\/p><p><span style=\"font-weight: 400;\">En esta segunda temporada, adem\u00e1s, cada episodio finalizar\u00e1 con recomendaciones de la Dra. Ortiz Calder\u00f3n, de contenidos de inter\u00e9s para quienes deseen profundizar y conocer a\u00fan m\u00e1s sobre el mundo de las plantas, considerando libros, pel\u00edculas, obras de teatros, parques bot\u00e1nicos y mucho m\u00e1s.<\/span><\/p><h2><b>Ciencia Snack: Conocimiento<\/b> <b>breve pero sustancioso\u00a0<\/b><\/h2><p><span style=\"font-weight: 400;\"><strong>\u201cCiencia Snack\u201d<\/strong> es un micropodcast creado en 2023 por la Unidad de Comunicaci\u00f3n y Marketing de la Vriic Usach, en el que cada episodio tiene una duraci\u00f3n de menos de 5 minutos, los que son relatados por destacados investigadores de nuestra universidad, quienes abordar\u00e1n diversos temas para comprender c\u00f3mo funciona nuestro mundo y todo aquello que nos rodea.<\/span><\/p><p><span style=\"font-weight: 400;\">En la primera temporada, el <strong>Dr. Marcelo Cortez<\/strong>, vir\u00f3logo e investigador de nuestra Universidad abord\u00f3 en detalle el mundo de los virus, destacando en cada episodio caracter\u00edsticas desconocidas de estos agentes infecciosos.<\/span><\/p><p><span style=\"font-weight: 400;\">Tanto la primera como la nueva y segunda temporada de Ciencia Snack ya est\u00e1n disponibles en Spotify.<\/span><\/p>\t\t\t\t\t\t\t\t<\/div>\n\t\t\t\t<\/div>\n\t\t\t\t\t<\/div>\n\t\t<\/div>\n\t\t\t\t\t<\/div>\n\t\t<\/section>\n\t\t\t\t\t<\/div>\n\t\t<\/div>\n\t\t\t\t\t<\/div>\n\t\t<\/section>\n\t\t<div class=\"elementor-element elementor-element-f2a075f e-flex e-con-boxed wpr-particle-no wpr-jarallax-no wpr-parallax-no wpr-sticky-section-no e-con e-parent\" data-id=\"f2a075f\" data-element_type=\"container\" data-e-type=\"container\">\n\t\t\t\t\t<div class=\"e-con-inner\">\n\t\t\t\t<div class=\"elementor-element elementor-element-dc665c8 elementor-widget elementor-widget-audio\" data-id=\"dc665c8\" data-element_type=\"widget\" data-e-type=\"widget\" data-widget_type=\"audio.default\">\n\t\t\t\t<div class=\"elementor-widget-container\">\n\t\t\t\t\t\t\t\t<div class=\"elementor-soundcloud-wrapper\">\n\t\t\t\t<iframe width=\"100%\" height=\"152\" frameborder=\"0\" allowfullscreen allow=\"autoplay; clipboard-write; encrypted-media; fullscreen; picture-in-picture\" loading=\"lazy\" src=\"https:\/\/open.spotify.com\/embed\/episode\/1nHIBufAasbb69sdcpRyKl?utm_source=oembed&#038;auto_play=false&#038;buying=true&#038;liking=true&#038;download=true&#038;sharing=true&#038;show_comments=true&#038;show_playcount=true&#038;show_user=true&#038;show_artwork=true&#038;color\"><\/iframe>\t\t\t<\/div>\n\t\t\t\t\t\t\t<\/div>\n\t\t\t\t<\/div>\n\t\t\t\t\t<\/div>\n\t\t\t\t<\/div>\n\t\t\t\t<\/div>\n\t\t","protected":false},"excerpt":{"rendered":"<p>Para la investigadora de nuestra Universidad, conocer m\u00e1s acerca del \u201cReino Vegetal\u201d resulta muy necesario en los tiempos actuales. No solo porque nos da pistas de la evoluci\u00f3n de la [&hellip;]<\/p>\n","protected":false},"author":1,"featured_media":14058,"comment_status":"closed","ping_status":"closed","sticky":false,"template":"","format":"standard","meta":{"inline_featured_image":false,"_monsterinsights_skip_tracking":false,"_monsterinsights_sitenote_active":false,"_monsterinsights_sitenote_note":"","_monsterinsights_sitenote_category":0,"site-sidebar-layout":"default","site-content-layout":"","ast-site-content-layout":"default","site-content-style":"default","site-sidebar-style":"default","ast-global-header-display":"","ast-banner-title-visibility":"","ast-main-header-display":"","ast-hfb-above-header-display":"","ast-hfb-below-header-display":"","ast-hfb-mobile-header-display":"","site-post-title":"","ast-breadcrumbs-content":"","ast-featured-img":"","footer-sml-layout":"","theme-transparent-header-meta":"","adv-header-id-meta":"","stick-header-meta":"","header-above-stick-meta":"","header-main-stick-meta":"","header-below-stick-meta":"","astra-migrate-meta-layouts":"set","ast-page-background-enabled":"default","ast-page-background-meta":{"desktop":{"background-color":"","background-image":"","background-repeat":"repeat","background-position":"center center","background-size":"auto","background-attachment":"scroll","background-type":"","background-media":"","overlay-type":"","overlay-color":"","overlay-gradient":""},"tablet":{"background-color":"","background-image":"","background-repeat":"repeat","background-position":"center center","background-size":"auto","background-attachment":"scroll","background-type":"","background-media":"","overlay-type":"","overlay-color":"","overlay-gradient":""},"mobile":{"background-color":"","background-image":"","background-repeat":"repeat","background-position":"center center","background-size":"auto","background-attachment":"scroll","background-type":"","background-media":"","overlay-type":"","overlay-color":"","overlay-gradient":""}},"ast-content-background-meta":{"desktop":{"background-color":"var(--ast-global-color-5)","background-image":"","background-repeat":"repeat","background-position":"center center","background-size":"auto","background-attachment":"scroll","background-type":"","background-media":"","overlay-type":"","overlay-color":"","overlay-gradient":""},"tablet":{"background-color":"var(--ast-global-color-5)","background-image":"","background-repeat":"repeat","background-position":"center center","background-size":"auto","background-attachment":"scroll","background-type":"","background-media":"","overlay-type":"","overlay-color":"","overlay-gradient":""},"mobile":{"background-color":"var(--ast-global-color-5)","background-image":"","background-repeat":"repeat","background-position":"center center","background-size":"auto","background-attachment":"scroll","background-type":"","background-media":"","overlay-type":"","overlay-color":"","overlay-gradient":""}},"footnotes":""},"categories":[9,10,8],"tags":[],"class_list":["post-14057","post","type-post","status-publish","format-standard","has-post-thumbnail","hentry","category-desarrollo","category-innovacion","category-investigacion"],"yoast_head":"<!-- This site is optimized with the Yoast SEO plugin v22.3 - https:\/\/yoast.com\/wordpress\/plugins\/seo\/ -->\n<title>Dra. Claudia Ortiz aborda el asombroso y desconocido mundo de las plantas en segunda temporada del podcast Ciencia Snack - VRIIC<\/title>\n<meta name=\"description\" content=\"Para la investigadora de nuestra Universidad, conocer m\u00e1s acerca del \u201cReino Vegetal\u201d resulta muy necesario en los tiempos actuales.\" \/>\n<meta name=\"robots\" content=\"index, follow, max-snippet:-1, max-image-preview:large, max-video-preview:-1\" \/>\n<link rel=\"canonical\" href=\"https:\/\/vriic.usach.cl\/index.php\/dra-claudia-ortiz-aborda-el-asombroso-y-desconocido-mundo-de-las-plantas-en-segunda-temporada-del-podcast-ciencia-snack\/\" \/>\n<meta property=\"og:locale\" content=\"es_ES\" \/>\n<meta property=\"og:type\" content=\"article\" \/>\n<meta property=\"og:title\" content=\"Dra. Claudia Ortiz aborda el asombroso y desconocido mundo de las plantas en segunda temporada del podcast Ciencia Snack - VRIIC\" \/>\n<meta property=\"og:description\" content=\"Para la investigadora de nuestra Universidad, conocer m\u00e1s acerca del \u201cReino Vegetal\u201d resulta muy necesario en los tiempos actuales.\" \/>\n<meta property=\"og:url\" content=\"https:\/\/vriic.usach.cl\/index.php\/dra-claudia-ortiz-aborda-el-asombroso-y-desconocido-mundo-de-las-plantas-en-segunda-temporada-del-podcast-ciencia-snack\/\" \/>\n<meta property=\"og:site_name\" content=\"VRIIC\" \/>\n<meta property=\"article:published_time\" content=\"2024-04-17T20:03:23+00:00\" \/>\n<meta property=\"article:modified_time\" content=\"2024-04-18T14:19:04+00:00\" \/>\n<meta property=\"og:image\" content=\"https:\/\/vriic.usach.cl\/wp-content\/uploads\/2024\/04\/podcast-ciencia-snack-2.png\" \/>\n\t<meta property=\"og:image:width\" content=\"1100\" \/>\n\t<meta property=\"og:image:height\" content=\"360\" \/>\n\t<meta property=\"og:image:type\" content=\"image\/png\" \/>\n<meta name=\"author\" content=\"Comunicaciones VRIIC\" \/>\n<meta name=\"twitter:card\" content=\"summary_large_image\" \/>\n<meta name=\"twitter:label1\" content=\"Written by\" \/>\n\t<meta name=\"twitter:data1\" content=\"Comunicaciones VRIIC\" \/>\n\t<meta name=\"twitter:label2\" content=\"Est. reading time\" \/>\n\t<meta name=\"twitter:data2\" content=\"3 minutos\" \/>\n<script type=\"application\/ld+json\" class=\"yoast-schema-graph\">{\"@context\":\"https:\/\/schema.org\",\"@graph\":[{\"@type\":\"Article\",\"@id\":\"https:\/\/vriic.usach.cl\/index.php\/dra-claudia-ortiz-aborda-el-asombroso-y-desconocido-mundo-de-las-plantas-en-segunda-temporada-del-podcast-ciencia-snack\/#article\",\"isPartOf\":{\"@id\":\"https:\/\/vriic.usach.cl\/index.php\/dra-claudia-ortiz-aborda-el-asombroso-y-desconocido-mundo-de-las-plantas-en-segunda-temporada-del-podcast-ciencia-snack\/\"},\"author\":{\"name\":\"Comunicaciones VRIIC\",\"@id\":\"https:\/\/vriic.usach.cl\/#\/schema\/person\/7445abf7c84e3726508476493e702b11\"},\"headline\":\"Dra. Claudia Ortiz aborda el asombroso y desconocido mundo de las plantas en segunda temporada del podcast Ciencia Snack\",\"datePublished\":\"2024-04-17T20:03:23+00:00\",\"dateModified\":\"2024-04-18T14:19:04+00:00\",\"mainEntityOfPage\":{\"@id\":\"https:\/\/vriic.usach.cl\/index.php\/dra-claudia-ortiz-aborda-el-asombroso-y-desconocido-mundo-de-las-plantas-en-segunda-temporada-del-podcast-ciencia-snack\/\"},\"wordCount\":625,\"publisher\":{\"@id\":\"https:\/\/vriic.usach.cl\/#organization\"},\"image\":{\"@id\":\"https:\/\/vriic.usach.cl\/index.php\/dra-claudia-ortiz-aborda-el-asombroso-y-desconocido-mundo-de-las-plantas-en-segunda-temporada-del-podcast-ciencia-snack\/#primaryimage\"},\"thumbnailUrl\":\"https:\/\/vriic.usach.cl\/wp-content\/uploads\/2024\/04\/podcast-ciencia-snack-2.png\",\"articleSection\":[\"Desarrollo\",\"Innovaci\u00f3n\",\"Investigaci\u00f3n\"],\"inLanguage\":\"es-CL\"},{\"@type\":\"WebPage\",\"@id\":\"https:\/\/vriic.usach.cl\/index.php\/dra-claudia-ortiz-aborda-el-asombroso-y-desconocido-mundo-de-las-plantas-en-segunda-temporada-del-podcast-ciencia-snack\/\",\"url\":\"https:\/\/vriic.usach.cl\/index.php\/dra-claudia-ortiz-aborda-el-asombroso-y-desconocido-mundo-de-las-plantas-en-segunda-temporada-del-podcast-ciencia-snack\/\",\"name\":\"Dra. Claudia Ortiz aborda el asombroso y desconocido mundo de las plantas en segunda temporada del podcast Ciencia Snack - VRIIC\",\"isPartOf\":{\"@id\":\"https:\/\/vriic.usach.cl\/#website\"},\"primaryImageOfPage\":{\"@id\":\"https:\/\/vriic.usach.cl\/index.php\/dra-claudia-ortiz-aborda-el-asombroso-y-desconocido-mundo-de-las-plantas-en-segunda-temporada-del-podcast-ciencia-snack\/#primaryimage\"},\"image\":{\"@id\":\"https:\/\/vriic.usach.cl\/index.php\/dra-claudia-ortiz-aborda-el-asombroso-y-desconocido-mundo-de-las-plantas-en-segunda-temporada-del-podcast-ciencia-snack\/#primaryimage\"},\"thumbnailUrl\":\"https:\/\/vriic.usach.cl\/wp-content\/uploads\/2024\/04\/podcast-ciencia-snack-2.png\",\"datePublished\":\"2024-04-17T20:03:23+00:00\",\"dateModified\":\"2024-04-18T14:19:04+00:00\",\"description\":\"Para la investigadora de nuestra Universidad, conocer m\u00e1s acerca del \u201cReino Vegetal\u201d resulta muy necesario en los tiempos actuales.\",\"breadcrumb\":{\"@id\":\"https:\/\/vriic.usach.cl\/index.php\/dra-claudia-ortiz-aborda-el-asombroso-y-desconocido-mundo-de-las-plantas-en-segunda-temporada-del-podcast-ciencia-snack\/#breadcrumb\"},\"inLanguage\":\"es-CL\",\"potentialAction\":[{\"@type\":\"ReadAction\",\"target\":[\"https:\/\/vriic.usach.cl\/index.php\/dra-claudia-ortiz-aborda-el-asombroso-y-desconocido-mundo-de-las-plantas-en-segunda-temporada-del-podcast-ciencia-snack\/\"]}]},{\"@type\":\"ImageObject\",\"inLanguage\":\"es-CL\",\"@id\":\"https:\/\/vriic.usach.cl\/index.php\/dra-claudia-ortiz-aborda-el-asombroso-y-desconocido-mundo-de-las-plantas-en-segunda-temporada-del-podcast-ciencia-snack\/#primaryimage\",\"url\":\"https:\/\/vriic.usach.cl\/wp-content\/uploads\/2024\/04\/podcast-ciencia-snack-2.png\",\"contentUrl\":\"https:\/\/vriic.usach.cl\/wp-content\/uploads\/2024\/04\/podcast-ciencia-snack-2.png\",\"width\":1100,\"height\":360,\"caption\":\"podcast ciencia snack 2\"},{\"@type\":\"BreadcrumbList\",\"@id\":\"https:\/\/vriic.usach.cl\/index.php\/dra-claudia-ortiz-aborda-el-asombroso-y-desconocido-mundo-de-las-plantas-en-segunda-temporada-del-podcast-ciencia-snack\/#breadcrumb\",\"itemListElement\":[{\"@type\":\"ListItem\",\"position\":1,\"name\":\"Portada\",\"item\":\"https:\/\/vriic.usach.cl\/\"},{\"@type\":\"ListItem\",\"position\":2,\"name\":\"Dra. Claudia Ortiz aborda el asombroso y desconocido mundo de las plantas en segunda temporada del podcast Ciencia Snack\"}]},{\"@type\":\"WebSite\",\"@id\":\"https:\/\/vriic.usach.cl\/#website\",\"url\":\"https:\/\/vriic.usach.cl\/\",\"name\":\"VRIIC\",\"description\":\"Vicerrector\u00eda de Investigaci\u00f3n, Innovaci\u00f3n y Creaci\u00f3n\",\"publisher\":{\"@id\":\"https:\/\/vriic.usach.cl\/#organization\"},\"potentialAction\":[{\"@type\":\"SearchAction\",\"target\":{\"@type\":\"EntryPoint\",\"urlTemplate\":\"https:\/\/vriic.usach.cl\/?s={search_term_string}\"},\"query-input\":\"required name=search_term_string\"}],\"inLanguage\":\"es-CL\"},{\"@type\":\"Organization\",\"@id\":\"https:\/\/vriic.usach.cl\/#organization\",\"name\":\"VRIIC\",\"url\":\"https:\/\/vriic.usach.cl\/\",\"logo\":{\"@type\":\"ImageObject\",\"inLanguage\":\"es-CL\",\"@id\":\"https:\/\/vriic.usach.cl\/#\/schema\/logo\/image\/\",\"url\":\"https:\/\/vriic.usach.cl\/wp-content\/uploads\/2024\/05\/cropped-HISTORIA-C-min-1.png\",\"contentUrl\":\"https:\/\/vriic.usach.cl\/wp-content\/uploads\/2024\/05\/cropped-HISTORIA-C-min-1.png\",\"width\":966,\"height\":228,\"caption\":\"VRIIC\"},\"image\":{\"@id\":\"https:\/\/vriic.usach.cl\/#\/schema\/logo\/image\/\"}},{\"@type\":\"Person\",\"@id\":\"https:\/\/vriic.usach.cl\/#\/schema\/person\/7445abf7c84e3726508476493e702b11\",\"name\":\"Comunicaciones VRIIC\",\"image\":{\"@type\":\"ImageObject\",\"inLanguage\":\"es-CL\",\"@id\":\"https:\/\/vriic.usach.cl\/#\/schema\/person\/image\/\",\"url\":\"https:\/\/secure.gravatar.com\/avatar\/a059dbff38f4b6242f148cadb92d0b1baec305d7378c7081c16c798f88d9af47?s=96&d=mm&r=g\",\"contentUrl\":\"https:\/\/secure.gravatar.com\/avatar\/a059dbff38f4b6242f148cadb92d0b1baec305d7378c7081c16c798f88d9af47?s=96&d=mm&r=g\",\"caption\":\"Comunicaciones VRIIC\"},\"sameAs\":[\"http:\/\/158.170.66.230\"],\"url\":\"https:\/\/vriic.usach.cl\/index.php\/author\/adminvridei\/\"}]}<\/script>\n<!-- \/ Yoast SEO plugin. -->","yoast_head_json":{"title":"Dra. Claudia Ortiz aborda el asombroso y desconocido mundo de las plantas en segunda temporada del podcast Ciencia Snack - VRIIC","description":"Para la investigadora de nuestra Universidad, conocer m\u00e1s acerca del \u201cReino Vegetal\u201d resulta muy necesario en los tiempos actuales.","robots":{"index":"index","follow":"follow","max-snippet":"max-snippet:-1","max-image-preview":"max-image-preview:large","max-video-preview":"max-video-preview:-1"},"canonical":"https:\/\/vriic.usach.cl\/index.php\/dra-claudia-ortiz-aborda-el-asombroso-y-desconocido-mundo-de-las-plantas-en-segunda-temporada-del-podcast-ciencia-snack\/","og_locale":"es_ES","og_type":"article","og_title":"Dra. Claudia Ortiz aborda el asombroso y desconocido mundo de las plantas en segunda temporada del podcast Ciencia Snack - VRIIC","og_description":"Para la investigadora de nuestra Universidad, conocer m\u00e1s acerca del \u201cReino Vegetal\u201d resulta muy necesario en los tiempos actuales.","og_url":"https:\/\/vriic.usach.cl\/index.php\/dra-claudia-ortiz-aborda-el-asombroso-y-desconocido-mundo-de-las-plantas-en-segunda-temporada-del-podcast-ciencia-snack\/","og_site_name":"VRIIC","article_published_time":"2024-04-17T20:03:23+00:00","article_modified_time":"2024-04-18T14:19:04+00:00","og_image":[{"width":1100,"height":360,"url":"https:\/\/vriic.usach.cl\/wp-content\/uploads\/2024\/04\/podcast-ciencia-snack-2.png","type":"image\/png"}],"author":"Comunicaciones VRIIC","twitter_card":"summary_large_image","twitter_misc":{"Written by":"Comunicaciones VRIIC","Est. reading time":"3 minutos"},"schema":{"@context":"https:\/\/schema.org","@graph":[{"@type":"Article","@id":"https:\/\/vriic.usach.cl\/index.php\/dra-claudia-ortiz-aborda-el-asombroso-y-desconocido-mundo-de-las-plantas-en-segunda-temporada-del-podcast-ciencia-snack\/#article","isPartOf":{"@id":"https:\/\/vriic.usach.cl\/index.php\/dra-claudia-ortiz-aborda-el-asombroso-y-desconocido-mundo-de-las-plantas-en-segunda-temporada-del-podcast-ciencia-snack\/"},"author":{"name":"Comunicaciones VRIIC","@id":"https:\/\/vriic.usach.cl\/#\/schema\/person\/7445abf7c84e3726508476493e702b11"},"headline":"Dra. Claudia Ortiz aborda el asombroso y desconocido mundo de las plantas en segunda temporada del podcast Ciencia Snack","datePublished":"2024-04-17T20:03:23+00:00","dateModified":"2024-04-18T14:19:04+00:00","mainEntityOfPage":{"@id":"https:\/\/vriic.usach.cl\/index.php\/dra-claudia-ortiz-aborda-el-asombroso-y-desconocido-mundo-de-las-plantas-en-segunda-temporada-del-podcast-ciencia-snack\/"},"wordCount":625,"publisher":{"@id":"https:\/\/vriic.usach.cl\/#organization"},"image":{"@id":"https:\/\/vriic.usach.cl\/index.php\/dra-claudia-ortiz-aborda-el-asombroso-y-desconocido-mundo-de-las-plantas-en-segunda-temporada-del-podcast-ciencia-snack\/#primaryimage"},"thumbnailUrl":"https:\/\/vriic.usach.cl\/wp-content\/uploads\/2024\/04\/podcast-ciencia-snack-2.png","articleSection":["Desarrollo","Innovaci\u00f3n","Investigaci\u00f3n"],"inLanguage":"es-CL"},{"@type":"WebPage","@id":"https:\/\/vriic.usach.cl\/index.php\/dra-claudia-ortiz-aborda-el-asombroso-y-desconocido-mundo-de-las-plantas-en-segunda-temporada-del-podcast-ciencia-snack\/","url":"https:\/\/vriic.usach.cl\/index.php\/dra-claudia-ortiz-aborda-el-asombroso-y-desconocido-mundo-de-las-plantas-en-segunda-temporada-del-podcast-ciencia-snack\/","name":"Dra. Claudia Ortiz aborda el asombroso y desconocido mundo de las plantas en segunda temporada del podcast Ciencia Snack - VRIIC","isPartOf":{"@id":"https:\/\/vriic.usach.cl\/#website"},"primaryImageOfPage":{"@id":"https:\/\/vriic.usach.cl\/index.php\/dra-claudia-ortiz-aborda-el-asombroso-y-desconocido-mundo-de-las-plantas-en-segunda-temporada-del-podcast-ciencia-snack\/#primaryimage"},"image":{"@id":"https:\/\/vriic.usach.cl\/index.php\/dra-claudia-ortiz-aborda-el-asombroso-y-desconocido-mundo-de-las-plantas-en-segunda-temporada-del-podcast-ciencia-snack\/#primaryimage"},"thumbnailUrl":"https:\/\/vriic.usach.cl\/wp-content\/uploads\/2024\/04\/podcast-ciencia-snack-2.png","datePublished":"2024-04-17T20:03:23+00:00","dateModified":"2024-04-18T14:19:04+00:00","description":"Para la investigadora de nuestra Universidad, conocer m\u00e1s acerca del \u201cReino Vegetal\u201d resulta muy necesario en los tiempos actuales.","breadcrumb":{"@id":"https:\/\/vriic.usach.cl\/index.php\/dra-claudia-ortiz-aborda-el-asombroso-y-desconocido-mundo-de-las-plantas-en-segunda-temporada-del-podcast-ciencia-snack\/#breadcrumb"},"inLanguage":"es-CL","potentialAction":[{"@type":"ReadAction","target":["https:\/\/vriic.usach.cl\/index.php\/dra-claudia-ortiz-aborda-el-asombroso-y-desconocido-mundo-de-las-plantas-en-segunda-temporada-del-podcast-ciencia-snack\/"]}]},{"@type":"ImageObject","inLanguage":"es-CL","@id":"https:\/\/vriic.usach.cl\/index.php\/dra-claudia-ortiz-aborda-el-asombroso-y-desconocido-mundo-de-las-plantas-en-segunda-temporada-del-podcast-ciencia-snack\/#primaryimage","url":"https:\/\/vriic.usach.cl\/wp-content\/uploads\/2024\/04\/podcast-ciencia-snack-2.png","contentUrl":"https:\/\/vriic.usach.cl\/wp-content\/uploads\/2024\/04\/podcast-ciencia-snack-2.png","width":1100,"height":360,"caption":"podcast ciencia snack 2"},{"@type":"BreadcrumbList","@id":"https:\/\/vriic.usach.cl\/index.php\/dra-claudia-ortiz-aborda-el-asombroso-y-desconocido-mundo-de-las-plantas-en-segunda-temporada-del-podcast-ciencia-snack\/#breadcrumb","itemListElement":[{"@type":"ListItem","position":1,"name":"Portada","item":"https:\/\/vriic.usach.cl\/"},{"@type":"ListItem","position":2,"name":"Dra. Claudia Ortiz aborda el asombroso y desconocido mundo de las plantas en segunda temporada del podcast Ciencia Snack"}]},{"@type":"WebSite","@id":"https:\/\/vriic.usach.cl\/#website","url":"https:\/\/vriic.usach.cl\/","name":"VRIIC","description":"Vicerrector\u00eda de Investigaci\u00f3n, Innovaci\u00f3n y Creaci\u00f3n","publisher":{"@id":"https:\/\/vriic.usach.cl\/#organization"},"potentialAction":[{"@type":"SearchAction","target":{"@type":"EntryPoint","urlTemplate":"https:\/\/vriic.usach.cl\/?s={search_term_string}"},"query-input":"required name=search_term_string"}],"inLanguage":"es-CL"},{"@type":"Organization","@id":"https:\/\/vriic.usach.cl\/#organization","name":"VRIIC","url":"https:\/\/vriic.usach.cl\/","logo":{"@type":"ImageObject","inLanguage":"es-CL","@id":"https:\/\/vriic.usach.cl\/#\/schema\/logo\/image\/","url":"https:\/\/vriic.usach.cl\/wp-content\/uploads\/2024\/05\/cropped-HISTORIA-C-min-1.png","contentUrl":"https:\/\/vriic.usach.cl\/wp-content\/uploads\/2024\/05\/cropped-HISTORIA-C-min-1.png","width":966,"height":228,"caption":"VRIIC"},"image":{"@id":"https:\/\/vriic.usach.cl\/#\/schema\/logo\/image\/"}},{"@type":"Person","@id":"https:\/\/vriic.usach.cl\/#\/schema\/person\/7445abf7c84e3726508476493e702b11","name":"Comunicaciones VRIIC","image":{"@type":"ImageObject","inLanguage":"es-CL","@id":"https:\/\/vriic.usach.cl\/#\/schema\/person\/image\/","url":"https:\/\/secure.gravatar.com\/avatar\/a059dbff38f4b6242f148cadb92d0b1baec305d7378c7081c16c798f88d9af47?s=96&d=mm&r=g","contentUrl":"https:\/\/secure.gravatar.com\/avatar\/a059dbff38f4b6242f148cadb92d0b1baec305d7378c7081c16c798f88d9af47?s=96&d=mm&r=g","caption":"Comunicaciones VRIIC"},"sameAs":["http:\/\/158.170.66.230"],"url":"https:\/\/vriic.usach.cl\/index.php\/author\/adminvridei\/"}]}},"rttpg_featured_image_url":{"full":["https:\/\/vriic.usach.cl\/wp-content\/uploads\/2024\/04\/podcast-ciencia-snack-2.png",1100,360,false],"landscape":["https:\/\/vriic.usach.cl\/wp-content\/uploads\/2024\/04\/podcast-ciencia-snack-2.png",1100,360,false],"portraits":["https:\/\/vriic.usach.cl\/wp-content\/uploads\/2024\/04\/podcast-ciencia-snack-2.png",1100,360,false],"thumbnail":["https:\/\/vriic.usach.cl\/wp-content\/uploads\/2024\/04\/podcast-ciencia-snack-2-150x150.png",150,150,true],"medium":["https:\/\/vriic.usach.cl\/wp-content\/uploads\/2024\/04\/podcast-ciencia-snack-2-300x98.png",300,98,true],"large":["https:\/\/vriic.usach.cl\/wp-content\/uploads\/2024\/04\/podcast-ciencia-snack-2-1024x335.png",1024,335,true],"1536x1536":["https:\/\/vriic.usach.cl\/wp-content\/uploads\/2024\/04\/podcast-ciencia-snack-2.png",1100,360,false],"2048x2048":["https:\/\/vriic.usach.cl\/wp-content\/uploads\/2024\/04\/podcast-ciencia-snack-2.png",1100,360,false],"rpwe-thumbnail":["https:\/\/vriic.usach.cl\/wp-content\/uploads\/2024\/04\/podcast-ciencia-snack-2-45x45.png",45,45,true]},"rttpg_author":{"display_name":"Comunicaciones VRIIC","author_link":"https:\/\/vriic.usach.cl\/index.php\/author\/adminvridei\/"},"rttpg_comment":0,"rttpg_category":"<a href=\"https:\/\/vriic.usach.cl\/index.php\/category\/desarrollo\/\" rel=\"category tag\">Desarrollo<\/a> <a href=\"https:\/\/vriic.usach.cl\/index.php\/category\/innovacion\/\" rel=\"category tag\">Innovaci\u00f3n<\/a> <a href=\"https:\/\/vriic.usach.cl\/index.php\/category\/investigacion\/\" rel=\"category tag\">Investigaci\u00f3n<\/a>","rttpg_excerpt":"Para la investigadora de nuestra Universidad, conocer m\u00e1s acerca del \u201cReino Vegetal\u201d resulta muy necesario en los tiempos actuales. No solo porque nos da pistas de la evoluci\u00f3n de la [&hellip;]","_links":{"self":[{"href":"https:\/\/vriic.usach.cl\/index.php\/wp-json\/wp\/v2\/posts\/14057","targetHints":{"allow":["GET"]}}],"collection":[{"href":"https:\/\/vriic.usach.cl\/index.php\/wp-json\/wp\/v2\/posts"}],"about":[{"href":"https:\/\/vriic.usach.cl\/index.php\/wp-json\/wp\/v2\/types\/post"}],"author":[{"embeddable":true,"href":"https:\/\/vriic.usach.cl\/index.php\/wp-json\/wp\/v2\/users\/1"}],"replies":[{"embeddable":true,"href":"https:\/\/vriic.usach.cl\/index.php\/wp-json\/wp\/v2\/comments?post=14057"}],"version-history":[{"count":10,"href":"https:\/\/vriic.usach.cl\/index.php\/wp-json\/wp\/v2\/posts\/14057\/revisions"}],"predecessor-version":[{"id":21134,"href":"https:\/\/vriic.usach.cl\/index.php\/wp-json\/wp\/v2\/posts\/14057\/revisions\/21134"}],"wp:featuredmedia":[{"embeddable":true,"href":"https:\/\/vriic.usach.cl\/index.php\/wp-json\/wp\/v2\/media\/14058"}],"wp:attachment":[{"href":"https:\/\/vriic.usach.cl\/index.php\/wp-json\/wp\/v2\/media?parent=14057"}],"wp:term":[{"taxonomy":"category","embeddable":true,"href":"https:\/\/vriic.usach.cl\/index.php\/wp-json\/wp\/v2\/categories?post=14057"},{"taxonomy":"post_tag","embeddable":true,"href":"https:\/\/vriic.usach.cl\/index.php\/wp-json\/wp\/v2\/tags?post=14057"}],"curies":[{"name":"wp","href":"https:\/\/api.w.org\/{rel}","templated":true}]}}