{"id":13743,"date":"2024-04-08T16:05:09","date_gmt":"2024-04-08T19:05:09","guid":{"rendered":"https:\/\/vriic.usach.cl\/?p=13743"},"modified":"2024-04-08T16:52:13","modified_gmt":"2024-04-08T19:52:13","slug":"equipos-de-comunicaciones-usach-se-capacitaron-en-divulgacion-de-la-ciencia-con-perspectiva-de-genero-y-diversidad","status":"publish","type":"post","link":"https:\/\/vriic.usach.cl\/index.php\/equipos-de-comunicaciones-usach-se-capacitaron-en-divulgacion-de-la-ciencia-con-perspectiva-de-genero-y-diversidad\/","title":{"rendered":"Equipos de comunicaciones Usach se capacitaron en divulgaci\u00f3n de la ciencia con perspectiva de g\u00e9nero y diversidad"},"content":{"rendered":"\t\t<div data-elementor-type=\"wp-post\" data-elementor-id=\"13743\" class=\"elementor elementor-13743\" data-elementor-post-type=\"post\">\n\t\t\t\t\t\t<section class=\"elementor-section elementor-top-section elementor-element elementor-element-12a63b6d elementor-section-boxed elementor-section-height-default elementor-section-height-default wpr-particle-no wpr-jarallax-no wpr-parallax-no\" data-id=\"12a63b6d\" data-element_type=\"section\" data-e-type=\"section\">\n\t\t\t\t\t\t<div class=\"elementor-container elementor-column-gap-default\">\n\t\t\t\t\t<div class=\"elementor-column elementor-col-100 elementor-top-column elementor-element elementor-element-423ee4fc\" data-id=\"423ee4fc\" data-element_type=\"column\" data-e-type=\"column\">\n\t\t\t<div class=\"elementor-widget-wrap elementor-element-populated\">\n\t\t\t\t\t\t<section class=\"elementor-section elementor-inner-section elementor-element elementor-element-303178dd elementor-section-boxed elementor-section-height-default elementor-section-height-default wpr-particle-no wpr-jarallax-no wpr-parallax-no wpr-sticky-section-no\" data-id=\"303178dd\" data-element_type=\"section\" data-e-type=\"section\">\n\t\t\t\t\t\t<div class=\"elementor-container elementor-column-gap-default\">\n\t\t\t\t\t<div class=\"elementor-column elementor-col-100 elementor-inner-column elementor-element elementor-element-214284b\" data-id=\"214284b\" data-element_type=\"column\" data-e-type=\"column\">\n\t\t\t<div class=\"elementor-widget-wrap elementor-element-populated\">\n\t\t\t\t\t\t<div class=\"elementor-element elementor-element-171d9843 elementor-share-buttons--view-icon elementor-share-buttons--shape-circle elementor-share-buttons--skin-gradient elementor-grid-0 elementor-share-buttons--color-official elementor-widget elementor-widget-share-buttons\" data-id=\"171d9843\" data-element_type=\"widget\" data-e-type=\"widget\" data-widget_type=\"share-buttons.default\">\n\t\t\t\t<div class=\"elementor-widget-container\">\n\t\t\t\t\t\t\t<div class=\"elementor-grid\" role=\"list\">\n\t\t\t\t\t\t\t\t<div class=\"elementor-grid-item\" role=\"listitem\">\n\t\t\t\t\t\t<div class=\"elementor-share-btn elementor-share-btn_facebook\" role=\"button\" tabindex=\"0\" aria-label=\"Share on facebook\">\n\t\t\t\t\t\t\t\t\t\t\t\t\t\t\t<span class=\"elementor-share-btn__icon\">\n\t\t\t\t\t\t\t\t<i class=\"fab fa-facebook\" aria-hidden=\"true\"><\/i>\t\t\t\t\t\t\t<\/span>\n\t\t\t\t\t\t\t\t\t\t\t\t\t\t\t\t\t\t\t\t<\/div>\n\t\t\t\t\t<\/div>\n\t\t\t\t\t\t\t\t\t<div class=\"elementor-grid-item\" role=\"listitem\">\n\t\t\t\t\t\t<div class=\"elementor-share-btn elementor-share-btn_twitter\" role=\"button\" tabindex=\"0\" aria-label=\"Share on twitter\">\n\t\t\t\t\t\t\t\t\t\t\t\t\t\t\t<span class=\"elementor-share-btn__icon\">\n\t\t\t\t\t\t\t\t<i class=\"fab fa-twitter\" aria-hidden=\"true\"><\/i>\t\t\t\t\t\t\t<\/span>\n\t\t\t\t\t\t\t\t\t\t\t\t\t\t\t\t\t\t\t\t<\/div>\n\t\t\t\t\t<\/div>\n\t\t\t\t\t\t\t\t\t<div class=\"elementor-grid-item\" role=\"listitem\">\n\t\t\t\t\t\t<div class=\"elementor-share-btn elementor-share-btn_linkedin\" role=\"button\" tabindex=\"0\" aria-label=\"Share on linkedin\">\n\t\t\t\t\t\t\t\t\t\t\t\t\t\t\t<span class=\"elementor-share-btn__icon\">\n\t\t\t\t\t\t\t\t<i class=\"fab fa-linkedin\" aria-hidden=\"true\"><\/i>\t\t\t\t\t\t\t<\/span>\n\t\t\t\t\t\t\t\t\t\t\t\t\t\t\t\t\t\t\t\t<\/div>\n\t\t\t\t\t<\/div>\n\t\t\t\t\t\t<\/div>\n\t\t\t\t\t\t<\/div>\n\t\t\t\t<\/div>\n\t\t\t\t<div class=\"elementor-element elementor-element-502707ef elementor-widget elementor-widget-text-editor\" data-id=\"502707ef\" data-element_type=\"widget\" data-e-type=\"widget\" data-widget_type=\"text-editor.default\">\n\t\t\t\t<div class=\"elementor-widget-container\">\n\t\t\t\t\t\t\t\t\t<p><b>El curso estuvo a cargo de la Dra. Sabina Garc\u00eda Peter, coordinadora cient\u00edfica en el Centro Margherita von Brentano para los Estudios de G\u00e9nero de la Universidad Libre de Berl\u00edn en Alemania. <br \/><\/b><\/p>\t\t\t\t\t\t\t\t<\/div>\n\t\t\t\t<\/div>\n\t\t\t\t<div class=\"elementor-element elementor-element-1b1640a elementor-widget elementor-widget-text-editor\" data-id=\"1b1640a\" data-element_type=\"widget\" data-e-type=\"widget\" data-widget_type=\"text-editor.default\">\n\t\t\t\t<div class=\"elementor-widget-container\">\n\t\t\t\t\t\t\t\t\t<p><span style=\"font-weight: 400;\">En una iniciativa conjunta entre la <\/span><b>Vicerrector\u00eda de Investigaci\u00f3n, Innovaci\u00f3n y Creaci\u00f3n<\/b><span style=\"font-weight: 400;\"> y la <\/span><b>Direcci\u00f3n General de Comunicaciones de la Universidad de Santiago de Chile<\/b><span style=\"font-weight: 400;\">, se llev\u00f3 a cabo el curso &#8220;Comunicar la Ciencia desde una Perspectiva de G\u00e9nero y Diversidad&#8221;, dirigido a funcionarias y funcionarios de las comunicaciones Usach.\u00a0<\/span><\/p><p><span style=\"font-weight: 400;\">La capacitaci\u00f3n estuvo a cargo de la <\/span><b>Dra. Sabina Garc\u00eda Peter<\/b><span style=\"font-weight: 400;\">, coordinadora cient\u00edfica en el Centro Margherita von Brentano para los Estudios de G\u00e9nero de la Universidad Libre de Berl\u00edn en Alemania, quien resalt\u00f3 la positiva acogida que tuvo la iniciativa por parte de los equipos profesionales.<\/span><\/p><p><span style=\"font-weight: 400;\">\u201c<em>Gracias a la invitaci\u00f3n del proyecto <a href=\"https:\/\/vriic.usach.cl\/index.php\/proyecto-ines-ciencia-genero\/#:~:text=InES%20G%C3%A9nero%20es%20un%20concurso,desarrollo%20orientados%20a%20reducir%20las\" target=\"_blank\" rel=\"noopener\">InES Ciencia + G\u00e9nero de la Usach<\/a> estuve desarrollando este curso sobre comunicaci\u00f3n de la ciencia con perspectiva de g\u00e9nero y diversidad. En la actividad estuvimos trabajando y discutiendo con periodistas sobre los desaf\u00edos que tenemos hoy en d\u00eda sobre la tem\u00e1tica de la comunicaci\u00f3n cient\u00edfica y c\u00f3mo podemos sensibilizar y enriquecer nuestra pr\u00e1ctica gracias a lo que nos propone la perspectiva de g\u00e9nero<\/em>\u201d, detall\u00f3 la<\/span><span style=\"font-weight: 400;\"> Dra. Sabina Garc\u00eda Peter.\u00a0<\/span><\/p><p><span style=\"font-weight: 400;\">Durante el desarrollo del curso, los participantes tuvieron la oportunidad de analizar y discutir diversas estrategias y enfoques para comunicar la ciencia de manera m\u00e1s inclusiva, considerando una perspectiva interseccional de g\u00e9nero y buenas pr\u00e1cticas internacionales.\u00a0<\/span><\/p><p><span style=\"font-weight: 400;\">La Directora General de Comunicaciones y Medios de la Universidad de Santiago de Chile, <strong>Bel\u00e9n Merino Solar<\/strong>, valor\u00f3 el compromiso de la instituci\u00f3n por avanzar en iniciativas que promueven la educaci\u00f3n y el debate sobre la integraci\u00f3n de la perspectiva de g\u00e9nero en todas las formas de comunicaci\u00f3n.\u00a0<\/span><\/p><p><span style=\"font-weight: 400;\">\u201c<em>Estamos felices de ser parte de este tipo de iniciativas que educan y nos aportan para debatir y conversar sobre c\u00f3mo mejorar nuestro quehacer diario, incorporando la perspectiva de g\u00e9nero en todos los formatos. Las comunicaciones deben avanzar en esta l\u00ednea, ese es nuestro compromiso<\/em>\u201d, mencion\u00f3 la Directora General de Comunicaciones y Medios Usach, Bel\u00e9n Merino Solar.\u00a0<\/span><\/p><p><span style=\"font-weight: 400;\">Por su parte, <strong>Samanta Elgueta Garc\u00eda<\/strong>, coordinadora del proyecto InES Ciencia + G\u00e9nero, expres\u00f3 su satisfacci\u00f3n por la oportunidad de mantener la colaboraci\u00f3n con la Direcci\u00f3n de Comunicaciones de la Universidad de Santiago de Chile. De esta manera, destac\u00f3 la continuidad del trabajo conjunto realizado el a\u00f1o pasado, especialmente a trav\u00e9s de la capacitaci\u00f3n en <strong>\u201cComunicaci\u00f3n con enfoque de g\u00e9nero y Derechos Humanos&#8221;<\/strong> ofrecida a los diversos equipos de comunicaci\u00f3n de la Usach.<\/span><span style=\"font-weight: 400;\">\u00a0<\/span><\/p><p><span style=\"font-weight: 400;\">\u201c<em>Esta es la segunda oportunidad que desde el Proyecto Ines Ciencia + G\u00e9nero tenemos una instancia para seguir colaborando estrechamente con la Direcci\u00f3n de Comunicaciones de nuestra universidad y esperamos poder seguir contribuyendo al fortalecimiento de una comunicaci\u00f3n cient\u00edfica m\u00e1s inclusiva, diversa y sensible al g\u00e9nero<\/em>\u201d, a\u00f1adi\u00f3 Samanta Elgueta Garc\u00eda.\u00a0<\/span><\/p>\t\t\t\t\t\t\t\t<\/div>\n\t\t\t\t<\/div>\n\t\t\t\t\t<\/div>\n\t\t<\/div>\n\t\t\t\t\t<\/div>\n\t\t<\/section>\n\t\t\t\t\t<\/div>\n\t\t<\/div>\n\t\t\t\t\t<\/div>\n\t\t<\/section>\n\t\t\t\t<\/div>\n\t\t","protected":false},"excerpt":{"rendered":"<p>El curso estuvo a cargo de la Dra. Sabina Garc\u00eda Peter, coordinadora cient\u00edfica en el Centro Margherita von Brentano para los Estudios de G\u00e9nero de la Universidad Libre de Berl\u00edn [&hellip;]<\/p>\n","protected":false},"author":1,"featured_media":13749,"comment_status":"closed","ping_status":"open","sticky":false,"template":"","format":"standard","meta":{"inline_featured_image":false,"_monsterinsights_skip_tracking":false,"_monsterinsights_sitenote_active":false,"_monsterinsights_sitenote_note":"","_monsterinsights_sitenote_category":0,"site-sidebar-layout":"default","site-content-layout":"","ast-site-content-layout":"default","site-content-style":"default","site-sidebar-style":"default","ast-global-header-display":"","ast-banner-title-visibility":"","ast-main-header-display":"","ast-hfb-above-header-display":"","ast-hfb-below-header-display":"","ast-hfb-mobile-header-display":"","site-post-title":"","ast-breadcrumbs-content":"","ast-featured-img":"","footer-sml-layout":"","theme-transparent-header-meta":"","adv-header-id-meta":"","stick-header-meta":"","header-above-stick-meta":"","header-main-stick-meta":"","header-below-stick-meta":"","astra-migrate-meta-layouts":"set","ast-page-background-enabled":"default","ast-page-background-meta":{"desktop":{"background-color":"","background-image":"","background-repeat":"repeat","background-position":"center center","background-size":"auto","background-attachment":"scroll","background-type":"","background-media":"","overlay-type":"","overlay-color":"","overlay-gradient":""},"tablet":{"background-color":"","background-image":"","background-repeat":"repeat","background-position":"center center","background-size":"auto","background-attachment":"scroll","background-type":"","background-media":"","overlay-type":"","overlay-color":"","overlay-gradient":""},"mobile":{"background-color":"","background-image":"","background-repeat":"repeat","background-position":"center center","background-size":"auto","background-attachment":"scroll","background-type":"","background-media":"","overlay-type":"","overlay-color":"","overlay-gradient":""}},"ast-content-background-meta":{"desktop":{"background-color":"var(--ast-global-color-5)","background-image":"","background-repeat":"repeat","background-position":"center center","background-size":"auto","background-attachment":"scroll","background-type":"","background-media":"","overlay-type":"","overlay-color":"","overlay-gradient":""},"tablet":{"background-color":"var(--ast-global-color-5)","background-image":"","background-repeat":"repeat","background-position":"center center","background-size":"auto","background-attachment":"scroll","background-type":"","background-media":"","overlay-type":"","overlay-color":"","overlay-gradient":""},"mobile":{"background-color":"var(--ast-global-color-5)","background-image":"","background-repeat":"repeat","background-position":"center center","background-size":"auto","background-attachment":"scroll","background-type":"","background-media":"","overlay-type":"","overlay-color":"","overlay-gradient":""}},"footnotes":""},"categories":[71],"tags":[],"class_list":["post-13743","post","type-post","status-publish","format-standard","has-post-thumbnail","hentry","category-proyecto-ines-genero-ciencia"],"yoast_head":"<!-- This site is optimized with the Yoast SEO plugin v22.3 - https:\/\/yoast.com\/wordpress\/plugins\/seo\/ -->\n<title>Equipos de comunicaciones Usach se capacitaron en divulgaci\u00f3n de la ciencia con perspectiva de g\u00e9nero y diversidad - VRIIC<\/title>\n<meta name=\"robots\" content=\"index, follow, max-snippet:-1, max-image-preview:large, max-video-preview:-1\" \/>\n<link rel=\"canonical\" href=\"https:\/\/vriic.usach.cl\/index.php\/equipos-de-comunicaciones-usach-se-capacitaron-en-divulgacion-de-la-ciencia-con-perspectiva-de-genero-y-diversidad\/\" \/>\n<meta property=\"og:locale\" content=\"es_ES\" \/>\n<meta property=\"og:type\" content=\"article\" \/>\n<meta property=\"og:title\" content=\"Equipos de comunicaciones Usach se capacitaron en divulgaci\u00f3n de la ciencia con perspectiva de g\u00e9nero y diversidad - VRIIC\" \/>\n<meta property=\"og:description\" content=\"El curso estuvo a cargo de la Dra. Sabina Garc\u00eda Peter, coordinadora cient\u00edfica en el Centro Margherita von Brentano para los Estudios de G\u00e9nero de la Universidad Libre de Berl\u00edn [&hellip;]\" \/>\n<meta property=\"og:url\" content=\"https:\/\/vriic.usach.cl\/index.php\/equipos-de-comunicaciones-usach-se-capacitaron-en-divulgacion-de-la-ciencia-con-perspectiva-de-genero-y-diversidad\/\" \/>\n<meta property=\"og:site_name\" content=\"VRIIC\" \/>\n<meta property=\"article:published_time\" content=\"2024-04-08T19:05:09+00:00\" \/>\n<meta property=\"article:modified_time\" content=\"2024-04-08T19:52:13+00:00\" \/>\n<meta property=\"og:image\" content=\"https:\/\/vriic.usach.cl\/wp-content\/uploads\/2024\/04\/taller-periodistas.png\" \/>\n\t<meta property=\"og:image:width\" content=\"1100\" \/>\n\t<meta property=\"og:image:height\" content=\"360\" \/>\n\t<meta property=\"og:image:type\" content=\"image\/png\" \/>\n<meta name=\"author\" content=\"Comunicaciones VRIIC\" \/>\n<meta name=\"twitter:card\" content=\"summary_large_image\" \/>\n<meta name=\"twitter:label1\" content=\"Written by\" \/>\n\t<meta name=\"twitter:data1\" content=\"Comunicaciones VRIIC\" \/>\n\t<meta name=\"twitter:label2\" content=\"Est. reading time\" \/>\n\t<meta name=\"twitter:data2\" content=\"3 minutos\" \/>\n<script type=\"application\/ld+json\" class=\"yoast-schema-graph\">{\"@context\":\"https:\/\/schema.org\",\"@graph\":[{\"@type\":\"Article\",\"@id\":\"https:\/\/vriic.usach.cl\/index.php\/equipos-de-comunicaciones-usach-se-capacitaron-en-divulgacion-de-la-ciencia-con-perspectiva-de-genero-y-diversidad\/#article\",\"isPartOf\":{\"@id\":\"https:\/\/vriic.usach.cl\/index.php\/equipos-de-comunicaciones-usach-se-capacitaron-en-divulgacion-de-la-ciencia-con-perspectiva-de-genero-y-diversidad\/\"},\"author\":{\"name\":\"Comunicaciones VRIIC\",\"@id\":\"https:\/\/vriic.usach.cl\/#\/schema\/person\/7445abf7c84e3726508476493e702b11\"},\"headline\":\"Equipos de comunicaciones Usach se capacitaron en divulgaci\u00f3n de la ciencia con perspectiva de g\u00e9nero y diversidad\",\"datePublished\":\"2024-04-08T19:05:09+00:00\",\"dateModified\":\"2024-04-08T19:52:13+00:00\",\"mainEntityOfPage\":{\"@id\":\"https:\/\/vriic.usach.cl\/index.php\/equipos-de-comunicaciones-usach-se-capacitaron-en-divulgacion-de-la-ciencia-con-perspectiva-de-genero-y-diversidad\/\"},\"wordCount\":545,\"publisher\":{\"@id\":\"https:\/\/vriic.usach.cl\/#organization\"},\"image\":{\"@id\":\"https:\/\/vriic.usach.cl\/index.php\/equipos-de-comunicaciones-usach-se-capacitaron-en-divulgacion-de-la-ciencia-con-perspectiva-de-genero-y-diversidad\/#primaryimage\"},\"thumbnailUrl\":\"https:\/\/vriic.usach.cl\/wp-content\/uploads\/2024\/04\/taller-periodistas.png\",\"articleSection\":[\"Proyecto InES Ciencia + G\u00e9nero\"],\"inLanguage\":\"es-CL\"},{\"@type\":\"WebPage\",\"@id\":\"https:\/\/vriic.usach.cl\/index.php\/equipos-de-comunicaciones-usach-se-capacitaron-en-divulgacion-de-la-ciencia-con-perspectiva-de-genero-y-diversidad\/\",\"url\":\"https:\/\/vriic.usach.cl\/index.php\/equipos-de-comunicaciones-usach-se-capacitaron-en-divulgacion-de-la-ciencia-con-perspectiva-de-genero-y-diversidad\/\",\"name\":\"Equipos de comunicaciones Usach se capacitaron en divulgaci\u00f3n de la ciencia con perspectiva de g\u00e9nero y diversidad - VRIIC\",\"isPartOf\":{\"@id\":\"https:\/\/vriic.usach.cl\/#website\"},\"primaryImageOfPage\":{\"@id\":\"https:\/\/vriic.usach.cl\/index.php\/equipos-de-comunicaciones-usach-se-capacitaron-en-divulgacion-de-la-ciencia-con-perspectiva-de-genero-y-diversidad\/#primaryimage\"},\"image\":{\"@id\":\"https:\/\/vriic.usach.cl\/index.php\/equipos-de-comunicaciones-usach-se-capacitaron-en-divulgacion-de-la-ciencia-con-perspectiva-de-genero-y-diversidad\/#primaryimage\"},\"thumbnailUrl\":\"https:\/\/vriic.usach.cl\/wp-content\/uploads\/2024\/04\/taller-periodistas.png\",\"datePublished\":\"2024-04-08T19:05:09+00:00\",\"dateModified\":\"2024-04-08T19:52:13+00:00\",\"breadcrumb\":{\"@id\":\"https:\/\/vriic.usach.cl\/index.php\/equipos-de-comunicaciones-usach-se-capacitaron-en-divulgacion-de-la-ciencia-con-perspectiva-de-genero-y-diversidad\/#breadcrumb\"},\"inLanguage\":\"es-CL\",\"potentialAction\":[{\"@type\":\"ReadAction\",\"target\":[\"https:\/\/vriic.usach.cl\/index.php\/equipos-de-comunicaciones-usach-se-capacitaron-en-divulgacion-de-la-ciencia-con-perspectiva-de-genero-y-diversidad\/\"]}]},{\"@type\":\"ImageObject\",\"inLanguage\":\"es-CL\",\"@id\":\"https:\/\/vriic.usach.cl\/index.php\/equipos-de-comunicaciones-usach-se-capacitaron-en-divulgacion-de-la-ciencia-con-perspectiva-de-genero-y-diversidad\/#primaryimage\",\"url\":\"https:\/\/vriic.usach.cl\/wp-content\/uploads\/2024\/04\/taller-periodistas.png\",\"contentUrl\":\"https:\/\/vriic.usach.cl\/wp-content\/uploads\/2024\/04\/taller-periodistas.png\",\"width\":1100,\"height\":360,\"caption\":\"comunicaci\u00f3n cient\u00edfica\"},{\"@type\":\"BreadcrumbList\",\"@id\":\"https:\/\/vriic.usach.cl\/index.php\/equipos-de-comunicaciones-usach-se-capacitaron-en-divulgacion-de-la-ciencia-con-perspectiva-de-genero-y-diversidad\/#breadcrumb\",\"itemListElement\":[{\"@type\":\"ListItem\",\"position\":1,\"name\":\"Portada\",\"item\":\"https:\/\/vriic.usach.cl\/\"},{\"@type\":\"ListItem\",\"position\":2,\"name\":\"Equipos de comunicaciones Usach se capacitaron en divulgaci\u00f3n de la ciencia con perspectiva de g\u00e9nero y diversidad\"}]},{\"@type\":\"WebSite\",\"@id\":\"https:\/\/vriic.usach.cl\/#website\",\"url\":\"https:\/\/vriic.usach.cl\/\",\"name\":\"VRIIC\",\"description\":\"Vicerrector\u00eda de Investigaci\u00f3n, Innovaci\u00f3n y Creaci\u00f3n\",\"publisher\":{\"@id\":\"https:\/\/vriic.usach.cl\/#organization\"},\"potentialAction\":[{\"@type\":\"SearchAction\",\"target\":{\"@type\":\"EntryPoint\",\"urlTemplate\":\"https:\/\/vriic.usach.cl\/?s={search_term_string}\"},\"query-input\":\"required name=search_term_string\"}],\"inLanguage\":\"es-CL\"},{\"@type\":\"Organization\",\"@id\":\"https:\/\/vriic.usach.cl\/#organization\",\"name\":\"VRIIC\",\"url\":\"https:\/\/vriic.usach.cl\/\",\"logo\":{\"@type\":\"ImageObject\",\"inLanguage\":\"es-CL\",\"@id\":\"https:\/\/vriic.usach.cl\/#\/schema\/logo\/image\/\",\"url\":\"https:\/\/vriic.usach.cl\/wp-content\/uploads\/2024\/05\/cropped-HISTORIA-C-min-1.png\",\"contentUrl\":\"https:\/\/vriic.usach.cl\/wp-content\/uploads\/2024\/05\/cropped-HISTORIA-C-min-1.png\",\"width\":966,\"height\":228,\"caption\":\"VRIIC\"},\"image\":{\"@id\":\"https:\/\/vriic.usach.cl\/#\/schema\/logo\/image\/\"}},{\"@type\":\"Person\",\"@id\":\"https:\/\/vriic.usach.cl\/#\/schema\/person\/7445abf7c84e3726508476493e702b11\",\"name\":\"Comunicaciones VRIIC\",\"image\":{\"@type\":\"ImageObject\",\"inLanguage\":\"es-CL\",\"@id\":\"https:\/\/vriic.usach.cl\/#\/schema\/person\/image\/\",\"url\":\"https:\/\/secure.gravatar.com\/avatar\/a059dbff38f4b6242f148cadb92d0b1baec305d7378c7081c16c798f88d9af47?s=96&d=mm&r=g\",\"contentUrl\":\"https:\/\/secure.gravatar.com\/avatar\/a059dbff38f4b6242f148cadb92d0b1baec305d7378c7081c16c798f88d9af47?s=96&d=mm&r=g\",\"caption\":\"Comunicaciones VRIIC\"},\"sameAs\":[\"http:\/\/158.170.66.230\"],\"url\":\"https:\/\/vriic.usach.cl\/index.php\/author\/adminvridei\/\"}]}<\/script>\n<!-- \/ Yoast SEO plugin. -->","yoast_head_json":{"title":"Equipos de comunicaciones Usach se capacitaron en divulgaci\u00f3n de la ciencia con perspectiva de g\u00e9nero y diversidad - VRIIC","robots":{"index":"index","follow":"follow","max-snippet":"max-snippet:-1","max-image-preview":"max-image-preview:large","max-video-preview":"max-video-preview:-1"},"canonical":"https:\/\/vriic.usach.cl\/index.php\/equipos-de-comunicaciones-usach-se-capacitaron-en-divulgacion-de-la-ciencia-con-perspectiva-de-genero-y-diversidad\/","og_locale":"es_ES","og_type":"article","og_title":"Equipos de comunicaciones Usach se capacitaron en divulgaci\u00f3n de la ciencia con perspectiva de g\u00e9nero y diversidad - VRIIC","og_description":"El curso estuvo a cargo de la Dra. Sabina Garc\u00eda Peter, coordinadora cient\u00edfica en el Centro Margherita von Brentano para los Estudios de G\u00e9nero de la Universidad Libre de Berl\u00edn [&hellip;]","og_url":"https:\/\/vriic.usach.cl\/index.php\/equipos-de-comunicaciones-usach-se-capacitaron-en-divulgacion-de-la-ciencia-con-perspectiva-de-genero-y-diversidad\/","og_site_name":"VRIIC","article_published_time":"2024-04-08T19:05:09+00:00","article_modified_time":"2024-04-08T19:52:13+00:00","og_image":[{"width":1100,"height":360,"url":"https:\/\/vriic.usach.cl\/wp-content\/uploads\/2024\/04\/taller-periodistas.png","type":"image\/png"}],"author":"Comunicaciones VRIIC","twitter_card":"summary_large_image","twitter_misc":{"Written by":"Comunicaciones VRIIC","Est. reading time":"3 minutos"},"schema":{"@context":"https:\/\/schema.org","@graph":[{"@type":"Article","@id":"https:\/\/vriic.usach.cl\/index.php\/equipos-de-comunicaciones-usach-se-capacitaron-en-divulgacion-de-la-ciencia-con-perspectiva-de-genero-y-diversidad\/#article","isPartOf":{"@id":"https:\/\/vriic.usach.cl\/index.php\/equipos-de-comunicaciones-usach-se-capacitaron-en-divulgacion-de-la-ciencia-con-perspectiva-de-genero-y-diversidad\/"},"author":{"name":"Comunicaciones VRIIC","@id":"https:\/\/vriic.usach.cl\/#\/schema\/person\/7445abf7c84e3726508476493e702b11"},"headline":"Equipos de comunicaciones Usach se capacitaron en divulgaci\u00f3n de la ciencia con perspectiva de g\u00e9nero y diversidad","datePublished":"2024-04-08T19:05:09+00:00","dateModified":"2024-04-08T19:52:13+00:00","mainEntityOfPage":{"@id":"https:\/\/vriic.usach.cl\/index.php\/equipos-de-comunicaciones-usach-se-capacitaron-en-divulgacion-de-la-ciencia-con-perspectiva-de-genero-y-diversidad\/"},"wordCount":545,"publisher":{"@id":"https:\/\/vriic.usach.cl\/#organization"},"image":{"@id":"https:\/\/vriic.usach.cl\/index.php\/equipos-de-comunicaciones-usach-se-capacitaron-en-divulgacion-de-la-ciencia-con-perspectiva-de-genero-y-diversidad\/#primaryimage"},"thumbnailUrl":"https:\/\/vriic.usach.cl\/wp-content\/uploads\/2024\/04\/taller-periodistas.png","articleSection":["Proyecto InES Ciencia + G\u00e9nero"],"inLanguage":"es-CL"},{"@type":"WebPage","@id":"https:\/\/vriic.usach.cl\/index.php\/equipos-de-comunicaciones-usach-se-capacitaron-en-divulgacion-de-la-ciencia-con-perspectiva-de-genero-y-diversidad\/","url":"https:\/\/vriic.usach.cl\/index.php\/equipos-de-comunicaciones-usach-se-capacitaron-en-divulgacion-de-la-ciencia-con-perspectiva-de-genero-y-diversidad\/","name":"Equipos de comunicaciones Usach se capacitaron en divulgaci\u00f3n de la ciencia con perspectiva de g\u00e9nero y diversidad - VRIIC","isPartOf":{"@id":"https:\/\/vriic.usach.cl\/#website"},"primaryImageOfPage":{"@id":"https:\/\/vriic.usach.cl\/index.php\/equipos-de-comunicaciones-usach-se-capacitaron-en-divulgacion-de-la-ciencia-con-perspectiva-de-genero-y-diversidad\/#primaryimage"},"image":{"@id":"https:\/\/vriic.usach.cl\/index.php\/equipos-de-comunicaciones-usach-se-capacitaron-en-divulgacion-de-la-ciencia-con-perspectiva-de-genero-y-diversidad\/#primaryimage"},"thumbnailUrl":"https:\/\/vriic.usach.cl\/wp-content\/uploads\/2024\/04\/taller-periodistas.png","datePublished":"2024-04-08T19:05:09+00:00","dateModified":"2024-04-08T19:52:13+00:00","breadcrumb":{"@id":"https:\/\/vriic.usach.cl\/index.php\/equipos-de-comunicaciones-usach-se-capacitaron-en-divulgacion-de-la-ciencia-con-perspectiva-de-genero-y-diversidad\/#breadcrumb"},"inLanguage":"es-CL","potentialAction":[{"@type":"ReadAction","target":["https:\/\/vriic.usach.cl\/index.php\/equipos-de-comunicaciones-usach-se-capacitaron-en-divulgacion-de-la-ciencia-con-perspectiva-de-genero-y-diversidad\/"]}]},{"@type":"ImageObject","inLanguage":"es-CL","@id":"https:\/\/vriic.usach.cl\/index.php\/equipos-de-comunicaciones-usach-se-capacitaron-en-divulgacion-de-la-ciencia-con-perspectiva-de-genero-y-diversidad\/#primaryimage","url":"https:\/\/vriic.usach.cl\/wp-content\/uploads\/2024\/04\/taller-periodistas.png","contentUrl":"https:\/\/vriic.usach.cl\/wp-content\/uploads\/2024\/04\/taller-periodistas.png","width":1100,"height":360,"caption":"comunicaci\u00f3n cient\u00edfica"},{"@type":"BreadcrumbList","@id":"https:\/\/vriic.usach.cl\/index.php\/equipos-de-comunicaciones-usach-se-capacitaron-en-divulgacion-de-la-ciencia-con-perspectiva-de-genero-y-diversidad\/#breadcrumb","itemListElement":[{"@type":"ListItem","position":1,"name":"Portada","item":"https:\/\/vriic.usach.cl\/"},{"@type":"ListItem","position":2,"name":"Equipos de comunicaciones Usach se capacitaron en divulgaci\u00f3n de la ciencia con perspectiva de g\u00e9nero y diversidad"}]},{"@type":"WebSite","@id":"https:\/\/vriic.usach.cl\/#website","url":"https:\/\/vriic.usach.cl\/","name":"VRIIC","description":"Vicerrector\u00eda de Investigaci\u00f3n, Innovaci\u00f3n y Creaci\u00f3n","publisher":{"@id":"https:\/\/vriic.usach.cl\/#organization"},"potentialAction":[{"@type":"SearchAction","target":{"@type":"EntryPoint","urlTemplate":"https:\/\/vriic.usach.cl\/?s={search_term_string}"},"query-input":"required name=search_term_string"}],"inLanguage":"es-CL"},{"@type":"Organization","@id":"https:\/\/vriic.usach.cl\/#organization","name":"VRIIC","url":"https:\/\/vriic.usach.cl\/","logo":{"@type":"ImageObject","inLanguage":"es-CL","@id":"https:\/\/vriic.usach.cl\/#\/schema\/logo\/image\/","url":"https:\/\/vriic.usach.cl\/wp-content\/uploads\/2024\/05\/cropped-HISTORIA-C-min-1.png","contentUrl":"https:\/\/vriic.usach.cl\/wp-content\/uploads\/2024\/05\/cropped-HISTORIA-C-min-1.png","width":966,"height":228,"caption":"VRIIC"},"image":{"@id":"https:\/\/vriic.usach.cl\/#\/schema\/logo\/image\/"}},{"@type":"Person","@id":"https:\/\/vriic.usach.cl\/#\/schema\/person\/7445abf7c84e3726508476493e702b11","name":"Comunicaciones VRIIC","image":{"@type":"ImageObject","inLanguage":"es-CL","@id":"https:\/\/vriic.usach.cl\/#\/schema\/person\/image\/","url":"https:\/\/secure.gravatar.com\/avatar\/a059dbff38f4b6242f148cadb92d0b1baec305d7378c7081c16c798f88d9af47?s=96&d=mm&r=g","contentUrl":"https:\/\/secure.gravatar.com\/avatar\/a059dbff38f4b6242f148cadb92d0b1baec305d7378c7081c16c798f88d9af47?s=96&d=mm&r=g","caption":"Comunicaciones VRIIC"},"sameAs":["http:\/\/158.170.66.230"],"url":"https:\/\/vriic.usach.cl\/index.php\/author\/adminvridei\/"}]}},"rttpg_featured_image_url":{"full":["https:\/\/vriic.usach.cl\/wp-content\/uploads\/2024\/04\/taller-periodistas.png",1100,360,false],"landscape":["https:\/\/vriic.usach.cl\/wp-content\/uploads\/2024\/04\/taller-periodistas.png",1100,360,false],"portraits":["https:\/\/vriic.usach.cl\/wp-content\/uploads\/2024\/04\/taller-periodistas.png",1100,360,false],"thumbnail":["https:\/\/vriic.usach.cl\/wp-content\/uploads\/2024\/04\/taller-periodistas-150x150.png",150,150,true],"medium":["https:\/\/vriic.usach.cl\/wp-content\/uploads\/2024\/04\/taller-periodistas-300x98.png",300,98,true],"large":["https:\/\/vriic.usach.cl\/wp-content\/uploads\/2024\/04\/taller-periodistas-1024x335.png",1024,335,true],"1536x1536":["https:\/\/vriic.usach.cl\/wp-content\/uploads\/2024\/04\/taller-periodistas.png",1100,360,false],"2048x2048":["https:\/\/vriic.usach.cl\/wp-content\/uploads\/2024\/04\/taller-periodistas.png",1100,360,false],"rpwe-thumbnail":["https:\/\/vriic.usach.cl\/wp-content\/uploads\/2024\/04\/taller-periodistas-45x45.png",45,45,true]},"rttpg_author":{"display_name":"Comunicaciones VRIIC","author_link":"https:\/\/vriic.usach.cl\/index.php\/author\/adminvridei\/"},"rttpg_comment":0,"rttpg_category":"<a href=\"https:\/\/vriic.usach.cl\/index.php\/category\/proyecto-ines-genero-ciencia\/\" rel=\"category tag\">Proyecto InES Ciencia + G\u00e9nero<\/a>","rttpg_excerpt":"El curso estuvo a cargo de la Dra. Sabina Garc\u00eda Peter, coordinadora cient\u00edfica en el Centro Margherita von Brentano para los Estudios de G\u00e9nero de la Universidad Libre de Berl\u00edn [&hellip;]","_links":{"self":[{"href":"https:\/\/vriic.usach.cl\/index.php\/wp-json\/wp\/v2\/posts\/13743","targetHints":{"allow":["GET"]}}],"collection":[{"href":"https:\/\/vriic.usach.cl\/index.php\/wp-json\/wp\/v2\/posts"}],"about":[{"href":"https:\/\/vriic.usach.cl\/index.php\/wp-json\/wp\/v2\/types\/post"}],"author":[{"embeddable":true,"href":"https:\/\/vriic.usach.cl\/index.php\/wp-json\/wp\/v2\/users\/1"}],"replies":[{"embeddable":true,"href":"https:\/\/vriic.usach.cl\/index.php\/wp-json\/wp\/v2\/comments?post=13743"}],"version-history":[{"count":9,"href":"https:\/\/vriic.usach.cl\/index.php\/wp-json\/wp\/v2\/posts\/13743\/revisions"}],"predecessor-version":[{"id":13773,"href":"https:\/\/vriic.usach.cl\/index.php\/wp-json\/wp\/v2\/posts\/13743\/revisions\/13773"}],"wp:featuredmedia":[{"embeddable":true,"href":"https:\/\/vriic.usach.cl\/index.php\/wp-json\/wp\/v2\/media\/13749"}],"wp:attachment":[{"href":"https:\/\/vriic.usach.cl\/index.php\/wp-json\/wp\/v2\/media?parent=13743"}],"wp:term":[{"taxonomy":"category","embeddable":true,"href":"https:\/\/vriic.usach.cl\/index.php\/wp-json\/wp\/v2\/categories?post=13743"},{"taxonomy":"post_tag","embeddable":true,"href":"https:\/\/vriic.usach.cl\/index.php\/wp-json\/wp\/v2\/tags?post=13743"}],"curies":[{"name":"wp","href":"https:\/\/api.w.org\/{rel}","templated":true}]}}