{"id":12181,"date":"2023-11-24T08:56:54","date_gmt":"2023-11-24T11:56:54","guid":{"rendered":"https:\/\/vriic.usach.cl\/?p=12181"},"modified":"2023-11-28T11:14:00","modified_gmt":"2023-11-28T14:14:00","slug":"investigadores-fortalecen-su-colaboracion-con-mexico-para-la-vigilancia-genomica-del-virus-sars-cov-2","status":"publish","type":"post","link":"https:\/\/vriic.usach.cl\/index.php\/investigadores-fortalecen-su-colaboracion-con-mexico-para-la-vigilancia-genomica-del-virus-sars-cov-2\/","title":{"rendered":"Investigadores fortalecen su colaboraci\u00f3n con M\u00e9xico para la vigilancia gen\u00f3mica del virus SARS-CoV-2"},"content":{"rendered":"\t\t<div data-elementor-type=\"wp-post\" data-elementor-id=\"12181\" class=\"elementor elementor-12181\" data-elementor-post-type=\"post\">\n\t\t\t\t\t\t<section class=\"elementor-section elementor-top-section elementor-element elementor-element-7023b02e elementor-section-boxed elementor-section-height-default elementor-section-height-default wpr-particle-no wpr-jarallax-no wpr-parallax-no\" data-id=\"7023b02e\" data-element_type=\"section\" data-e-type=\"section\">\n\t\t\t\t\t\t<div class=\"elementor-container elementor-column-gap-default\">\n\t\t\t\t\t<div class=\"elementor-column elementor-col-100 elementor-top-column elementor-element elementor-element-5ac87a05\" data-id=\"5ac87a05\" data-element_type=\"column\" data-e-type=\"column\">\n\t\t\t<div class=\"elementor-widget-wrap elementor-element-populated\">\n\t\t\t\t\t\t<section class=\"elementor-section elementor-inner-section elementor-element elementor-element-7d523d01 elementor-section-boxed elementor-section-height-default elementor-section-height-default wpr-particle-no wpr-jarallax-no wpr-parallax-no wpr-sticky-section-no\" data-id=\"7d523d01\" data-element_type=\"section\" data-e-type=\"section\">\n\t\t\t\t\t\t<div class=\"elementor-container elementor-column-gap-default\">\n\t\t\t\t\t<div class=\"elementor-column elementor-col-100 elementor-inner-column elementor-element elementor-element-21d6b5f9\" data-id=\"21d6b5f9\" data-element_type=\"column\" data-e-type=\"column\">\n\t\t\t<div class=\"elementor-widget-wrap elementor-element-populated\">\n\t\t\t\t\t\t<div class=\"elementor-element elementor-element-5e6b6fef elementor-share-buttons--view-icon elementor-share-buttons--shape-circle elementor-share-buttons--skin-gradient elementor-grid-0 elementor-share-buttons--color-official elementor-widget elementor-widget-share-buttons\" data-id=\"5e6b6fef\" data-element_type=\"widget\" data-e-type=\"widget\" data-widget_type=\"share-buttons.default\">\n\t\t\t\t<div class=\"elementor-widget-container\">\n\t\t\t\t\t\t\t<div class=\"elementor-grid\" role=\"list\">\n\t\t\t\t\t\t\t\t<div class=\"elementor-grid-item\" role=\"listitem\">\n\t\t\t\t\t\t<div class=\"elementor-share-btn elementor-share-btn_facebook\" role=\"button\" tabindex=\"0\" aria-label=\"Share on facebook\">\n\t\t\t\t\t\t\t\t\t\t\t\t\t\t\t<span class=\"elementor-share-btn__icon\">\n\t\t\t\t\t\t\t\t<i class=\"fab fa-facebook\" aria-hidden=\"true\"><\/i>\t\t\t\t\t\t\t<\/span>\n\t\t\t\t\t\t\t\t\t\t\t\t\t\t\t\t\t\t\t\t<\/div>\n\t\t\t\t\t<\/div>\n\t\t\t\t\t\t\t\t\t<div class=\"elementor-grid-item\" role=\"listitem\">\n\t\t\t\t\t\t<div class=\"elementor-share-btn elementor-share-btn_twitter\" role=\"button\" tabindex=\"0\" aria-label=\"Share on twitter\">\n\t\t\t\t\t\t\t\t\t\t\t\t\t\t\t<span class=\"elementor-share-btn__icon\">\n\t\t\t\t\t\t\t\t<i class=\"fab fa-twitter\" aria-hidden=\"true\"><\/i>\t\t\t\t\t\t\t<\/span>\n\t\t\t\t\t\t\t\t\t\t\t\t\t\t\t\t\t\t\t\t<\/div>\n\t\t\t\t\t<\/div>\n\t\t\t\t\t\t\t\t\t<div class=\"elementor-grid-item\" role=\"listitem\">\n\t\t\t\t\t\t<div class=\"elementor-share-btn elementor-share-btn_linkedin\" role=\"button\" tabindex=\"0\" aria-label=\"Share on linkedin\">\n\t\t\t\t\t\t\t\t\t\t\t\t\t\t\t<span class=\"elementor-share-btn__icon\">\n\t\t\t\t\t\t\t\t<i class=\"fab fa-linkedin\" aria-hidden=\"true\"><\/i>\t\t\t\t\t\t\t<\/span>\n\t\t\t\t\t\t\t\t\t\t\t\t\t\t\t\t\t\t\t\t<\/div>\n\t\t\t\t\t<\/div>\n\t\t\t\t\t\t<\/div>\n\t\t\t\t\t\t<\/div>\n\t\t\t\t<\/div>\n\t\t\t\t<div class=\"elementor-element elementor-element-12f7516f elementor-widget elementor-widget-text-editor\" data-id=\"12f7516f\" data-element_type=\"widget\" data-e-type=\"widget\" data-widget_type=\"text-editor.default\">\n\t\t\t\t<div class=\"elementor-widget-container\">\n\t\t\t\t\t\t\t\t\t<p><strong>En un workshop realizado en nuestra Universidad, el equipo cient\u00edfico expuso los avances moleculares que se est\u00e1n desarrollando en ambos pa\u00edses para la detecci\u00f3n de variantes del virus. En la actividad, participaron investigadoras e investigadores de la Facultad de Qu\u00edmica y Biolog\u00eda de la Usach, Facultad de Medicina de la U. de Atacama y del Instituto Nacional de Medicina Gen\u00f3mica de M\u00e9xico.<\/strong><\/p>\t\t\t\t\t\t\t\t<\/div>\n\t\t\t\t<\/div>\n\t\t\t\t<div class=\"elementor-element elementor-element-55cb7123 elementor-widget elementor-widget-text-editor\" data-id=\"55cb7123\" data-element_type=\"widget\" data-e-type=\"widget\" data-widget_type=\"text-editor.default\">\n\t\t\t\t<div class=\"elementor-widget-container\">\n\t\t\t\t\t\t\t\t\t<p><strong>&#8220;Herramientas para la vigilancia gen\u00f3mica del virus SARS-CoV-2 en Latinoam\u00e9rica: Aprendizajes desde la colaboraci\u00f3n Chile-M\u00e9xico\u201d<\/strong>, se titul\u00f3 el workshop cuyo prop\u00f3sito fue abrir un espacio para compartir experiencias sobre avances moleculares en la detecci\u00f3n de variantes Sars-CoV-2 (COVID), en ambos pa\u00edses. La idea es expandir el conocimiento y herramientas para fomentar el uso de aproximaciones gen\u00f3micas en respuesta a agentes virales en Am\u00e9rica Latina.<\/p><p>La actividad fue parte del Proyecto N\u00b0182 <strong>\u201cEstablecimiento de un eje de colaboraci\u00f3n Chile-M\u00e9xico para la vigilancia gen\u00f3mica del virus SARS-CoV-2 en Latinoam\u00e9rica: intercambio t\u00e9cnico y acad\u00e9mico para fortalecer las capacidades de vigilancia epidemiol\u00f3gica en la Regi\u00f3n\u201d<\/strong>, financiado por el Fondo Conjunto de Cooperaci\u00f3n Chile-M\u00e9xico, que cuenta con un presupuesto de aproximadamente US$ 400.000 aportados por ambos pa\u00edses, el que se otorg\u00f3 en su oportunidad exclusivamente a instituciones p\u00fablicas. Esto como parte de la estrategia de ambos Estados por robustecer la cooperaci\u00f3n Sur-Sur, en el \u00e1mbito de la ciencia, tecnolog\u00eda e innovaci\u00f3n.<\/p><p>La vigilancia gen\u00f3mica del nuevo coronavirus\u00a0se inici\u00f3 en 2021, cuando el equipo de investigaci\u00f3n de la Facultad de Qu\u00edmica y Biolog\u00eda fue convocado por el Ministerio de Ciencia, para colaborar en la identificaci\u00f3n de variantes del virus para el control de la pandemia.<em> \u201cFue un desaf\u00edo aplicar el conocimiento en biolog\u00eda molecular, virolog\u00eda y gen\u00e9tica, en el diagn\u00f3stico del Sars-CoV-2 un virus desconocido, pasando de un laboratorio de investigaci\u00f3n a un laboratorio que apoy\u00f3 directamente al Sistema de Salud P\u00fablico Nacional\u201d<\/em>, subraya el<strong> Dr. Marcelo Cortez San Mart\u00edn<\/strong>, director t\u00e9cnico del proyecto e investigador del laboratorio de Virolog\u00eda Molecular y Control de Pat\u00f3genos.<\/p><p>Actualmente, la meta es anteponerse a una nueva variante y fortalecer las capacidades de vigilancia epidemiol\u00f3gica. <em>\u201cLo importante es tener el conocimiento para abordar una posible pandemia en el futuro y otorgar la informaci\u00f3n necesaria a las autoridades cuando sea requerido\u201d<\/em>, dice el <strong>Dr. Francisco Cubillos Riffo<\/strong>, encargado del area de Informes y Estad\u00edsticas del Proyecto y l\u00edder de la Unidad de Gen\u00f3mica y Bioinform\u00e1tica de la Facultad de Qu\u00edmica y Biolog\u00eda.<\/p><p>En este contexto, el Fondo Chile-M\u00e9xico tiene como prop\u00f3sito principal mantener un eje de colaboraci\u00f3n entre ambos pa\u00edses. <em>\u201cEl objetivo es realizar un aporte a las comunidades de Chile, M\u00e9xico y Latinoam\u00e9rica en el \u00e1mbito epidemiol\u00f3gico\u201d<\/em>, indica la <strong>Dra. Yesseny V\u00e1squez Mart\u00ednez<\/strong>, de la Escuela de Medicina de la Usach, en su rol de Encargada de Sistema de Calidad y Coordinaci\u00f3n del proyecto.<\/p><p>El proyecto busca propiciar un intercambio t\u00e9cnico y acad\u00e9mico entre las instituciones pares. <em>\u201cEstamos entusiasmados con que esta colaboraci\u00f3n con la Usach pueda permanecer y fortalecerse con m\u00e1s proyectos y a\u00f1os trabajando juntos. En esta visita hemos tenido la oportunidad de trabajar de primera mano en los proyectos que est\u00e1n trabajando y vemos que hay una enorme capacidad en las y los estudiantes que est\u00e1n capacitando, estamos bastante impresionados\u201d<\/em>, destaca <strong>Dora Garnica<\/strong>, del Instituto Nacional de Medicina Gen\u00f3mica de M\u00e9xico.<\/p>\t\t\t\t\t\t\t\t<\/div>\n\t\t\t\t<\/div>\n\t\t\t\t\t<\/div>\n\t\t<\/div>\n\t\t\t\t\t<\/div>\n\t\t<\/section>\n\t\t\t\t\t<\/div>\n\t\t<\/div>\n\t\t\t\t\t<\/div>\n\t\t<\/section>\n\t\t<div class=\"elementor-element elementor-element-8860738 e-flex e-con-boxed wpr-particle-no wpr-jarallax-no wpr-parallax-no wpr-sticky-section-no e-con e-parent\" data-id=\"8860738\" data-element_type=\"container\" data-e-type=\"container\">\n\t\t\t\t\t<div class=\"e-con-inner\">\n\t\t\t\t<div class=\"elementor-element elementor-element-1c96e3a elementor-widget elementor-widget-video\" data-id=\"1c96e3a\" data-element_type=\"widget\" data-e-type=\"widget\" data-settings=\"{&quot;youtube_url&quot;:&quot;https:\\\/\\\/www.youtube.com\\\/watch?v=pgmElbNit1I&quot;,&quot;video_type&quot;:&quot;youtube&quot;,&quot;controls&quot;:&quot;yes&quot;}\" data-widget_type=\"video.default\">\n\t\t\t\t<div class=\"elementor-widget-container\">\n\t\t\t\t\t\t\t<div class=\"elementor-wrapper elementor-open-inline\">\n\t\t\t<div class=\"elementor-video\"><\/div>\t\t<\/div>\n\t\t\t\t\t\t<\/div>\n\t\t\t\t<\/div>\n\t\t\t\t\t<\/div>\n\t\t\t\t<\/div>\n\t\t\t\t<\/div>\n\t\t","protected":false},"excerpt":{"rendered":"<p>En un workshop realizado en nuestra Universidad, el equipo cient\u00edfico expuso los avances moleculares que se est\u00e1n desarrollando en ambos pa\u00edses para la detecci\u00f3n de variantes del virus. En la [&hellip;]<\/p>\n","protected":false},"author":1,"featured_media":12226,"comment_status":"closed","ping_status":"closed","sticky":false,"template":"","format":"standard","meta":{"inline_featured_image":false,"_monsterinsights_skip_tracking":false,"_monsterinsights_sitenote_active":false,"_monsterinsights_sitenote_note":"","_monsterinsights_sitenote_category":0,"site-sidebar-layout":"default","site-content-layout":"","ast-site-content-layout":"","site-content-style":"default","site-sidebar-style":"default","ast-global-header-display":"","ast-banner-title-visibility":"","ast-main-header-display":"","ast-hfb-above-header-display":"","ast-hfb-below-header-display":"","ast-hfb-mobile-header-display":"","site-post-title":"","ast-breadcrumbs-content":"","ast-featured-img":"","footer-sml-layout":"","theme-transparent-header-meta":"","adv-header-id-meta":"","stick-header-meta":"","header-above-stick-meta":"","header-main-stick-meta":"","header-below-stick-meta":"","astra-migrate-meta-layouts":"default","ast-page-background-enabled":"default","ast-page-background-meta":{"desktop":{"background-color":"","background-image":"","background-repeat":"repeat","background-position":"center center","background-size":"auto","background-attachment":"scroll","background-type":"","background-media":"","overlay-type":"","overlay-color":"","overlay-gradient":""},"tablet":{"background-color":"","background-image":"","background-repeat":"repeat","background-position":"center center","background-size":"auto","background-attachment":"scroll","background-type":"","background-media":"","overlay-type":"","overlay-color":"","overlay-gradient":""},"mobile":{"background-color":"","background-image":"","background-repeat":"repeat","background-position":"center center","background-size":"auto","background-attachment":"scroll","background-type":"","background-media":"","overlay-type":"","overlay-color":"","overlay-gradient":""}},"ast-content-background-meta":{"desktop":{"background-color":"var(--ast-global-color-5)","background-image":"","background-repeat":"repeat","background-position":"center center","background-size":"auto","background-attachment":"scroll","background-type":"","background-media":"","overlay-type":"","overlay-color":"","overlay-gradient":""},"tablet":{"background-color":"var(--ast-global-color-5)","background-image":"","background-repeat":"repeat","background-position":"center center","background-size":"auto","background-attachment":"scroll","background-type":"","background-media":"","overlay-type":"","overlay-color":"","overlay-gradient":""},"mobile":{"background-color":"var(--ast-global-color-5)","background-image":"","background-repeat":"repeat","background-position":"center center","background-size":"auto","background-attachment":"scroll","background-type":"","background-media":"","overlay-type":"","overlay-color":"","overlay-gradient":""}},"footnotes":""},"categories":[8],"tags":[],"class_list":["post-12181","post","type-post","status-publish","format-standard","has-post-thumbnail","hentry","category-investigacion"],"yoast_head":"<!-- This site is optimized with the Yoast SEO plugin v22.3 - https:\/\/yoast.com\/wordpress\/plugins\/seo\/ -->\n<title>Investigadores fortalecen su colaboraci\u00f3n con M\u00e9xico para la vigilancia gen\u00f3mica del virus SARS-CoV-2 - VRIIC<\/title>\n<meta name=\"robots\" content=\"index, follow, max-snippet:-1, max-image-preview:large, max-video-preview:-1\" \/>\n<link rel=\"canonical\" href=\"https:\/\/vriic.usach.cl\/index.php\/investigadores-fortalecen-su-colaboracion-con-mexico-para-la-vigilancia-genomica-del-virus-sars-cov-2\/\" \/>\n<meta property=\"og:locale\" content=\"es_ES\" \/>\n<meta property=\"og:type\" content=\"article\" \/>\n<meta property=\"og:title\" content=\"Investigadores fortalecen su colaboraci\u00f3n con M\u00e9xico para la vigilancia gen\u00f3mica del virus SARS-CoV-2 - VRIIC\" \/>\n<meta property=\"og:description\" content=\"En un workshop realizado en nuestra Universidad, el equipo cient\u00edfico expuso los avances moleculares que se est\u00e1n desarrollando en ambos pa\u00edses para la detecci\u00f3n de variantes del virus. En la [&hellip;]\" \/>\n<meta property=\"og:url\" content=\"https:\/\/vriic.usach.cl\/index.php\/investigadores-fortalecen-su-colaboracion-con-mexico-para-la-vigilancia-genomica-del-virus-sars-cov-2\/\" \/>\n<meta property=\"og:site_name\" content=\"VRIIC\" \/>\n<meta property=\"article:published_time\" content=\"2023-11-24T11:56:54+00:00\" \/>\n<meta property=\"article:modified_time\" content=\"2023-11-28T14:14:00+00:00\" \/>\n<meta property=\"og:image\" content=\"https:\/\/vriic.usach.cl\/wp-content\/uploads\/2023\/11\/nota-marcelo-cortez.png\" \/>\n\t<meta property=\"og:image:width\" content=\"1100\" \/>\n\t<meta property=\"og:image:height\" content=\"360\" \/>\n\t<meta property=\"og:image:type\" content=\"image\/png\" \/>\n<meta name=\"author\" content=\"Comunicaciones VRIIC\" \/>\n<meta name=\"twitter:card\" content=\"summary_large_image\" \/>\n<meta name=\"twitter:label1\" content=\"Written by\" \/>\n\t<meta name=\"twitter:data1\" content=\"Comunicaciones VRIIC\" \/>\n\t<meta name=\"twitter:label2\" content=\"Est. reading time\" \/>\n\t<meta name=\"twitter:data2\" content=\"3 minutos\" \/>\n<script type=\"application\/ld+json\" class=\"yoast-schema-graph\">{\"@context\":\"https:\/\/schema.org\",\"@graph\":[{\"@type\":\"Article\",\"@id\":\"https:\/\/vriic.usach.cl\/index.php\/investigadores-fortalecen-su-colaboracion-con-mexico-para-la-vigilancia-genomica-del-virus-sars-cov-2\/#article\",\"isPartOf\":{\"@id\":\"https:\/\/vriic.usach.cl\/index.php\/investigadores-fortalecen-su-colaboracion-con-mexico-para-la-vigilancia-genomica-del-virus-sars-cov-2\/\"},\"author\":{\"name\":\"Comunicaciones VRIIC\",\"@id\":\"https:\/\/vriic.usach.cl\/#\/schema\/person\/7445abf7c84e3726508476493e702b11\"},\"headline\":\"Investigadores fortalecen su colaboraci\u00f3n con M\u00e9xico para la vigilancia gen\u00f3mica del virus SARS-CoV-2\",\"datePublished\":\"2023-11-24T11:56:54+00:00\",\"dateModified\":\"2023-11-28T14:14:00+00:00\",\"mainEntityOfPage\":{\"@id\":\"https:\/\/vriic.usach.cl\/index.php\/investigadores-fortalecen-su-colaboracion-con-mexico-para-la-vigilancia-genomica-del-virus-sars-cov-2\/\"},\"wordCount\":634,\"publisher\":{\"@id\":\"https:\/\/vriic.usach.cl\/#organization\"},\"image\":{\"@id\":\"https:\/\/vriic.usach.cl\/index.php\/investigadores-fortalecen-su-colaboracion-con-mexico-para-la-vigilancia-genomica-del-virus-sars-cov-2\/#primaryimage\"},\"thumbnailUrl\":\"https:\/\/vriic.usach.cl\/wp-content\/uploads\/2023\/11\/nota-marcelo-cortez.png\",\"articleSection\":[\"Investigaci\u00f3n\"],\"inLanguage\":\"es-CL\"},{\"@type\":\"WebPage\",\"@id\":\"https:\/\/vriic.usach.cl\/index.php\/investigadores-fortalecen-su-colaboracion-con-mexico-para-la-vigilancia-genomica-del-virus-sars-cov-2\/\",\"url\":\"https:\/\/vriic.usach.cl\/index.php\/investigadores-fortalecen-su-colaboracion-con-mexico-para-la-vigilancia-genomica-del-virus-sars-cov-2\/\",\"name\":\"Investigadores fortalecen su colaboraci\u00f3n con M\u00e9xico para la vigilancia gen\u00f3mica del virus SARS-CoV-2 - VRIIC\",\"isPartOf\":{\"@id\":\"https:\/\/vriic.usach.cl\/#website\"},\"primaryImageOfPage\":{\"@id\":\"https:\/\/vriic.usach.cl\/index.php\/investigadores-fortalecen-su-colaboracion-con-mexico-para-la-vigilancia-genomica-del-virus-sars-cov-2\/#primaryimage\"},\"image\":{\"@id\":\"https:\/\/vriic.usach.cl\/index.php\/investigadores-fortalecen-su-colaboracion-con-mexico-para-la-vigilancia-genomica-del-virus-sars-cov-2\/#primaryimage\"},\"thumbnailUrl\":\"https:\/\/vriic.usach.cl\/wp-content\/uploads\/2023\/11\/nota-marcelo-cortez.png\",\"datePublished\":\"2023-11-24T11:56:54+00:00\",\"dateModified\":\"2023-11-28T14:14:00+00:00\",\"breadcrumb\":{\"@id\":\"https:\/\/vriic.usach.cl\/index.php\/investigadores-fortalecen-su-colaboracion-con-mexico-para-la-vigilancia-genomica-del-virus-sars-cov-2\/#breadcrumb\"},\"inLanguage\":\"es-CL\",\"potentialAction\":[{\"@type\":\"ReadAction\",\"target\":[\"https:\/\/vriic.usach.cl\/index.php\/investigadores-fortalecen-su-colaboracion-con-mexico-para-la-vigilancia-genomica-del-virus-sars-cov-2\/\"]}]},{\"@type\":\"ImageObject\",\"inLanguage\":\"es-CL\",\"@id\":\"https:\/\/vriic.usach.cl\/index.php\/investigadores-fortalecen-su-colaboracion-con-mexico-para-la-vigilancia-genomica-del-virus-sars-cov-2\/#primaryimage\",\"url\":\"https:\/\/vriic.usach.cl\/wp-content\/uploads\/2023\/11\/nota-marcelo-cortez.png\",\"contentUrl\":\"https:\/\/vriic.usach.cl\/wp-content\/uploads\/2023\/11\/nota-marcelo-cortez.png\",\"width\":1100,\"height\":360,\"caption\":\"nota marcelo cortez\"},{\"@type\":\"BreadcrumbList\",\"@id\":\"https:\/\/vriic.usach.cl\/index.php\/investigadores-fortalecen-su-colaboracion-con-mexico-para-la-vigilancia-genomica-del-virus-sars-cov-2\/#breadcrumb\",\"itemListElement\":[{\"@type\":\"ListItem\",\"position\":1,\"name\":\"Portada\",\"item\":\"https:\/\/vriic.usach.cl\/\"},{\"@type\":\"ListItem\",\"position\":2,\"name\":\"Investigadores fortalecen su colaboraci\u00f3n con M\u00e9xico para la vigilancia gen\u00f3mica del virus SARS-CoV-2\"}]},{\"@type\":\"WebSite\",\"@id\":\"https:\/\/vriic.usach.cl\/#website\",\"url\":\"https:\/\/vriic.usach.cl\/\",\"name\":\"VRIIC\",\"description\":\"Vicerrector\u00eda de Investigaci\u00f3n, Innovaci\u00f3n y Creaci\u00f3n\",\"publisher\":{\"@id\":\"https:\/\/vriic.usach.cl\/#organization\"},\"potentialAction\":[{\"@type\":\"SearchAction\",\"target\":{\"@type\":\"EntryPoint\",\"urlTemplate\":\"https:\/\/vriic.usach.cl\/?s={search_term_string}\"},\"query-input\":\"required name=search_term_string\"}],\"inLanguage\":\"es-CL\"},{\"@type\":\"Organization\",\"@id\":\"https:\/\/vriic.usach.cl\/#organization\",\"name\":\"VRIIC\",\"url\":\"https:\/\/vriic.usach.cl\/\",\"logo\":{\"@type\":\"ImageObject\",\"inLanguage\":\"es-CL\",\"@id\":\"https:\/\/vriic.usach.cl\/#\/schema\/logo\/image\/\",\"url\":\"https:\/\/vriic.usach.cl\/wp-content\/uploads\/2024\/05\/cropped-HISTORIA-C-min-1.png\",\"contentUrl\":\"https:\/\/vriic.usach.cl\/wp-content\/uploads\/2024\/05\/cropped-HISTORIA-C-min-1.png\",\"width\":966,\"height\":228,\"caption\":\"VRIIC\"},\"image\":{\"@id\":\"https:\/\/vriic.usach.cl\/#\/schema\/logo\/image\/\"}},{\"@type\":\"Person\",\"@id\":\"https:\/\/vriic.usach.cl\/#\/schema\/person\/7445abf7c84e3726508476493e702b11\",\"name\":\"Comunicaciones VRIIC\",\"image\":{\"@type\":\"ImageObject\",\"inLanguage\":\"es-CL\",\"@id\":\"https:\/\/vriic.usach.cl\/#\/schema\/person\/image\/\",\"url\":\"https:\/\/secure.gravatar.com\/avatar\/a059dbff38f4b6242f148cadb92d0b1baec305d7378c7081c16c798f88d9af47?s=96&d=mm&r=g\",\"contentUrl\":\"https:\/\/secure.gravatar.com\/avatar\/a059dbff38f4b6242f148cadb92d0b1baec305d7378c7081c16c798f88d9af47?s=96&d=mm&r=g\",\"caption\":\"Comunicaciones VRIIC\"},\"sameAs\":[\"http:\/\/158.170.66.230\"],\"url\":\"https:\/\/vriic.usach.cl\/index.php\/author\/adminvridei\/\"}]}<\/script>\n<!-- \/ Yoast SEO plugin. -->","yoast_head_json":{"title":"Investigadores fortalecen su colaboraci\u00f3n con M\u00e9xico para la vigilancia gen\u00f3mica del virus SARS-CoV-2 - VRIIC","robots":{"index":"index","follow":"follow","max-snippet":"max-snippet:-1","max-image-preview":"max-image-preview:large","max-video-preview":"max-video-preview:-1"},"canonical":"https:\/\/vriic.usach.cl\/index.php\/investigadores-fortalecen-su-colaboracion-con-mexico-para-la-vigilancia-genomica-del-virus-sars-cov-2\/","og_locale":"es_ES","og_type":"article","og_title":"Investigadores fortalecen su colaboraci\u00f3n con M\u00e9xico para la vigilancia gen\u00f3mica del virus SARS-CoV-2 - VRIIC","og_description":"En un workshop realizado en nuestra Universidad, el equipo cient\u00edfico expuso los avances moleculares que se est\u00e1n desarrollando en ambos pa\u00edses para la detecci\u00f3n de variantes del virus. En la [&hellip;]","og_url":"https:\/\/vriic.usach.cl\/index.php\/investigadores-fortalecen-su-colaboracion-con-mexico-para-la-vigilancia-genomica-del-virus-sars-cov-2\/","og_site_name":"VRIIC","article_published_time":"2023-11-24T11:56:54+00:00","article_modified_time":"2023-11-28T14:14:00+00:00","og_image":[{"width":1100,"height":360,"url":"https:\/\/vriic.usach.cl\/wp-content\/uploads\/2023\/11\/nota-marcelo-cortez.png","type":"image\/png"}],"author":"Comunicaciones VRIIC","twitter_card":"summary_large_image","twitter_misc":{"Written by":"Comunicaciones VRIIC","Est. reading time":"3 minutos"},"schema":{"@context":"https:\/\/schema.org","@graph":[{"@type":"Article","@id":"https:\/\/vriic.usach.cl\/index.php\/investigadores-fortalecen-su-colaboracion-con-mexico-para-la-vigilancia-genomica-del-virus-sars-cov-2\/#article","isPartOf":{"@id":"https:\/\/vriic.usach.cl\/index.php\/investigadores-fortalecen-su-colaboracion-con-mexico-para-la-vigilancia-genomica-del-virus-sars-cov-2\/"},"author":{"name":"Comunicaciones VRIIC","@id":"https:\/\/vriic.usach.cl\/#\/schema\/person\/7445abf7c84e3726508476493e702b11"},"headline":"Investigadores fortalecen su colaboraci\u00f3n con M\u00e9xico para la vigilancia gen\u00f3mica del virus SARS-CoV-2","datePublished":"2023-11-24T11:56:54+00:00","dateModified":"2023-11-28T14:14:00+00:00","mainEntityOfPage":{"@id":"https:\/\/vriic.usach.cl\/index.php\/investigadores-fortalecen-su-colaboracion-con-mexico-para-la-vigilancia-genomica-del-virus-sars-cov-2\/"},"wordCount":634,"publisher":{"@id":"https:\/\/vriic.usach.cl\/#organization"},"image":{"@id":"https:\/\/vriic.usach.cl\/index.php\/investigadores-fortalecen-su-colaboracion-con-mexico-para-la-vigilancia-genomica-del-virus-sars-cov-2\/#primaryimage"},"thumbnailUrl":"https:\/\/vriic.usach.cl\/wp-content\/uploads\/2023\/11\/nota-marcelo-cortez.png","articleSection":["Investigaci\u00f3n"],"inLanguage":"es-CL"},{"@type":"WebPage","@id":"https:\/\/vriic.usach.cl\/index.php\/investigadores-fortalecen-su-colaboracion-con-mexico-para-la-vigilancia-genomica-del-virus-sars-cov-2\/","url":"https:\/\/vriic.usach.cl\/index.php\/investigadores-fortalecen-su-colaboracion-con-mexico-para-la-vigilancia-genomica-del-virus-sars-cov-2\/","name":"Investigadores fortalecen su colaboraci\u00f3n con M\u00e9xico para la vigilancia gen\u00f3mica del virus SARS-CoV-2 - VRIIC","isPartOf":{"@id":"https:\/\/vriic.usach.cl\/#website"},"primaryImageOfPage":{"@id":"https:\/\/vriic.usach.cl\/index.php\/investigadores-fortalecen-su-colaboracion-con-mexico-para-la-vigilancia-genomica-del-virus-sars-cov-2\/#primaryimage"},"image":{"@id":"https:\/\/vriic.usach.cl\/index.php\/investigadores-fortalecen-su-colaboracion-con-mexico-para-la-vigilancia-genomica-del-virus-sars-cov-2\/#primaryimage"},"thumbnailUrl":"https:\/\/vriic.usach.cl\/wp-content\/uploads\/2023\/11\/nota-marcelo-cortez.png","datePublished":"2023-11-24T11:56:54+00:00","dateModified":"2023-11-28T14:14:00+00:00","breadcrumb":{"@id":"https:\/\/vriic.usach.cl\/index.php\/investigadores-fortalecen-su-colaboracion-con-mexico-para-la-vigilancia-genomica-del-virus-sars-cov-2\/#breadcrumb"},"inLanguage":"es-CL","potentialAction":[{"@type":"ReadAction","target":["https:\/\/vriic.usach.cl\/index.php\/investigadores-fortalecen-su-colaboracion-con-mexico-para-la-vigilancia-genomica-del-virus-sars-cov-2\/"]}]},{"@type":"ImageObject","inLanguage":"es-CL","@id":"https:\/\/vriic.usach.cl\/index.php\/investigadores-fortalecen-su-colaboracion-con-mexico-para-la-vigilancia-genomica-del-virus-sars-cov-2\/#primaryimage","url":"https:\/\/vriic.usach.cl\/wp-content\/uploads\/2023\/11\/nota-marcelo-cortez.png","contentUrl":"https:\/\/vriic.usach.cl\/wp-content\/uploads\/2023\/11\/nota-marcelo-cortez.png","width":1100,"height":360,"caption":"nota marcelo cortez"},{"@type":"BreadcrumbList","@id":"https:\/\/vriic.usach.cl\/index.php\/investigadores-fortalecen-su-colaboracion-con-mexico-para-la-vigilancia-genomica-del-virus-sars-cov-2\/#breadcrumb","itemListElement":[{"@type":"ListItem","position":1,"name":"Portada","item":"https:\/\/vriic.usach.cl\/"},{"@type":"ListItem","position":2,"name":"Investigadores fortalecen su colaboraci\u00f3n con M\u00e9xico para la vigilancia gen\u00f3mica del virus SARS-CoV-2"}]},{"@type":"WebSite","@id":"https:\/\/vriic.usach.cl\/#website","url":"https:\/\/vriic.usach.cl\/","name":"VRIIC","description":"Vicerrector\u00eda de Investigaci\u00f3n, Innovaci\u00f3n y Creaci\u00f3n","publisher":{"@id":"https:\/\/vriic.usach.cl\/#organization"},"potentialAction":[{"@type":"SearchAction","target":{"@type":"EntryPoint","urlTemplate":"https:\/\/vriic.usach.cl\/?s={search_term_string}"},"query-input":"required name=search_term_string"}],"inLanguage":"es-CL"},{"@type":"Organization","@id":"https:\/\/vriic.usach.cl\/#organization","name":"VRIIC","url":"https:\/\/vriic.usach.cl\/","logo":{"@type":"ImageObject","inLanguage":"es-CL","@id":"https:\/\/vriic.usach.cl\/#\/schema\/logo\/image\/","url":"https:\/\/vriic.usach.cl\/wp-content\/uploads\/2024\/05\/cropped-HISTORIA-C-min-1.png","contentUrl":"https:\/\/vriic.usach.cl\/wp-content\/uploads\/2024\/05\/cropped-HISTORIA-C-min-1.png","width":966,"height":228,"caption":"VRIIC"},"image":{"@id":"https:\/\/vriic.usach.cl\/#\/schema\/logo\/image\/"}},{"@type":"Person","@id":"https:\/\/vriic.usach.cl\/#\/schema\/person\/7445abf7c84e3726508476493e702b11","name":"Comunicaciones VRIIC","image":{"@type":"ImageObject","inLanguage":"es-CL","@id":"https:\/\/vriic.usach.cl\/#\/schema\/person\/image\/","url":"https:\/\/secure.gravatar.com\/avatar\/a059dbff38f4b6242f148cadb92d0b1baec305d7378c7081c16c798f88d9af47?s=96&d=mm&r=g","contentUrl":"https:\/\/secure.gravatar.com\/avatar\/a059dbff38f4b6242f148cadb92d0b1baec305d7378c7081c16c798f88d9af47?s=96&d=mm&r=g","caption":"Comunicaciones VRIIC"},"sameAs":["http:\/\/158.170.66.230"],"url":"https:\/\/vriic.usach.cl\/index.php\/author\/adminvridei\/"}]}},"rttpg_featured_image_url":{"full":["https:\/\/vriic.usach.cl\/wp-content\/uploads\/2023\/11\/nota-marcelo-cortez.png",1100,360,false],"landscape":["https:\/\/vriic.usach.cl\/wp-content\/uploads\/2023\/11\/nota-marcelo-cortez.png",1100,360,false],"portraits":["https:\/\/vriic.usach.cl\/wp-content\/uploads\/2023\/11\/nota-marcelo-cortez.png",1100,360,false],"thumbnail":["https:\/\/vriic.usach.cl\/wp-content\/uploads\/2023\/11\/nota-marcelo-cortez-150x150.png",150,150,true],"medium":["https:\/\/vriic.usach.cl\/wp-content\/uploads\/2023\/11\/nota-marcelo-cortez-300x98.png",300,98,true],"large":["https:\/\/vriic.usach.cl\/wp-content\/uploads\/2023\/11\/nota-marcelo-cortez-1024x335.png",1024,335,true],"1536x1536":["https:\/\/vriic.usach.cl\/wp-content\/uploads\/2023\/11\/nota-marcelo-cortez.png",1100,360,false],"2048x2048":["https:\/\/vriic.usach.cl\/wp-content\/uploads\/2023\/11\/nota-marcelo-cortez.png",1100,360,false],"rpwe-thumbnail":["https:\/\/vriic.usach.cl\/wp-content\/uploads\/2023\/11\/nota-marcelo-cortez-45x45.png",45,45,true]},"rttpg_author":{"display_name":"Comunicaciones VRIIC","author_link":"https:\/\/vriic.usach.cl\/index.php\/author\/adminvridei\/"},"rttpg_comment":0,"rttpg_category":"<a href=\"https:\/\/vriic.usach.cl\/index.php\/category\/investigacion\/\" rel=\"category tag\">Investigaci\u00f3n<\/a>","rttpg_excerpt":"En un workshop realizado en nuestra Universidad, el equipo cient\u00edfico expuso los avances moleculares que se est\u00e1n desarrollando en ambos pa\u00edses para la detecci\u00f3n de variantes del virus. En la [&hellip;]","_links":{"self":[{"href":"https:\/\/vriic.usach.cl\/index.php\/wp-json\/wp\/v2\/posts\/12181","targetHints":{"allow":["GET"]}}],"collection":[{"href":"https:\/\/vriic.usach.cl\/index.php\/wp-json\/wp\/v2\/posts"}],"about":[{"href":"https:\/\/vriic.usach.cl\/index.php\/wp-json\/wp\/v2\/types\/post"}],"author":[{"embeddable":true,"href":"https:\/\/vriic.usach.cl\/index.php\/wp-json\/wp\/v2\/users\/1"}],"replies":[{"embeddable":true,"href":"https:\/\/vriic.usach.cl\/index.php\/wp-json\/wp\/v2\/comments?post=12181"}],"version-history":[{"count":7,"href":"https:\/\/vriic.usach.cl\/index.php\/wp-json\/wp\/v2\/posts\/12181\/revisions"}],"predecessor-version":[{"id":21083,"href":"https:\/\/vriic.usach.cl\/index.php\/wp-json\/wp\/v2\/posts\/12181\/revisions\/21083"}],"wp:featuredmedia":[{"embeddable":true,"href":"https:\/\/vriic.usach.cl\/index.php\/wp-json\/wp\/v2\/media\/12226"}],"wp:attachment":[{"href":"https:\/\/vriic.usach.cl\/index.php\/wp-json\/wp\/v2\/media?parent=12181"}],"wp:term":[{"taxonomy":"category","embeddable":true,"href":"https:\/\/vriic.usach.cl\/index.php\/wp-json\/wp\/v2\/categories?post=12181"},{"taxonomy":"post_tag","embeddable":true,"href":"https:\/\/vriic.usach.cl\/index.php\/wp-json\/wp\/v2\/tags?post=12181"}],"curies":[{"name":"wp","href":"https:\/\/api.w.org\/{rel}","templated":true}]}}